{"id":34565,"date":"2023-05-30T10:34:16","date_gmt":"2023-05-30T10:34:16","guid":{"rendered":"https:\/\/circuitoangelnieto.com\/2023\/09\/06\/finetwork-fim-juniorgp\/"},"modified":"2024-01-22T18:01:11","modified_gmt":"2024-01-22T17:01:11","slug":"finetwork-fim-juniorgp","status":"publish","type":"post","link":"https:\/\/circuitodejerez.com\/en\/2023\/05\/30\/finetwork-fim-juniorgp\/","title":{"rendered":"FINETWORK FIM JuniorGP"},"content":{"rendered":"<p><img loading=\"lazy\" decoding=\"async\" style=\"display:none;\" class=\"alignnone size-medium\" src=\"https:\/\/gestorapp.circuitoangelnieto.com\/\/uploads\/noticias\/noticia_17.jpg\" width=\"600\" height=\"409\" \/><\/p>\n<p><strong>30 de mayo de 2023.<\/strong>&nbsp;El Circuito de Jerez-\u00c1ngel Nieto acoge este fin de semana la tercera prueba puntuable para el <strong>Finetwork FIM JuniorGP,<\/strong>&nbsp;el certamen internacional de motociclismo, antesala del mundial, y lugar donde se forman y curten las futuras estrellas del universo MotoGP.<\/p>\n<p>Tras, Estoril y Valencia, le toca el turno al trazado jerezano que acoger\u00e1 las cuatro categor\u00edas que conforman esta competici\u00f3n, es decir, JuniorGP, European Talent Cup, Moto2 European Championship y la novedosa esta temporada Stock European Championship. En total, m\u00e1s de 130 pilotos se dar\u00e1n cita en las instalaciones jerezanas para tomar parte en esta tercera cita del calendario.<\/p>\n<p>Como en anteriores ocasiones, la actividad en pista comenzar\u00e1 el jueves y continuar\u00e1 el viernes con tandas de entrenamientos libres para dar paso al s\u00e1bado, a partir de las 9 de la ma\u00f1ana, a las distintas sesiones oficiales de entrenamientos que definir\u00e1n las parrillas de salida para las carreras programadas en la jornada del domingo que ser\u00e1n un total de 7, dos para las categor\u00edas de JuniorGP y ETC y una para la categor\u00eda de Moto2 y Stock, siendo la s\u00e9ptima la carrera repesca de la clase European Talent Cup que abre la jornada dominical.<\/p>\n<p>El joven piloto espa\u00f1ol Angel Piqueras, encabeza la clasificaci\u00f3n general en la categor\u00eda de JuniorGP con 70 puntos gracias a las dos victorias y un segundo puesto que ha cosechado hasta ahora. Tras \u00e9l, se sit\u00faa el australiano Jacob Roulstone con 44 y el italiano Luca Lunetta con 42. Por su parte, la categor\u00eda European Talent Cup tambi\u00e9n llega a Jerez comandada por un espa\u00f1ol, M\u00e1ximo Quiles que cuenta con 83 puntos y dos victorias. La segunda plaza de la general es para Brian Uriarte con 78 puntos y tambi\u00e9n dos victorias, mientras el finland\u00e9s Rico Salmela es tercero con 55 puntos. En la categor\u00eda de Moto2, es el australiano Senna Agius quien lidera la general con 75 puntos, seguido del italiano Mattia Rato con 44 y el espa\u00f1ol Carlos Tatay con 36. Por \u00faltimo, en la clase Stock, es el piloto andaluz Daniel Mu\u00f1oz quien aterriza en Jerez l\u00edder de la categor\u00eda con la efectivad de dos victorias en dos carreras disputadas y un total de 50 puntos. Los espa\u00f1oles Marcos Garcia y Alex Mill\u00e1n, se sit\u00faan detr\u00e1s con 29 y 26 puntos respectivamente.<\/p>\n<p>La entrada para asistir a esta tercera cita del Finetwork FIM JuniorGP es gratuita. El p\u00fablico podr\u00e1 acceder a la tribuna X-1, VIP, paddock y terraza de boxes, adem\u00e1s de aparcar en el interior de las instalaciones (hasta agotar plazas). El domingo a partir de las 10 de la ma\u00f1ana est\u00e1 convocado un Pit Lane Walk al que podr\u00e1n asistir todos los aficionados.<\/p>\n<p>El domingo se cerrar\u00e1 la jornada de carreras con una vuelta controlada a pista a cargo de la concentraci\u00f3n motociclista de estilo cl\u00e1sico &#8216;Distinguished Gentleman&#8217;s Ride&#8217; a la que podr\u00e1n sumarse todos los aficionados que hayan venido en moto a disfrutar de esta jornada de carreras.<\/p>\n<p><img loading=\"lazy\" decoding=\"async\" style=\"width: 100%;\" class=\"alignnone size-medium\" src=\"https:\/\/gestorapp.circuitoangelnieto.com\/\/uploads\/noticias\/noticia_destacada_17.jpg\" width=\"600\" height=\"409\" \/><\/p>","protected":false},"excerpt":{"rendered":"<p>30 de mayo de 2023.&nbsp;El Circuito de Jerez-\u00c1ngel Nieto acoge este fin de semana la tercera prueba puntuable para el<\/p>","protected":false},"author":1,"featured_media":34567,"comment_status":"closed","ping_status":"","sticky":false,"template":"","format":"standard","meta":{"footnotes":""},"categories":[2],"tags":[],"class_list":["post-34565","post","type-post","status-publish","format-standard","has-post-thumbnail","hentry","category-noticias"],"yoast_head":"<!-- This site is optimized with the Yoast SEO plugin v22.5 - https:\/\/yoast.com\/wordpress\/plugins\/seo\/ -->\n<title>FINETWORK FIM JuniorGP - Circuito de Jerez \u00c1ngel Nieto<\/title>\n<meta name=\"robots\" content=\"index, follow, max-snippet:-1, max-image-preview:large, max-video-preview:-1\" \/>\n<link rel=\"canonical\" href=\"https:\/\/circuitodejerez.com\/en\/2023\/05\/30\/finetwork-fim-juniorgp\/\" \/>\n<meta property=\"og:locale\" content=\"en_GB\" \/>\n<meta property=\"og:type\" content=\"article\" \/>\n<meta property=\"og:title\" content=\"FINETWORK FIM JuniorGP - Circuito de Jerez \u00c1ngel Nieto\" \/>\n<meta property=\"og:description\" content=\"30 de mayo de 2023.&nbsp;El Circuito de Jerez-\u00c1ngel Nieto acoge este fin de semana la tercera prueba puntuable para el\" \/>\n<meta property=\"og:url\" content=\"https:\/\/circuitodejerez.com\/en\/2023\/05\/30\/finetwork-fim-juniorgp\/\" \/>\n<meta property=\"og:site_name\" content=\"Circuito de Jerez \u00c1ngel Nieto\" \/>\n<meta property=\"article:publisher\" content=\"https:\/\/www.facebook.com\/circuitodejerezangelnieto\/\" \/>\n<meta property=\"article:published_time\" content=\"2023-05-30T10:34:16+00:00\" \/>\n<meta property=\"article:modified_time\" content=\"2024-01-22T17:01:11+00:00\" \/>\n<meta property=\"og:image\" content=\"https:\/\/circuitodejerez.com\/wp-content\/uploads\/2023\/09\/noticia_17-scaled.jpg\" \/>\n\t<meta property=\"og:image:width\" content=\"2560\" \/>\n\t<meta property=\"og:image:height\" content=\"1706\" \/>\n\t<meta property=\"og:image:type\" content=\"image\/jpeg\" \/>\n<meta name=\"author\" content=\"publyland\" \/>\n<meta name=\"twitter:card\" content=\"summary_large_image\" \/>\n<meta name=\"twitter:creator\" content=\"@circuitodejerez\" \/>\n<meta name=\"twitter:site\" content=\"@circuitodejerez\" \/>\n<meta name=\"twitter:label1\" content=\"Written by\" \/>\n\t<meta name=\"twitter:data1\" content=\"publyland\" \/>\n\t<meta name=\"twitter:label2\" content=\"Estimated reading time\" \/>\n\t<meta name=\"twitter:data2\" content=\"3 minutes\" \/>\n<script type=\"application\/ld+json\" class=\"yoast-schema-graph\">{\"@context\":\"https:\/\/schema.org\",\"@graph\":[{\"@type\":\"Article\",\"@id\":\"https:\/\/circuitodejerez.com\/2023\/05\/30\/finetwork-fim-juniorgp\/#article\",\"isPartOf\":{\"@id\":\"https:\/\/circuitodejerez.com\/2023\/05\/30\/finetwork-fim-juniorgp\/\"},\"author\":{\"name\":\"publyland\",\"@id\":\"https:\/\/circuitodejerez.com\/#\/schema\/person\/7426c66afad35f522814eb06fb2e213a\"},\"headline\":\"FINETWORK FIM JuniorGP\",\"datePublished\":\"2023-05-30T10:34:16+00:00\",\"dateModified\":\"2024-01-22T17:01:11+00:00\",\"mainEntityOfPage\":{\"@id\":\"https:\/\/circuitodejerez.com\/2023\/05\/30\/finetwork-fim-juniorgp\/\"},\"wordCount\":518,\"publisher\":{\"@id\":\"https:\/\/circuitodejerez.com\/#organization\"},\"image\":{\"@id\":\"https:\/\/circuitodejerez.com\/2023\/05\/30\/finetwork-fim-juniorgp\/#primaryimage\"},\"thumbnailUrl\":\"https:\/\/circuitodejerez.com\/wp-content\/uploads\/2023\/09\/noticia_17-scaled.jpg\",\"articleSection\":[\"Noticias\"],\"inLanguage\":\"en-GB\"},{\"@type\":\"WebPage\",\"@id\":\"https:\/\/circuitodejerez.com\/2023\/05\/30\/finetwork-fim-juniorgp\/\",\"url\":\"https:\/\/circuitodejerez.com\/2023\/05\/30\/finetwork-fim-juniorgp\/\",\"name\":\"FINETWORK FIM JuniorGP - Circuito de Jerez \u00c1ngel Nieto\",\"isPartOf\":{\"@id\":\"https:\/\/circuitodejerez.com\/#website\"},\"primaryImageOfPage\":{\"@id\":\"https:\/\/circuitodejerez.com\/2023\/05\/30\/finetwork-fim-juniorgp\/#primaryimage\"},\"image\":{\"@id\":\"https:\/\/circuitodejerez.com\/2023\/05\/30\/finetwork-fim-juniorgp\/#primaryimage\"},\"thumbnailUrl\":\"https:\/\/circuitodejerez.com\/wp-content\/uploads\/2023\/09\/noticia_17-scaled.jpg\",\"datePublished\":\"2023-05-30T10:34:16+00:00\",\"dateModified\":\"2024-01-22T17:01:11+00:00\",\"breadcrumb\":{\"@id\":\"https:\/\/circuitodejerez.com\/2023\/05\/30\/finetwork-fim-juniorgp\/#breadcrumb\"},\"inLanguage\":\"en-GB\",\"potentialAction\":[{\"@type\":\"ReadAction\",\"target\":[\"https:\/\/circuitodejerez.com\/2023\/05\/30\/finetwork-fim-juniorgp\/\"]}]},{\"@type\":\"ImageObject\",\"inLanguage\":\"en-GB\",\"@id\":\"https:\/\/circuitodejerez.com\/2023\/05\/30\/finetwork-fim-juniorgp\/#primaryimage\",\"url\":\"https:\/\/circuitodejerez.com\/wp-content\/uploads\/2023\/09\/noticia_17-scaled.jpg\",\"contentUrl\":\"https:\/\/circuitodejerez.com\/wp-content\/uploads\/2023\/09\/noticia_17-scaled.jpg\",\"width\":2560,\"height\":1706},{\"@type\":\"BreadcrumbList\",\"@id\":\"https:\/\/circuitodejerez.com\/2023\/05\/30\/finetwork-fim-juniorgp\/#breadcrumb\",\"itemListElement\":[{\"@type\":\"ListItem\",\"position\":1,\"name\":\"Portada\",\"item\":\"https:\/\/circuitodejerez.com\/\"},{\"@type\":\"ListItem\",\"position\":2,\"name\":\"FINETWORK FIM JuniorGP\"}]},{\"@type\":\"WebSite\",\"@id\":\"https:\/\/circuitodejerez.com\/#website\",\"url\":\"https:\/\/circuitodejerez.com\/\",\"name\":\"Circuito de Jerez \u00c1ngel Nieto\",\"description\":\"Circuito de Jerez \u00c1ngel Nieto\",\"publisher\":{\"@id\":\"https:\/\/circuitodejerez.com\/#organization\"},\"potentialAction\":[{\"@type\":\"SearchAction\",\"target\":{\"@type\":\"EntryPoint\",\"urlTemplate\":\"https:\/\/circuitodejerez.com\/?s={search_term_string}\"},\"query-input\":\"required name=search_term_string\"}],\"inLanguage\":\"en-GB\"},{\"@type\":\"Organization\",\"@id\":\"https:\/\/circuitodejerez.com\/#organization\",\"name\":\"Circuito de Jerez \u00c1ngel Nieto\",\"url\":\"https:\/\/circuitodejerez.com\/\",\"logo\":{\"@type\":\"ImageObject\",\"inLanguage\":\"en-GB\",\"@id\":\"https:\/\/circuitodejerez.com\/#\/schema\/logo\/image\/\",\"url\":\"https:\/\/circuitodejerez.com\/wp-content\/uploads\/2023\/06\/logo-circuito-jerez.png\",\"contentUrl\":\"https:\/\/circuitodejerez.com\/wp-content\/uploads\/2023\/06\/logo-circuito-jerez.png\",\"width\":556,\"height\":142,\"caption\":\"Circuito de Jerez \u00c1ngel Nieto\"},\"image\":{\"@id\":\"https:\/\/circuitodejerez.com\/#\/schema\/logo\/image\/\"},\"sameAs\":[\"https:\/\/www.facebook.com\/circuitodejerezangelnieto\/\",\"https:\/\/x.com\/circuitodejerez\",\"https:\/\/www.instagram.com\/circuito_de_jerez\/?hl=es\",\"https:\/\/www.youtube.com\/user\/cirjesa\"]},{\"@type\":\"Person\",\"@id\":\"https:\/\/circuitodejerez.com\/#\/schema\/person\/7426c66afad35f522814eb06fb2e213a\",\"name\":\"publyland\",\"sameAs\":[\"https:\/\/circuitoangelnieto.com\"],\"url\":\"https:\/\/circuitodejerez.com\/en\/author\/publyland\/\"}]}<\/script>\n<!-- \/ Yoast SEO plugin. -->","yoast_head_json":{"title":"FINETWORK FIM JuniorGP - Circuito de Jerez \u00c1ngel Nieto","robots":{"index":"index","follow":"follow","max-snippet":"max-snippet:-1","max-image-preview":"max-image-preview:large","max-video-preview":"max-video-preview:-1"},"canonical":"https:\/\/circuitodejerez.com\/en\/2023\/05\/30\/finetwork-fim-juniorgp\/","og_locale":"en_GB","og_type":"article","og_title":"FINETWORK FIM JuniorGP - Circuito de Jerez \u00c1ngel Nieto","og_description":"30 de mayo de 2023.&nbsp;El Circuito de Jerez-\u00c1ngel Nieto acoge este fin de semana la tercera prueba puntuable para el","og_url":"https:\/\/circuitodejerez.com\/en\/2023\/05\/30\/finetwork-fim-juniorgp\/","og_site_name":"Circuito de Jerez \u00c1ngel Nieto","article_publisher":"https:\/\/www.facebook.com\/circuitodejerezangelnieto\/","article_published_time":"2023-05-30T10:34:16+00:00","article_modified_time":"2024-01-22T17:01:11+00:00","og_image":[{"width":2560,"height":1706,"url":"https:\/\/circuitodejerez.com\/wp-content\/uploads\/2023\/09\/noticia_17-scaled.jpg","type":"image\/jpeg"}],"author":"publyland","twitter_card":"summary_large_image","twitter_creator":"@circuitodejerez","twitter_site":"@circuitodejerez","twitter_misc":{"Written by":"publyland","Estimated reading time":"3 minutes"},"schema":{"@context":"https:\/\/schema.org","@graph":[{"@type":"Article","@id":"https:\/\/circuitodejerez.com\/2023\/05\/30\/finetwork-fim-juniorgp\/#article","isPartOf":{"@id":"https:\/\/circuitodejerez.com\/2023\/05\/30\/finetwork-fim-juniorgp\/"},"author":{"name":"publyland","@id":"https:\/\/circuitodejerez.com\/#\/schema\/person\/7426c66afad35f522814eb06fb2e213a"},"headline":"FINETWORK FIM JuniorGP","datePublished":"2023-05-30T10:34:16+00:00","dateModified":"2024-01-22T17:01:11+00:00","mainEntityOfPage":{"@id":"https:\/\/circuitodejerez.com\/2023\/05\/30\/finetwork-fim-juniorgp\/"},"wordCount":518,"publisher":{"@id":"https:\/\/circuitodejerez.com\/#organization"},"image":{"@id":"https:\/\/circuitodejerez.com\/2023\/05\/30\/finetwork-fim-juniorgp\/#primaryimage"},"thumbnailUrl":"https:\/\/circuitodejerez.com\/wp-content\/uploads\/2023\/09\/noticia_17-scaled.jpg","articleSection":["Noticias"],"inLanguage":"en-GB"},{"@type":"WebPage","@id":"https:\/\/circuitodejerez.com\/2023\/05\/30\/finetwork-fim-juniorgp\/","url":"https:\/\/circuitodejerez.com\/2023\/05\/30\/finetwork-fim-juniorgp\/","name":"FINETWORK FIM JuniorGP - Circuito de Jerez \u00c1ngel Nieto","isPartOf":{"@id":"https:\/\/circuitodejerez.com\/#website"},"primaryImageOfPage":{"@id":"https:\/\/circuitodejerez.com\/2023\/05\/30\/finetwork-fim-juniorgp\/#primaryimage"},"image":{"@id":"https:\/\/circuitodejerez.com\/2023\/05\/30\/finetwork-fim-juniorgp\/#primaryimage"},"thumbnailUrl":"https:\/\/circuitodejerez.com\/wp-content\/uploads\/2023\/09\/noticia_17-scaled.jpg","datePublished":"2023-05-30T10:34:16+00:00","dateModified":"2024-01-22T17:01:11+00:00","breadcrumb":{"@id":"https:\/\/circuitodejerez.com\/2023\/05\/30\/finetwork-fim-juniorgp\/#breadcrumb"},"inLanguage":"en-GB","potentialAction":[{"@type":"ReadAction","target":["https:\/\/circuitodejerez.com\/2023\/05\/30\/finetwork-fim-juniorgp\/"]}]},{"@type":"ImageObject","inLanguage":"en-GB","@id":"https:\/\/circuitodejerez.com\/2023\/05\/30\/finetwork-fim-juniorgp\/#primaryimage","url":"https:\/\/circuitodejerez.com\/wp-content\/uploads\/2023\/09\/noticia_17-scaled.jpg","contentUrl":"https:\/\/circuitodejerez.com\/wp-content\/uploads\/2023\/09\/noticia_17-scaled.jpg","width":2560,"height":1706},{"@type":"BreadcrumbList","@id":"https:\/\/circuitodejerez.com\/2023\/05\/30\/finetwork-fim-juniorgp\/#breadcrumb","itemListElement":[{"@type":"ListItem","position":1,"name":"Portada","item":"https:\/\/circuitodejerez.com\/"},{"@type":"ListItem","position":2,"name":"FINETWORK FIM JuniorGP"}]},{"@type":"WebSite","@id":"https:\/\/circuitodejerez.com\/#website","url":"https:\/\/circuitodejerez.com\/","name":"Circuito de Jerez \u00c1ngel Nieto","description":"Circuito de Jerez \u00c1ngel Nieto","publisher":{"@id":"https:\/\/circuitodejerez.com\/#organization"},"potentialAction":[{"@type":"SearchAction","target":{"@type":"EntryPoint","urlTemplate":"https:\/\/circuitodejerez.com\/?s={search_term_string}"},"query-input":"required name=search_term_string"}],"inLanguage":"en-GB"},{"@type":"Organization","@id":"https:\/\/circuitodejerez.com\/#organization","name":"Circuito de Jerez \u00c1ngel Nieto","url":"https:\/\/circuitodejerez.com\/","logo":{"@type":"ImageObject","inLanguage":"en-GB","@id":"https:\/\/circuitodejerez.com\/#\/schema\/logo\/image\/","url":"https:\/\/circuitodejerez.com\/wp-content\/uploads\/2023\/06\/logo-circuito-jerez.png","contentUrl":"https:\/\/circuitodejerez.com\/wp-content\/uploads\/2023\/06\/logo-circuito-jerez.png","width":556,"height":142,"caption":"Circuito de Jerez \u00c1ngel Nieto"},"image":{"@id":"https:\/\/circuitodejerez.com\/#\/schema\/logo\/image\/"},"sameAs":["https:\/\/www.facebook.com\/circuitodejerezangelnieto\/","https:\/\/x.com\/circuitodejerez","https:\/\/www.instagram.com\/circuito_de_jerez\/?hl=es","https:\/\/www.youtube.com\/user\/cirjesa"]},{"@type":"Person","@id":"https:\/\/circuitodejerez.com\/#\/schema\/person\/7426c66afad35f522814eb06fb2e213a","name":"publyland","sameAs":["https:\/\/circuitoangelnieto.com"],"url":"https:\/\/circuitodejerez.com\/en\/author\/publyland\/"}]}},"_links":{"self":[{"href":"https:\/\/circuitodejerez.com\/en\/wp-json\/wp\/v2\/posts\/34565","targetHints":{"allow":["GET"]}}],"collection":[{"href":"https:\/\/circuitodejerez.com\/en\/wp-json\/wp\/v2\/posts"}],"about":[{"href":"https:\/\/circuitodejerez.com\/en\/wp-json\/wp\/v2\/types\/post"}],"author":[{"embeddable":true,"href":"https:\/\/circuitodejerez.com\/en\/wp-json\/wp\/v2\/users\/1"}],"replies":[{"embeddable":true,"href":"https:\/\/circuitodejerez.com\/en\/wp-json\/wp\/v2\/comments?post=34565"}],"version-history":[{"count":2,"href":"https:\/\/circuitodejerez.com\/en\/wp-json\/wp\/v2\/posts\/34565\/revisions"}],"predecessor-version":[{"id":35484,"href":"https:\/\/circuitodejerez.com\/en\/wp-json\/wp\/v2\/posts\/34565\/revisions\/35484"}],"wp:featuredmedia":[{"embeddable":true,"href":"https:\/\/circuitodejerez.com\/en\/wp-json\/wp\/v2\/media\/34567"}],"wp:attachment":[{"href":"https:\/\/circuitodejerez.com\/en\/wp-json\/wp\/v2\/media?parent=34565"}],"wp:term":[{"taxonomy":"category","embeddable":true,"href":"https:\/\/circuitodejerez.com\/en\/wp-json\/wp\/v2\/categories?post=34565"},{"taxonomy":"post_tag","embeddable":true,"href":"https:\/\/circuitodejerez.com\/en\/wp-json\/wp\/v2\/tags?post=34565"}],"curies":[{"name":"wp","href":"https:\/\/api.w.org\/{rel}","templated":true}]}}