{"id":35155,"date":"2023-09-23T16:52:30","date_gmt":"2023-11-20T15:52:30","guid":{"rendered":"https:\/\/circuitoangelnieto.com\/2023\/11\/20\/i-concentracion-motera-ciudad-de-jerez-2\/"},"modified":"2024-01-29T18:27:23","modified_gmt":"2024-01-29T17:27:23","slug":"i-concentracion-motera-ciudad-de-jerez-2","status":"publish","type":"post","link":"https:\/\/circuitodejerez.com\/en\/2023\/09\/23\/i-concentracion-motera-ciudad-de-jerez-2\/","title":{"rendered":"I concentraci\u00f3n motera &#8216;Ciudad de Jerez&#8217;"},"content":{"rendered":"<p><img loading=\"lazy\" decoding=\"async\" class=\"alignnone size-medium\" style=\"display: none;\" src=\"https:\/\/gestorapp.circuitoangelnieto.com\/\/uploads\/noticias\/noticia_28.jpg\" width=\"600\" height=\"409\" \/><\/p>\n<div class=\"lead\">\n<p>Jerez celebrar\u00e1 su primera concentraci\u00f3n motera del 27 al 29 de octubre en el Parque Gonz\u00e1lez Hontoria coincidiendo con el Campeonato del mundo de Superbike.<\/p>\n<\/div>\n<div class=\"news-text-wrap\">\n<p>La alcaldesa: \u201cHoy presentamos el cartel y la programaci\u00f3n de este gran evento y lo hacemos adem\u00e1s en el aniversario de la muerte del piloto jerezano &#8216;Peluqui\u201d.<\/p>\n<p><strong>22 de septiembre de 2023.\u00a0<\/strong>La alcaldesa de Jerez, Mar\u00eda Jos\u00e9 Garc\u00eda-Pelayo, acompa\u00f1ada por el teniente de alcaldesa, Jaime Espinar, y los delegados Jos\u00e9 \u00c1ngel Aparicio y Nela Garc\u00eda, ha presentado\u00a0 el cartel y la programaci\u00f3n de la primera concentraci\u00f3n motera \u2018Ciudad de Jerez\u2019, que se va a celebrar en nuestra ciudad del 27 al 29 de octubre en el parque Gonz\u00e1lez Hontoria. El lugar escogido para la presentaci\u00f3n ha sido el templete del Parque y al acto han asistido tambi\u00e9n numerosos representantes de los clubes moteros de la ciudad.<\/p>\n<p>La alcaldesa ha se\u00f1alado que se trata de \u201cun evento que consideramos esencial en una ciudad como la nuestra que, sin duda alguna, es la gran Capital del Motor y que es la meta so\u00f1ada de todos los aficionados al motociclismo y al automovilismo. Organizar esta primera concentraci\u00f3n motera era un compromiso muy claro que asumimos con los jerezanos pero, de una forma, muy especial, con quienes sosten\u00e9is la afici\u00f3n motera en Jerez durante todo el a\u00f1o. Porque acud\u00eds a concentraciones moteras en muchas zonas de Espa\u00f1a o de otros pa\u00edses y no era l\u00f3gico que Jerez no contara con una reuni\u00f3n de estas caracter\u00edsticas\u201d.<\/p>\n<p>Garc\u00eda-Pelayo tambi\u00e9n ha se\u00f1alado que el lugar escogido para esta primera concentraci\u00f3n motera es el Parque Gonz\u00e1lez Hontoria porque es un pulm\u00f3n de la ciudad al que hay que dotar de vida durante todo el a\u00f1o.<\/p>\n<p>La alcaldesa, que ha recordado que hoy se cumple el aniversario de la muerte de \u2018Peluqui\u2019, ha agradecido a los clubes su implicaci\u00f3n en este evento. \u201cEsto no es un logro del Ayuntamiento ni algo que hayamos conseguido nosotros. Que Jerez vaya a celebrar el \u00faltimo fin de semana de octubre esta gran concentraci\u00f3n motera es gracias a los clubes, a los aficionados, a los miembros del Consejo Local del Motor\u201d.<\/p>\n<p>\u201cEsta primera concentraci\u00f3n motera Ciudad de Jerez hemos querido que coincida con otro evento muy importante para la ciudad y para el Circuito: la vuelta del mundial Superbike, un evento que ha sido posible gracias a la implicaci\u00f3n de la Junta de Andaluc\u00eda. El fin de semana del 27 al 29 de octubre, el Circuito de Jerez ser\u00e1 el escenario de la \u00faltima prueba del campeonato del mundo de Superbike, y el parque Gonz\u00e1lez Hontoria ser\u00e1 el escenario de la primera concentraci\u00f3n motera. Conseguiremos, as\u00ed, que todo Jerez sea una gran fiesta del motor ese fin de semana y que los aficionados de toda Espa\u00f1a y de otros muchos pa\u00edses est\u00e9n deseando venir a nuestra ciudad\u201d, ha se\u00f1alado la alcaldesa, quien ha se\u00f1alado que este a\u00f1o la concentraci\u00f3n motera se ha realizado contrarreloj pero que ser\u00e1, sin duda, la semilla de las grandes concentraciones moteras del futuro \u201ctal y como est\u00e1 contemplado en el Plan Director elaborado con motivo del 40 aniversario del Circuito que celebraremos, por todo lo alto, en 2025\u201d.<\/p>\n<p>Esta primera concentraci\u00f3n motera tendr\u00e1 car\u00e1cter solidario a beneficio de la Asociaci\u00f3n Espa\u00f1ola contra el C\u00e1ncer, en su lucha espec\u00edfica contra el c\u00e1ncer de mama. As\u00ed, 2 euros de cada entrada, ser\u00e1n donados directamente a esta causa adem\u00e1s de rifas o incluso una fiesta ben\u00e9fica en la Sala Bamb\u00fa. La concentraci\u00f3n motera tendr\u00e1 mercadillo, Djs, actuaciones de grupos de Jerez y la provincia o zona de foodtrucks.<\/p>\n<p>El viernes, 27 de octubre, habr\u00e1 una exposici\u00f3n de motos antiguas, visita a la Real Escuela\u00a0 o una convivencia ben\u00e9fica. El s\u00e1bado, habr\u00e1 una ruta por Jerez, organizada por el Consejo Local del Motor y Clubes de moto de la provincia y entrega de premios. La zona de acampada estar\u00e1 cerrada y contar\u00e1 con seguridad, servicios, duchas y aparcamiento.<\/p>\n<p>La alcaldesa ha agradecido \u201cde manera sincera a Dorna\u00a0 su colaboraci\u00f3n e implicaci\u00f3n para que se pueda organizar esta concentraci\u00f3n que permitir\u00e1 incluso una vuelta con los pilotos como colof\u00f3n del Campeonato por la pista del Circuito de Jerez y firma de aut\u00f3grafos\u201d. Agradecimiento que ha hecho extensivo a los miembros del Consejo Local del Motor, de la Federaci\u00f3n de Motoclubes jerezanos, la Real Escuela Andaluza del Arte Ecuestre, la Real Federaci\u00f3n Andaluza de Motociclismo y los Motoclubes de la provincia.<\/p>\n<\/div>\n<p><img loading=\"lazy\" decoding=\"async\" class=\"alignnone size-medium\" style=\"width: 100%;\" src=\"https:\/\/gestorapp.circuitoangelnieto.com\/\/uploads\/noticias\/noticia_destacada_28.jpg\" width=\"600\" height=\"409\" \/><\/p>","protected":false},"excerpt":{"rendered":"<p>Jerez celebrar\u00e1 su primera concentraci\u00f3n motera del 27 al 29 de octubre en el Parque Gonz\u00e1lez Hontoria coincidiendo con el<\/p>","protected":false},"author":1,"featured_media":35166,"comment_status":"closed","ping_status":"closed","sticky":false,"template":"","format":"standard","meta":{"footnotes":""},"categories":[2],"tags":[],"class_list":["post-35155","post","type-post","status-publish","format-standard","has-post-thumbnail","hentry","category-noticias"],"yoast_head":"<!-- This site is optimized with the Yoast SEO plugin v22.5 - https:\/\/yoast.com\/wordpress\/plugins\/seo\/ -->\n<title>I concentraci\u00f3n motera &#039;Ciudad de Jerez&#039; - Circuito de Jerez \u00c1ngel Nieto<\/title>\n<meta name=\"robots\" content=\"index, follow, max-snippet:-1, max-image-preview:large, max-video-preview:-1\" \/>\n<link rel=\"canonical\" href=\"https:\/\/circuitodejerez.com\/en\/2023\/09\/23\/i-concentracion-motera-ciudad-de-jerez-2\/\" \/>\n<meta property=\"og:locale\" content=\"en_GB\" \/>\n<meta property=\"og:type\" content=\"article\" \/>\n<meta property=\"og:title\" content=\"I concentraci\u00f3n motera &#039;Ciudad de Jerez&#039; - Circuito de Jerez \u00c1ngel Nieto\" \/>\n<meta property=\"og:description\" content=\"Jerez celebrar\u00e1 su primera concentraci\u00f3n motera del 27 al 29 de octubre en el Parque Gonz\u00e1lez Hontoria coincidiendo con el\" \/>\n<meta property=\"og:url\" content=\"https:\/\/circuitodejerez.com\/en\/2023\/09\/23\/i-concentracion-motera-ciudad-de-jerez-2\/\" \/>\n<meta property=\"og:site_name\" content=\"Circuito de Jerez \u00c1ngel Nieto\" \/>\n<meta property=\"article:publisher\" content=\"https:\/\/www.facebook.com\/circuitodejerezangelnieto\/\" \/>\n<meta property=\"article:published_time\" content=\"2023-11-20T15:52:30+00:00\" \/>\n<meta property=\"article:modified_time\" content=\"2024-01-29T17:27:23+00:00\" \/>\n<meta property=\"og:image\" content=\"https:\/\/circuitodejerez.com\/wp-content\/uploads\/2023\/11\/noticia_28-scaled.jpg\" \/>\n\t<meta property=\"og:image:width\" content=\"2560\" \/>\n\t<meta property=\"og:image:height\" content=\"1706\" \/>\n\t<meta property=\"og:image:type\" content=\"image\/jpeg\" \/>\n<meta name=\"author\" content=\"publyland\" \/>\n<meta name=\"twitter:card\" content=\"summary_large_image\" \/>\n<meta name=\"twitter:creator\" content=\"@circuitodejerez\" \/>\n<meta name=\"twitter:site\" content=\"@circuitodejerez\" \/>\n<meta name=\"twitter:label1\" content=\"Written by\" \/>\n\t<meta name=\"twitter:data1\" content=\"publyland\" \/>\n\t<meta name=\"twitter:label2\" content=\"Estimated reading time\" \/>\n\t<meta name=\"twitter:data2\" content=\"4 minutes\" \/>\n<script type=\"application\/ld+json\" class=\"yoast-schema-graph\">{\"@context\":\"https:\/\/schema.org\",\"@graph\":[{\"@type\":\"Article\",\"@id\":\"https:\/\/circuitodejerez.com\/2023\/09\/23\/i-concentracion-motera-ciudad-de-jerez-2\/#article\",\"isPartOf\":{\"@id\":\"https:\/\/circuitodejerez.com\/2023\/09\/23\/i-concentracion-motera-ciudad-de-jerez-2\/\"},\"author\":{\"name\":\"publyland\",\"@id\":\"https:\/\/circuitodejerez.com\/#\/schema\/person\/7426c66afad35f522814eb06fb2e213a\"},\"headline\":\"I concentraci\u00f3n motera &#8216;Ciudad de Jerez&#8217;\",\"datePublished\":\"2023-11-20T15:52:30+00:00\",\"dateModified\":\"2024-01-29T17:27:23+00:00\",\"mainEntityOfPage\":{\"@id\":\"https:\/\/circuitodejerez.com\/2023\/09\/23\/i-concentracion-motera-ciudad-de-jerez-2\/\"},\"wordCount\":795,\"publisher\":{\"@id\":\"https:\/\/circuitodejerez.com\/#organization\"},\"image\":{\"@id\":\"https:\/\/circuitodejerez.com\/2023\/09\/23\/i-concentracion-motera-ciudad-de-jerez-2\/#primaryimage\"},\"thumbnailUrl\":\"https:\/\/circuitodejerez.com\/wp-content\/uploads\/2023\/11\/noticia_28-scaled.jpg\",\"articleSection\":[\"Noticias\"],\"inLanguage\":\"en-GB\"},{\"@type\":\"WebPage\",\"@id\":\"https:\/\/circuitodejerez.com\/2023\/09\/23\/i-concentracion-motera-ciudad-de-jerez-2\/\",\"url\":\"https:\/\/circuitodejerez.com\/2023\/09\/23\/i-concentracion-motera-ciudad-de-jerez-2\/\",\"name\":\"I concentraci\u00f3n motera 'Ciudad de Jerez' - Circuito de Jerez \u00c1ngel Nieto\",\"isPartOf\":{\"@id\":\"https:\/\/circuitodejerez.com\/#website\"},\"primaryImageOfPage\":{\"@id\":\"https:\/\/circuitodejerez.com\/2023\/09\/23\/i-concentracion-motera-ciudad-de-jerez-2\/#primaryimage\"},\"image\":{\"@id\":\"https:\/\/circuitodejerez.com\/2023\/09\/23\/i-concentracion-motera-ciudad-de-jerez-2\/#primaryimage\"},\"thumbnailUrl\":\"https:\/\/circuitodejerez.com\/wp-content\/uploads\/2023\/11\/noticia_28-scaled.jpg\",\"datePublished\":\"2023-11-20T15:52:30+00:00\",\"dateModified\":\"2024-01-29T17:27:23+00:00\",\"breadcrumb\":{\"@id\":\"https:\/\/circuitodejerez.com\/2023\/09\/23\/i-concentracion-motera-ciudad-de-jerez-2\/#breadcrumb\"},\"inLanguage\":\"en-GB\",\"potentialAction\":[{\"@type\":\"ReadAction\",\"target\":[\"https:\/\/circuitodejerez.com\/2023\/09\/23\/i-concentracion-motera-ciudad-de-jerez-2\/\"]}]},{\"@type\":\"ImageObject\",\"inLanguage\":\"en-GB\",\"@id\":\"https:\/\/circuitodejerez.com\/2023\/09\/23\/i-concentracion-motera-ciudad-de-jerez-2\/#primaryimage\",\"url\":\"https:\/\/circuitodejerez.com\/wp-content\/uploads\/2023\/11\/noticia_28-scaled.jpg\",\"contentUrl\":\"https:\/\/circuitodejerez.com\/wp-content\/uploads\/2023\/11\/noticia_28-scaled.jpg\",\"width\":2560,\"height\":1706},{\"@type\":\"BreadcrumbList\",\"@id\":\"https:\/\/circuitodejerez.com\/2023\/09\/23\/i-concentracion-motera-ciudad-de-jerez-2\/#breadcrumb\",\"itemListElement\":[{\"@type\":\"ListItem\",\"position\":1,\"name\":\"Portada\",\"item\":\"https:\/\/circuitodejerez.com\/\"},{\"@type\":\"ListItem\",\"position\":2,\"name\":\"I concentraci\u00f3n motera &#8216;Ciudad de Jerez&#8217;\"}]},{\"@type\":\"WebSite\",\"@id\":\"https:\/\/circuitodejerez.com\/#website\",\"url\":\"https:\/\/circuitodejerez.com\/\",\"name\":\"Circuito de Jerez \u00c1ngel Nieto\",\"description\":\"Circuito de Jerez \u00c1ngel Nieto\",\"publisher\":{\"@id\":\"https:\/\/circuitodejerez.com\/#organization\"},\"potentialAction\":[{\"@type\":\"SearchAction\",\"target\":{\"@type\":\"EntryPoint\",\"urlTemplate\":\"https:\/\/circuitodejerez.com\/?s={search_term_string}\"},\"query-input\":\"required name=search_term_string\"}],\"inLanguage\":\"en-GB\"},{\"@type\":\"Organization\",\"@id\":\"https:\/\/circuitodejerez.com\/#organization\",\"name\":\"Circuito de Jerez \u00c1ngel Nieto\",\"url\":\"https:\/\/circuitodejerez.com\/\",\"logo\":{\"@type\":\"ImageObject\",\"inLanguage\":\"en-GB\",\"@id\":\"https:\/\/circuitodejerez.com\/#\/schema\/logo\/image\/\",\"url\":\"https:\/\/circuitodejerez.com\/wp-content\/uploads\/2023\/06\/logo-circuito-jerez.png\",\"contentUrl\":\"https:\/\/circuitodejerez.com\/wp-content\/uploads\/2023\/06\/logo-circuito-jerez.png\",\"width\":556,\"height\":142,\"caption\":\"Circuito de Jerez \u00c1ngel Nieto\"},\"image\":{\"@id\":\"https:\/\/circuitodejerez.com\/#\/schema\/logo\/image\/\"},\"sameAs\":[\"https:\/\/www.facebook.com\/circuitodejerezangelnieto\/\",\"https:\/\/x.com\/circuitodejerez\",\"https:\/\/www.instagram.com\/circuito_de_jerez\/?hl=es\",\"https:\/\/www.youtube.com\/user\/cirjesa\"]},{\"@type\":\"Person\",\"@id\":\"https:\/\/circuitodejerez.com\/#\/schema\/person\/7426c66afad35f522814eb06fb2e213a\",\"name\":\"publyland\",\"sameAs\":[\"https:\/\/circuitoangelnieto.com\"],\"url\":\"https:\/\/circuitodejerez.com\/en\/author\/publyland\/\"}]}<\/script>\n<!-- \/ Yoast SEO plugin. -->","yoast_head_json":{"title":"I concentraci\u00f3n motera 'Ciudad de Jerez' - Circuito de Jerez \u00c1ngel Nieto","robots":{"index":"index","follow":"follow","max-snippet":"max-snippet:-1","max-image-preview":"max-image-preview:large","max-video-preview":"max-video-preview:-1"},"canonical":"https:\/\/circuitodejerez.com\/en\/2023\/09\/23\/i-concentracion-motera-ciudad-de-jerez-2\/","og_locale":"en_GB","og_type":"article","og_title":"I concentraci\u00f3n motera 'Ciudad de Jerez' - Circuito de Jerez \u00c1ngel Nieto","og_description":"Jerez celebrar\u00e1 su primera concentraci\u00f3n motera del 27 al 29 de octubre en el Parque Gonz\u00e1lez Hontoria coincidiendo con el","og_url":"https:\/\/circuitodejerez.com\/en\/2023\/09\/23\/i-concentracion-motera-ciudad-de-jerez-2\/","og_site_name":"Circuito de Jerez \u00c1ngel Nieto","article_publisher":"https:\/\/www.facebook.com\/circuitodejerezangelnieto\/","article_published_time":"2023-11-20T15:52:30+00:00","article_modified_time":"2024-01-29T17:27:23+00:00","og_image":[{"width":2560,"height":1706,"url":"https:\/\/circuitodejerez.com\/wp-content\/uploads\/2023\/11\/noticia_28-scaled.jpg","type":"image\/jpeg"}],"author":"publyland","twitter_card":"summary_large_image","twitter_creator":"@circuitodejerez","twitter_site":"@circuitodejerez","twitter_misc":{"Written by":"publyland","Estimated reading time":"4 minutes"},"schema":{"@context":"https:\/\/schema.org","@graph":[{"@type":"Article","@id":"https:\/\/circuitodejerez.com\/2023\/09\/23\/i-concentracion-motera-ciudad-de-jerez-2\/#article","isPartOf":{"@id":"https:\/\/circuitodejerez.com\/2023\/09\/23\/i-concentracion-motera-ciudad-de-jerez-2\/"},"author":{"name":"publyland","@id":"https:\/\/circuitodejerez.com\/#\/schema\/person\/7426c66afad35f522814eb06fb2e213a"},"headline":"I concentraci\u00f3n motera &#8216;Ciudad de Jerez&#8217;","datePublished":"2023-11-20T15:52:30+00:00","dateModified":"2024-01-29T17:27:23+00:00","mainEntityOfPage":{"@id":"https:\/\/circuitodejerez.com\/2023\/09\/23\/i-concentracion-motera-ciudad-de-jerez-2\/"},"wordCount":795,"publisher":{"@id":"https:\/\/circuitodejerez.com\/#organization"},"image":{"@id":"https:\/\/circuitodejerez.com\/2023\/09\/23\/i-concentracion-motera-ciudad-de-jerez-2\/#primaryimage"},"thumbnailUrl":"https:\/\/circuitodejerez.com\/wp-content\/uploads\/2023\/11\/noticia_28-scaled.jpg","articleSection":["Noticias"],"inLanguage":"en-GB"},{"@type":"WebPage","@id":"https:\/\/circuitodejerez.com\/2023\/09\/23\/i-concentracion-motera-ciudad-de-jerez-2\/","url":"https:\/\/circuitodejerez.com\/2023\/09\/23\/i-concentracion-motera-ciudad-de-jerez-2\/","name":"I concentraci\u00f3n motera 'Ciudad de Jerez' - Circuito de Jerez \u00c1ngel Nieto","isPartOf":{"@id":"https:\/\/circuitodejerez.com\/#website"},"primaryImageOfPage":{"@id":"https:\/\/circuitodejerez.com\/2023\/09\/23\/i-concentracion-motera-ciudad-de-jerez-2\/#primaryimage"},"image":{"@id":"https:\/\/circuitodejerez.com\/2023\/09\/23\/i-concentracion-motera-ciudad-de-jerez-2\/#primaryimage"},"thumbnailUrl":"https:\/\/circuitodejerez.com\/wp-content\/uploads\/2023\/11\/noticia_28-scaled.jpg","datePublished":"2023-11-20T15:52:30+00:00","dateModified":"2024-01-29T17:27:23+00:00","breadcrumb":{"@id":"https:\/\/circuitodejerez.com\/2023\/09\/23\/i-concentracion-motera-ciudad-de-jerez-2\/#breadcrumb"},"inLanguage":"en-GB","potentialAction":[{"@type":"ReadAction","target":["https:\/\/circuitodejerez.com\/2023\/09\/23\/i-concentracion-motera-ciudad-de-jerez-2\/"]}]},{"@type":"ImageObject","inLanguage":"en-GB","@id":"https:\/\/circuitodejerez.com\/2023\/09\/23\/i-concentracion-motera-ciudad-de-jerez-2\/#primaryimage","url":"https:\/\/circuitodejerez.com\/wp-content\/uploads\/2023\/11\/noticia_28-scaled.jpg","contentUrl":"https:\/\/circuitodejerez.com\/wp-content\/uploads\/2023\/11\/noticia_28-scaled.jpg","width":2560,"height":1706},{"@type":"BreadcrumbList","@id":"https:\/\/circuitodejerez.com\/2023\/09\/23\/i-concentracion-motera-ciudad-de-jerez-2\/#breadcrumb","itemListElement":[{"@type":"ListItem","position":1,"name":"Portada","item":"https:\/\/circuitodejerez.com\/"},{"@type":"ListItem","position":2,"name":"I concentraci\u00f3n motera &#8216;Ciudad de Jerez&#8217;"}]},{"@type":"WebSite","@id":"https:\/\/circuitodejerez.com\/#website","url":"https:\/\/circuitodejerez.com\/","name":"Circuito de Jerez \u00c1ngel Nieto","description":"Circuito de Jerez \u00c1ngel Nieto","publisher":{"@id":"https:\/\/circuitodejerez.com\/#organization"},"potentialAction":[{"@type":"SearchAction","target":{"@type":"EntryPoint","urlTemplate":"https:\/\/circuitodejerez.com\/?s={search_term_string}"},"query-input":"required name=search_term_string"}],"inLanguage":"en-GB"},{"@type":"Organization","@id":"https:\/\/circuitodejerez.com\/#organization","name":"Circuito de Jerez \u00c1ngel Nieto","url":"https:\/\/circuitodejerez.com\/","logo":{"@type":"ImageObject","inLanguage":"en-GB","@id":"https:\/\/circuitodejerez.com\/#\/schema\/logo\/image\/","url":"https:\/\/circuitodejerez.com\/wp-content\/uploads\/2023\/06\/logo-circuito-jerez.png","contentUrl":"https:\/\/circuitodejerez.com\/wp-content\/uploads\/2023\/06\/logo-circuito-jerez.png","width":556,"height":142,"caption":"Circuito de Jerez \u00c1ngel Nieto"},"image":{"@id":"https:\/\/circuitodejerez.com\/#\/schema\/logo\/image\/"},"sameAs":["https:\/\/www.facebook.com\/circuitodejerezangelnieto\/","https:\/\/x.com\/circuitodejerez","https:\/\/www.instagram.com\/circuito_de_jerez\/?hl=es","https:\/\/www.youtube.com\/user\/cirjesa"]},{"@type":"Person","@id":"https:\/\/circuitodejerez.com\/#\/schema\/person\/7426c66afad35f522814eb06fb2e213a","name":"publyland","sameAs":["https:\/\/circuitoangelnieto.com"],"url":"https:\/\/circuitodejerez.com\/en\/author\/publyland\/"}]}},"_links":{"self":[{"href":"https:\/\/circuitodejerez.com\/en\/wp-json\/wp\/v2\/posts\/35155","targetHints":{"allow":["GET"]}}],"collection":[{"href":"https:\/\/circuitodejerez.com\/en\/wp-json\/wp\/v2\/posts"}],"about":[{"href":"https:\/\/circuitodejerez.com\/en\/wp-json\/wp\/v2\/types\/post"}],"author":[{"embeddable":true,"href":"https:\/\/circuitodejerez.com\/en\/wp-json\/wp\/v2\/users\/1"}],"replies":[{"embeddable":true,"href":"https:\/\/circuitodejerez.com\/en\/wp-json\/wp\/v2\/comments?post=35155"}],"version-history":[{"count":4,"href":"https:\/\/circuitodejerez.com\/en\/wp-json\/wp\/v2\/posts\/35155\/revisions"}],"predecessor-version":[{"id":35888,"href":"https:\/\/circuitodejerez.com\/en\/wp-json\/wp\/v2\/posts\/35155\/revisions\/35888"}],"wp:featuredmedia":[{"embeddable":true,"href":"https:\/\/circuitodejerez.com\/en\/wp-json\/wp\/v2\/media\/35166"}],"wp:attachment":[{"href":"https:\/\/circuitodejerez.com\/en\/wp-json\/wp\/v2\/media?parent=35155"}],"wp:term":[{"taxonomy":"category","embeddable":true,"href":"https:\/\/circuitodejerez.com\/en\/wp-json\/wp\/v2\/categories?post=35155"},{"taxonomy":"post_tag","embeddable":true,"href":"https:\/\/circuitodejerez.com\/en\/wp-json\/wp\/v2\/tags?post=35155"}],"curies":[{"name":"wp","href":"https:\/\/api.w.org\/{rel}","templated":true}]}}