{"id":35158,"date":"2023-09-23T13:00:36","date_gmt":"2023-11-21T12:00:36","guid":{"rendered":"https:\/\/circuitoangelnieto.com\/2023\/11\/21\/racing-weekend-resumen-del-sabado\/"},"modified":"2024-01-29T18:25:11","modified_gmt":"2024-01-29T17:25:11","slug":"racing-weekend-resumen-del-sabado","status":"publish","type":"post","link":"https:\/\/circuitodejerez.com\/en\/2023\/09\/23\/racing-weekend-resumen-del-sabado\/","title":{"rendered":"Racing Weekend (resumen del s\u00e1bado)"},"content":{"rendered":"<p><img loading=\"lazy\" decoding=\"async\" class=\"alignnone size-medium\" style=\"display: none;\" src=\"https:\/\/gestorapp.circuitoangelnieto.com\/\/uploads\/noticias\/noticia_29.jpg\" width=\"600\" height=\"409\" \/><\/p>\n<div>\n<div class=\"lead\">\n<p>Buena acogida de p\u00fablico en este primer d\u00eda del NAPA Racing Weekend que hoy celebraba las primeras carreras del fin de semana<\/p>\n<\/div>\n<div class=\"news-text-wrap\">\n<p><strong>Victorias para Theophile Nael en la F4 Spain, Francesco Braschi en la EuroCup3 y Francisco Mora en la Porsche Sprint Ib\u00e9rica<\/strong><\/p>\n<p><strong>23 de septiembre de 2023.\u00a0<\/strong>Acompa\u00f1ados por una excelente climatolog\u00eda, incluso calurosa durante la tarde, el Circuito de Jerez-Angel Nieto daba la bienvenida a esta primera jornada del certamen automovilismo NAPA Racing Weekend, que hoy de forma oficial, arrancaba con los primeros entrenamientos libres para las tres categor\u00edas en liza; F\u00f3rmula 4 Spain, EuroCup3 y Porsche Sprint Ib\u00e9rica.<\/p>\n<p>Unos entrenamientos libres que se prolongaron m\u00e1s all\u00e1 de las 13 horas para, una vez concluidos, darse inicio a la tanda oficial que confeccionar\u00eda las parrillas para las carreras que a continuaci\u00f3n iban a disputarse en esta jornada de s\u00e1bado en la que mucho p\u00fablico se acerc\u00f3 hasta el circuito para vivir en directo el desarrollo de este emocionante y espectacular certamen de automovilismo en el que, entre otras cosas, se ha podido ver una parrilla de salida, en el caso de la F4 espa\u00f1ola, con 35 monoplazas, algo ins\u00f3lito en los \u00faltimos a\u00f1os, parrilla comandada por el piloto peruano Andr\u00e9s C\u00e1rdenas que lograba la pole con un tiempo de 1.43.033.<\/p>\n<p>No menos espectacular fue la salida de esta primera carrera, preludio de los interesantes momentos que podr\u00e1n presenciar los espectadores que ma\u00f1ana acudan al circuito para seguir las carreras programadas y entre las que est\u00e1n las dos que completan el fin de semana para la F4 fijadas para las 11.15 y las 14.55.<\/p>\n<p>Ci\u00f1\u00e9ndonos a la carrera de hoy, con tantos monoplazas en pista, era l\u00f3gico pensar que la carrera iba a ser movida, y as\u00ed fue, con la presencia a lo largo de la prueba de varios Safety Car en pista por incidentes de los pilotos en forma de salidas y toques entre ellos, para reanudarse y finalmente detenerse definitivamente con bandera roja por una salida de pista de un piloto en una zona delicada que compromet\u00eda la seguridad del resto. De esta forma, con el tiempo de carrera fijado casi cumplido, se daba por terminada la carrera que era vencida por el piloto franc\u00e9s (aunque corre con licencia espa\u00f1ola) Theophile Nael, seguido del peruano Andr\u00e9s C\u00e1rdenas, y el tambi\u00e9n galo Enzo Deligny que lograba la tercera plaza del p\u00f3dium.<\/p>\n<p>18 monoplazas tomaban la salida en la EuroCup3, una categor\u00eda de \u00e1mbito internacional en la que participan cinco espa\u00f1oles. Los EuroCup3, son monoplazas con m\u00e1s potencia y volumen, un escalaf\u00f3n m\u00e1s para aquellos pilotos procedentes de la F4. La primera carrera del fin de semana, fue muy competida con el italiano Francesco Braschi (Campos Racing) que lograba desde los primeros compases, liderar la carrera y tomar metros de distancia con respecto al piloto espa\u00f1ol Javier Sagrera (Palou Racing) que lograba mantener a raya al piloto Nicola Tsolov, autor de la pole en los entrenamientos oficiales, si bien, a medida que pasaban las vueltas, el b\u00falgaro lograba dar alcance al espa\u00f1ol para sobrepasarlo y finalmente conseguir la segunda posici\u00f3n tras Braschi, conform\u00e1ndose Sagrera con el tercer pelda\u00f1o del p\u00f3dium.<\/p>\n<p>Pon\u00eda fin a esta jornada de s\u00e1bado, los impresionantes Turismos de la Copa Porsche Sprint Ib\u00e9rica, categor\u00eda de procedencia portuguesa y donde Francisco Mora lograba la pole con un tiempo de 1.45.700. En carrera, ser\u00edan 14 Porsche 911 GT3 Cup los que tomar\u00edan la salida comandados por Mora que lograba mantener a raya al resto de competidores para lograr la victoria, seguido de Manuel Alves y Pedro Salvador, todos englobados en la categor\u00eda ProAm.<\/p>\n<p>Ma\u00f1ana se espera mucho ambiente en el trazado jerezano para seguir en directo el desarrollo de este Racing Weekend que adem\u00e1s cuenta con retransmisi\u00f3n via streamming a trav\u00e9s del canal de la Rfeda en YouTube. Un programa dominical, que incluir\u00e1 los entrenamientos oficiales 2 para las tres categor\u00edas en liza, y un total de 4 carreras que tendr\u00e1n el siguiente horario: 11.15-11.45 (F4 Spain), 12.45-13.20 (EuroCup3), 13.50-14.25 (Porsche Ib\u00e9rica) y 14.55-15.30 F4 Spain). Adem\u00e1s, todo el p\u00fablico podr\u00e1 de 12.00 a 12.30 realizar el Pit Lane Walk o paseo por boxes, donde podr\u00e1n ver el trabajo de los equipos en boxes e interactuar con los pilotos.<\/p>\n<\/div>\n<\/div>\n<p><img loading=\"lazy\" decoding=\"async\" class=\"alignnone size-medium\" style=\"width: 100%;\" src=\"https:\/\/gestorapp.circuitoangelnieto.com\/\/uploads\/noticias\/1\" width=\"600\" height=\"409\" \/><\/p>","protected":false},"excerpt":{"rendered":"<p>Buena acogida de p\u00fablico en este primer d\u00eda del NAPA Racing Weekend que hoy celebraba las primeras carreras del fin<\/p>","protected":false},"author":1,"featured_media":35159,"comment_status":"closed","ping_status":"closed","sticky":false,"template":"","format":"standard","meta":{"footnotes":""},"categories":[2],"tags":[],"class_list":["post-35158","post","type-post","status-publish","format-standard","has-post-thumbnail","hentry","category-noticias"],"yoast_head":"<!-- This site is optimized with the Yoast SEO plugin v22.5 - https:\/\/yoast.com\/wordpress\/plugins\/seo\/ -->\n<title>Racing Weekend (resumen del s\u00e1bado) - Circuito de Jerez \u00c1ngel Nieto<\/title>\n<meta name=\"robots\" content=\"index, follow, max-snippet:-1, max-image-preview:large, max-video-preview:-1\" \/>\n<link rel=\"canonical\" href=\"https:\/\/circuitodejerez.com\/en\/2023\/09\/23\/racing-weekend-resumen-del-sabado\/\" \/>\n<meta property=\"og:locale\" content=\"en_GB\" \/>\n<meta property=\"og:type\" content=\"article\" \/>\n<meta property=\"og:title\" content=\"Racing Weekend (resumen del s\u00e1bado) - Circuito de Jerez \u00c1ngel Nieto\" \/>\n<meta property=\"og:description\" content=\"Buena acogida de p\u00fablico en este primer d\u00eda del NAPA Racing Weekend que hoy celebraba las primeras carreras del fin\" \/>\n<meta property=\"og:url\" content=\"https:\/\/circuitodejerez.com\/en\/2023\/09\/23\/racing-weekend-resumen-del-sabado\/\" \/>\n<meta property=\"og:site_name\" content=\"Circuito de Jerez \u00c1ngel Nieto\" \/>\n<meta property=\"article:publisher\" content=\"https:\/\/www.facebook.com\/circuitodejerezangelnieto\/\" \/>\n<meta property=\"article:published_time\" content=\"2023-11-21T12:00:36+00:00\" \/>\n<meta property=\"article:modified_time\" content=\"2024-01-29T17:25:11+00:00\" \/>\n<meta property=\"og:image\" content=\"https:\/\/circuitodejerez.com\/wp-content\/uploads\/2023\/11\/noticia_29-scaled.jpg\" \/>\n\t<meta property=\"og:image:width\" content=\"2560\" \/>\n\t<meta property=\"og:image:height\" content=\"1706\" \/>\n\t<meta property=\"og:image:type\" content=\"image\/jpeg\" \/>\n<meta name=\"author\" content=\"publyland\" \/>\n<meta name=\"twitter:card\" content=\"summary_large_image\" \/>\n<meta name=\"twitter:creator\" content=\"@circuitodejerez\" \/>\n<meta name=\"twitter:site\" content=\"@circuitodejerez\" \/>\n<meta name=\"twitter:label1\" content=\"Written by\" \/>\n\t<meta name=\"twitter:data1\" content=\"publyland\" \/>\n\t<meta name=\"twitter:label2\" content=\"Estimated reading time\" \/>\n\t<meta name=\"twitter:data2\" content=\"4 minutes\" \/>\n<script type=\"application\/ld+json\" class=\"yoast-schema-graph\">{\"@context\":\"https:\/\/schema.org\",\"@graph\":[{\"@type\":\"Article\",\"@id\":\"https:\/\/circuitodejerez.com\/2023\/09\/23\/racing-weekend-resumen-del-sabado\/#article\",\"isPartOf\":{\"@id\":\"https:\/\/circuitodejerez.com\/2023\/09\/23\/racing-weekend-resumen-del-sabado\/\"},\"author\":{\"name\":\"publyland\",\"@id\":\"https:\/\/circuitodejerez.com\/#\/schema\/person\/7426c66afad35f522814eb06fb2e213a\"},\"headline\":\"Racing Weekend (resumen del s\u00e1bado)\",\"datePublished\":\"2023-11-21T12:00:36+00:00\",\"dateModified\":\"2024-01-29T17:25:11+00:00\",\"mainEntityOfPage\":{\"@id\":\"https:\/\/circuitodejerez.com\/2023\/09\/23\/racing-weekend-resumen-del-sabado\/\"},\"wordCount\":750,\"publisher\":{\"@id\":\"https:\/\/circuitodejerez.com\/#organization\"},\"image\":{\"@id\":\"https:\/\/circuitodejerez.com\/2023\/09\/23\/racing-weekend-resumen-del-sabado\/#primaryimage\"},\"thumbnailUrl\":\"https:\/\/circuitodejerez.com\/wp-content\/uploads\/2023\/11\/noticia_29-scaled.jpg\",\"articleSection\":[\"Noticias\"],\"inLanguage\":\"en-GB\"},{\"@type\":\"WebPage\",\"@id\":\"https:\/\/circuitodejerez.com\/2023\/09\/23\/racing-weekend-resumen-del-sabado\/\",\"url\":\"https:\/\/circuitodejerez.com\/2023\/09\/23\/racing-weekend-resumen-del-sabado\/\",\"name\":\"Racing Weekend (resumen del s\u00e1bado) - Circuito de Jerez \u00c1ngel Nieto\",\"isPartOf\":{\"@id\":\"https:\/\/circuitodejerez.com\/#website\"},\"primaryImageOfPage\":{\"@id\":\"https:\/\/circuitodejerez.com\/2023\/09\/23\/racing-weekend-resumen-del-sabado\/#primaryimage\"},\"image\":{\"@id\":\"https:\/\/circuitodejerez.com\/2023\/09\/23\/racing-weekend-resumen-del-sabado\/#primaryimage\"},\"thumbnailUrl\":\"https:\/\/circuitodejerez.com\/wp-content\/uploads\/2023\/11\/noticia_29-scaled.jpg\",\"datePublished\":\"2023-11-21T12:00:36+00:00\",\"dateModified\":\"2024-01-29T17:25:11+00:00\",\"breadcrumb\":{\"@id\":\"https:\/\/circuitodejerez.com\/2023\/09\/23\/racing-weekend-resumen-del-sabado\/#breadcrumb\"},\"inLanguage\":\"en-GB\",\"potentialAction\":[{\"@type\":\"ReadAction\",\"target\":[\"https:\/\/circuitodejerez.com\/2023\/09\/23\/racing-weekend-resumen-del-sabado\/\"]}]},{\"@type\":\"ImageObject\",\"inLanguage\":\"en-GB\",\"@id\":\"https:\/\/circuitodejerez.com\/2023\/09\/23\/racing-weekend-resumen-del-sabado\/#primaryimage\",\"url\":\"https:\/\/circuitodejerez.com\/wp-content\/uploads\/2023\/11\/noticia_29-scaled.jpg\",\"contentUrl\":\"https:\/\/circuitodejerez.com\/wp-content\/uploads\/2023\/11\/noticia_29-scaled.jpg\",\"width\":2560,\"height\":1706},{\"@type\":\"BreadcrumbList\",\"@id\":\"https:\/\/circuitodejerez.com\/2023\/09\/23\/racing-weekend-resumen-del-sabado\/#breadcrumb\",\"itemListElement\":[{\"@type\":\"ListItem\",\"position\":1,\"name\":\"Portada\",\"item\":\"https:\/\/circuitodejerez.com\/\"},{\"@type\":\"ListItem\",\"position\":2,\"name\":\"Racing Weekend (resumen del s\u00e1bado)\"}]},{\"@type\":\"WebSite\",\"@id\":\"https:\/\/circuitodejerez.com\/#website\",\"url\":\"https:\/\/circuitodejerez.com\/\",\"name\":\"Circuito de Jerez \u00c1ngel Nieto\",\"description\":\"Circuito de Jerez \u00c1ngel Nieto\",\"publisher\":{\"@id\":\"https:\/\/circuitodejerez.com\/#organization\"},\"potentialAction\":[{\"@type\":\"SearchAction\",\"target\":{\"@type\":\"EntryPoint\",\"urlTemplate\":\"https:\/\/circuitodejerez.com\/?s={search_term_string}\"},\"query-input\":\"required name=search_term_string\"}],\"inLanguage\":\"en-GB\"},{\"@type\":\"Organization\",\"@id\":\"https:\/\/circuitodejerez.com\/#organization\",\"name\":\"Circuito de Jerez \u00c1ngel Nieto\",\"url\":\"https:\/\/circuitodejerez.com\/\",\"logo\":{\"@type\":\"ImageObject\",\"inLanguage\":\"en-GB\",\"@id\":\"https:\/\/circuitodejerez.com\/#\/schema\/logo\/image\/\",\"url\":\"https:\/\/circuitodejerez.com\/wp-content\/uploads\/2023\/06\/logo-circuito-jerez.png\",\"contentUrl\":\"https:\/\/circuitodejerez.com\/wp-content\/uploads\/2023\/06\/logo-circuito-jerez.png\",\"width\":556,\"height\":142,\"caption\":\"Circuito de Jerez \u00c1ngel Nieto\"},\"image\":{\"@id\":\"https:\/\/circuitodejerez.com\/#\/schema\/logo\/image\/\"},\"sameAs\":[\"https:\/\/www.facebook.com\/circuitodejerezangelnieto\/\",\"https:\/\/x.com\/circuitodejerez\",\"https:\/\/www.instagram.com\/circuito_de_jerez\/?hl=es\",\"https:\/\/www.youtube.com\/user\/cirjesa\"]},{\"@type\":\"Person\",\"@id\":\"https:\/\/circuitodejerez.com\/#\/schema\/person\/7426c66afad35f522814eb06fb2e213a\",\"name\":\"publyland\",\"sameAs\":[\"https:\/\/circuitoangelnieto.com\"],\"url\":\"https:\/\/circuitodejerez.com\/en\/author\/publyland\/\"}]}<\/script>\n<!-- \/ Yoast SEO plugin. -->","yoast_head_json":{"title":"Racing Weekend (resumen del s\u00e1bado) - Circuito de Jerez \u00c1ngel Nieto","robots":{"index":"index","follow":"follow","max-snippet":"max-snippet:-1","max-image-preview":"max-image-preview:large","max-video-preview":"max-video-preview:-1"},"canonical":"https:\/\/circuitodejerez.com\/en\/2023\/09\/23\/racing-weekend-resumen-del-sabado\/","og_locale":"en_GB","og_type":"article","og_title":"Racing Weekend (resumen del s\u00e1bado) - Circuito de Jerez \u00c1ngel Nieto","og_description":"Buena acogida de p\u00fablico en este primer d\u00eda del NAPA Racing Weekend que hoy celebraba las primeras carreras del fin","og_url":"https:\/\/circuitodejerez.com\/en\/2023\/09\/23\/racing-weekend-resumen-del-sabado\/","og_site_name":"Circuito de Jerez \u00c1ngel Nieto","article_publisher":"https:\/\/www.facebook.com\/circuitodejerezangelnieto\/","article_published_time":"2023-11-21T12:00:36+00:00","article_modified_time":"2024-01-29T17:25:11+00:00","og_image":[{"width":2560,"height":1706,"url":"https:\/\/circuitodejerez.com\/wp-content\/uploads\/2023\/11\/noticia_29-scaled.jpg","type":"image\/jpeg"}],"author":"publyland","twitter_card":"summary_large_image","twitter_creator":"@circuitodejerez","twitter_site":"@circuitodejerez","twitter_misc":{"Written by":"publyland","Estimated reading time":"4 minutes"},"schema":{"@context":"https:\/\/schema.org","@graph":[{"@type":"Article","@id":"https:\/\/circuitodejerez.com\/2023\/09\/23\/racing-weekend-resumen-del-sabado\/#article","isPartOf":{"@id":"https:\/\/circuitodejerez.com\/2023\/09\/23\/racing-weekend-resumen-del-sabado\/"},"author":{"name":"publyland","@id":"https:\/\/circuitodejerez.com\/#\/schema\/person\/7426c66afad35f522814eb06fb2e213a"},"headline":"Racing Weekend (resumen del s\u00e1bado)","datePublished":"2023-11-21T12:00:36+00:00","dateModified":"2024-01-29T17:25:11+00:00","mainEntityOfPage":{"@id":"https:\/\/circuitodejerez.com\/2023\/09\/23\/racing-weekend-resumen-del-sabado\/"},"wordCount":750,"publisher":{"@id":"https:\/\/circuitodejerez.com\/#organization"},"image":{"@id":"https:\/\/circuitodejerez.com\/2023\/09\/23\/racing-weekend-resumen-del-sabado\/#primaryimage"},"thumbnailUrl":"https:\/\/circuitodejerez.com\/wp-content\/uploads\/2023\/11\/noticia_29-scaled.jpg","articleSection":["Noticias"],"inLanguage":"en-GB"},{"@type":"WebPage","@id":"https:\/\/circuitodejerez.com\/2023\/09\/23\/racing-weekend-resumen-del-sabado\/","url":"https:\/\/circuitodejerez.com\/2023\/09\/23\/racing-weekend-resumen-del-sabado\/","name":"Racing Weekend (resumen del s\u00e1bado) - Circuito de Jerez \u00c1ngel Nieto","isPartOf":{"@id":"https:\/\/circuitodejerez.com\/#website"},"primaryImageOfPage":{"@id":"https:\/\/circuitodejerez.com\/2023\/09\/23\/racing-weekend-resumen-del-sabado\/#primaryimage"},"image":{"@id":"https:\/\/circuitodejerez.com\/2023\/09\/23\/racing-weekend-resumen-del-sabado\/#primaryimage"},"thumbnailUrl":"https:\/\/circuitodejerez.com\/wp-content\/uploads\/2023\/11\/noticia_29-scaled.jpg","datePublished":"2023-11-21T12:00:36+00:00","dateModified":"2024-01-29T17:25:11+00:00","breadcrumb":{"@id":"https:\/\/circuitodejerez.com\/2023\/09\/23\/racing-weekend-resumen-del-sabado\/#breadcrumb"},"inLanguage":"en-GB","potentialAction":[{"@type":"ReadAction","target":["https:\/\/circuitodejerez.com\/2023\/09\/23\/racing-weekend-resumen-del-sabado\/"]}]},{"@type":"ImageObject","inLanguage":"en-GB","@id":"https:\/\/circuitodejerez.com\/2023\/09\/23\/racing-weekend-resumen-del-sabado\/#primaryimage","url":"https:\/\/circuitodejerez.com\/wp-content\/uploads\/2023\/11\/noticia_29-scaled.jpg","contentUrl":"https:\/\/circuitodejerez.com\/wp-content\/uploads\/2023\/11\/noticia_29-scaled.jpg","width":2560,"height":1706},{"@type":"BreadcrumbList","@id":"https:\/\/circuitodejerez.com\/2023\/09\/23\/racing-weekend-resumen-del-sabado\/#breadcrumb","itemListElement":[{"@type":"ListItem","position":1,"name":"Portada","item":"https:\/\/circuitodejerez.com\/"},{"@type":"ListItem","position":2,"name":"Racing Weekend (resumen del s\u00e1bado)"}]},{"@type":"WebSite","@id":"https:\/\/circuitodejerez.com\/#website","url":"https:\/\/circuitodejerez.com\/","name":"Circuito de Jerez \u00c1ngel Nieto","description":"Circuito de Jerez \u00c1ngel Nieto","publisher":{"@id":"https:\/\/circuitodejerez.com\/#organization"},"potentialAction":[{"@type":"SearchAction","target":{"@type":"EntryPoint","urlTemplate":"https:\/\/circuitodejerez.com\/?s={search_term_string}"},"query-input":"required name=search_term_string"}],"inLanguage":"en-GB"},{"@type":"Organization","@id":"https:\/\/circuitodejerez.com\/#organization","name":"Circuito de Jerez \u00c1ngel Nieto","url":"https:\/\/circuitodejerez.com\/","logo":{"@type":"ImageObject","inLanguage":"en-GB","@id":"https:\/\/circuitodejerez.com\/#\/schema\/logo\/image\/","url":"https:\/\/circuitodejerez.com\/wp-content\/uploads\/2023\/06\/logo-circuito-jerez.png","contentUrl":"https:\/\/circuitodejerez.com\/wp-content\/uploads\/2023\/06\/logo-circuito-jerez.png","width":556,"height":142,"caption":"Circuito de Jerez \u00c1ngel Nieto"},"image":{"@id":"https:\/\/circuitodejerez.com\/#\/schema\/logo\/image\/"},"sameAs":["https:\/\/www.facebook.com\/circuitodejerezangelnieto\/","https:\/\/x.com\/circuitodejerez","https:\/\/www.instagram.com\/circuito_de_jerez\/?hl=es","https:\/\/www.youtube.com\/user\/cirjesa"]},{"@type":"Person","@id":"https:\/\/circuitodejerez.com\/#\/schema\/person\/7426c66afad35f522814eb06fb2e213a","name":"publyland","sameAs":["https:\/\/circuitoangelnieto.com"],"url":"https:\/\/circuitodejerez.com\/en\/author\/publyland\/"}]}},"_links":{"self":[{"href":"https:\/\/circuitodejerez.com\/en\/wp-json\/wp\/v2\/posts\/35158","targetHints":{"allow":["GET"]}}],"collection":[{"href":"https:\/\/circuitodejerez.com\/en\/wp-json\/wp\/v2\/posts"}],"about":[{"href":"https:\/\/circuitodejerez.com\/en\/wp-json\/wp\/v2\/types\/post"}],"author":[{"embeddable":true,"href":"https:\/\/circuitodejerez.com\/en\/wp-json\/wp\/v2\/users\/1"}],"replies":[{"embeddable":true,"href":"https:\/\/circuitodejerez.com\/en\/wp-json\/wp\/v2\/comments?post=35158"}],"version-history":[{"count":2,"href":"https:\/\/circuitodejerez.com\/en\/wp-json\/wp\/v2\/posts\/35158\/revisions"}],"predecessor-version":[{"id":35886,"href":"https:\/\/circuitodejerez.com\/en\/wp-json\/wp\/v2\/posts\/35158\/revisions\/35886"}],"wp:featuredmedia":[{"embeddable":true,"href":"https:\/\/circuitodejerez.com\/en\/wp-json\/wp\/v2\/media\/35159"}],"wp:attachment":[{"href":"https:\/\/circuitodejerez.com\/en\/wp-json\/wp\/v2\/media?parent=35158"}],"wp:term":[{"taxonomy":"category","embeddable":true,"href":"https:\/\/circuitodejerez.com\/en\/wp-json\/wp\/v2\/categories?post=35158"},{"taxonomy":"post_tag","embeddable":true,"href":"https:\/\/circuitodejerez.com\/en\/wp-json\/wp\/v2\/tags?post=35158"}],"curies":[{"name":"wp","href":"https:\/\/api.w.org\/{rel}","templated":true}]}}