{"id":35178,"date":"2023-10-02T16:30:33","date_gmt":"2023-12-08T15:51:58","guid":{"rendered":"https:\/\/circuitoangelnieto.com\/2023\/12\/08\/worldsbk\/"},"modified":"2024-01-29T13:01:58","modified_gmt":"2024-01-29T12:01:58","slug":"worldsbk","status":"publish","type":"post","link":"https:\/\/circuitodejerez.com\/en\/2023\/10\/02\/worldsbk\/","title":{"rendered":"WorldSBK"},"content":{"rendered":"<p><img loading=\"lazy\" decoding=\"async\" class=\"alignnone size-medium\" style=\"display: none;\" src=\"https:\/\/gestorapp.circuitoangelnieto.com\/\/uploads\/noticias\/noticia_32.jpg\" width=\"600\" height=\"409\" \/><\/p>\n<div>\n<p><b>El t\u00edtulo del WorldSBK se decidir\u00e1 en Jerez.<\/b><\/p>\n<p><b>El espa\u00f1ol \u00c1lvaro Bautista, consigui\u00f3 un triplete en Portimao y se qued\u00f3 a las<br \/>\npuertas de un t\u00edtulo que deber\u00e1 refrendar en Jerez.<\/b><\/p>\n<p><strong>2 de octubre de 2023.<\/strong><br \/>\nEl Campeonato del Mundo MOTUL FIM de Superbike llegar\u00e1 al Circuito de<br \/>\nJerez-\u00c1ngel Nieto sin dilucidar. Y es que tras la visita que el certamen<br \/>\nde las motos derivadas de serie hizo al Aut\u00f3dromo Internacional do<br \/>\nAlgarve este pasado fin de semana, donde se pudieron vivir grandes<br \/>\ncarreras y batallas entre los principales contendientes al t\u00edtulo, el<br \/>\npiloto espa\u00f1ol de Ducati, \u00c1lvaro Bautista y el turco de Yamaha Toprak<br \/>\nRazgatlioglu, la incertidumbre finalmente se desvelar\u00e1 en Jerez,<br \/>\nteniendo todo a su favor el espa\u00f1ol para adjudic\u00e1rselo.<\/p>\n<p>Bautista, a<br \/>\npesar de salir de Portugal con un triplete, deber\u00e1 aguardar a Jerez<br \/>\npara conquistar el que ser\u00eda su segundo t\u00edtulo consecutivo del WorldSBK.<br \/>\nUn t\u00edtulo que tiene pr\u00e1cticamente ya en la mano, ya que s\u00f3lo necesita 2<br \/>\npuntos para refrendarlo y festejar en Jerez con la afici\u00f3n espa\u00f1ola un<br \/>\nnuevo entorchado, que se sumar\u00eda al ya conseguido en la categor\u00eda de<br \/>\nSupersport por Nicolo Bulega este pasado fin de semana y al de<br \/>\nconstructores, tambi\u00e9n en poder de Ducati, logrado esta temporada en SBK<br \/>\ny Supersport.<\/p>\n<p>En Portugal, \u00c1lvaro Bautista (Aruba.it Racing &#8211;<br \/>\nDucati) arras\u00f3 logrando la primera victoria del fin de semana el s\u00e1bado<br \/>\nen la carrera 1, triunfo que sirvi\u00f3 para darle a la marca italiana su<br \/>\n19\u00ba Campeonato de Constructores. El domingo su re\u00f1ida victoria en la<br \/>\nCarrera 2 tras una batalla \u00e9pica con Toprak Razgatlioglu (Pata Yamaha<br \/>\nPrometeon WorldSBK) le situ\u00f3 por delante de Carl Fogarty en cuanto a<br \/>\nvictorias con Ducati (56 en total por 55 de Fogarty). Finalmente,<br \/>\nrefrendaba su gran fin de semana logrando tambi\u00e9n la victoria en la<br \/>\nSuperpole Race.<\/p>\n<p>El Circuito de Jerez-\u00c1ngel Nieto ser\u00e1 el escenario<br \/>\ndonde el WorldSBK cierre la temporada. Un regreso a tierras del sur,<br \/>\ntras disputarse este certamen la \u00faltima vez en 2021. Llegar\u00e1 con las<br \/>\ncategor\u00edas SBK y WorldSSP y los aficionados podr\u00e1n de nuevo vivir el<br \/>\nambiente y la cercan\u00eda de este certamen en el que con la entrada se<br \/>\ntiene acceso al paddock, centro neur\u00e1lgico de las actividades y<br \/>\nexperiencias que el certamen ofrece para los fans como el Paddock Show,<br \/>\ncon programaci\u00f3n en directo todo el d\u00eda, o el acceso al Victoria Lane,<br \/>\ndonde los aficionados podr\u00e1n felicitar a los ganadores en su llegada al<br \/>\nParc Ferme. Tambi\u00e9n habr\u00e1 otras actividades como el Pit Lane Walk o la I<br \/>\nconcentraci\u00f3n motera que se desarrollar\u00e1 en el Parque Gonz\u00e1lez Hontoria<br \/>\nde Jerez.<\/p>\n<p>Un fin de semana motero en el que adem\u00e1s, no s\u00f3lo<br \/>\nBautista y Razgatioglu centrar\u00e1n el foco de inter\u00e9s del fin de semana.<br \/>\nOtros pilotos como Jonathan Rea, Alex Lowes, Scott Redding, Remy<br \/>\nGardner, Garett Gerloff, Axel Bassani, o los espa\u00f1oles Xavi Vierge e<br \/>\nIker Lecuona, entre otros, se sumar\u00e1n al espect\u00e1culo ofreciendo carreras<br \/>\nemocionantes en el que las posiciones de p\u00f3dium ser\u00e1n a buen seguro muy<br \/>\nre\u00f1idas.<\/p>\n<p>Las entradas est\u00e1n a la venta en <a href=\"https:\/\/circuitodejerez.com\/en\/entradas\/\" target=\"_blank\" rel=\"nofollow noopener\">www.circuitodejerez.com\/entradas<\/a><\/p>\n<p>La entrada general tiene un precio de 30\u20ac. Ni\u00f1os entre 4 y 13 a\u00f1os 15\u20ac<\/p>\n<\/div>\n<p><img loading=\"lazy\" decoding=\"async\" class=\"alignnone size-medium\" style=\"width: 100%;\" src=\"https:\/\/gestorapp.circuitoangelnieto.com\/\/uploads\/noticias\/noticia_destacada_32.jpg\" width=\"600\" height=\"409\" \/><\/p>","protected":false},"excerpt":{"rendered":"<p>El t\u00edtulo del WorldSBK se decidir\u00e1 en Jerez. El espa\u00f1ol \u00c1lvaro Bautista, consigui\u00f3 un triplete en Portimao y se qued\u00f3<\/p>","protected":false},"author":1,"featured_media":35179,"comment_status":"closed","ping_status":"closed","sticky":false,"template":"","format":"standard","meta":{"footnotes":""},"categories":[2],"tags":[],"class_list":["post-35178","post","type-post","status-publish","format-standard","has-post-thumbnail","hentry","category-noticias"],"yoast_head":"<!-- This site is optimized with the Yoast SEO plugin v22.5 - https:\/\/yoast.com\/wordpress\/plugins\/seo\/ -->\n<title>WorldSBK - Circuito de Jerez \u00c1ngel Nieto<\/title>\n<meta name=\"robots\" content=\"index, follow, max-snippet:-1, max-image-preview:large, max-video-preview:-1\" \/>\n<link rel=\"canonical\" href=\"https:\/\/circuitodejerez.com\/en\/2023\/10\/02\/worldsbk\/\" \/>\n<meta property=\"og:locale\" content=\"en_GB\" \/>\n<meta property=\"og:type\" content=\"article\" \/>\n<meta property=\"og:title\" content=\"WorldSBK - Circuito de Jerez \u00c1ngel Nieto\" \/>\n<meta property=\"og:description\" content=\"El t\u00edtulo del WorldSBK se decidir\u00e1 en Jerez. El espa\u00f1ol \u00c1lvaro Bautista, consigui\u00f3 un triplete en Portimao y se qued\u00f3\" \/>\n<meta property=\"og:url\" content=\"https:\/\/circuitodejerez.com\/en\/2023\/10\/02\/worldsbk\/\" \/>\n<meta property=\"og:site_name\" content=\"Circuito de Jerez \u00c1ngel Nieto\" \/>\n<meta property=\"article:publisher\" content=\"https:\/\/www.facebook.com\/circuitodejerezangelnieto\/\" \/>\n<meta property=\"article:published_time\" content=\"2023-12-08T15:51:58+00:00\" \/>\n<meta property=\"article:modified_time\" content=\"2024-01-29T12:01:58+00:00\" \/>\n<meta property=\"og:image\" content=\"https:\/\/circuitodejerez.com\/wp-content\/uploads\/2023\/12\/noticia_32-scaled.jpg\" \/>\n\t<meta property=\"og:image:width\" content=\"2560\" \/>\n\t<meta property=\"og:image:height\" content=\"1440\" \/>\n\t<meta property=\"og:image:type\" content=\"image\/jpeg\" \/>\n<meta name=\"author\" content=\"publyland\" \/>\n<meta name=\"twitter:card\" content=\"summary_large_image\" \/>\n<meta name=\"twitter:creator\" content=\"@circuitodejerez\" \/>\n<meta name=\"twitter:site\" content=\"@circuitodejerez\" \/>\n<meta name=\"twitter:label1\" content=\"Written by\" \/>\n\t<meta name=\"twitter:data1\" content=\"publyland\" \/>\n\t<meta name=\"twitter:label2\" content=\"Estimated reading time\" \/>\n\t<meta name=\"twitter:data2\" content=\"3 minutes\" \/>\n<script type=\"application\/ld+json\" class=\"yoast-schema-graph\">{\"@context\":\"https:\/\/schema.org\",\"@graph\":[{\"@type\":\"Article\",\"@id\":\"https:\/\/circuitodejerez.com\/2023\/10\/02\/worldsbk\/#article\",\"isPartOf\":{\"@id\":\"https:\/\/circuitodejerez.com\/2023\/10\/02\/worldsbk\/\"},\"author\":{\"name\":\"publyland\",\"@id\":\"https:\/\/circuitodejerez.com\/#\/schema\/person\/7426c66afad35f522814eb06fb2e213a\"},\"headline\":\"WorldSBK\",\"datePublished\":\"2023-12-08T15:51:58+00:00\",\"dateModified\":\"2024-01-29T12:01:58+00:00\",\"mainEntityOfPage\":{\"@id\":\"https:\/\/circuitodejerez.com\/2023\/10\/02\/worldsbk\/\"},\"wordCount\":562,\"publisher\":{\"@id\":\"https:\/\/circuitodejerez.com\/#organization\"},\"image\":{\"@id\":\"https:\/\/circuitodejerez.com\/2023\/10\/02\/worldsbk\/#primaryimage\"},\"thumbnailUrl\":\"https:\/\/circuitodejerez.com\/wp-content\/uploads\/2023\/12\/noticia_32-scaled.jpg\",\"articleSection\":[\"Noticias\"],\"inLanguage\":\"en-GB\"},{\"@type\":\"WebPage\",\"@id\":\"https:\/\/circuitodejerez.com\/2023\/10\/02\/worldsbk\/\",\"url\":\"https:\/\/circuitodejerez.com\/2023\/10\/02\/worldsbk\/\",\"name\":\"WorldSBK - Circuito de Jerez \u00c1ngel Nieto\",\"isPartOf\":{\"@id\":\"https:\/\/circuitodejerez.com\/#website\"},\"primaryImageOfPage\":{\"@id\":\"https:\/\/circuitodejerez.com\/2023\/10\/02\/worldsbk\/#primaryimage\"},\"image\":{\"@id\":\"https:\/\/circuitodejerez.com\/2023\/10\/02\/worldsbk\/#primaryimage\"},\"thumbnailUrl\":\"https:\/\/circuitodejerez.com\/wp-content\/uploads\/2023\/12\/noticia_32-scaled.jpg\",\"datePublished\":\"2023-12-08T15:51:58+00:00\",\"dateModified\":\"2024-01-29T12:01:58+00:00\",\"breadcrumb\":{\"@id\":\"https:\/\/circuitodejerez.com\/2023\/10\/02\/worldsbk\/#breadcrumb\"},\"inLanguage\":\"en-GB\",\"potentialAction\":[{\"@type\":\"ReadAction\",\"target\":[\"https:\/\/circuitodejerez.com\/2023\/10\/02\/worldsbk\/\"]}]},{\"@type\":\"ImageObject\",\"inLanguage\":\"en-GB\",\"@id\":\"https:\/\/circuitodejerez.com\/2023\/10\/02\/worldsbk\/#primaryimage\",\"url\":\"https:\/\/circuitodejerez.com\/wp-content\/uploads\/2023\/12\/noticia_32-scaled.jpg\",\"contentUrl\":\"https:\/\/circuitodejerez.com\/wp-content\/uploads\/2023\/12\/noticia_32-scaled.jpg\",\"width\":2560,\"height\":1440},{\"@type\":\"BreadcrumbList\",\"@id\":\"https:\/\/circuitodejerez.com\/2023\/10\/02\/worldsbk\/#breadcrumb\",\"itemListElement\":[{\"@type\":\"ListItem\",\"position\":1,\"name\":\"Portada\",\"item\":\"https:\/\/circuitodejerez.com\/\"},{\"@type\":\"ListItem\",\"position\":2,\"name\":\"WorldSBK\"}]},{\"@type\":\"WebSite\",\"@id\":\"https:\/\/circuitodejerez.com\/#website\",\"url\":\"https:\/\/circuitodejerez.com\/\",\"name\":\"Circuito de Jerez \u00c1ngel Nieto\",\"description\":\"Circuito de Jerez \u00c1ngel Nieto\",\"publisher\":{\"@id\":\"https:\/\/circuitodejerez.com\/#organization\"},\"potentialAction\":[{\"@type\":\"SearchAction\",\"target\":{\"@type\":\"EntryPoint\",\"urlTemplate\":\"https:\/\/circuitodejerez.com\/?s={search_term_string}\"},\"query-input\":\"required name=search_term_string\"}],\"inLanguage\":\"en-GB\"},{\"@type\":\"Organization\",\"@id\":\"https:\/\/circuitodejerez.com\/#organization\",\"name\":\"Circuito de Jerez \u00c1ngel Nieto\",\"url\":\"https:\/\/circuitodejerez.com\/\",\"logo\":{\"@type\":\"ImageObject\",\"inLanguage\":\"en-GB\",\"@id\":\"https:\/\/circuitodejerez.com\/#\/schema\/logo\/image\/\",\"url\":\"https:\/\/circuitodejerez.com\/wp-content\/uploads\/2023\/06\/logo-circuito-jerez.png\",\"contentUrl\":\"https:\/\/circuitodejerez.com\/wp-content\/uploads\/2023\/06\/logo-circuito-jerez.png\",\"width\":556,\"height\":142,\"caption\":\"Circuito de Jerez \u00c1ngel Nieto\"},\"image\":{\"@id\":\"https:\/\/circuitodejerez.com\/#\/schema\/logo\/image\/\"},\"sameAs\":[\"https:\/\/www.facebook.com\/circuitodejerezangelnieto\/\",\"https:\/\/x.com\/circuitodejerez\",\"https:\/\/www.instagram.com\/circuito_de_jerez\/?hl=es\",\"https:\/\/www.youtube.com\/user\/cirjesa\"]},{\"@type\":\"Person\",\"@id\":\"https:\/\/circuitodejerez.com\/#\/schema\/person\/7426c66afad35f522814eb06fb2e213a\",\"name\":\"publyland\",\"sameAs\":[\"https:\/\/circuitoangelnieto.com\"],\"url\":\"https:\/\/circuitodejerez.com\/en\/author\/publyland\/\"}]}<\/script>\n<!-- \/ Yoast SEO plugin. -->","yoast_head_json":{"title":"WorldSBK - Circuito de Jerez \u00c1ngel Nieto","robots":{"index":"index","follow":"follow","max-snippet":"max-snippet:-1","max-image-preview":"max-image-preview:large","max-video-preview":"max-video-preview:-1"},"canonical":"https:\/\/circuitodejerez.com\/en\/2023\/10\/02\/worldsbk\/","og_locale":"en_GB","og_type":"article","og_title":"WorldSBK - Circuito de Jerez \u00c1ngel Nieto","og_description":"El t\u00edtulo del WorldSBK se decidir\u00e1 en Jerez. El espa\u00f1ol \u00c1lvaro Bautista, consigui\u00f3 un triplete en Portimao y se qued\u00f3","og_url":"https:\/\/circuitodejerez.com\/en\/2023\/10\/02\/worldsbk\/","og_site_name":"Circuito de Jerez \u00c1ngel Nieto","article_publisher":"https:\/\/www.facebook.com\/circuitodejerezangelnieto\/","article_published_time":"2023-12-08T15:51:58+00:00","article_modified_time":"2024-01-29T12:01:58+00:00","og_image":[{"width":2560,"height":1440,"url":"https:\/\/circuitodejerez.com\/wp-content\/uploads\/2023\/12\/noticia_32-scaled.jpg","type":"image\/jpeg"}],"author":"publyland","twitter_card":"summary_large_image","twitter_creator":"@circuitodejerez","twitter_site":"@circuitodejerez","twitter_misc":{"Written by":"publyland","Estimated reading time":"3 minutes"},"schema":{"@context":"https:\/\/schema.org","@graph":[{"@type":"Article","@id":"https:\/\/circuitodejerez.com\/2023\/10\/02\/worldsbk\/#article","isPartOf":{"@id":"https:\/\/circuitodejerez.com\/2023\/10\/02\/worldsbk\/"},"author":{"name":"publyland","@id":"https:\/\/circuitodejerez.com\/#\/schema\/person\/7426c66afad35f522814eb06fb2e213a"},"headline":"WorldSBK","datePublished":"2023-12-08T15:51:58+00:00","dateModified":"2024-01-29T12:01:58+00:00","mainEntityOfPage":{"@id":"https:\/\/circuitodejerez.com\/2023\/10\/02\/worldsbk\/"},"wordCount":562,"publisher":{"@id":"https:\/\/circuitodejerez.com\/#organization"},"image":{"@id":"https:\/\/circuitodejerez.com\/2023\/10\/02\/worldsbk\/#primaryimage"},"thumbnailUrl":"https:\/\/circuitodejerez.com\/wp-content\/uploads\/2023\/12\/noticia_32-scaled.jpg","articleSection":["Noticias"],"inLanguage":"en-GB"},{"@type":"WebPage","@id":"https:\/\/circuitodejerez.com\/2023\/10\/02\/worldsbk\/","url":"https:\/\/circuitodejerez.com\/2023\/10\/02\/worldsbk\/","name":"WorldSBK - Circuito de Jerez \u00c1ngel Nieto","isPartOf":{"@id":"https:\/\/circuitodejerez.com\/#website"},"primaryImageOfPage":{"@id":"https:\/\/circuitodejerez.com\/2023\/10\/02\/worldsbk\/#primaryimage"},"image":{"@id":"https:\/\/circuitodejerez.com\/2023\/10\/02\/worldsbk\/#primaryimage"},"thumbnailUrl":"https:\/\/circuitodejerez.com\/wp-content\/uploads\/2023\/12\/noticia_32-scaled.jpg","datePublished":"2023-12-08T15:51:58+00:00","dateModified":"2024-01-29T12:01:58+00:00","breadcrumb":{"@id":"https:\/\/circuitodejerez.com\/2023\/10\/02\/worldsbk\/#breadcrumb"},"inLanguage":"en-GB","potentialAction":[{"@type":"ReadAction","target":["https:\/\/circuitodejerez.com\/2023\/10\/02\/worldsbk\/"]}]},{"@type":"ImageObject","inLanguage":"en-GB","@id":"https:\/\/circuitodejerez.com\/2023\/10\/02\/worldsbk\/#primaryimage","url":"https:\/\/circuitodejerez.com\/wp-content\/uploads\/2023\/12\/noticia_32-scaled.jpg","contentUrl":"https:\/\/circuitodejerez.com\/wp-content\/uploads\/2023\/12\/noticia_32-scaled.jpg","width":2560,"height":1440},{"@type":"BreadcrumbList","@id":"https:\/\/circuitodejerez.com\/2023\/10\/02\/worldsbk\/#breadcrumb","itemListElement":[{"@type":"ListItem","position":1,"name":"Portada","item":"https:\/\/circuitodejerez.com\/"},{"@type":"ListItem","position":2,"name":"WorldSBK"}]},{"@type":"WebSite","@id":"https:\/\/circuitodejerez.com\/#website","url":"https:\/\/circuitodejerez.com\/","name":"Circuito de Jerez \u00c1ngel Nieto","description":"Circuito de Jerez \u00c1ngel Nieto","publisher":{"@id":"https:\/\/circuitodejerez.com\/#organization"},"potentialAction":[{"@type":"SearchAction","target":{"@type":"EntryPoint","urlTemplate":"https:\/\/circuitodejerez.com\/?s={search_term_string}"},"query-input":"required name=search_term_string"}],"inLanguage":"en-GB"},{"@type":"Organization","@id":"https:\/\/circuitodejerez.com\/#organization","name":"Circuito de Jerez \u00c1ngel Nieto","url":"https:\/\/circuitodejerez.com\/","logo":{"@type":"ImageObject","inLanguage":"en-GB","@id":"https:\/\/circuitodejerez.com\/#\/schema\/logo\/image\/","url":"https:\/\/circuitodejerez.com\/wp-content\/uploads\/2023\/06\/logo-circuito-jerez.png","contentUrl":"https:\/\/circuitodejerez.com\/wp-content\/uploads\/2023\/06\/logo-circuito-jerez.png","width":556,"height":142,"caption":"Circuito de Jerez \u00c1ngel Nieto"},"image":{"@id":"https:\/\/circuitodejerez.com\/#\/schema\/logo\/image\/"},"sameAs":["https:\/\/www.facebook.com\/circuitodejerezangelnieto\/","https:\/\/x.com\/circuitodejerez","https:\/\/www.instagram.com\/circuito_de_jerez\/?hl=es","https:\/\/www.youtube.com\/user\/cirjesa"]},{"@type":"Person","@id":"https:\/\/circuitodejerez.com\/#\/schema\/person\/7426c66afad35f522814eb06fb2e213a","name":"publyland","sameAs":["https:\/\/circuitoangelnieto.com"],"url":"https:\/\/circuitodejerez.com\/en\/author\/publyland\/"}]}},"_links":{"self":[{"href":"https:\/\/circuitodejerez.com\/en\/wp-json\/wp\/v2\/posts\/35178","targetHints":{"allow":["GET"]}}],"collection":[{"href":"https:\/\/circuitodejerez.com\/en\/wp-json\/wp\/v2\/posts"}],"about":[{"href":"https:\/\/circuitodejerez.com\/en\/wp-json\/wp\/v2\/types\/post"}],"author":[{"embeddable":true,"href":"https:\/\/circuitodejerez.com\/en\/wp-json\/wp\/v2\/users\/1"}],"replies":[{"embeddable":true,"href":"https:\/\/circuitodejerez.com\/en\/wp-json\/wp\/v2\/comments?post=35178"}],"version-history":[{"count":4,"href":"https:\/\/circuitodejerez.com\/en\/wp-json\/wp\/v2\/posts\/35178\/revisions"}],"predecessor-version":[{"id":35881,"href":"https:\/\/circuitodejerez.com\/en\/wp-json\/wp\/v2\/posts\/35178\/revisions\/35881"}],"wp:featuredmedia":[{"embeddable":true,"href":"https:\/\/circuitodejerez.com\/en\/wp-json\/wp\/v2\/media\/35179"}],"wp:attachment":[{"href":"https:\/\/circuitodejerez.com\/en\/wp-json\/wp\/v2\/media?parent=35178"}],"wp:term":[{"taxonomy":"category","embeddable":true,"href":"https:\/\/circuitodejerez.com\/en\/wp-json\/wp\/v2\/categories?post=35178"},{"taxonomy":"post_tag","embeddable":true,"href":"https:\/\/circuitodejerez.com\/en\/wp-json\/wp\/v2\/tags?post=35178"}],"curies":[{"name":"wp","href":"https:\/\/api.w.org\/{rel}","templated":true}]}}