{"id":35409,"date":"2023-11-12T16:49:28","date_gmt":"2023-11-12T15:49:28","guid":{"rendered":"https:\/\/circuitoangelnieto.com\/2024\/01\/22\/cto-de-espana-g-t-cer\/"},"modified":"2024-01-29T12:04:39","modified_gmt":"2024-01-29T11:04:39","slug":"cto-de-espana-g-t-cer","status":"publish","type":"post","link":"https:\/\/circuitodejerez.com\/en\/2023\/11\/12\/cto-de-espana-g-t-cer\/","title":{"rendered":"Cto. de Espa\u00f1a G.T-CER"},"content":{"rendered":"<p><img loading=\"lazy\" decoding=\"async\" style=\"display:none;\" class=\"alignnone size-medium\" src=\"https:\/\/gestorapp.circuitoangelnieto.com\/\/uploads\/noticias\/noticia_43.jpg\" width=\"600\" height=\"409\" \/><\/p>\n<p><p>*Enric Bordas se alza con el triunfo en la primera carrera del TCR, mientras Alvaro Garcia hace lo propio en la segunda<\/p>\n<p>*Manuel Servillera se adjudica en triunfo en la primera carrera de CER<\/p>\n<p>*Marta Suria domina la segunda carrera de la Copa Racer, mientras la tercera la venc\u00edan Marc Gruau-Alex Gruau<\/p>\n<p>*Las finales A y B para la Copa Saxo 8V fueron vencidas por Antonio Albacete y Vicente Valles<\/p>\n<p>&nbsp;<\/p>\n<p><strong>12 de noviembre de 2023.<\/strong>&nbsp;El Campeonato de Espa\u00f1a de Gran Turismo y Resistencia, Copa Racer y Copa Saxo 8V que este fin de semana acog\u00eda el trazado jerezano, llegaba hoy a su fin tras la disputa de la pen\u00faltima prueba de la temporada en el caso de las categor\u00edas de GT, TCR, CER y Racer, que a\u00fan tienen por delante la \u00faltima cita a celebrar en Barcelona, mientras que la Copa Saxo 8V cerraba en Jerez su temporada 2023. Tambi\u00e9n se pon\u00eda fin en esta jornada dominical al intenso marat\u00f3n de 5 eventos consecutivos que ha acogido el Circuito de Jerez-\u00c1ngel Nieto en el \u00faltimo mes que arrancaba a mediados de octubre con el Campeonato de Espa\u00f1a de Superbike, al que segu\u00eda el Jerez Historic Festival de automovilismo, para, una semana m\u00e1s tarde acoger el Campeonato del Mundo de Superbike, Copa de Espa\u00f1a de motociclismo y esta cita del nacional de Resistencia y Gran Turismo.<\/p>\n<p>Excelente climatolog\u00eda la que los pilotos han podido disfrutar en Jerez, con sol y buena temperatura. Y es que hoy la niebla de la ma\u00f1ana daba paso a una jornada soleada con temperaturas al alza para recibir el intenso programa de hoy domingo que contemplaba un total de 8 carreras. La primera de ellas, el TCR Spain que venc\u00eda dominado toda la carrera Enric Bordas, seguido de Lewis Brown y Scott Sumpton subiendo al tercer pelda\u00f1o del p\u00f3dium. En la segunda carrera de la jornada para esta categor\u00eda, era Alvaro Garcia quien se impon\u00eda con amplio margen sobre Lewis Brown y Enric Bordas.<\/p>\n<p>La segunda carrera de la jornada era la prueba de Resistencia del CER. Carrera programada a 48 minutos m\u00e1s una vuelta que fue vencida por Manuel Servillera (Peugeot), seguido de Miguel A. Romero (Cupra) y Cabezas-Melgar (Nissan). Por categor\u00edas Romero venc\u00eda en la clase 1 y en la clase Junior, mientras Servillera lo hac\u00eda en la clase 2 y en Trofeo Juan Fern\u00e1ndez. En la clase D3 lo hac\u00edan Chico \/ Carayol, mientras en la clase D4 lo hac\u00edan Iribas \/ Hern\u00e1ndez.<\/p>\n<p>A continuaci\u00f3n, ten\u00eda lugar la segunda carrera de la Copa Racer con una rapid\u00edsima Marta Suria que, ante la ausencia de Tony Albacete, marca un ritmo muy r\u00e1pido tomando unos metros de ventaja durante los primeros compases de la prueba para controlar el resto de vueltas y entrar por l\u00ednea de meta como vencedora con Sebastian Villadary segundo, y Alvaro Bajo en tercer lugar. &nbsp;La \u00faltima prueba del d\u00eda para esta categor\u00eda, tambi\u00e9n de la jornada, era de resistencia con 45 minutos por delante con cambio de pilotos o h\u00e1ndicap de tiempos incluidos. La prueba era vencida por la dupla Marc Gruau-Alex Gruau tras completar 19 vueltas, siendo segunda, Marta Suria, mientras que la tercera plaza del p\u00f3dium era para la pareja Albacete-Barambio que adem\u00e1s, lograban la victoria en el trofeo Sergio Tobar.<\/p>\n<p>Joan Vinyes, que ayer en la primera carrera del fin de semana lograba la segunda plaza de la general, hoy se alzaba con el triunfo en la prueba estrella de este certamen, el Campeonato de Espa\u00f1a de G.T y Resistencia, gracias a una s\u00f3lida carrera en la que tomaba el mando en la primera vuelta para liderar la misma pr\u00e1cticamente los 48 minutos y una vuelta en que estaba programada la prueba, si bien, cediendo el liderato en las vueltas 12, 13 y 14 cuando deb\u00eda pasar por boxes para cumplir el h\u00e1ndicap correspondiente en el que encabezaron la carrera la dupla Vieira-Cunha, despu\u00e9s Font-Diaz, y por \u00faltimo, a De los Milagros-Mart\u00edn para Joan Vinyes retomarlo en la vuelta 15 y ya no soltarlo hasta tomar la bandera de cuadros, siendo segundos Patrick Cunha-Carlos Vieira y subiendo al p\u00f3dium en la tercera plaza de la general, Jaume Font y Daniel Diaz. Por categor\u00edas, en la clase PC venc\u00eda Vinyes, mientras en la clase GPX era Smets-Parera. En GPR lo hac\u00edan Lao-Duran, mientras en el Trofeo Juan Fern\u00e1ndez se lo adjudicaba la pareja Lionel Amrouche-Solenn Amrouche.<\/p>\n<p>Por \u00faltimo, las finales A y B para la Copa Saxo 8V donde las luchas y toques en pista estuvieron a la orden del d\u00eda fueron vencidas por Antonio Albacete y Vicente Valles respectivamente. En la final A, acompa\u00f1aron en el p\u00f3dium a Albacete, Iv\u00e1n Riera y Agust\u00edn Arce, mientras en la final B, tras Valles, se clasificaron Mart\u00edn Fajeda y Francisco Jose Amaro.<\/p>\n<p>La pr\u00f3xima cita del Circuito de Jerez-\u00c1ngel Nieto con la competici\u00f3n, ser\u00e1 el Campeonato de Andaluc\u00eda de Automovilismo fijado para los d\u00edas 9 y 10 de diciembre<\/p>\n<p><\/p>\n<p><img loading=\"lazy\" decoding=\"async\" style=\"width: 100%;\" class=\"alignnone size-medium\" src=\"https:\/\/gestorapp.circuitoangelnieto.com\/\/uploads\/noticias\/noticia_destacada_43.jpg\" width=\"600\" height=\"409\" \/><\/p>","protected":false},"excerpt":{"rendered":"<p>*Enric Bordas se alza con el triunfo en la primera carrera del TCR, mientras Alvaro Garcia hace lo propio en<\/p>","protected":false},"author":1,"featured_media":35410,"comment_status":"closed","ping_status":"closed","sticky":false,"template":"","format":"standard","meta":{"footnotes":""},"categories":[2],"tags":[],"class_list":["post-35409","post","type-post","status-publish","format-standard","has-post-thumbnail","hentry","category-noticias"],"yoast_head":"<!-- This site is optimized with the Yoast SEO plugin v22.5 - https:\/\/yoast.com\/wordpress\/plugins\/seo\/ -->\n<title>Cto. de Espa\u00f1a G.T-CER - Circuito de Jerez \u00c1ngel Nieto<\/title>\n<meta name=\"robots\" content=\"index, follow, max-snippet:-1, max-image-preview:large, max-video-preview:-1\" \/>\n<link rel=\"canonical\" href=\"https:\/\/circuitodejerez.com\/en\/2023\/11\/12\/cto-de-espana-g-t-cer\/\" \/>\n<meta property=\"og:locale\" content=\"en_GB\" \/>\n<meta property=\"og:type\" content=\"article\" \/>\n<meta property=\"og:title\" content=\"Cto. de Espa\u00f1a G.T-CER - Circuito de Jerez \u00c1ngel Nieto\" \/>\n<meta property=\"og:description\" content=\"*Enric Bordas se alza con el triunfo en la primera carrera del TCR, mientras Alvaro Garcia hace lo propio en\" \/>\n<meta property=\"og:url\" content=\"https:\/\/circuitodejerez.com\/en\/2023\/11\/12\/cto-de-espana-g-t-cer\/\" \/>\n<meta property=\"og:site_name\" content=\"Circuito de Jerez \u00c1ngel Nieto\" \/>\n<meta property=\"article:publisher\" content=\"https:\/\/www.facebook.com\/circuitodejerezangelnieto\/\" \/>\n<meta property=\"article:published_time\" content=\"2023-11-12T15:49:28+00:00\" \/>\n<meta property=\"article:modified_time\" content=\"2024-01-29T11:04:39+00:00\" \/>\n<meta property=\"og:image\" content=\"https:\/\/circuitodejerez.com\/wp-content\/uploads\/2024\/01\/noticia_43-scaled.jpg\" \/>\n\t<meta property=\"og:image:width\" content=\"2560\" \/>\n\t<meta property=\"og:image:height\" content=\"1706\" \/>\n\t<meta property=\"og:image:type\" content=\"image\/jpeg\" \/>\n<meta name=\"author\" content=\"publyland\" \/>\n<meta name=\"twitter:card\" content=\"summary_large_image\" \/>\n<meta name=\"twitter:creator\" content=\"@circuitodejerez\" \/>\n<meta name=\"twitter:site\" content=\"@circuitodejerez\" \/>\n<meta name=\"twitter:label1\" content=\"Written by\" \/>\n\t<meta name=\"twitter:data1\" content=\"publyland\" \/>\n\t<meta name=\"twitter:label2\" content=\"Estimated reading time\" \/>\n\t<meta name=\"twitter:data2\" content=\"4 minutes\" \/>\n<script type=\"application\/ld+json\" class=\"yoast-schema-graph\">{\"@context\":\"https:\/\/schema.org\",\"@graph\":[{\"@type\":\"Article\",\"@id\":\"https:\/\/circuitodejerez.com\/2023\/11\/12\/cto-de-espana-g-t-cer\/#article\",\"isPartOf\":{\"@id\":\"https:\/\/circuitodejerez.com\/2023\/11\/12\/cto-de-espana-g-t-cer\/\"},\"author\":{\"name\":\"publyland\",\"@id\":\"https:\/\/circuitodejerez.com\/#\/schema\/person\/7426c66afad35f522814eb06fb2e213a\"},\"headline\":\"Cto. de Espa\u00f1a G.T-CER\",\"datePublished\":\"2023-11-12T15:49:28+00:00\",\"dateModified\":\"2024-01-29T11:04:39+00:00\",\"mainEntityOfPage\":{\"@id\":\"https:\/\/circuitodejerez.com\/2023\/11\/12\/cto-de-espana-g-t-cer\/\"},\"wordCount\":874,\"publisher\":{\"@id\":\"https:\/\/circuitodejerez.com\/#organization\"},\"image\":{\"@id\":\"https:\/\/circuitodejerez.com\/2023\/11\/12\/cto-de-espana-g-t-cer\/#primaryimage\"},\"thumbnailUrl\":\"https:\/\/circuitodejerez.com\/wp-content\/uploads\/2024\/01\/noticia_43-scaled.jpg\",\"articleSection\":[\"Noticias\"],\"inLanguage\":\"en-GB\"},{\"@type\":\"WebPage\",\"@id\":\"https:\/\/circuitodejerez.com\/2023\/11\/12\/cto-de-espana-g-t-cer\/\",\"url\":\"https:\/\/circuitodejerez.com\/2023\/11\/12\/cto-de-espana-g-t-cer\/\",\"name\":\"Cto. de Espa\u00f1a G.T-CER - Circuito de Jerez \u00c1ngel Nieto\",\"isPartOf\":{\"@id\":\"https:\/\/circuitodejerez.com\/#website\"},\"primaryImageOfPage\":{\"@id\":\"https:\/\/circuitodejerez.com\/2023\/11\/12\/cto-de-espana-g-t-cer\/#primaryimage\"},\"image\":{\"@id\":\"https:\/\/circuitodejerez.com\/2023\/11\/12\/cto-de-espana-g-t-cer\/#primaryimage\"},\"thumbnailUrl\":\"https:\/\/circuitodejerez.com\/wp-content\/uploads\/2024\/01\/noticia_43-scaled.jpg\",\"datePublished\":\"2023-11-12T15:49:28+00:00\",\"dateModified\":\"2024-01-29T11:04:39+00:00\",\"breadcrumb\":{\"@id\":\"https:\/\/circuitodejerez.com\/2023\/11\/12\/cto-de-espana-g-t-cer\/#breadcrumb\"},\"inLanguage\":\"en-GB\",\"potentialAction\":[{\"@type\":\"ReadAction\",\"target\":[\"https:\/\/circuitodejerez.com\/2023\/11\/12\/cto-de-espana-g-t-cer\/\"]}]},{\"@type\":\"ImageObject\",\"inLanguage\":\"en-GB\",\"@id\":\"https:\/\/circuitodejerez.com\/2023\/11\/12\/cto-de-espana-g-t-cer\/#primaryimage\",\"url\":\"https:\/\/circuitodejerez.com\/wp-content\/uploads\/2024\/01\/noticia_43-scaled.jpg\",\"contentUrl\":\"https:\/\/circuitodejerez.com\/wp-content\/uploads\/2024\/01\/noticia_43-scaled.jpg\",\"width\":2560,\"height\":1706},{\"@type\":\"BreadcrumbList\",\"@id\":\"https:\/\/circuitodejerez.com\/2023\/11\/12\/cto-de-espana-g-t-cer\/#breadcrumb\",\"itemListElement\":[{\"@type\":\"ListItem\",\"position\":1,\"name\":\"Portada\",\"item\":\"https:\/\/circuitodejerez.com\/\"},{\"@type\":\"ListItem\",\"position\":2,\"name\":\"Cto. de Espa\u00f1a G.T-CER\"}]},{\"@type\":\"WebSite\",\"@id\":\"https:\/\/circuitodejerez.com\/#website\",\"url\":\"https:\/\/circuitodejerez.com\/\",\"name\":\"Circuito de Jerez \u00c1ngel Nieto\",\"description\":\"Circuito de Jerez \u00c1ngel Nieto\",\"publisher\":{\"@id\":\"https:\/\/circuitodejerez.com\/#organization\"},\"potentialAction\":[{\"@type\":\"SearchAction\",\"target\":{\"@type\":\"EntryPoint\",\"urlTemplate\":\"https:\/\/circuitodejerez.com\/?s={search_term_string}\"},\"query-input\":\"required name=search_term_string\"}],\"inLanguage\":\"en-GB\"},{\"@type\":\"Organization\",\"@id\":\"https:\/\/circuitodejerez.com\/#organization\",\"name\":\"Circuito de Jerez \u00c1ngel Nieto\",\"url\":\"https:\/\/circuitodejerez.com\/\",\"logo\":{\"@type\":\"ImageObject\",\"inLanguage\":\"en-GB\",\"@id\":\"https:\/\/circuitodejerez.com\/#\/schema\/logo\/image\/\",\"url\":\"https:\/\/circuitodejerez.com\/wp-content\/uploads\/2023\/06\/logo-circuito-jerez.png\",\"contentUrl\":\"https:\/\/circuitodejerez.com\/wp-content\/uploads\/2023\/06\/logo-circuito-jerez.png\",\"width\":556,\"height\":142,\"caption\":\"Circuito de Jerez \u00c1ngel Nieto\"},\"image\":{\"@id\":\"https:\/\/circuitodejerez.com\/#\/schema\/logo\/image\/\"},\"sameAs\":[\"https:\/\/www.facebook.com\/circuitodejerezangelnieto\/\",\"https:\/\/x.com\/circuitodejerez\",\"https:\/\/www.instagram.com\/circuito_de_jerez\/?hl=es\",\"https:\/\/www.youtube.com\/user\/cirjesa\"]},{\"@type\":\"Person\",\"@id\":\"https:\/\/circuitodejerez.com\/#\/schema\/person\/7426c66afad35f522814eb06fb2e213a\",\"name\":\"publyland\",\"sameAs\":[\"https:\/\/circuitoangelnieto.com\"],\"url\":\"https:\/\/circuitodejerez.com\/en\/author\/publyland\/\"}]}<\/script>\n<!-- \/ Yoast SEO plugin. -->","yoast_head_json":{"title":"Cto. de Espa\u00f1a G.T-CER - Circuito de Jerez \u00c1ngel Nieto","robots":{"index":"index","follow":"follow","max-snippet":"max-snippet:-1","max-image-preview":"max-image-preview:large","max-video-preview":"max-video-preview:-1"},"canonical":"https:\/\/circuitodejerez.com\/en\/2023\/11\/12\/cto-de-espana-g-t-cer\/","og_locale":"en_GB","og_type":"article","og_title":"Cto. de Espa\u00f1a G.T-CER - Circuito de Jerez \u00c1ngel Nieto","og_description":"*Enric Bordas se alza con el triunfo en la primera carrera del TCR, mientras Alvaro Garcia hace lo propio en","og_url":"https:\/\/circuitodejerez.com\/en\/2023\/11\/12\/cto-de-espana-g-t-cer\/","og_site_name":"Circuito de Jerez \u00c1ngel Nieto","article_publisher":"https:\/\/www.facebook.com\/circuitodejerezangelnieto\/","article_published_time":"2023-11-12T15:49:28+00:00","article_modified_time":"2024-01-29T11:04:39+00:00","og_image":[{"width":2560,"height":1706,"url":"https:\/\/circuitodejerez.com\/wp-content\/uploads\/2024\/01\/noticia_43-scaled.jpg","type":"image\/jpeg"}],"author":"publyland","twitter_card":"summary_large_image","twitter_creator":"@circuitodejerez","twitter_site":"@circuitodejerez","twitter_misc":{"Written by":"publyland","Estimated reading time":"4 minutes"},"schema":{"@context":"https:\/\/schema.org","@graph":[{"@type":"Article","@id":"https:\/\/circuitodejerez.com\/2023\/11\/12\/cto-de-espana-g-t-cer\/#article","isPartOf":{"@id":"https:\/\/circuitodejerez.com\/2023\/11\/12\/cto-de-espana-g-t-cer\/"},"author":{"name":"publyland","@id":"https:\/\/circuitodejerez.com\/#\/schema\/person\/7426c66afad35f522814eb06fb2e213a"},"headline":"Cto. de Espa\u00f1a G.T-CER","datePublished":"2023-11-12T15:49:28+00:00","dateModified":"2024-01-29T11:04:39+00:00","mainEntityOfPage":{"@id":"https:\/\/circuitodejerez.com\/2023\/11\/12\/cto-de-espana-g-t-cer\/"},"wordCount":874,"publisher":{"@id":"https:\/\/circuitodejerez.com\/#organization"},"image":{"@id":"https:\/\/circuitodejerez.com\/2023\/11\/12\/cto-de-espana-g-t-cer\/#primaryimage"},"thumbnailUrl":"https:\/\/circuitodejerez.com\/wp-content\/uploads\/2024\/01\/noticia_43-scaled.jpg","articleSection":["Noticias"],"inLanguage":"en-GB"},{"@type":"WebPage","@id":"https:\/\/circuitodejerez.com\/2023\/11\/12\/cto-de-espana-g-t-cer\/","url":"https:\/\/circuitodejerez.com\/2023\/11\/12\/cto-de-espana-g-t-cer\/","name":"Cto. de Espa\u00f1a G.T-CER - Circuito de Jerez \u00c1ngel Nieto","isPartOf":{"@id":"https:\/\/circuitodejerez.com\/#website"},"primaryImageOfPage":{"@id":"https:\/\/circuitodejerez.com\/2023\/11\/12\/cto-de-espana-g-t-cer\/#primaryimage"},"image":{"@id":"https:\/\/circuitodejerez.com\/2023\/11\/12\/cto-de-espana-g-t-cer\/#primaryimage"},"thumbnailUrl":"https:\/\/circuitodejerez.com\/wp-content\/uploads\/2024\/01\/noticia_43-scaled.jpg","datePublished":"2023-11-12T15:49:28+00:00","dateModified":"2024-01-29T11:04:39+00:00","breadcrumb":{"@id":"https:\/\/circuitodejerez.com\/2023\/11\/12\/cto-de-espana-g-t-cer\/#breadcrumb"},"inLanguage":"en-GB","potentialAction":[{"@type":"ReadAction","target":["https:\/\/circuitodejerez.com\/2023\/11\/12\/cto-de-espana-g-t-cer\/"]}]},{"@type":"ImageObject","inLanguage":"en-GB","@id":"https:\/\/circuitodejerez.com\/2023\/11\/12\/cto-de-espana-g-t-cer\/#primaryimage","url":"https:\/\/circuitodejerez.com\/wp-content\/uploads\/2024\/01\/noticia_43-scaled.jpg","contentUrl":"https:\/\/circuitodejerez.com\/wp-content\/uploads\/2024\/01\/noticia_43-scaled.jpg","width":2560,"height":1706},{"@type":"BreadcrumbList","@id":"https:\/\/circuitodejerez.com\/2023\/11\/12\/cto-de-espana-g-t-cer\/#breadcrumb","itemListElement":[{"@type":"ListItem","position":1,"name":"Portada","item":"https:\/\/circuitodejerez.com\/"},{"@type":"ListItem","position":2,"name":"Cto. de Espa\u00f1a G.T-CER"}]},{"@type":"WebSite","@id":"https:\/\/circuitodejerez.com\/#website","url":"https:\/\/circuitodejerez.com\/","name":"Circuito de Jerez \u00c1ngel Nieto","description":"Circuito de Jerez \u00c1ngel Nieto","publisher":{"@id":"https:\/\/circuitodejerez.com\/#organization"},"potentialAction":[{"@type":"SearchAction","target":{"@type":"EntryPoint","urlTemplate":"https:\/\/circuitodejerez.com\/?s={search_term_string}"},"query-input":"required name=search_term_string"}],"inLanguage":"en-GB"},{"@type":"Organization","@id":"https:\/\/circuitodejerez.com\/#organization","name":"Circuito de Jerez \u00c1ngel Nieto","url":"https:\/\/circuitodejerez.com\/","logo":{"@type":"ImageObject","inLanguage":"en-GB","@id":"https:\/\/circuitodejerez.com\/#\/schema\/logo\/image\/","url":"https:\/\/circuitodejerez.com\/wp-content\/uploads\/2023\/06\/logo-circuito-jerez.png","contentUrl":"https:\/\/circuitodejerez.com\/wp-content\/uploads\/2023\/06\/logo-circuito-jerez.png","width":556,"height":142,"caption":"Circuito de Jerez \u00c1ngel Nieto"},"image":{"@id":"https:\/\/circuitodejerez.com\/#\/schema\/logo\/image\/"},"sameAs":["https:\/\/www.facebook.com\/circuitodejerezangelnieto\/","https:\/\/x.com\/circuitodejerez","https:\/\/www.instagram.com\/circuito_de_jerez\/?hl=es","https:\/\/www.youtube.com\/user\/cirjesa"]},{"@type":"Person","@id":"https:\/\/circuitodejerez.com\/#\/schema\/person\/7426c66afad35f522814eb06fb2e213a","name":"publyland","sameAs":["https:\/\/circuitoangelnieto.com"],"url":"https:\/\/circuitodejerez.com\/en\/author\/publyland\/"}]}},"_links":{"self":[{"href":"https:\/\/circuitodejerez.com\/en\/wp-json\/wp\/v2\/posts\/35409","targetHints":{"allow":["GET"]}}],"collection":[{"href":"https:\/\/circuitodejerez.com\/en\/wp-json\/wp\/v2\/posts"}],"about":[{"href":"https:\/\/circuitodejerez.com\/en\/wp-json\/wp\/v2\/types\/post"}],"author":[{"embeddable":true,"href":"https:\/\/circuitodejerez.com\/en\/wp-json\/wp\/v2\/users\/1"}],"replies":[{"embeddable":true,"href":"https:\/\/circuitodejerez.com\/en\/wp-json\/wp\/v2\/comments?post=35409"}],"version-history":[{"count":1,"href":"https:\/\/circuitodejerez.com\/en\/wp-json\/wp\/v2\/posts\/35409\/revisions"}],"predecessor-version":[{"id":35411,"href":"https:\/\/circuitodejerez.com\/en\/wp-json\/wp\/v2\/posts\/35409\/revisions\/35411"}],"wp:featuredmedia":[{"embeddable":true,"href":"https:\/\/circuitodejerez.com\/en\/wp-json\/wp\/v2\/media\/35410"}],"wp:attachment":[{"href":"https:\/\/circuitodejerez.com\/en\/wp-json\/wp\/v2\/media?parent=35409"}],"wp:term":[{"taxonomy":"category","embeddable":true,"href":"https:\/\/circuitodejerez.com\/en\/wp-json\/wp\/v2\/categories?post=35409"},{"taxonomy":"post_tag","embeddable":true,"href":"https:\/\/circuitodejerez.com\/en\/wp-json\/wp\/v2\/tags?post=35409"}],"curies":[{"name":"wp","href":"https:\/\/api.w.org\/{rel}","templated":true}]}}