{"id":35462,"date":"2023-10-15T17:39:29","date_gmt":"2023-10-15T15:39:29","guid":{"rendered":"https:\/\/circuitoangelnieto.com\/2024\/01\/22\/esbk-cto-de-espana-de-superbike-resumen-domingo\/"},"modified":"2024-01-29T12:55:01","modified_gmt":"2024-01-29T11:55:01","slug":"esbk-cto-de-espana-de-superbike-resumen-domingo","status":"publish","type":"post","link":"https:\/\/circuitodejerez.com\/en\/2023\/10\/15\/esbk-cto-de-espana-de-superbike-resumen-domingo\/","title":{"rendered":"ESBK-Cto de Espa\u00f1a de Superbike-Resumen domingo"},"content":{"rendered":"<p><img loading=\"lazy\" decoding=\"async\" class=\"alignnone size-medium\" style=\"display: none;\" src=\"https:\/\/gestorapp.circuitoangelnieto.com\/\/uploads\/noticias\/noticia_63.jpg\" width=\"600\" height=\"409\" \/><\/p>\n<p>Ivo Lopes, ya coronado campe\u00f3n, logra hoy una nueva victoria en la clase de Superbike.<\/p>\n<p>*Gonzalo S\u00e1nchez se proclama campe\u00f3n de Espa\u00f1a de Supersport 300 en una carrera ganada por el portugu\u00e9s Tom\u00e1s Alonso<\/p>\n<p>*La carrera de Supersport fue finalmente cancelada por doble bandera roja en la primera vuelta<\/p>\n<p>*Alex Longarela se adjudica la victoria en Pre Moto3<\/p>\n<p>*Victoria para Iker Rodriguez en Moto4<\/p>\n<p><strong>15 de octubre de 2023. <\/strong>El trazado jerezano pon\u00eda punto final hoy en esta jornada dominical a la sexta prueba puntuable para el Campeonato de Espa\u00f1a de Superbike tras la disputa de las segundas mangas de carreras para las categor\u00edas de Moto4, PreMoto3, Supersport NG, Superbike y Supersport300. En esta \u00faltima y, al igual que ocurriera ayer en la categor\u00eda de Superbike, coronaba a su nuevo campe\u00f3n de Espa\u00f1a en la figura del piloto Gonzalo S\u00e1nchez.<\/p>\n<p>Una jornada la de hoy, que arrancaba con una espesa niebla que no disipaba, y que oblig\u00f3 a Direcci\u00f3n de Carrera a suspender los warm up para las clases m\u00e1s peque\u00f1as, es decir, Moto4 y Pre Moto3, desarroll\u00e1ndose sin contratiempos, una vez que las condiciones mejoraron, los de las categor\u00edas de SS300, Supersport y Superbike.<\/p>\n<p>La matinal arrancaba con la categor\u00eda m\u00e1s peque\u00f1a de este ESBK, Moto4, que volvi\u00f3 a ofrecer una carrera espectacular y animada con ni m\u00e1s ni menos que m\u00e1s de 18 pilotos en el grupo de cabeza, una aut\u00e9ntica locura que propici\u00f3 cambios constantes de posiciones para llegar a los giros finales con la tensi\u00f3n en cada curva siendo Iker Rodriguez quien se adjudicase la victoria, seguido del malague\u00f1o Andr\u00e9s Garcia y Alberto Enr\u00edquez, subiendo al tercer pelda\u00f1o del p\u00f3dium. En Pre Moto3, un grupo amplio de pilotos se destacaban del resto emergiendo Alex Longarela que desde entonces se limit\u00f3 a controlar la ventaja que hab\u00eda conseguido endosar a sus perseguidores, logrando la victoria en Jerez dejando que el grupo formado por cinco pilotos se peleasen por las restantes plazas del p\u00f3dium que fueron para Hakim Danish y Carlos Cano, si bien, este \u00faltimo fue descalificado en \u00faltima instancia tomando su plaza Michael L. S\u00e1nchez.<\/p>\n<p>Las categor\u00edas peque\u00f1as, daban paso al plato fuerte de este ESBK con las clases de Supersport, Superbike y Supersport 300. En Supersport, tras dos banderas rojas por ca\u00eddas en la primera vuelta, precisamente con los protagonistas en la lucha por el t\u00edtulo inmersos en la primera de ellas (Andy Verdoia-Eric Fern\u00e1ndez), la carrera fue finalmente cancelada por Direcci\u00f3n de Carrera seg\u00fan el art\u00edculo 1.26.6 de las Reglas Deportivas de la competici\u00f3n ESBK que indica que, si la carrera 2 es interrumpida en menos de 3 vueltas completadas, la prueba, a criterio de la Direcci\u00f3n de Carrera, podr\u00e1 ser cancelada, no otorg\u00e1ndose puntos. De esta forma, la resoluci\u00f3n del Campeonato se despejar\u00e1 en Barcelona, sede la \u00faltima prueba de la temporada.<\/p>\n<p>Ivo Lopes, que ayer se proclamaba nuevo campe\u00f3n de Espa\u00f1a de Superbike, se marchaba de Jerez logrando una nueva victoria, la s\u00e9ptima de la temporada. Una victoria trabajada desde los inicios en los que tuvo que lidiar con pilotos de la talla de Esteve Rabat, Unai Orradre, Rom\u00e1n Ramos y Oscar Guti\u00e9rrez, para ir poco a poco encontrando su ritmo que le har\u00eda tomar unos metros de ventaja a medida que avanzaba la carrera para entrar victorioso por l\u00ednea de meta, dejando por detr\u00e1s, al ya ex campe\u00f3n 2022, Tito Rabat en segunda posici\u00f3n, logrando a su vez, contener a un Unai Orradre, muy r\u00e1pido durante toda la carrera que lleg\u00f3 a contactar con Rabat al que intent\u00f3 sobrepasar sin \u00e9xito en la \u00faltima curva para finalmente subir al tercer pelda\u00f1o del p\u00f3dium y primero de la categor\u00eda de Superstock. Rom\u00e1n Ramos, fue cuarto con Uramoto en la quinta plaza. Oscar Guti\u00e9rrez que hab\u00eda estado luchando en el grupo de cabeza sufri\u00f3 una ca\u00edda en los giros finales en la curva Dani Pedrosa.<\/p>\n<p>Cerraba la jornada, la categor\u00eda de Supersport 300 donde el turolense Gonzalo S\u00e1nchez se proclamaba nuevo campe\u00f3n nacional de Supersport 300. La carrera fue dura, con pr\u00e1cticamente diez pilotos luchando a brazo partido durante las 12 vueltas de las que const\u00f3 la prueba en la que hubo constantes cambios de posiciones. Entre las incidencias, las ca\u00eddas de Calatayud, aspirante al t\u00edtulo, y Bola\u00f1os por lo que el campeonato se le pon\u00eda un poco m\u00e1s f\u00e1cil a Gonzalo S\u00e1nchez que, conservador, trat\u00f3 de no perder comba durante las \u00faltimas vueltas, dejando que, el resto del grupo se pelease por la victoria en una vuelta final de infarto en la que Julio Garcia, ganador ayer, lograba enfilar la l\u00ednea de meta primero y pegado a su estela Tom\u00e1s Alonso, entrando ambos de esta guisa bajo la bandera de a cuadros. Una victoria in extremis de foto finish. Una sola mil\u00e9sima separaba a ambos a favor del andaluz, si bien, era sancionado con una posici\u00f3n por adelantar con bandera amarilla y, por tanto, la victoria se la adjudicaba el portugu\u00e9s Tom\u00e1s Alonso con Blai Trias segundo y Julio Garcia en tercer lugar. \u00a0Gonzalo S\u00e1nchez, que entraba s\u00e9ptimo, lograba su objetivo de proclamarse campe\u00f3n en Jerez sin necesidad de acudir a Barcelona.<\/p>\n<p><strong>Pr\u00f3ximas citas de octubre<\/strong><\/p>\n<p>*21\/22 Jerez Historic Festival<\/p>\n<p>*27-29 Campeonato del Mundo de Superbike<\/p>\n<p><img loading=\"lazy\" decoding=\"async\" class=\"alignnone size-medium\" style=\"width: 100%;\" src=\"https:\/\/gestorapp.circuitoangelnieto.com\/\/uploads\/noticias\/noticia_destacada_63.jpg\" width=\"600\" height=\"409\" \/><\/p>","protected":false},"excerpt":{"rendered":"<p>Ivo Lopes, ya coronado campe\u00f3n, logra hoy una nueva victoria en la clase de Superbike. *Gonzalo S\u00e1nchez se proclama campe\u00f3n<\/p>","protected":false},"author":1,"featured_media":35463,"comment_status":"closed","ping_status":"closed","sticky":false,"template":"","format":"standard","meta":{"footnotes":""},"categories":[2],"tags":[],"class_list":["post-35462","post","type-post","status-publish","format-standard","has-post-thumbnail","hentry","category-noticias"],"yoast_head":"<!-- This site is optimized with the Yoast SEO plugin v22.5 - https:\/\/yoast.com\/wordpress\/plugins\/seo\/ -->\n<title>ESBK-Cto de Espa\u00f1a de Superbike-Resumen domingo - Circuito de Jerez \u00c1ngel Nieto<\/title>\n<meta name=\"robots\" content=\"index, follow, max-snippet:-1, max-image-preview:large, max-video-preview:-1\" \/>\n<link rel=\"canonical\" href=\"https:\/\/circuitodejerez.com\/en\/2023\/10\/15\/esbk-cto-de-espana-de-superbike-resumen-domingo\/\" \/>\n<meta property=\"og:locale\" content=\"en_GB\" \/>\n<meta property=\"og:type\" content=\"article\" \/>\n<meta property=\"og:title\" content=\"ESBK-Cto de Espa\u00f1a de Superbike-Resumen domingo - Circuito de Jerez \u00c1ngel Nieto\" \/>\n<meta property=\"og:description\" content=\"Ivo Lopes, ya coronado campe\u00f3n, logra hoy una nueva victoria en la clase de Superbike. *Gonzalo S\u00e1nchez se proclama campe\u00f3n\" \/>\n<meta property=\"og:url\" content=\"https:\/\/circuitodejerez.com\/en\/2023\/10\/15\/esbk-cto-de-espana-de-superbike-resumen-domingo\/\" \/>\n<meta property=\"og:site_name\" content=\"Circuito de Jerez \u00c1ngel Nieto\" \/>\n<meta property=\"article:publisher\" content=\"https:\/\/www.facebook.com\/circuitodejerezangelnieto\/\" \/>\n<meta property=\"article:published_time\" content=\"2023-10-15T15:39:29+00:00\" \/>\n<meta property=\"article:modified_time\" content=\"2024-01-29T11:55:01+00:00\" \/>\n<meta property=\"og:image\" content=\"https:\/\/circuitodejerez.com\/wp-content\/uploads\/2024\/01\/noticia_63-scaled.jpg\" \/>\n\t<meta property=\"og:image:width\" content=\"2560\" \/>\n\t<meta property=\"og:image:height\" content=\"1707\" \/>\n\t<meta property=\"og:image:type\" content=\"image\/jpeg\" \/>\n<meta name=\"author\" content=\"publyland\" \/>\n<meta name=\"twitter:card\" content=\"summary_large_image\" \/>\n<meta name=\"twitter:creator\" content=\"@circuitodejerez\" \/>\n<meta name=\"twitter:site\" content=\"@circuitodejerez\" \/>\n<meta name=\"twitter:label1\" content=\"Written by\" \/>\n\t<meta name=\"twitter:data1\" content=\"publyland\" \/>\n\t<meta name=\"twitter:label2\" content=\"Estimated reading time\" \/>\n\t<meta name=\"twitter:data2\" content=\"5 minutes\" \/>\n<script type=\"application\/ld+json\" class=\"yoast-schema-graph\">{\"@context\":\"https:\/\/schema.org\",\"@graph\":[{\"@type\":\"Article\",\"@id\":\"https:\/\/circuitodejerez.com\/2023\/10\/15\/esbk-cto-de-espana-de-superbike-resumen-domingo\/#article\",\"isPartOf\":{\"@id\":\"https:\/\/circuitodejerez.com\/2023\/10\/15\/esbk-cto-de-espana-de-superbike-resumen-domingo\/\"},\"author\":{\"name\":\"publyland\",\"@id\":\"https:\/\/circuitodejerez.com\/#\/schema\/person\/7426c66afad35f522814eb06fb2e213a\"},\"headline\":\"ESBK-Cto de Espa\u00f1a de Superbike-Resumen domingo\",\"datePublished\":\"2023-10-15T15:39:29+00:00\",\"dateModified\":\"2024-01-29T11:55:01+00:00\",\"mainEntityOfPage\":{\"@id\":\"https:\/\/circuitodejerez.com\/2023\/10\/15\/esbk-cto-de-espana-de-superbike-resumen-domingo\/\"},\"wordCount\":942,\"publisher\":{\"@id\":\"https:\/\/circuitodejerez.com\/#organization\"},\"image\":{\"@id\":\"https:\/\/circuitodejerez.com\/2023\/10\/15\/esbk-cto-de-espana-de-superbike-resumen-domingo\/#primaryimage\"},\"thumbnailUrl\":\"https:\/\/circuitodejerez.com\/wp-content\/uploads\/2024\/01\/noticia_63-scaled.jpg\",\"articleSection\":[\"Noticias\"],\"inLanguage\":\"en-GB\"},{\"@type\":\"WebPage\",\"@id\":\"https:\/\/circuitodejerez.com\/2023\/10\/15\/esbk-cto-de-espana-de-superbike-resumen-domingo\/\",\"url\":\"https:\/\/circuitodejerez.com\/2023\/10\/15\/esbk-cto-de-espana-de-superbike-resumen-domingo\/\",\"name\":\"ESBK-Cto de Espa\u00f1a de Superbike-Resumen domingo - Circuito de Jerez \u00c1ngel Nieto\",\"isPartOf\":{\"@id\":\"https:\/\/circuitodejerez.com\/#website\"},\"primaryImageOfPage\":{\"@id\":\"https:\/\/circuitodejerez.com\/2023\/10\/15\/esbk-cto-de-espana-de-superbike-resumen-domingo\/#primaryimage\"},\"image\":{\"@id\":\"https:\/\/circuitodejerez.com\/2023\/10\/15\/esbk-cto-de-espana-de-superbike-resumen-domingo\/#primaryimage\"},\"thumbnailUrl\":\"https:\/\/circuitodejerez.com\/wp-content\/uploads\/2024\/01\/noticia_63-scaled.jpg\",\"datePublished\":\"2023-10-15T15:39:29+00:00\",\"dateModified\":\"2024-01-29T11:55:01+00:00\",\"breadcrumb\":{\"@id\":\"https:\/\/circuitodejerez.com\/2023\/10\/15\/esbk-cto-de-espana-de-superbike-resumen-domingo\/#breadcrumb\"},\"inLanguage\":\"en-GB\",\"potentialAction\":[{\"@type\":\"ReadAction\",\"target\":[\"https:\/\/circuitodejerez.com\/2023\/10\/15\/esbk-cto-de-espana-de-superbike-resumen-domingo\/\"]}]},{\"@type\":\"ImageObject\",\"inLanguage\":\"en-GB\",\"@id\":\"https:\/\/circuitodejerez.com\/2023\/10\/15\/esbk-cto-de-espana-de-superbike-resumen-domingo\/#primaryimage\",\"url\":\"https:\/\/circuitodejerez.com\/wp-content\/uploads\/2024\/01\/noticia_63-scaled.jpg\",\"contentUrl\":\"https:\/\/circuitodejerez.com\/wp-content\/uploads\/2024\/01\/noticia_63-scaled.jpg\",\"width\":2560,\"height\":1707},{\"@type\":\"BreadcrumbList\",\"@id\":\"https:\/\/circuitodejerez.com\/2023\/10\/15\/esbk-cto-de-espana-de-superbike-resumen-domingo\/#breadcrumb\",\"itemListElement\":[{\"@type\":\"ListItem\",\"position\":1,\"name\":\"Portada\",\"item\":\"https:\/\/circuitodejerez.com\/\"},{\"@type\":\"ListItem\",\"position\":2,\"name\":\"ESBK-Cto de Espa\u00f1a de Superbike-Resumen domingo\"}]},{\"@type\":\"WebSite\",\"@id\":\"https:\/\/circuitodejerez.com\/#website\",\"url\":\"https:\/\/circuitodejerez.com\/\",\"name\":\"Circuito de Jerez \u00c1ngel Nieto\",\"description\":\"Circuito de Jerez \u00c1ngel Nieto\",\"publisher\":{\"@id\":\"https:\/\/circuitodejerez.com\/#organization\"},\"potentialAction\":[{\"@type\":\"SearchAction\",\"target\":{\"@type\":\"EntryPoint\",\"urlTemplate\":\"https:\/\/circuitodejerez.com\/?s={search_term_string}\"},\"query-input\":\"required name=search_term_string\"}],\"inLanguage\":\"en-GB\"},{\"@type\":\"Organization\",\"@id\":\"https:\/\/circuitodejerez.com\/#organization\",\"name\":\"Circuito de Jerez \u00c1ngel Nieto\",\"url\":\"https:\/\/circuitodejerez.com\/\",\"logo\":{\"@type\":\"ImageObject\",\"inLanguage\":\"en-GB\",\"@id\":\"https:\/\/circuitodejerez.com\/#\/schema\/logo\/image\/\",\"url\":\"https:\/\/circuitodejerez.com\/wp-content\/uploads\/2023\/06\/logo-circuito-jerez.png\",\"contentUrl\":\"https:\/\/circuitodejerez.com\/wp-content\/uploads\/2023\/06\/logo-circuito-jerez.png\",\"width\":556,\"height\":142,\"caption\":\"Circuito de Jerez \u00c1ngel Nieto\"},\"image\":{\"@id\":\"https:\/\/circuitodejerez.com\/#\/schema\/logo\/image\/\"},\"sameAs\":[\"https:\/\/www.facebook.com\/circuitodejerezangelnieto\/\",\"https:\/\/x.com\/circuitodejerez\",\"https:\/\/www.instagram.com\/circuito_de_jerez\/?hl=es\",\"https:\/\/www.youtube.com\/user\/cirjesa\"]},{\"@type\":\"Person\",\"@id\":\"https:\/\/circuitodejerez.com\/#\/schema\/person\/7426c66afad35f522814eb06fb2e213a\",\"name\":\"publyland\",\"sameAs\":[\"https:\/\/circuitoangelnieto.com\"],\"url\":\"https:\/\/circuitodejerez.com\/en\/author\/publyland\/\"}]}<\/script>\n<!-- \/ Yoast SEO plugin. -->","yoast_head_json":{"title":"ESBK-Cto de Espa\u00f1a de Superbike-Resumen domingo - Circuito de Jerez \u00c1ngel Nieto","robots":{"index":"index","follow":"follow","max-snippet":"max-snippet:-1","max-image-preview":"max-image-preview:large","max-video-preview":"max-video-preview:-1"},"canonical":"https:\/\/circuitodejerez.com\/en\/2023\/10\/15\/esbk-cto-de-espana-de-superbike-resumen-domingo\/","og_locale":"en_GB","og_type":"article","og_title":"ESBK-Cto de Espa\u00f1a de Superbike-Resumen domingo - Circuito de Jerez \u00c1ngel Nieto","og_description":"Ivo Lopes, ya coronado campe\u00f3n, logra hoy una nueva victoria en la clase de Superbike. *Gonzalo S\u00e1nchez se proclama campe\u00f3n","og_url":"https:\/\/circuitodejerez.com\/en\/2023\/10\/15\/esbk-cto-de-espana-de-superbike-resumen-domingo\/","og_site_name":"Circuito de Jerez \u00c1ngel Nieto","article_publisher":"https:\/\/www.facebook.com\/circuitodejerezangelnieto\/","article_published_time":"2023-10-15T15:39:29+00:00","article_modified_time":"2024-01-29T11:55:01+00:00","og_image":[{"width":2560,"height":1707,"url":"https:\/\/circuitodejerez.com\/wp-content\/uploads\/2024\/01\/noticia_63-scaled.jpg","type":"image\/jpeg"}],"author":"publyland","twitter_card":"summary_large_image","twitter_creator":"@circuitodejerez","twitter_site":"@circuitodejerez","twitter_misc":{"Written by":"publyland","Estimated reading time":"5 minutes"},"schema":{"@context":"https:\/\/schema.org","@graph":[{"@type":"Article","@id":"https:\/\/circuitodejerez.com\/2023\/10\/15\/esbk-cto-de-espana-de-superbike-resumen-domingo\/#article","isPartOf":{"@id":"https:\/\/circuitodejerez.com\/2023\/10\/15\/esbk-cto-de-espana-de-superbike-resumen-domingo\/"},"author":{"name":"publyland","@id":"https:\/\/circuitodejerez.com\/#\/schema\/person\/7426c66afad35f522814eb06fb2e213a"},"headline":"ESBK-Cto de Espa\u00f1a de Superbike-Resumen domingo","datePublished":"2023-10-15T15:39:29+00:00","dateModified":"2024-01-29T11:55:01+00:00","mainEntityOfPage":{"@id":"https:\/\/circuitodejerez.com\/2023\/10\/15\/esbk-cto-de-espana-de-superbike-resumen-domingo\/"},"wordCount":942,"publisher":{"@id":"https:\/\/circuitodejerez.com\/#organization"},"image":{"@id":"https:\/\/circuitodejerez.com\/2023\/10\/15\/esbk-cto-de-espana-de-superbike-resumen-domingo\/#primaryimage"},"thumbnailUrl":"https:\/\/circuitodejerez.com\/wp-content\/uploads\/2024\/01\/noticia_63-scaled.jpg","articleSection":["Noticias"],"inLanguage":"en-GB"},{"@type":"WebPage","@id":"https:\/\/circuitodejerez.com\/2023\/10\/15\/esbk-cto-de-espana-de-superbike-resumen-domingo\/","url":"https:\/\/circuitodejerez.com\/2023\/10\/15\/esbk-cto-de-espana-de-superbike-resumen-domingo\/","name":"ESBK-Cto de Espa\u00f1a de Superbike-Resumen domingo - Circuito de Jerez \u00c1ngel Nieto","isPartOf":{"@id":"https:\/\/circuitodejerez.com\/#website"},"primaryImageOfPage":{"@id":"https:\/\/circuitodejerez.com\/2023\/10\/15\/esbk-cto-de-espana-de-superbike-resumen-domingo\/#primaryimage"},"image":{"@id":"https:\/\/circuitodejerez.com\/2023\/10\/15\/esbk-cto-de-espana-de-superbike-resumen-domingo\/#primaryimage"},"thumbnailUrl":"https:\/\/circuitodejerez.com\/wp-content\/uploads\/2024\/01\/noticia_63-scaled.jpg","datePublished":"2023-10-15T15:39:29+00:00","dateModified":"2024-01-29T11:55:01+00:00","breadcrumb":{"@id":"https:\/\/circuitodejerez.com\/2023\/10\/15\/esbk-cto-de-espana-de-superbike-resumen-domingo\/#breadcrumb"},"inLanguage":"en-GB","potentialAction":[{"@type":"ReadAction","target":["https:\/\/circuitodejerez.com\/2023\/10\/15\/esbk-cto-de-espana-de-superbike-resumen-domingo\/"]}]},{"@type":"ImageObject","inLanguage":"en-GB","@id":"https:\/\/circuitodejerez.com\/2023\/10\/15\/esbk-cto-de-espana-de-superbike-resumen-domingo\/#primaryimage","url":"https:\/\/circuitodejerez.com\/wp-content\/uploads\/2024\/01\/noticia_63-scaled.jpg","contentUrl":"https:\/\/circuitodejerez.com\/wp-content\/uploads\/2024\/01\/noticia_63-scaled.jpg","width":2560,"height":1707},{"@type":"BreadcrumbList","@id":"https:\/\/circuitodejerez.com\/2023\/10\/15\/esbk-cto-de-espana-de-superbike-resumen-domingo\/#breadcrumb","itemListElement":[{"@type":"ListItem","position":1,"name":"Portada","item":"https:\/\/circuitodejerez.com\/"},{"@type":"ListItem","position":2,"name":"ESBK-Cto de Espa\u00f1a de Superbike-Resumen domingo"}]},{"@type":"WebSite","@id":"https:\/\/circuitodejerez.com\/#website","url":"https:\/\/circuitodejerez.com\/","name":"Circuito de Jerez \u00c1ngel Nieto","description":"Circuito de Jerez \u00c1ngel Nieto","publisher":{"@id":"https:\/\/circuitodejerez.com\/#organization"},"potentialAction":[{"@type":"SearchAction","target":{"@type":"EntryPoint","urlTemplate":"https:\/\/circuitodejerez.com\/?s={search_term_string}"},"query-input":"required name=search_term_string"}],"inLanguage":"en-GB"},{"@type":"Organization","@id":"https:\/\/circuitodejerez.com\/#organization","name":"Circuito de Jerez \u00c1ngel Nieto","url":"https:\/\/circuitodejerez.com\/","logo":{"@type":"ImageObject","inLanguage":"en-GB","@id":"https:\/\/circuitodejerez.com\/#\/schema\/logo\/image\/","url":"https:\/\/circuitodejerez.com\/wp-content\/uploads\/2023\/06\/logo-circuito-jerez.png","contentUrl":"https:\/\/circuitodejerez.com\/wp-content\/uploads\/2023\/06\/logo-circuito-jerez.png","width":556,"height":142,"caption":"Circuito de Jerez \u00c1ngel Nieto"},"image":{"@id":"https:\/\/circuitodejerez.com\/#\/schema\/logo\/image\/"},"sameAs":["https:\/\/www.facebook.com\/circuitodejerezangelnieto\/","https:\/\/x.com\/circuitodejerez","https:\/\/www.instagram.com\/circuito_de_jerez\/?hl=es","https:\/\/www.youtube.com\/user\/cirjesa"]},{"@type":"Person","@id":"https:\/\/circuitodejerez.com\/#\/schema\/person\/7426c66afad35f522814eb06fb2e213a","name":"publyland","sameAs":["https:\/\/circuitoangelnieto.com"],"url":"https:\/\/circuitodejerez.com\/en\/author\/publyland\/"}]}},"_links":{"self":[{"href":"https:\/\/circuitodejerez.com\/en\/wp-json\/wp\/v2\/posts\/35462","targetHints":{"allow":["GET"]}}],"collection":[{"href":"https:\/\/circuitodejerez.com\/en\/wp-json\/wp\/v2\/posts"}],"about":[{"href":"https:\/\/circuitodejerez.com\/en\/wp-json\/wp\/v2\/types\/post"}],"author":[{"embeddable":true,"href":"https:\/\/circuitodejerez.com\/en\/wp-json\/wp\/v2\/users\/1"}],"replies":[{"embeddable":true,"href":"https:\/\/circuitodejerez.com\/en\/wp-json\/wp\/v2\/comments?post=35462"}],"version-history":[{"count":2,"href":"https:\/\/circuitodejerez.com\/en\/wp-json\/wp\/v2\/posts\/35462\/revisions"}],"predecessor-version":[{"id":35875,"href":"https:\/\/circuitodejerez.com\/en\/wp-json\/wp\/v2\/posts\/35462\/revisions\/35875"}],"wp:featuredmedia":[{"embeddable":true,"href":"https:\/\/circuitodejerez.com\/en\/wp-json\/wp\/v2\/media\/35463"}],"wp:attachment":[{"href":"https:\/\/circuitodejerez.com\/en\/wp-json\/wp\/v2\/media?parent=35462"}],"wp:term":[{"taxonomy":"category","embeddable":true,"href":"https:\/\/circuitodejerez.com\/en\/wp-json\/wp\/v2\/categories?post=35462"},{"taxonomy":"post_tag","embeddable":true,"href":"https:\/\/circuitodejerez.com\/en\/wp-json\/wp\/v2\/tags?post=35462"}],"curies":[{"name":"wp","href":"https:\/\/api.w.org\/{rel}","templated":true}]}}