{"id":35465,"date":"2023-10-14T17:42:07","date_gmt":"2023-10-14T15:42:07","guid":{"rendered":"https:\/\/circuitoangelnieto.com\/2024\/01\/22\/esbk-cto-espana-de-superbike-resumen-sabado\/"},"modified":"2024-01-29T12:55:43","modified_gmt":"2024-01-29T11:55:43","slug":"esbk-cto-espana-de-superbike-resumen-sabado","status":"publish","type":"post","link":"https:\/\/circuitodejerez.com\/en\/2023\/10\/14\/esbk-cto-espana-de-superbike-resumen-sabado\/","title":{"rendered":"ESBK-Cto Espa\u00f1a de Superbike-resumen s\u00e1bado"},"content":{"rendered":"<p><img loading=\"lazy\" decoding=\"async\" class=\"alignnone size-medium\" style=\"display: none;\" src=\"https:\/\/gestorapp.circuitoangelnieto.com\/\/uploads\/noticias\/noticia_64.jpg\" width=\"600\" height=\"409\" \/><\/p>\n<p>Ivo Lopes, nuevo campe\u00f3n de Espa\u00f1a de Superbike. Lograba el triunfo en la carrera por delante de su principal competidor, Rom\u00e1n Ramos.<\/p>\n<p><b>*El sevillano, Daniel Mu\u00f1oz gana en Supersport, mientras el malague\u00f1o Julio Garc\u00eda, hace lo propio en Supersport 300<\/b><\/p>\n<p><b>*Carlos Cano, se adjudica la victoria en Pre Moto3 con el malague\u00f1o Andr\u00e9s Garc\u00eda logrando su primer triunfo de la temporada en Moto4<\/b><\/p>\n<p><b>14 de octubre de 2023.<\/b>\u00a0Se disputaba hoy la primera jornada oficial del ESBK-Campeonato de Espa\u00f1a de Espa\u00f1a de Superbike, 6\u00aa prueba puntuable de la temporada en un d\u00eda que amaneci\u00f3 con cielos algo cubiertos y pista h\u00fameda por lluvias ca\u00eddas durante la noche. Si bien, el sol y la alta temperatura prevalec\u00edan a medida que avanzaba la jornada acompa\u00f1ando tanto los entrenamientos oficiales que defin\u00edan las parrillas, como las primeras mangas de carrera del fin de semana que se disputaban a continuaci\u00f3n y en las que brillaba el motociclismo andaluz con victorias en tres categor\u00edas y la consecuci\u00f3n del primer t\u00edtulo nacional de la temporada que iba a las manos de Ivo Lopes.<\/p>\n<p>Ivo Lopes en Superbike, Daniel Mu\u00f1oz en Supersport, Julio Garcia en Supersport 300, Carlos Cano y Andr\u00e9s Garcia en Premoto3 y Moto4 respectivamente, fueron los ganadores de las primeras mangas de carrera del fin de semana, proclam\u00e1ndose el portugu\u00e9s Ivo Lopes, nuevo campe\u00f3n de Espa\u00f1a de Superbike tras lograr una apretada victoria frente a su m\u00e1s directo rival, el piloto de Kawasaki, Rom\u00e1n Ramos.<\/p>\n<p>La jornada comenzaba con los entrenamientos oficiales para todas las categor\u00edas en liza en la que el c\u00e1ntabro Roman Ramos, se adjudicaba la pole en Superbike, mientras Andy Verdoia hac\u00eda lo propio en la clase de Supersport NG. Por su parte, en Pre moto3 era Alex Longarela el m\u00e1s r\u00e1pido, al igual que Mateo Marulanda en la categor\u00eda de Moto4. La \u00faltima clase que disputaba sus entrenamientos oficiales era Supersport 300 en la que Unai Calatayud firmaba la pole.<\/p>\n<p>Posteriormente, se disputaban las primeras mangas de carrera con mucha expectaci\u00f3n en algunas clases como Superbike y Supersport 300 de las que podr\u00eda salir el campe\u00f3n a poco que las matem\u00e1ticas se cumpliesen. Y se cumplieron, por lo menos en Sbk donde el piloto portugu\u00e9s Ivo Lopes (BMW Easy Race Team), lograba una apretada victoria frente a su principal competidor en la lucha por el campeonato, Rom\u00e1n Ramos, que batall\u00f3 durante toda la carrera con el luso llegando a ponerse en las vueltas finales a su estela, si bien, Lopes supo controlar al c\u00e1ntabro (segundo finalmente) para entrar vencedor por l\u00ednea de meta y de esta forma conseguir antes de la prueba final del certamen, el entorchado nacional de la categor\u00eda. La tercera plaza del p\u00f3dium se la adjudicaba Oscar Guti\u00e9rrez.<\/p>\n<p>El piloto sevillano Daniel Mu\u00f1oz, flamante nuevo campe\u00f3n de Europa de Stock 600, se alzaba con su primera victoria de la temporada en este certamen tras una carrera en la que se top\u00f3 con Verdoia, l\u00edder de la general, como principal oponente. Mu\u00f1oz, pronto se desembarazaba de Verdoia para realizar una c\u00f3moda carrera que venc\u00eda finalmente con un Verdoia que, en pugna por el campeonato con Eric Fern\u00e1ndez, ve\u00eda como este \u00faltimo por problemas en su montura, iba qued\u00e1ndose atr\u00e1s, por lo que prefer\u00eda no arriesgar y afianzar esta segunda plaza, muy importante para el campeonato.<\/p>\n<p>Si en Supersport venc\u00eda un andaluz (Daniel Mu\u00f1oz) en Supersport 300, el pabell\u00f3n andaluz quedaba tambi\u00e9n en lo m\u00e1s alto con la victoria del malague\u00f1o Julio Garcia en una emocionante carrera en la que se destacaron 8 pilotos que de esta guisa estuvieron luchando cada una de las 12 vueltas de las que const\u00f3 la prueba. Con cambios de lideres pr\u00e1cticamente en cada vuelta, la victoria se la adjudicaba Julio Garcia, seguido de Unai Calatayud e Iv\u00e1n Bola\u00f1o en tercer lugar. El l\u00edder del certamen, Gonzalo S\u00e1nchez, que contaba con opciones de lograr el campeonato aqu\u00ed en Jerez en caso de vencer y que su principal oponente no entrase entre los primeros clasificados, al final finalizaba en la cuarta posici\u00f3n por lo que tratar\u00e1 a buen seguro en la manga de ma\u00f1ana domingo, dejar sentenciado el t\u00edtulo y en caso de no lograrlo, cerrarlo en Barcelona.<\/p>\n<p>Intensa carrera la de Pre Moto3 con 7 pilotos entrando por la l\u00ednea de meta en el mismo segundo siendo Carlos Cano el vencedor, seguido de Enzo Bellon y Pedro Varela en tercer lugar. En Moto4, once vueltas de infarto para los pilotos m\u00e1s j\u00f3venes de este certamen nacional que ofrecen mucho espect\u00e1culo, lucha, tes\u00f3n y velocidad en cada vuelta de forma que pr\u00e1cticamente 17 pilotos formaban el grupo de cabeza que giro tras giro iban intercambiando posiciones en una fren\u00e9tica carrera que se decidi\u00f3 en la \u00faltima vuelta y con algunas posiciones dilucidadas a trav\u00e9s de foto finish. El ganador fue el andaluz de M\u00e1laga, Andr\u00e9s Garcia, con Eneko Osorio segundo y subiendo al tercer pelda\u00f1o del p\u00f3dium finalmente Iker Rodriguez.<\/p>\n<p>Ma\u00f1ana domingo, segundas mangas de carreras con el siguiente horario: 11.00 (Moto4) 12.00 (Pre Moto3) 13.00 (Supersport NG) 14.00 (SBK) 15.00 (SS300). Este evento cuenta con entrada gratuita para los aficionados.<\/p>\n<p><img loading=\"lazy\" decoding=\"async\" class=\"alignnone size-medium\" style=\"width: 100%;\" src=\"https:\/\/gestorapp.circuitoangelnieto.com\/\/uploads\/noticias\/noticia_destacada_64.jpg\" width=\"600\" height=\"409\" \/><\/p>","protected":false},"excerpt":{"rendered":"<p>Ivo Lopes, nuevo campe\u00f3n de Espa\u00f1a de Superbike. Lograba el triunfo en la carrera por delante de su principal competidor,<\/p>","protected":false},"author":1,"featured_media":35466,"comment_status":"closed","ping_status":"closed","sticky":false,"template":"","format":"standard","meta":{"footnotes":""},"categories":[2],"tags":[],"class_list":["post-35465","post","type-post","status-publish","format-standard","has-post-thumbnail","hentry","category-noticias"],"yoast_head":"<!-- This site is optimized with the Yoast SEO plugin v22.5 - https:\/\/yoast.com\/wordpress\/plugins\/seo\/ -->\n<title>ESBK-Cto Espa\u00f1a de Superbike-resumen s\u00e1bado - Circuito de Jerez \u00c1ngel Nieto<\/title>\n<meta name=\"robots\" content=\"index, follow, max-snippet:-1, max-image-preview:large, max-video-preview:-1\" \/>\n<link rel=\"canonical\" href=\"https:\/\/circuitodejerez.com\/en\/2023\/10\/14\/esbk-cto-espana-de-superbike-resumen-sabado\/\" \/>\n<meta property=\"og:locale\" content=\"en_GB\" \/>\n<meta property=\"og:type\" content=\"article\" \/>\n<meta property=\"og:title\" content=\"ESBK-Cto Espa\u00f1a de Superbike-resumen s\u00e1bado - Circuito de Jerez \u00c1ngel Nieto\" \/>\n<meta property=\"og:description\" content=\"Ivo Lopes, nuevo campe\u00f3n de Espa\u00f1a de Superbike. Lograba el triunfo en la carrera por delante de su principal competidor,\" \/>\n<meta property=\"og:url\" content=\"https:\/\/circuitodejerez.com\/en\/2023\/10\/14\/esbk-cto-espana-de-superbike-resumen-sabado\/\" \/>\n<meta property=\"og:site_name\" content=\"Circuito de Jerez \u00c1ngel Nieto\" \/>\n<meta property=\"article:publisher\" content=\"https:\/\/www.facebook.com\/circuitodejerezangelnieto\/\" \/>\n<meta property=\"article:published_time\" content=\"2023-10-14T15:42:07+00:00\" \/>\n<meta property=\"article:modified_time\" content=\"2024-01-29T11:55:43+00:00\" \/>\n<meta property=\"og:image\" content=\"https:\/\/circuitodejerez.com\/wp-content\/uploads\/2024\/01\/noticia_64-scaled.jpg\" \/>\n\t<meta property=\"og:image:width\" content=\"2560\" \/>\n\t<meta property=\"og:image:height\" content=\"1707\" \/>\n\t<meta property=\"og:image:type\" content=\"image\/jpeg\" \/>\n<meta name=\"author\" content=\"publyland\" \/>\n<meta name=\"twitter:card\" content=\"summary_large_image\" \/>\n<meta name=\"twitter:creator\" content=\"@circuitodejerez\" \/>\n<meta name=\"twitter:site\" content=\"@circuitodejerez\" \/>\n<meta name=\"twitter:label1\" content=\"Written by\" \/>\n\t<meta name=\"twitter:data1\" content=\"publyland\" \/>\n\t<meta name=\"twitter:label2\" content=\"Estimated reading time\" \/>\n\t<meta name=\"twitter:data2\" content=\"5 minutes\" \/>\n<script type=\"application\/ld+json\" class=\"yoast-schema-graph\">{\"@context\":\"https:\/\/schema.org\",\"@graph\":[{\"@type\":\"Article\",\"@id\":\"https:\/\/circuitodejerez.com\/2023\/10\/14\/esbk-cto-espana-de-superbike-resumen-sabado\/#article\",\"isPartOf\":{\"@id\":\"https:\/\/circuitodejerez.com\/2023\/10\/14\/esbk-cto-espana-de-superbike-resumen-sabado\/\"},\"author\":{\"name\":\"publyland\",\"@id\":\"https:\/\/circuitodejerez.com\/#\/schema\/person\/7426c66afad35f522814eb06fb2e213a\"},\"headline\":\"ESBK-Cto Espa\u00f1a de Superbike-resumen s\u00e1bado\",\"datePublished\":\"2023-10-14T15:42:07+00:00\",\"dateModified\":\"2024-01-29T11:55:43+00:00\",\"mainEntityOfPage\":{\"@id\":\"https:\/\/circuitodejerez.com\/2023\/10\/14\/esbk-cto-espana-de-superbike-resumen-sabado\/\"},\"wordCount\":919,\"publisher\":{\"@id\":\"https:\/\/circuitodejerez.com\/#organization\"},\"image\":{\"@id\":\"https:\/\/circuitodejerez.com\/2023\/10\/14\/esbk-cto-espana-de-superbike-resumen-sabado\/#primaryimage\"},\"thumbnailUrl\":\"https:\/\/circuitodejerez.com\/wp-content\/uploads\/2024\/01\/noticia_64-scaled.jpg\",\"articleSection\":[\"Noticias\"],\"inLanguage\":\"en-GB\"},{\"@type\":\"WebPage\",\"@id\":\"https:\/\/circuitodejerez.com\/2023\/10\/14\/esbk-cto-espana-de-superbike-resumen-sabado\/\",\"url\":\"https:\/\/circuitodejerez.com\/2023\/10\/14\/esbk-cto-espana-de-superbike-resumen-sabado\/\",\"name\":\"ESBK-Cto Espa\u00f1a de Superbike-resumen s\u00e1bado - Circuito de Jerez \u00c1ngel Nieto\",\"isPartOf\":{\"@id\":\"https:\/\/circuitodejerez.com\/#website\"},\"primaryImageOfPage\":{\"@id\":\"https:\/\/circuitodejerez.com\/2023\/10\/14\/esbk-cto-espana-de-superbike-resumen-sabado\/#primaryimage\"},\"image\":{\"@id\":\"https:\/\/circuitodejerez.com\/2023\/10\/14\/esbk-cto-espana-de-superbike-resumen-sabado\/#primaryimage\"},\"thumbnailUrl\":\"https:\/\/circuitodejerez.com\/wp-content\/uploads\/2024\/01\/noticia_64-scaled.jpg\",\"datePublished\":\"2023-10-14T15:42:07+00:00\",\"dateModified\":\"2024-01-29T11:55:43+00:00\",\"breadcrumb\":{\"@id\":\"https:\/\/circuitodejerez.com\/2023\/10\/14\/esbk-cto-espana-de-superbike-resumen-sabado\/#breadcrumb\"},\"inLanguage\":\"en-GB\",\"potentialAction\":[{\"@type\":\"ReadAction\",\"target\":[\"https:\/\/circuitodejerez.com\/2023\/10\/14\/esbk-cto-espana-de-superbike-resumen-sabado\/\"]}]},{\"@type\":\"ImageObject\",\"inLanguage\":\"en-GB\",\"@id\":\"https:\/\/circuitodejerez.com\/2023\/10\/14\/esbk-cto-espana-de-superbike-resumen-sabado\/#primaryimage\",\"url\":\"https:\/\/circuitodejerez.com\/wp-content\/uploads\/2024\/01\/noticia_64-scaled.jpg\",\"contentUrl\":\"https:\/\/circuitodejerez.com\/wp-content\/uploads\/2024\/01\/noticia_64-scaled.jpg\",\"width\":2560,\"height\":1707},{\"@type\":\"BreadcrumbList\",\"@id\":\"https:\/\/circuitodejerez.com\/2023\/10\/14\/esbk-cto-espana-de-superbike-resumen-sabado\/#breadcrumb\",\"itemListElement\":[{\"@type\":\"ListItem\",\"position\":1,\"name\":\"Portada\",\"item\":\"https:\/\/circuitodejerez.com\/\"},{\"@type\":\"ListItem\",\"position\":2,\"name\":\"ESBK-Cto Espa\u00f1a de Superbike-resumen s\u00e1bado\"}]},{\"@type\":\"WebSite\",\"@id\":\"https:\/\/circuitodejerez.com\/#website\",\"url\":\"https:\/\/circuitodejerez.com\/\",\"name\":\"Circuito de Jerez \u00c1ngel Nieto\",\"description\":\"Circuito de Jerez \u00c1ngel Nieto\",\"publisher\":{\"@id\":\"https:\/\/circuitodejerez.com\/#organization\"},\"potentialAction\":[{\"@type\":\"SearchAction\",\"target\":{\"@type\":\"EntryPoint\",\"urlTemplate\":\"https:\/\/circuitodejerez.com\/?s={search_term_string}\"},\"query-input\":\"required name=search_term_string\"}],\"inLanguage\":\"en-GB\"},{\"@type\":\"Organization\",\"@id\":\"https:\/\/circuitodejerez.com\/#organization\",\"name\":\"Circuito de Jerez \u00c1ngel Nieto\",\"url\":\"https:\/\/circuitodejerez.com\/\",\"logo\":{\"@type\":\"ImageObject\",\"inLanguage\":\"en-GB\",\"@id\":\"https:\/\/circuitodejerez.com\/#\/schema\/logo\/image\/\",\"url\":\"https:\/\/circuitodejerez.com\/wp-content\/uploads\/2023\/06\/logo-circuito-jerez.png\",\"contentUrl\":\"https:\/\/circuitodejerez.com\/wp-content\/uploads\/2023\/06\/logo-circuito-jerez.png\",\"width\":556,\"height\":142,\"caption\":\"Circuito de Jerez \u00c1ngel Nieto\"},\"image\":{\"@id\":\"https:\/\/circuitodejerez.com\/#\/schema\/logo\/image\/\"},\"sameAs\":[\"https:\/\/www.facebook.com\/circuitodejerezangelnieto\/\",\"https:\/\/x.com\/circuitodejerez\",\"https:\/\/www.instagram.com\/circuito_de_jerez\/?hl=es\",\"https:\/\/www.youtube.com\/user\/cirjesa\"]},{\"@type\":\"Person\",\"@id\":\"https:\/\/circuitodejerez.com\/#\/schema\/person\/7426c66afad35f522814eb06fb2e213a\",\"name\":\"publyland\",\"sameAs\":[\"https:\/\/circuitoangelnieto.com\"],\"url\":\"https:\/\/circuitodejerez.com\/en\/author\/publyland\/\"}]}<\/script>\n<!-- \/ Yoast SEO plugin. -->","yoast_head_json":{"title":"ESBK-Cto Espa\u00f1a de Superbike-resumen s\u00e1bado - Circuito de Jerez \u00c1ngel Nieto","robots":{"index":"index","follow":"follow","max-snippet":"max-snippet:-1","max-image-preview":"max-image-preview:large","max-video-preview":"max-video-preview:-1"},"canonical":"https:\/\/circuitodejerez.com\/en\/2023\/10\/14\/esbk-cto-espana-de-superbike-resumen-sabado\/","og_locale":"en_GB","og_type":"article","og_title":"ESBK-Cto Espa\u00f1a de Superbike-resumen s\u00e1bado - Circuito de Jerez \u00c1ngel Nieto","og_description":"Ivo Lopes, nuevo campe\u00f3n de Espa\u00f1a de Superbike. Lograba el triunfo en la carrera por delante de su principal competidor,","og_url":"https:\/\/circuitodejerez.com\/en\/2023\/10\/14\/esbk-cto-espana-de-superbike-resumen-sabado\/","og_site_name":"Circuito de Jerez \u00c1ngel Nieto","article_publisher":"https:\/\/www.facebook.com\/circuitodejerezangelnieto\/","article_published_time":"2023-10-14T15:42:07+00:00","article_modified_time":"2024-01-29T11:55:43+00:00","og_image":[{"width":2560,"height":1707,"url":"https:\/\/circuitodejerez.com\/wp-content\/uploads\/2024\/01\/noticia_64-scaled.jpg","type":"image\/jpeg"}],"author":"publyland","twitter_card":"summary_large_image","twitter_creator":"@circuitodejerez","twitter_site":"@circuitodejerez","twitter_misc":{"Written by":"publyland","Estimated reading time":"5 minutes"},"schema":{"@context":"https:\/\/schema.org","@graph":[{"@type":"Article","@id":"https:\/\/circuitodejerez.com\/2023\/10\/14\/esbk-cto-espana-de-superbike-resumen-sabado\/#article","isPartOf":{"@id":"https:\/\/circuitodejerez.com\/2023\/10\/14\/esbk-cto-espana-de-superbike-resumen-sabado\/"},"author":{"name":"publyland","@id":"https:\/\/circuitodejerez.com\/#\/schema\/person\/7426c66afad35f522814eb06fb2e213a"},"headline":"ESBK-Cto Espa\u00f1a de Superbike-resumen s\u00e1bado","datePublished":"2023-10-14T15:42:07+00:00","dateModified":"2024-01-29T11:55:43+00:00","mainEntityOfPage":{"@id":"https:\/\/circuitodejerez.com\/2023\/10\/14\/esbk-cto-espana-de-superbike-resumen-sabado\/"},"wordCount":919,"publisher":{"@id":"https:\/\/circuitodejerez.com\/#organization"},"image":{"@id":"https:\/\/circuitodejerez.com\/2023\/10\/14\/esbk-cto-espana-de-superbike-resumen-sabado\/#primaryimage"},"thumbnailUrl":"https:\/\/circuitodejerez.com\/wp-content\/uploads\/2024\/01\/noticia_64-scaled.jpg","articleSection":["Noticias"],"inLanguage":"en-GB"},{"@type":"WebPage","@id":"https:\/\/circuitodejerez.com\/2023\/10\/14\/esbk-cto-espana-de-superbike-resumen-sabado\/","url":"https:\/\/circuitodejerez.com\/2023\/10\/14\/esbk-cto-espana-de-superbike-resumen-sabado\/","name":"ESBK-Cto Espa\u00f1a de Superbike-resumen s\u00e1bado - Circuito de Jerez \u00c1ngel Nieto","isPartOf":{"@id":"https:\/\/circuitodejerez.com\/#website"},"primaryImageOfPage":{"@id":"https:\/\/circuitodejerez.com\/2023\/10\/14\/esbk-cto-espana-de-superbike-resumen-sabado\/#primaryimage"},"image":{"@id":"https:\/\/circuitodejerez.com\/2023\/10\/14\/esbk-cto-espana-de-superbike-resumen-sabado\/#primaryimage"},"thumbnailUrl":"https:\/\/circuitodejerez.com\/wp-content\/uploads\/2024\/01\/noticia_64-scaled.jpg","datePublished":"2023-10-14T15:42:07+00:00","dateModified":"2024-01-29T11:55:43+00:00","breadcrumb":{"@id":"https:\/\/circuitodejerez.com\/2023\/10\/14\/esbk-cto-espana-de-superbike-resumen-sabado\/#breadcrumb"},"inLanguage":"en-GB","potentialAction":[{"@type":"ReadAction","target":["https:\/\/circuitodejerez.com\/2023\/10\/14\/esbk-cto-espana-de-superbike-resumen-sabado\/"]}]},{"@type":"ImageObject","inLanguage":"en-GB","@id":"https:\/\/circuitodejerez.com\/2023\/10\/14\/esbk-cto-espana-de-superbike-resumen-sabado\/#primaryimage","url":"https:\/\/circuitodejerez.com\/wp-content\/uploads\/2024\/01\/noticia_64-scaled.jpg","contentUrl":"https:\/\/circuitodejerez.com\/wp-content\/uploads\/2024\/01\/noticia_64-scaled.jpg","width":2560,"height":1707},{"@type":"BreadcrumbList","@id":"https:\/\/circuitodejerez.com\/2023\/10\/14\/esbk-cto-espana-de-superbike-resumen-sabado\/#breadcrumb","itemListElement":[{"@type":"ListItem","position":1,"name":"Portada","item":"https:\/\/circuitodejerez.com\/"},{"@type":"ListItem","position":2,"name":"ESBK-Cto Espa\u00f1a de Superbike-resumen s\u00e1bado"}]},{"@type":"WebSite","@id":"https:\/\/circuitodejerez.com\/#website","url":"https:\/\/circuitodejerez.com\/","name":"Circuito de Jerez \u00c1ngel Nieto","description":"Circuito de Jerez \u00c1ngel Nieto","publisher":{"@id":"https:\/\/circuitodejerez.com\/#organization"},"potentialAction":[{"@type":"SearchAction","target":{"@type":"EntryPoint","urlTemplate":"https:\/\/circuitodejerez.com\/?s={search_term_string}"},"query-input":"required name=search_term_string"}],"inLanguage":"en-GB"},{"@type":"Organization","@id":"https:\/\/circuitodejerez.com\/#organization","name":"Circuito de Jerez \u00c1ngel Nieto","url":"https:\/\/circuitodejerez.com\/","logo":{"@type":"ImageObject","inLanguage":"en-GB","@id":"https:\/\/circuitodejerez.com\/#\/schema\/logo\/image\/","url":"https:\/\/circuitodejerez.com\/wp-content\/uploads\/2023\/06\/logo-circuito-jerez.png","contentUrl":"https:\/\/circuitodejerez.com\/wp-content\/uploads\/2023\/06\/logo-circuito-jerez.png","width":556,"height":142,"caption":"Circuito de Jerez \u00c1ngel Nieto"},"image":{"@id":"https:\/\/circuitodejerez.com\/#\/schema\/logo\/image\/"},"sameAs":["https:\/\/www.facebook.com\/circuitodejerezangelnieto\/","https:\/\/x.com\/circuitodejerez","https:\/\/www.instagram.com\/circuito_de_jerez\/?hl=es","https:\/\/www.youtube.com\/user\/cirjesa"]},{"@type":"Person","@id":"https:\/\/circuitodejerez.com\/#\/schema\/person\/7426c66afad35f522814eb06fb2e213a","name":"publyland","sameAs":["https:\/\/circuitoangelnieto.com"],"url":"https:\/\/circuitodejerez.com\/en\/author\/publyland\/"}]}},"_links":{"self":[{"href":"https:\/\/circuitodejerez.com\/en\/wp-json\/wp\/v2\/posts\/35465","targetHints":{"allow":["GET"]}}],"collection":[{"href":"https:\/\/circuitodejerez.com\/en\/wp-json\/wp\/v2\/posts"}],"about":[{"href":"https:\/\/circuitodejerez.com\/en\/wp-json\/wp\/v2\/types\/post"}],"author":[{"embeddable":true,"href":"https:\/\/circuitodejerez.com\/en\/wp-json\/wp\/v2\/users\/1"}],"replies":[{"embeddable":true,"href":"https:\/\/circuitodejerez.com\/en\/wp-json\/wp\/v2\/comments?post=35465"}],"version-history":[{"count":2,"href":"https:\/\/circuitodejerez.com\/en\/wp-json\/wp\/v2\/posts\/35465\/revisions"}],"predecessor-version":[{"id":35876,"href":"https:\/\/circuitodejerez.com\/en\/wp-json\/wp\/v2\/posts\/35465\/revisions\/35876"}],"wp:featuredmedia":[{"embeddable":true,"href":"https:\/\/circuitodejerez.com\/en\/wp-json\/wp\/v2\/media\/35466"}],"wp:attachment":[{"href":"https:\/\/circuitodejerez.com\/en\/wp-json\/wp\/v2\/media?parent=35465"}],"wp:term":[{"taxonomy":"category","embeddable":true,"href":"https:\/\/circuitodejerez.com\/en\/wp-json\/wp\/v2\/categories?post=35465"},{"taxonomy":"post_tag","embeddable":true,"href":"https:\/\/circuitodejerez.com\/en\/wp-json\/wp\/v2\/tags?post=35465"}],"curies":[{"name":"wp","href":"https:\/\/api.w.org\/{rel}","templated":true}]}}