{"id":35471,"date":"2023-10-06T17:45:21","date_gmt":"2023-10-06T15:45:21","guid":{"rendered":"https:\/\/circuitoangelnieto.com\/2024\/01\/22\/entrenamientos-fia-f3-2o-y-ultimo-dia\/"},"modified":"2024-01-29T12:58:19","modified_gmt":"2024-01-29T11:58:19","slug":"entrenamientos-fia-f3-2o-y-ultimo-dia","status":"publish","type":"post","link":"https:\/\/circuitodejerez.com\/en\/2023\/10\/06\/entrenamientos-fia-f3-2o-y-ultimo-dia\/","title":{"rendered":"Entrenamientos FIA F3-2\u00ba y \u00faltimo d\u00eda"},"content":{"rendered":"<p><img loading=\"lazy\" decoding=\"async\" class=\"alignnone size-medium\" style=\"display: none;\" src=\"https:\/\/gestorapp.circuitoangelnieto.com\/\/uploads\/noticias\/noticia_66.jpg\" width=\"600\" height=\"409\" \/><\/p>\n<div>\n<p><b>El sueco-bosnio Dino Beganovic marca el mejor tiempo en la sesi\u00f3n matinal de FIA Formula 3.<\/b><\/p>\n<p><b>6 de octubre de 2023.<\/b><\/p>\n<p>La categor\u00eda internacional de monoplazas FIA Formula 3, pone hoy el punto y final en el Circuito de Jerez-\u00c1ngel Nieto a dos jornadas de entrenamientos post temporada en los que han participado un total de 30 pilotos, entre ellos, algunas caras nuevas que se sumar\u00e1n a otros pilotos que continuar\u00e1n la temporada pr\u00f3xima compitiendo en la categor\u00eda.<\/p>\n<p>De nuevo acompa\u00f1ados por una excelente climatolog\u00eda, la jornada est\u00e1 programada en dos tandas. Una primera de 9 de la ma\u00f1ana a doce del mediod\u00eda. Y una segunda que arrancar\u00e1 a las 13 horas para concluir a las 4 de la tarde.<\/p>\n<p>La sesi\u00f3n matinal de hoy ha sido muy r\u00e1pida con respecto a la misma del d\u00eda de ayer. Y es que el sueco-bosnio Dino Beganovic, se erig\u00eda en el m\u00e1s r\u00e1pido en esta tanda con un registro de 1.29.900, casi un segundo m\u00e1s veloz que el crono marcado ayer por Oliver Goethe en 1.30.814 con el que lideraba la clasificaci\u00f3n por tiempos. Segundo en la tanda hoy de la ma\u00f1ana, era el italiano Gabriele Mini que, por su parte, mejoraba tambi\u00e9n en un segundo su mejor marca de ayer para establecer un 1.29.933, mientras el tercer mejor tiempo correspond\u00eda al espa\u00f1ol Mari Boya que como los anteriores, mejoraba incluso algo m\u00e1s de un segundo su marca de ayer en esta tanda (1.31.125) para establecer hoy un crono de 1.29.950.<\/p>\n<p>La tanda de tarde, estuvo dominada por Martinius Stenshorne con 1.31.717, seguido de Luke Browning 1.31.883 y Charlie Wurz 1.31.942<\/p>\n<\/div>\n<div>\n<ul>\n<li><\/li>\n<li><\/li>\n<li><\/li>\n<\/ul>\n<\/div>","protected":false},"excerpt":{"rendered":"<p>El sueco-bosnio Dino Beganovic marca el mejor tiempo en la sesi\u00f3n matinal de FIA Formula 3. 6 de octubre de<\/p>","protected":false},"author":1,"featured_media":35749,"comment_status":"closed","ping_status":"closed","sticky":false,"template":"","format":"standard","meta":{"footnotes":""},"categories":[2],"tags":[],"class_list":["post-35471","post","type-post","status-publish","format-standard","has-post-thumbnail","hentry","category-noticias"],"yoast_head":"<!-- This site is optimized with the Yoast SEO plugin v22.5 - https:\/\/yoast.com\/wordpress\/plugins\/seo\/ -->\n<title>Entrenamientos FIA F3-2\u00ba y \u00faltimo d\u00eda - Circuito de Jerez \u00c1ngel Nieto<\/title>\n<meta name=\"robots\" content=\"index, follow, max-snippet:-1, max-image-preview:large, max-video-preview:-1\" \/>\n<link rel=\"canonical\" href=\"https:\/\/circuitodejerez.com\/en\/2023\/10\/06\/entrenamientos-fia-f3-2o-y-ultimo-dia\/\" \/>\n<meta property=\"og:locale\" content=\"en_GB\" \/>\n<meta property=\"og:type\" content=\"article\" \/>\n<meta property=\"og:title\" content=\"Entrenamientos FIA F3-2\u00ba y \u00faltimo d\u00eda - Circuito de Jerez \u00c1ngel Nieto\" \/>\n<meta property=\"og:description\" content=\"El sueco-bosnio Dino Beganovic marca el mejor tiempo en la sesi\u00f3n matinal de FIA Formula 3. 6 de octubre de\" \/>\n<meta property=\"og:url\" content=\"https:\/\/circuitodejerez.com\/en\/2023\/10\/06\/entrenamientos-fia-f3-2o-y-ultimo-dia\/\" \/>\n<meta property=\"og:site_name\" content=\"Circuito de Jerez \u00c1ngel Nieto\" \/>\n<meta property=\"article:publisher\" content=\"https:\/\/www.facebook.com\/circuitodejerezangelnieto\/\" \/>\n<meta property=\"article:published_time\" content=\"2023-10-06T15:45:21+00:00\" \/>\n<meta property=\"article:modified_time\" content=\"2024-01-29T11:58:19+00:00\" \/>\n<meta property=\"og:image\" content=\"https:\/\/circuitodejerez.com\/wp-content\/uploads\/2024\/01\/noticia_66.jpg\" \/>\n\t<meta property=\"og:image:width\" content=\"500\" \/>\n\t<meta property=\"og:image:height\" content=\"400\" \/>\n\t<meta property=\"og:image:type\" content=\"image\/jpeg\" \/>\n<meta name=\"author\" content=\"publyland\" \/>\n<meta name=\"twitter:card\" content=\"summary_large_image\" \/>\n<meta name=\"twitter:creator\" content=\"@circuitodejerez\" \/>\n<meta name=\"twitter:site\" content=\"@circuitodejerez\" \/>\n<meta name=\"twitter:label1\" content=\"Written by\" \/>\n\t<meta name=\"twitter:data1\" content=\"publyland\" \/>\n\t<meta name=\"twitter:label2\" content=\"Estimated reading time\" \/>\n\t<meta name=\"twitter:data2\" content=\"1 minute\" \/>\n<script type=\"application\/ld+json\" class=\"yoast-schema-graph\">{\"@context\":\"https:\/\/schema.org\",\"@graph\":[{\"@type\":\"Article\",\"@id\":\"https:\/\/circuitodejerez.com\/2023\/10\/06\/entrenamientos-fia-f3-2o-y-ultimo-dia\/#article\",\"isPartOf\":{\"@id\":\"https:\/\/circuitodejerez.com\/2023\/10\/06\/entrenamientos-fia-f3-2o-y-ultimo-dia\/\"},\"author\":{\"name\":\"publyland\",\"@id\":\"https:\/\/circuitodejerez.com\/#\/schema\/person\/7426c66afad35f522814eb06fb2e213a\"},\"headline\":\"Entrenamientos FIA F3-2\u00ba y \u00faltimo d\u00eda\",\"datePublished\":\"2023-10-06T15:45:21+00:00\",\"dateModified\":\"2024-01-29T11:58:19+00:00\",\"mainEntityOfPage\":{\"@id\":\"https:\/\/circuitodejerez.com\/2023\/10\/06\/entrenamientos-fia-f3-2o-y-ultimo-dia\/\"},\"wordCount\":285,\"publisher\":{\"@id\":\"https:\/\/circuitodejerez.com\/#organization\"},\"image\":{\"@id\":\"https:\/\/circuitodejerez.com\/2023\/10\/06\/entrenamientos-fia-f3-2o-y-ultimo-dia\/#primaryimage\"},\"thumbnailUrl\":\"https:\/\/circuitodejerez.com\/wp-content\/uploads\/2024\/01\/noticia_66.jpg\",\"articleSection\":[\"Noticias\"],\"inLanguage\":\"en-GB\"},{\"@type\":\"WebPage\",\"@id\":\"https:\/\/circuitodejerez.com\/2023\/10\/06\/entrenamientos-fia-f3-2o-y-ultimo-dia\/\",\"url\":\"https:\/\/circuitodejerez.com\/2023\/10\/06\/entrenamientos-fia-f3-2o-y-ultimo-dia\/\",\"name\":\"Entrenamientos FIA F3-2\u00ba y \u00faltimo d\u00eda - Circuito de Jerez \u00c1ngel Nieto\",\"isPartOf\":{\"@id\":\"https:\/\/circuitodejerez.com\/#website\"},\"primaryImageOfPage\":{\"@id\":\"https:\/\/circuitodejerez.com\/2023\/10\/06\/entrenamientos-fia-f3-2o-y-ultimo-dia\/#primaryimage\"},\"image\":{\"@id\":\"https:\/\/circuitodejerez.com\/2023\/10\/06\/entrenamientos-fia-f3-2o-y-ultimo-dia\/#primaryimage\"},\"thumbnailUrl\":\"https:\/\/circuitodejerez.com\/wp-content\/uploads\/2024\/01\/noticia_66.jpg\",\"datePublished\":\"2023-10-06T15:45:21+00:00\",\"dateModified\":\"2024-01-29T11:58:19+00:00\",\"breadcrumb\":{\"@id\":\"https:\/\/circuitodejerez.com\/2023\/10\/06\/entrenamientos-fia-f3-2o-y-ultimo-dia\/#breadcrumb\"},\"inLanguage\":\"en-GB\",\"potentialAction\":[{\"@type\":\"ReadAction\",\"target\":[\"https:\/\/circuitodejerez.com\/2023\/10\/06\/entrenamientos-fia-f3-2o-y-ultimo-dia\/\"]}]},{\"@type\":\"ImageObject\",\"inLanguage\":\"en-GB\",\"@id\":\"https:\/\/circuitodejerez.com\/2023\/10\/06\/entrenamientos-fia-f3-2o-y-ultimo-dia\/#primaryimage\",\"url\":\"https:\/\/circuitodejerez.com\/wp-content\/uploads\/2024\/01\/noticia_66.jpg\",\"contentUrl\":\"https:\/\/circuitodejerez.com\/wp-content\/uploads\/2024\/01\/noticia_66.jpg\",\"width\":500,\"height\":400},{\"@type\":\"BreadcrumbList\",\"@id\":\"https:\/\/circuitodejerez.com\/2023\/10\/06\/entrenamientos-fia-f3-2o-y-ultimo-dia\/#breadcrumb\",\"itemListElement\":[{\"@type\":\"ListItem\",\"position\":1,\"name\":\"Portada\",\"item\":\"https:\/\/circuitodejerez.com\/\"},{\"@type\":\"ListItem\",\"position\":2,\"name\":\"Entrenamientos FIA F3-2\u00ba y \u00faltimo d\u00eda\"}]},{\"@type\":\"WebSite\",\"@id\":\"https:\/\/circuitodejerez.com\/#website\",\"url\":\"https:\/\/circuitodejerez.com\/\",\"name\":\"Circuito de Jerez \u00c1ngel Nieto\",\"description\":\"Circuito de Jerez \u00c1ngel Nieto\",\"publisher\":{\"@id\":\"https:\/\/circuitodejerez.com\/#organization\"},\"potentialAction\":[{\"@type\":\"SearchAction\",\"target\":{\"@type\":\"EntryPoint\",\"urlTemplate\":\"https:\/\/circuitodejerez.com\/?s={search_term_string}\"},\"query-input\":\"required name=search_term_string\"}],\"inLanguage\":\"en-GB\"},{\"@type\":\"Organization\",\"@id\":\"https:\/\/circuitodejerez.com\/#organization\",\"name\":\"Circuito de Jerez \u00c1ngel Nieto\",\"url\":\"https:\/\/circuitodejerez.com\/\",\"logo\":{\"@type\":\"ImageObject\",\"inLanguage\":\"en-GB\",\"@id\":\"https:\/\/circuitodejerez.com\/#\/schema\/logo\/image\/\",\"url\":\"https:\/\/circuitodejerez.com\/wp-content\/uploads\/2023\/06\/logo-circuito-jerez.png\",\"contentUrl\":\"https:\/\/circuitodejerez.com\/wp-content\/uploads\/2023\/06\/logo-circuito-jerez.png\",\"width\":556,\"height\":142,\"caption\":\"Circuito de Jerez \u00c1ngel Nieto\"},\"image\":{\"@id\":\"https:\/\/circuitodejerez.com\/#\/schema\/logo\/image\/\"},\"sameAs\":[\"https:\/\/www.facebook.com\/circuitodejerezangelnieto\/\",\"https:\/\/x.com\/circuitodejerez\",\"https:\/\/www.instagram.com\/circuito_de_jerez\/?hl=es\",\"https:\/\/www.youtube.com\/user\/cirjesa\"]},{\"@type\":\"Person\",\"@id\":\"https:\/\/circuitodejerez.com\/#\/schema\/person\/7426c66afad35f522814eb06fb2e213a\",\"name\":\"publyland\",\"sameAs\":[\"https:\/\/circuitoangelnieto.com\"],\"url\":\"https:\/\/circuitodejerez.com\/en\/author\/publyland\/\"}]}<\/script>\n<!-- \/ Yoast SEO plugin. -->","yoast_head_json":{"title":"Entrenamientos FIA F3-2\u00ba y \u00faltimo d\u00eda - Circuito de Jerez \u00c1ngel Nieto","robots":{"index":"index","follow":"follow","max-snippet":"max-snippet:-1","max-image-preview":"max-image-preview:large","max-video-preview":"max-video-preview:-1"},"canonical":"https:\/\/circuitodejerez.com\/en\/2023\/10\/06\/entrenamientos-fia-f3-2o-y-ultimo-dia\/","og_locale":"en_GB","og_type":"article","og_title":"Entrenamientos FIA F3-2\u00ba y \u00faltimo d\u00eda - Circuito de Jerez \u00c1ngel Nieto","og_description":"El sueco-bosnio Dino Beganovic marca el mejor tiempo en la sesi\u00f3n matinal de FIA Formula 3. 6 de octubre de","og_url":"https:\/\/circuitodejerez.com\/en\/2023\/10\/06\/entrenamientos-fia-f3-2o-y-ultimo-dia\/","og_site_name":"Circuito de Jerez \u00c1ngel Nieto","article_publisher":"https:\/\/www.facebook.com\/circuitodejerezangelnieto\/","article_published_time":"2023-10-06T15:45:21+00:00","article_modified_time":"2024-01-29T11:58:19+00:00","og_image":[{"width":500,"height":400,"url":"https:\/\/circuitodejerez.com\/wp-content\/uploads\/2024\/01\/noticia_66.jpg","type":"image\/jpeg"}],"author":"publyland","twitter_card":"summary_large_image","twitter_creator":"@circuitodejerez","twitter_site":"@circuitodejerez","twitter_misc":{"Written by":"publyland","Estimated reading time":"1 minute"},"schema":{"@context":"https:\/\/schema.org","@graph":[{"@type":"Article","@id":"https:\/\/circuitodejerez.com\/2023\/10\/06\/entrenamientos-fia-f3-2o-y-ultimo-dia\/#article","isPartOf":{"@id":"https:\/\/circuitodejerez.com\/2023\/10\/06\/entrenamientos-fia-f3-2o-y-ultimo-dia\/"},"author":{"name":"publyland","@id":"https:\/\/circuitodejerez.com\/#\/schema\/person\/7426c66afad35f522814eb06fb2e213a"},"headline":"Entrenamientos FIA F3-2\u00ba y \u00faltimo d\u00eda","datePublished":"2023-10-06T15:45:21+00:00","dateModified":"2024-01-29T11:58:19+00:00","mainEntityOfPage":{"@id":"https:\/\/circuitodejerez.com\/2023\/10\/06\/entrenamientos-fia-f3-2o-y-ultimo-dia\/"},"wordCount":285,"publisher":{"@id":"https:\/\/circuitodejerez.com\/#organization"},"image":{"@id":"https:\/\/circuitodejerez.com\/2023\/10\/06\/entrenamientos-fia-f3-2o-y-ultimo-dia\/#primaryimage"},"thumbnailUrl":"https:\/\/circuitodejerez.com\/wp-content\/uploads\/2024\/01\/noticia_66.jpg","articleSection":["Noticias"],"inLanguage":"en-GB"},{"@type":"WebPage","@id":"https:\/\/circuitodejerez.com\/2023\/10\/06\/entrenamientos-fia-f3-2o-y-ultimo-dia\/","url":"https:\/\/circuitodejerez.com\/2023\/10\/06\/entrenamientos-fia-f3-2o-y-ultimo-dia\/","name":"Entrenamientos FIA F3-2\u00ba y \u00faltimo d\u00eda - Circuito de Jerez \u00c1ngel Nieto","isPartOf":{"@id":"https:\/\/circuitodejerez.com\/#website"},"primaryImageOfPage":{"@id":"https:\/\/circuitodejerez.com\/2023\/10\/06\/entrenamientos-fia-f3-2o-y-ultimo-dia\/#primaryimage"},"image":{"@id":"https:\/\/circuitodejerez.com\/2023\/10\/06\/entrenamientos-fia-f3-2o-y-ultimo-dia\/#primaryimage"},"thumbnailUrl":"https:\/\/circuitodejerez.com\/wp-content\/uploads\/2024\/01\/noticia_66.jpg","datePublished":"2023-10-06T15:45:21+00:00","dateModified":"2024-01-29T11:58:19+00:00","breadcrumb":{"@id":"https:\/\/circuitodejerez.com\/2023\/10\/06\/entrenamientos-fia-f3-2o-y-ultimo-dia\/#breadcrumb"},"inLanguage":"en-GB","potentialAction":[{"@type":"ReadAction","target":["https:\/\/circuitodejerez.com\/2023\/10\/06\/entrenamientos-fia-f3-2o-y-ultimo-dia\/"]}]},{"@type":"ImageObject","inLanguage":"en-GB","@id":"https:\/\/circuitodejerez.com\/2023\/10\/06\/entrenamientos-fia-f3-2o-y-ultimo-dia\/#primaryimage","url":"https:\/\/circuitodejerez.com\/wp-content\/uploads\/2024\/01\/noticia_66.jpg","contentUrl":"https:\/\/circuitodejerez.com\/wp-content\/uploads\/2024\/01\/noticia_66.jpg","width":500,"height":400},{"@type":"BreadcrumbList","@id":"https:\/\/circuitodejerez.com\/2023\/10\/06\/entrenamientos-fia-f3-2o-y-ultimo-dia\/#breadcrumb","itemListElement":[{"@type":"ListItem","position":1,"name":"Portada","item":"https:\/\/circuitodejerez.com\/"},{"@type":"ListItem","position":2,"name":"Entrenamientos FIA F3-2\u00ba y \u00faltimo d\u00eda"}]},{"@type":"WebSite","@id":"https:\/\/circuitodejerez.com\/#website","url":"https:\/\/circuitodejerez.com\/","name":"Circuito de Jerez \u00c1ngel Nieto","description":"Circuito de Jerez \u00c1ngel Nieto","publisher":{"@id":"https:\/\/circuitodejerez.com\/#organization"},"potentialAction":[{"@type":"SearchAction","target":{"@type":"EntryPoint","urlTemplate":"https:\/\/circuitodejerez.com\/?s={search_term_string}"},"query-input":"required name=search_term_string"}],"inLanguage":"en-GB"},{"@type":"Organization","@id":"https:\/\/circuitodejerez.com\/#organization","name":"Circuito de Jerez \u00c1ngel Nieto","url":"https:\/\/circuitodejerez.com\/","logo":{"@type":"ImageObject","inLanguage":"en-GB","@id":"https:\/\/circuitodejerez.com\/#\/schema\/logo\/image\/","url":"https:\/\/circuitodejerez.com\/wp-content\/uploads\/2023\/06\/logo-circuito-jerez.png","contentUrl":"https:\/\/circuitodejerez.com\/wp-content\/uploads\/2023\/06\/logo-circuito-jerez.png","width":556,"height":142,"caption":"Circuito de Jerez \u00c1ngel Nieto"},"image":{"@id":"https:\/\/circuitodejerez.com\/#\/schema\/logo\/image\/"},"sameAs":["https:\/\/www.facebook.com\/circuitodejerezangelnieto\/","https:\/\/x.com\/circuitodejerez","https:\/\/www.instagram.com\/circuito_de_jerez\/?hl=es","https:\/\/www.youtube.com\/user\/cirjesa"]},{"@type":"Person","@id":"https:\/\/circuitodejerez.com\/#\/schema\/person\/7426c66afad35f522814eb06fb2e213a","name":"publyland","sameAs":["https:\/\/circuitoangelnieto.com"],"url":"https:\/\/circuitodejerez.com\/en\/author\/publyland\/"}]}},"_links":{"self":[{"href":"https:\/\/circuitodejerez.com\/en\/wp-json\/wp\/v2\/posts\/35471","targetHints":{"allow":["GET"]}}],"collection":[{"href":"https:\/\/circuitodejerez.com\/en\/wp-json\/wp\/v2\/posts"}],"about":[{"href":"https:\/\/circuitodejerez.com\/en\/wp-json\/wp\/v2\/types\/post"}],"author":[{"embeddable":true,"href":"https:\/\/circuitodejerez.com\/en\/wp-json\/wp\/v2\/users\/1"}],"replies":[{"embeddable":true,"href":"https:\/\/circuitodejerez.com\/en\/wp-json\/wp\/v2\/comments?post=35471"}],"version-history":[{"count":3,"href":"https:\/\/circuitodejerez.com\/en\/wp-json\/wp\/v2\/posts\/35471\/revisions"}],"predecessor-version":[{"id":35878,"href":"https:\/\/circuitodejerez.com\/en\/wp-json\/wp\/v2\/posts\/35471\/revisions\/35878"}],"wp:featuredmedia":[{"embeddable":true,"href":"https:\/\/circuitodejerez.com\/en\/wp-json\/wp\/v2\/media\/35749"}],"wp:attachment":[{"href":"https:\/\/circuitodejerez.com\/en\/wp-json\/wp\/v2\/media?parent=35471"}],"wp:term":[{"taxonomy":"category","embeddable":true,"href":"https:\/\/circuitodejerez.com\/en\/wp-json\/wp\/v2\/categories?post=35471"},{"taxonomy":"post_tag","embeddable":true,"href":"https:\/\/circuitodejerez.com\/en\/wp-json\/wp\/v2\/tags?post=35471"}],"curies":[{"name":"wp","href":"https:\/\/api.w.org\/{rel}","templated":true}]}}