{"id":35472,"date":"2023-10-06T17:46:16","date_gmt":"2023-10-06T15:46:16","guid":{"rendered":"https:\/\/circuitoangelnieto.com\/2024\/01\/22\/entrenamientos-fia-formula3\/"},"modified":"2024-01-29T12:59:20","modified_gmt":"2024-01-29T11:59:20","slug":"entrenamientos-fia-formula3","status":"publish","type":"post","link":"https:\/\/circuitodejerez.com\/en\/2023\/10\/06\/entrenamientos-fia-formula3\/","title":{"rendered":"Entrenamientos FIA Formula3"},"content":{"rendered":"<p><img loading=\"lazy\" decoding=\"async\" class=\"alignnone size-medium\" style=\"display: none;\" src=\"https:\/\/gestorapp.circuitoangelnieto.com\/\/uploads\/noticias\/noticia_68.jpg\" width=\"600\" height=\"409\" \/><\/p>\n<p><strong>5 de octubre de 2023. <\/strong><\/p>\n<p>Fin de la primera jornada de entrenamientos para la categor\u00eda de monoplazas FIA Formula 3, que esta semana se han desplazado hasta el trazado jerezano donde abr\u00edan los entrenamientos post temporada con dos jornadas de test en Jerez a las que seguir\u00e1n otras dos en Barcelona, d\u00edas 10 y 11, para concluir este periplo el 23 y 24 en el trazado italiano de Imola.<\/p>\n<p>Dividida la jornada en dos tandas, la primera de hoy daba comienzo a las 9 de la ma\u00f1ana para finalizar a las 12 del mediod\u00eda, mientras la segunda arrancaba a las 14 horas para concluir a las 17.00h. En total, 30 pilotos presentes de los cuales 13 repet\u00edan experiencia en la categor\u00eda tras haber competido esta reci\u00e9n finalizada temporada, mientras 17 eran caras nuevas en muchos casos tomando sus primeras referencias con este monoplaza.<\/p>\n<p>En la sesi\u00f3n matinal, el mejor tiempo correspondi\u00f3 al alem\u00e1n Oliver Goethe (Campos Racing) con 1.30.814, seguido del italiano Gabriele Mini (Prema Racing) con 1.30.947. El tercer mejor tiempo correspondi\u00f3 al \u00fanico espa\u00f1ol presente, el catal\u00e1n Mari Boya (Campos Racing) que paraba el crono en 1.31.125. La sesi\u00f3n de tarde por su parte era dominada por Gabriele Mini (Prema) con 1.31.360, seguido de Luke Browning (Hitech) 1.31.562, Dino Beganovi (Prema) que paraba el crono en 1.31.626, Oliver Goethe con1.31.777 y en quinta posici\u00f3n el piloto espa\u00f1ol Mari Boya (Campos Racing) que establec\u00eda su mejor marca en 1.31.817.<\/p>\n<p>Ma\u00f1ana viernes, segunda y \u00faltima sesi\u00f3n con el siguiente horario: tanda 1 (09.00-12.00 h) tanda 2 (13.00-16.00 h)<\/p>\n<p><img loading=\"lazy\" decoding=\"async\" class=\"alignnone size-medium\" style=\"width: 100%;\" src=\"https:\/\/gestorapp.circuitoangelnieto.com\/\/uploads\/noticias\/noticia_destacada_68.jpg\" width=\"600\" height=\"409\" \/><\/p>","protected":false},"excerpt":{"rendered":"<p>5 de octubre de 2023. Fin de la primera jornada de entrenamientos para la categor\u00eda de monoplazas FIA Formula 3,<\/p>","protected":false},"author":1,"featured_media":35473,"comment_status":"closed","ping_status":"closed","sticky":false,"template":"","format":"standard","meta":{"footnotes":""},"categories":[2],"tags":[],"class_list":["post-35472","post","type-post","status-publish","format-standard","has-post-thumbnail","hentry","category-noticias"],"yoast_head":"<!-- This site is optimized with the Yoast SEO plugin v22.5 - https:\/\/yoast.com\/wordpress\/plugins\/seo\/ -->\n<title>Entrenamientos FIA Formula3 - Circuito de Jerez \u00c1ngel Nieto<\/title>\n<meta name=\"robots\" content=\"index, follow, max-snippet:-1, max-image-preview:large, max-video-preview:-1\" \/>\n<link rel=\"canonical\" href=\"https:\/\/circuitodejerez.com\/en\/2023\/10\/06\/entrenamientos-fia-formula3\/\" \/>\n<meta property=\"og:locale\" content=\"en_GB\" \/>\n<meta property=\"og:type\" content=\"article\" \/>\n<meta property=\"og:title\" content=\"Entrenamientos FIA Formula3 - Circuito de Jerez \u00c1ngel Nieto\" \/>\n<meta property=\"og:description\" content=\"5 de octubre de 2023. Fin de la primera jornada de entrenamientos para la categor\u00eda de monoplazas FIA Formula 3,\" \/>\n<meta property=\"og:url\" content=\"https:\/\/circuitodejerez.com\/en\/2023\/10\/06\/entrenamientos-fia-formula3\/\" \/>\n<meta property=\"og:site_name\" content=\"Circuito de Jerez \u00c1ngel Nieto\" \/>\n<meta property=\"article:publisher\" content=\"https:\/\/www.facebook.com\/circuitodejerezangelnieto\/\" \/>\n<meta property=\"article:published_time\" content=\"2023-10-06T15:46:16+00:00\" \/>\n<meta property=\"article:modified_time\" content=\"2024-01-29T11:59:20+00:00\" \/>\n<meta property=\"og:image\" content=\"https:\/\/circuitodejerez.com\/wp-content\/uploads\/2024\/01\/noticia_68-scaled.jpg\" \/>\n\t<meta property=\"og:image:width\" content=\"2560\" \/>\n\t<meta property=\"og:image:height\" content=\"1706\" \/>\n\t<meta property=\"og:image:type\" content=\"image\/jpeg\" \/>\n<meta name=\"author\" content=\"publyland\" \/>\n<meta name=\"twitter:card\" content=\"summary_large_image\" \/>\n<meta name=\"twitter:creator\" content=\"@circuitodejerez\" \/>\n<meta name=\"twitter:site\" content=\"@circuitodejerez\" \/>\n<meta name=\"twitter:label1\" content=\"Written by\" \/>\n\t<meta name=\"twitter:data1\" content=\"publyland\" \/>\n\t<meta name=\"twitter:label2\" content=\"Estimated reading time\" \/>\n\t<meta name=\"twitter:data2\" content=\"1 minute\" \/>\n<script type=\"application\/ld+json\" class=\"yoast-schema-graph\">{\"@context\":\"https:\/\/schema.org\",\"@graph\":[{\"@type\":\"Article\",\"@id\":\"https:\/\/circuitodejerez.com\/2023\/10\/06\/entrenamientos-fia-formula3\/#article\",\"isPartOf\":{\"@id\":\"https:\/\/circuitodejerez.com\/2023\/10\/06\/entrenamientos-fia-formula3\/\"},\"author\":{\"name\":\"publyland\",\"@id\":\"https:\/\/circuitodejerez.com\/#\/schema\/person\/7426c66afad35f522814eb06fb2e213a\"},\"headline\":\"Entrenamientos FIA Formula3\",\"datePublished\":\"2023-10-06T15:46:16+00:00\",\"dateModified\":\"2024-01-29T11:59:20+00:00\",\"mainEntityOfPage\":{\"@id\":\"https:\/\/circuitodejerez.com\/2023\/10\/06\/entrenamientos-fia-formula3\/\"},\"wordCount\":258,\"publisher\":{\"@id\":\"https:\/\/circuitodejerez.com\/#organization\"},\"image\":{\"@id\":\"https:\/\/circuitodejerez.com\/2023\/10\/06\/entrenamientos-fia-formula3\/#primaryimage\"},\"thumbnailUrl\":\"https:\/\/circuitodejerez.com\/wp-content\/uploads\/2024\/01\/noticia_68-scaled.jpg\",\"articleSection\":[\"Noticias\"],\"inLanguage\":\"en-GB\"},{\"@type\":\"WebPage\",\"@id\":\"https:\/\/circuitodejerez.com\/2023\/10\/06\/entrenamientos-fia-formula3\/\",\"url\":\"https:\/\/circuitodejerez.com\/2023\/10\/06\/entrenamientos-fia-formula3\/\",\"name\":\"Entrenamientos FIA Formula3 - Circuito de Jerez \u00c1ngel Nieto\",\"isPartOf\":{\"@id\":\"https:\/\/circuitodejerez.com\/#website\"},\"primaryImageOfPage\":{\"@id\":\"https:\/\/circuitodejerez.com\/2023\/10\/06\/entrenamientos-fia-formula3\/#primaryimage\"},\"image\":{\"@id\":\"https:\/\/circuitodejerez.com\/2023\/10\/06\/entrenamientos-fia-formula3\/#primaryimage\"},\"thumbnailUrl\":\"https:\/\/circuitodejerez.com\/wp-content\/uploads\/2024\/01\/noticia_68-scaled.jpg\",\"datePublished\":\"2023-10-06T15:46:16+00:00\",\"dateModified\":\"2024-01-29T11:59:20+00:00\",\"breadcrumb\":{\"@id\":\"https:\/\/circuitodejerez.com\/2023\/10\/06\/entrenamientos-fia-formula3\/#breadcrumb\"},\"inLanguage\":\"en-GB\",\"potentialAction\":[{\"@type\":\"ReadAction\",\"target\":[\"https:\/\/circuitodejerez.com\/2023\/10\/06\/entrenamientos-fia-formula3\/\"]}]},{\"@type\":\"ImageObject\",\"inLanguage\":\"en-GB\",\"@id\":\"https:\/\/circuitodejerez.com\/2023\/10\/06\/entrenamientos-fia-formula3\/#primaryimage\",\"url\":\"https:\/\/circuitodejerez.com\/wp-content\/uploads\/2024\/01\/noticia_68-scaled.jpg\",\"contentUrl\":\"https:\/\/circuitodejerez.com\/wp-content\/uploads\/2024\/01\/noticia_68-scaled.jpg\",\"width\":2560,\"height\":1706},{\"@type\":\"BreadcrumbList\",\"@id\":\"https:\/\/circuitodejerez.com\/2023\/10\/06\/entrenamientos-fia-formula3\/#breadcrumb\",\"itemListElement\":[{\"@type\":\"ListItem\",\"position\":1,\"name\":\"Portada\",\"item\":\"https:\/\/circuitodejerez.com\/\"},{\"@type\":\"ListItem\",\"position\":2,\"name\":\"Entrenamientos FIA Formula3\"}]},{\"@type\":\"WebSite\",\"@id\":\"https:\/\/circuitodejerez.com\/#website\",\"url\":\"https:\/\/circuitodejerez.com\/\",\"name\":\"Circuito de Jerez \u00c1ngel Nieto\",\"description\":\"Circuito de Jerez \u00c1ngel Nieto\",\"publisher\":{\"@id\":\"https:\/\/circuitodejerez.com\/#organization\"},\"potentialAction\":[{\"@type\":\"SearchAction\",\"target\":{\"@type\":\"EntryPoint\",\"urlTemplate\":\"https:\/\/circuitodejerez.com\/?s={search_term_string}\"},\"query-input\":\"required name=search_term_string\"}],\"inLanguage\":\"en-GB\"},{\"@type\":\"Organization\",\"@id\":\"https:\/\/circuitodejerez.com\/#organization\",\"name\":\"Circuito de Jerez \u00c1ngel Nieto\",\"url\":\"https:\/\/circuitodejerez.com\/\",\"logo\":{\"@type\":\"ImageObject\",\"inLanguage\":\"en-GB\",\"@id\":\"https:\/\/circuitodejerez.com\/#\/schema\/logo\/image\/\",\"url\":\"https:\/\/circuitodejerez.com\/wp-content\/uploads\/2023\/06\/logo-circuito-jerez.png\",\"contentUrl\":\"https:\/\/circuitodejerez.com\/wp-content\/uploads\/2023\/06\/logo-circuito-jerez.png\",\"width\":556,\"height\":142,\"caption\":\"Circuito de Jerez \u00c1ngel Nieto\"},\"image\":{\"@id\":\"https:\/\/circuitodejerez.com\/#\/schema\/logo\/image\/\"},\"sameAs\":[\"https:\/\/www.facebook.com\/circuitodejerezangelnieto\/\",\"https:\/\/x.com\/circuitodejerez\",\"https:\/\/www.instagram.com\/circuito_de_jerez\/?hl=es\",\"https:\/\/www.youtube.com\/user\/cirjesa\"]},{\"@type\":\"Person\",\"@id\":\"https:\/\/circuitodejerez.com\/#\/schema\/person\/7426c66afad35f522814eb06fb2e213a\",\"name\":\"publyland\",\"sameAs\":[\"https:\/\/circuitoangelnieto.com\"],\"url\":\"https:\/\/circuitodejerez.com\/en\/author\/publyland\/\"}]}<\/script>\n<!-- \/ Yoast SEO plugin. -->","yoast_head_json":{"title":"Entrenamientos FIA Formula3 - Circuito de Jerez \u00c1ngel Nieto","robots":{"index":"index","follow":"follow","max-snippet":"max-snippet:-1","max-image-preview":"max-image-preview:large","max-video-preview":"max-video-preview:-1"},"canonical":"https:\/\/circuitodejerez.com\/en\/2023\/10\/06\/entrenamientos-fia-formula3\/","og_locale":"en_GB","og_type":"article","og_title":"Entrenamientos FIA Formula3 - Circuito de Jerez \u00c1ngel Nieto","og_description":"5 de octubre de 2023. Fin de la primera jornada de entrenamientos para la categor\u00eda de monoplazas FIA Formula 3,","og_url":"https:\/\/circuitodejerez.com\/en\/2023\/10\/06\/entrenamientos-fia-formula3\/","og_site_name":"Circuito de Jerez \u00c1ngel Nieto","article_publisher":"https:\/\/www.facebook.com\/circuitodejerezangelnieto\/","article_published_time":"2023-10-06T15:46:16+00:00","article_modified_time":"2024-01-29T11:59:20+00:00","og_image":[{"width":2560,"height":1706,"url":"https:\/\/circuitodejerez.com\/wp-content\/uploads\/2024\/01\/noticia_68-scaled.jpg","type":"image\/jpeg"}],"author":"publyland","twitter_card":"summary_large_image","twitter_creator":"@circuitodejerez","twitter_site":"@circuitodejerez","twitter_misc":{"Written by":"publyland","Estimated reading time":"1 minute"},"schema":{"@context":"https:\/\/schema.org","@graph":[{"@type":"Article","@id":"https:\/\/circuitodejerez.com\/2023\/10\/06\/entrenamientos-fia-formula3\/#article","isPartOf":{"@id":"https:\/\/circuitodejerez.com\/2023\/10\/06\/entrenamientos-fia-formula3\/"},"author":{"name":"publyland","@id":"https:\/\/circuitodejerez.com\/#\/schema\/person\/7426c66afad35f522814eb06fb2e213a"},"headline":"Entrenamientos FIA Formula3","datePublished":"2023-10-06T15:46:16+00:00","dateModified":"2024-01-29T11:59:20+00:00","mainEntityOfPage":{"@id":"https:\/\/circuitodejerez.com\/2023\/10\/06\/entrenamientos-fia-formula3\/"},"wordCount":258,"publisher":{"@id":"https:\/\/circuitodejerez.com\/#organization"},"image":{"@id":"https:\/\/circuitodejerez.com\/2023\/10\/06\/entrenamientos-fia-formula3\/#primaryimage"},"thumbnailUrl":"https:\/\/circuitodejerez.com\/wp-content\/uploads\/2024\/01\/noticia_68-scaled.jpg","articleSection":["Noticias"],"inLanguage":"en-GB"},{"@type":"WebPage","@id":"https:\/\/circuitodejerez.com\/2023\/10\/06\/entrenamientos-fia-formula3\/","url":"https:\/\/circuitodejerez.com\/2023\/10\/06\/entrenamientos-fia-formula3\/","name":"Entrenamientos FIA Formula3 - Circuito de Jerez \u00c1ngel Nieto","isPartOf":{"@id":"https:\/\/circuitodejerez.com\/#website"},"primaryImageOfPage":{"@id":"https:\/\/circuitodejerez.com\/2023\/10\/06\/entrenamientos-fia-formula3\/#primaryimage"},"image":{"@id":"https:\/\/circuitodejerez.com\/2023\/10\/06\/entrenamientos-fia-formula3\/#primaryimage"},"thumbnailUrl":"https:\/\/circuitodejerez.com\/wp-content\/uploads\/2024\/01\/noticia_68-scaled.jpg","datePublished":"2023-10-06T15:46:16+00:00","dateModified":"2024-01-29T11:59:20+00:00","breadcrumb":{"@id":"https:\/\/circuitodejerez.com\/2023\/10\/06\/entrenamientos-fia-formula3\/#breadcrumb"},"inLanguage":"en-GB","potentialAction":[{"@type":"ReadAction","target":["https:\/\/circuitodejerez.com\/2023\/10\/06\/entrenamientos-fia-formula3\/"]}]},{"@type":"ImageObject","inLanguage":"en-GB","@id":"https:\/\/circuitodejerez.com\/2023\/10\/06\/entrenamientos-fia-formula3\/#primaryimage","url":"https:\/\/circuitodejerez.com\/wp-content\/uploads\/2024\/01\/noticia_68-scaled.jpg","contentUrl":"https:\/\/circuitodejerez.com\/wp-content\/uploads\/2024\/01\/noticia_68-scaled.jpg","width":2560,"height":1706},{"@type":"BreadcrumbList","@id":"https:\/\/circuitodejerez.com\/2023\/10\/06\/entrenamientos-fia-formula3\/#breadcrumb","itemListElement":[{"@type":"ListItem","position":1,"name":"Portada","item":"https:\/\/circuitodejerez.com\/"},{"@type":"ListItem","position":2,"name":"Entrenamientos FIA Formula3"}]},{"@type":"WebSite","@id":"https:\/\/circuitodejerez.com\/#website","url":"https:\/\/circuitodejerez.com\/","name":"Circuito de Jerez \u00c1ngel Nieto","description":"Circuito de Jerez \u00c1ngel Nieto","publisher":{"@id":"https:\/\/circuitodejerez.com\/#organization"},"potentialAction":[{"@type":"SearchAction","target":{"@type":"EntryPoint","urlTemplate":"https:\/\/circuitodejerez.com\/?s={search_term_string}"},"query-input":"required name=search_term_string"}],"inLanguage":"en-GB"},{"@type":"Organization","@id":"https:\/\/circuitodejerez.com\/#organization","name":"Circuito de Jerez \u00c1ngel Nieto","url":"https:\/\/circuitodejerez.com\/","logo":{"@type":"ImageObject","inLanguage":"en-GB","@id":"https:\/\/circuitodejerez.com\/#\/schema\/logo\/image\/","url":"https:\/\/circuitodejerez.com\/wp-content\/uploads\/2023\/06\/logo-circuito-jerez.png","contentUrl":"https:\/\/circuitodejerez.com\/wp-content\/uploads\/2023\/06\/logo-circuito-jerez.png","width":556,"height":142,"caption":"Circuito de Jerez \u00c1ngel Nieto"},"image":{"@id":"https:\/\/circuitodejerez.com\/#\/schema\/logo\/image\/"},"sameAs":["https:\/\/www.facebook.com\/circuitodejerezangelnieto\/","https:\/\/x.com\/circuitodejerez","https:\/\/www.instagram.com\/circuito_de_jerez\/?hl=es","https:\/\/www.youtube.com\/user\/cirjesa"]},{"@type":"Person","@id":"https:\/\/circuitodejerez.com\/#\/schema\/person\/7426c66afad35f522814eb06fb2e213a","name":"publyland","sameAs":["https:\/\/circuitoangelnieto.com"],"url":"https:\/\/circuitodejerez.com\/en\/author\/publyland\/"}]}},"_links":{"self":[{"href":"https:\/\/circuitodejerez.com\/en\/wp-json\/wp\/v2\/posts\/35472","targetHints":{"allow":["GET"]}}],"collection":[{"href":"https:\/\/circuitodejerez.com\/en\/wp-json\/wp\/v2\/posts"}],"about":[{"href":"https:\/\/circuitodejerez.com\/en\/wp-json\/wp\/v2\/types\/post"}],"author":[{"embeddable":true,"href":"https:\/\/circuitodejerez.com\/en\/wp-json\/wp\/v2\/users\/1"}],"replies":[{"embeddable":true,"href":"https:\/\/circuitodejerez.com\/en\/wp-json\/wp\/v2\/comments?post=35472"}],"version-history":[{"count":2,"href":"https:\/\/circuitodejerez.com\/en\/wp-json\/wp\/v2\/posts\/35472\/revisions"}],"predecessor-version":[{"id":35879,"href":"https:\/\/circuitodejerez.com\/en\/wp-json\/wp\/v2\/posts\/35472\/revisions\/35879"}],"wp:featuredmedia":[{"embeddable":true,"href":"https:\/\/circuitodejerez.com\/en\/wp-json\/wp\/v2\/media\/35473"}],"wp:attachment":[{"href":"https:\/\/circuitodejerez.com\/en\/wp-json\/wp\/v2\/media?parent=35472"}],"wp:term":[{"taxonomy":"category","embeddable":true,"href":"https:\/\/circuitodejerez.com\/en\/wp-json\/wp\/v2\/categories?post=35472"},{"taxonomy":"post_tag","embeddable":true,"href":"https:\/\/circuitodejerez.com\/en\/wp-json\/wp\/v2\/tags?post=35472"}],"curies":[{"name":"wp","href":"https:\/\/api.w.org\/{rel}","templated":true}]}}