{"id":35475,"date":"2023-10-03T17:47:38","date_gmt":"2023-10-03T15:47:38","guid":{"rendered":"https:\/\/circuitoangelnieto.com\/2024\/01\/22\/competiciones-en-octubre\/"},"modified":"2024-01-29T13:00:29","modified_gmt":"2024-01-29T12:00:29","slug":"competiciones-en-octubre","status":"publish","type":"post","link":"https:\/\/circuitodejerez.com\/en\/2023\/10\/03\/competiciones-en-octubre\/","title":{"rendered":"Competiciones en octubre"},"content":{"rendered":"<p><img loading=\"lazy\" decoding=\"async\" class=\"alignnone size-medium\" style=\"display: none;\" src=\"https:\/\/gestorapp.circuitoangelnieto.com\/\/uploads\/noticias\/noticia_69.jpg\" width=\"600\" height=\"409\" \/><\/p>\n<p>Octubre, cargado de competiciones en el circuito con el ESBK-Campeonato de Espa\u00f1a de Superbike y Jerez Historic Festival que se suman al WorldSBK que se disputar\u00e1 a finales del mes.<\/p>\n<p>*Jueves y viernes de esta semana, entrenamientos oficiales FIA F3<\/p>\n<p><strong>3 de octubre de 2023. <\/strong>Si a finales de este mes de octubre, d\u00edas 27 al 29, el circuito de Jerez-\u00c1ngel Nieto ser\u00e1 protagonista de la \u00faltima prueba puntuable para el mundial de Superbike con el t\u00edtulo de la categor\u00eda reina en juego, los fines de semana previos, es decir, los d\u00edas 14 y 15 y 21 y 22, el trazado jerezano ser\u00e1 escenario, por un lado, de la pen\u00faltima prueba puntuable del Campeonato de Espa\u00f1a de Superbike-ESBK y, por otro, del Jerez Historic Festival, certamen de automovilismo para veh\u00edculos cl\u00e1sicos.<\/p>\n<p>Para el Campeonato de Espa\u00f1a de Superbike-ESBK, ser\u00e1 la segunda ocasi\u00f3n esta temporada en la que visite tierras jerezanas, ya que este certamen abri\u00f3 la temporada en este mismo escenario el pasado mes de abril. En esta ocasi\u00f3n, se trata de la sexta prueba puntuable de la temporada y llegar\u00e1 con las categor\u00edas de SBK, Supersport, SS300, Pre Moto3, Moto4 y SBK Femenino. Tanto jueves 12 como el viernes 13, los pilotos y categor\u00edas en liza realizar\u00e1n tandas de entrenamientos privadas, mientras el s\u00e1bado 14 de octubre, se disputar\u00e1n los entrenamientos oficiales y las primeras mangas de carreras para todas las categor\u00edas. El domingo 15, el programa incluye los warm up y las segundas mangas de carrera a partir de las 11 de la ma\u00f1ana. La entrada s\u00e1bado y domingo para este evento ser\u00e1 gratuita.<\/p>\n<p>Por otra parte, del motociclismo m\u00e1s actual, se pasa el fin de semana siguiente, es decir, d\u00edas 21 y 22 de octubre, al automovilismo m\u00e1s cl\u00e1sico con el Jerez Historic Festival. Un fin de semana en el que se concentrar\u00e1n en la pista jerezana m\u00e1s de 200 veh\u00edculos cl\u00e1sicos, algunos muy especiales y piezas \u00fanicas. Por un lado, estar\u00e1n las categor\u00edas del organizador Targa Iberia como son: \u00a0Historic Grand Prix Cars, que eran los F-1 anteriores a 1965, y los Historic Formula Junior, que en su \u00e9poca fue una categor\u00eda de iniciaci\u00f3n a los monoplazas. Junto a ellas, el organizador portugu\u00e9s Race Ready aportar\u00e1 las categor\u00edas de Historic Endurance, Group1+Mini, carrera los 80, Super 7-420R e Iberian Supercars Endurance, que es la \u00fanica categor\u00eda actual con veh\u00edculos de Gran Turismo de reciente construcci\u00f3n. Las entradas para este evento est\u00e1n a la venta en <a href=\"http:\/\/www.targaiberia.com\/\" target=\"_blank\" rel=\"nofollow noopener\">www.targaiberia.com<\/a><\/p>\n<p><strong>Jueves 5 y viernes 6 de octubre, entrenamientos oficiales FIA F3<\/strong><\/p>\n<p>La categor\u00eda internacional de monoplazas FIA F3, ha elegido de nuevo las instalaciones jerezanas para realizar dos jornadas de entrenamientos colectivos en la que est\u00e1n involucrados las 10 escuder\u00edas que toman parte en el certamen.<\/p>\n<p>En total, ser\u00e1n 31 los pilotos que tomar\u00e1n parte en estas sesiones siendo Mari Boya, el \u00fanico representante nacional pilotando el F3 del equipo tambi\u00e9n espa\u00f1ol de Campos Racing. Los horarios de estos test ser\u00e1n: jueves de 9 a 12 y de 14.00 a 17.00 h. \/ Viernes de 9 a 12 y de 13 a 16 horas. El p\u00fablico podr\u00e1 acceder gratuitamente a los entrenamientos exclusivamente a la tribuna X-1.<\/p>\n<p><img loading=\"lazy\" decoding=\"async\" class=\"alignnone size-medium\" style=\"width: 100%;\" src=\"https:\/\/gestorapp.circuitoangelnieto.com\/\/uploads\/noticias\/noticia_destacada_69.jpg\" width=\"600\" height=\"409\" \/><\/p>","protected":false},"excerpt":{"rendered":"<p>Octubre, cargado de competiciones en el circuito con el ESBK-Campeonato de Espa\u00f1a de Superbike y Jerez Historic Festival que se<\/p>","protected":false},"author":1,"featured_media":35476,"comment_status":"closed","ping_status":"closed","sticky":false,"template":"","format":"standard","meta":{"footnotes":""},"categories":[2],"tags":[],"class_list":["post-35475","post","type-post","status-publish","format-standard","has-post-thumbnail","hentry","category-noticias"],"yoast_head":"<!-- This site is optimized with the Yoast SEO plugin v22.5 - https:\/\/yoast.com\/wordpress\/plugins\/seo\/ -->\n<title>Competiciones en octubre - Circuito de Jerez \u00c1ngel Nieto<\/title>\n<meta name=\"robots\" content=\"index, follow, max-snippet:-1, max-image-preview:large, max-video-preview:-1\" \/>\n<link rel=\"canonical\" href=\"https:\/\/circuitodejerez.com\/en\/2023\/10\/03\/competiciones-en-octubre\/\" \/>\n<meta property=\"og:locale\" content=\"en_GB\" \/>\n<meta property=\"og:type\" content=\"article\" \/>\n<meta property=\"og:title\" content=\"Competiciones en octubre - Circuito de Jerez \u00c1ngel Nieto\" \/>\n<meta property=\"og:description\" content=\"Octubre, cargado de competiciones en el circuito con el ESBK-Campeonato de Espa\u00f1a de Superbike y Jerez Historic Festival que se\" \/>\n<meta property=\"og:url\" content=\"https:\/\/circuitodejerez.com\/en\/2023\/10\/03\/competiciones-en-octubre\/\" \/>\n<meta property=\"og:site_name\" content=\"Circuito de Jerez \u00c1ngel Nieto\" \/>\n<meta property=\"article:publisher\" content=\"https:\/\/www.facebook.com\/circuitodejerezangelnieto\/\" \/>\n<meta property=\"article:published_time\" content=\"2023-10-03T15:47:38+00:00\" \/>\n<meta property=\"article:modified_time\" content=\"2024-01-29T12:00:29+00:00\" \/>\n<meta property=\"og:image\" content=\"https:\/\/circuitodejerez.com\/wp-content\/uploads\/2024\/01\/noticia_69-scaled.jpg\" \/>\n\t<meta property=\"og:image:width\" content=\"2560\" \/>\n\t<meta property=\"og:image:height\" content=\"1707\" \/>\n\t<meta property=\"og:image:type\" content=\"image\/jpeg\" \/>\n<meta name=\"author\" content=\"publyland\" \/>\n<meta name=\"twitter:card\" content=\"summary_large_image\" \/>\n<meta name=\"twitter:creator\" content=\"@circuitodejerez\" \/>\n<meta name=\"twitter:site\" content=\"@circuitodejerez\" \/>\n<meta name=\"twitter:label1\" content=\"Written by\" \/>\n\t<meta name=\"twitter:data1\" content=\"publyland\" \/>\n\t<meta name=\"twitter:label2\" content=\"Estimated reading time\" \/>\n\t<meta name=\"twitter:data2\" content=\"3 minutes\" \/>\n<script type=\"application\/ld+json\" class=\"yoast-schema-graph\">{\"@context\":\"https:\/\/schema.org\",\"@graph\":[{\"@type\":\"Article\",\"@id\":\"https:\/\/circuitodejerez.com\/2023\/10\/03\/competiciones-en-octubre\/#article\",\"isPartOf\":{\"@id\":\"https:\/\/circuitodejerez.com\/2023\/10\/03\/competiciones-en-octubre\/\"},\"author\":{\"name\":\"publyland\",\"@id\":\"https:\/\/circuitodejerez.com\/#\/schema\/person\/7426c66afad35f522814eb06fb2e213a\"},\"headline\":\"Competiciones en octubre\",\"datePublished\":\"2023-10-03T15:47:38+00:00\",\"dateModified\":\"2024-01-29T12:00:29+00:00\",\"mainEntityOfPage\":{\"@id\":\"https:\/\/circuitodejerez.com\/2023\/10\/03\/competiciones-en-octubre\/\"},\"wordCount\":551,\"publisher\":{\"@id\":\"https:\/\/circuitodejerez.com\/#organization\"},\"image\":{\"@id\":\"https:\/\/circuitodejerez.com\/2023\/10\/03\/competiciones-en-octubre\/#primaryimage\"},\"thumbnailUrl\":\"https:\/\/circuitodejerez.com\/wp-content\/uploads\/2024\/01\/noticia_69-scaled.jpg\",\"articleSection\":[\"Noticias\"],\"inLanguage\":\"en-GB\"},{\"@type\":\"WebPage\",\"@id\":\"https:\/\/circuitodejerez.com\/2023\/10\/03\/competiciones-en-octubre\/\",\"url\":\"https:\/\/circuitodejerez.com\/2023\/10\/03\/competiciones-en-octubre\/\",\"name\":\"Competiciones en octubre - Circuito de Jerez \u00c1ngel Nieto\",\"isPartOf\":{\"@id\":\"https:\/\/circuitodejerez.com\/#website\"},\"primaryImageOfPage\":{\"@id\":\"https:\/\/circuitodejerez.com\/2023\/10\/03\/competiciones-en-octubre\/#primaryimage\"},\"image\":{\"@id\":\"https:\/\/circuitodejerez.com\/2023\/10\/03\/competiciones-en-octubre\/#primaryimage\"},\"thumbnailUrl\":\"https:\/\/circuitodejerez.com\/wp-content\/uploads\/2024\/01\/noticia_69-scaled.jpg\",\"datePublished\":\"2023-10-03T15:47:38+00:00\",\"dateModified\":\"2024-01-29T12:00:29+00:00\",\"breadcrumb\":{\"@id\":\"https:\/\/circuitodejerez.com\/2023\/10\/03\/competiciones-en-octubre\/#breadcrumb\"},\"inLanguage\":\"en-GB\",\"potentialAction\":[{\"@type\":\"ReadAction\",\"target\":[\"https:\/\/circuitodejerez.com\/2023\/10\/03\/competiciones-en-octubre\/\"]}]},{\"@type\":\"ImageObject\",\"inLanguage\":\"en-GB\",\"@id\":\"https:\/\/circuitodejerez.com\/2023\/10\/03\/competiciones-en-octubre\/#primaryimage\",\"url\":\"https:\/\/circuitodejerez.com\/wp-content\/uploads\/2024\/01\/noticia_69-scaled.jpg\",\"contentUrl\":\"https:\/\/circuitodejerez.com\/wp-content\/uploads\/2024\/01\/noticia_69-scaled.jpg\",\"width\":2560,\"height\":1707},{\"@type\":\"BreadcrumbList\",\"@id\":\"https:\/\/circuitodejerez.com\/2023\/10\/03\/competiciones-en-octubre\/#breadcrumb\",\"itemListElement\":[{\"@type\":\"ListItem\",\"position\":1,\"name\":\"Portada\",\"item\":\"https:\/\/circuitodejerez.com\/\"},{\"@type\":\"ListItem\",\"position\":2,\"name\":\"Competiciones en octubre\"}]},{\"@type\":\"WebSite\",\"@id\":\"https:\/\/circuitodejerez.com\/#website\",\"url\":\"https:\/\/circuitodejerez.com\/\",\"name\":\"Circuito de Jerez \u00c1ngel Nieto\",\"description\":\"Circuito de Jerez \u00c1ngel Nieto\",\"publisher\":{\"@id\":\"https:\/\/circuitodejerez.com\/#organization\"},\"potentialAction\":[{\"@type\":\"SearchAction\",\"target\":{\"@type\":\"EntryPoint\",\"urlTemplate\":\"https:\/\/circuitodejerez.com\/?s={search_term_string}\"},\"query-input\":\"required name=search_term_string\"}],\"inLanguage\":\"en-GB\"},{\"@type\":\"Organization\",\"@id\":\"https:\/\/circuitodejerez.com\/#organization\",\"name\":\"Circuito de Jerez \u00c1ngel Nieto\",\"url\":\"https:\/\/circuitodejerez.com\/\",\"logo\":{\"@type\":\"ImageObject\",\"inLanguage\":\"en-GB\",\"@id\":\"https:\/\/circuitodejerez.com\/#\/schema\/logo\/image\/\",\"url\":\"https:\/\/circuitodejerez.com\/wp-content\/uploads\/2023\/06\/logo-circuito-jerez.png\",\"contentUrl\":\"https:\/\/circuitodejerez.com\/wp-content\/uploads\/2023\/06\/logo-circuito-jerez.png\",\"width\":556,\"height\":142,\"caption\":\"Circuito de Jerez \u00c1ngel Nieto\"},\"image\":{\"@id\":\"https:\/\/circuitodejerez.com\/#\/schema\/logo\/image\/\"},\"sameAs\":[\"https:\/\/www.facebook.com\/circuitodejerezangelnieto\/\",\"https:\/\/x.com\/circuitodejerez\",\"https:\/\/www.instagram.com\/circuito_de_jerez\/?hl=es\",\"https:\/\/www.youtube.com\/user\/cirjesa\"]},{\"@type\":\"Person\",\"@id\":\"https:\/\/circuitodejerez.com\/#\/schema\/person\/7426c66afad35f522814eb06fb2e213a\",\"name\":\"publyland\",\"sameAs\":[\"https:\/\/circuitoangelnieto.com\"],\"url\":\"https:\/\/circuitodejerez.com\/en\/author\/publyland\/\"}]}<\/script>\n<!-- \/ Yoast SEO plugin. -->","yoast_head_json":{"title":"Competiciones en octubre - Circuito de Jerez \u00c1ngel Nieto","robots":{"index":"index","follow":"follow","max-snippet":"max-snippet:-1","max-image-preview":"max-image-preview:large","max-video-preview":"max-video-preview:-1"},"canonical":"https:\/\/circuitodejerez.com\/en\/2023\/10\/03\/competiciones-en-octubre\/","og_locale":"en_GB","og_type":"article","og_title":"Competiciones en octubre - Circuito de Jerez \u00c1ngel Nieto","og_description":"Octubre, cargado de competiciones en el circuito con el ESBK-Campeonato de Espa\u00f1a de Superbike y Jerez Historic Festival que se","og_url":"https:\/\/circuitodejerez.com\/en\/2023\/10\/03\/competiciones-en-octubre\/","og_site_name":"Circuito de Jerez \u00c1ngel Nieto","article_publisher":"https:\/\/www.facebook.com\/circuitodejerezangelnieto\/","article_published_time":"2023-10-03T15:47:38+00:00","article_modified_time":"2024-01-29T12:00:29+00:00","og_image":[{"width":2560,"height":1707,"url":"https:\/\/circuitodejerez.com\/wp-content\/uploads\/2024\/01\/noticia_69-scaled.jpg","type":"image\/jpeg"}],"author":"publyland","twitter_card":"summary_large_image","twitter_creator":"@circuitodejerez","twitter_site":"@circuitodejerez","twitter_misc":{"Written by":"publyland","Estimated reading time":"3 minutes"},"schema":{"@context":"https:\/\/schema.org","@graph":[{"@type":"Article","@id":"https:\/\/circuitodejerez.com\/2023\/10\/03\/competiciones-en-octubre\/#article","isPartOf":{"@id":"https:\/\/circuitodejerez.com\/2023\/10\/03\/competiciones-en-octubre\/"},"author":{"name":"publyland","@id":"https:\/\/circuitodejerez.com\/#\/schema\/person\/7426c66afad35f522814eb06fb2e213a"},"headline":"Competiciones en octubre","datePublished":"2023-10-03T15:47:38+00:00","dateModified":"2024-01-29T12:00:29+00:00","mainEntityOfPage":{"@id":"https:\/\/circuitodejerez.com\/2023\/10\/03\/competiciones-en-octubre\/"},"wordCount":551,"publisher":{"@id":"https:\/\/circuitodejerez.com\/#organization"},"image":{"@id":"https:\/\/circuitodejerez.com\/2023\/10\/03\/competiciones-en-octubre\/#primaryimage"},"thumbnailUrl":"https:\/\/circuitodejerez.com\/wp-content\/uploads\/2024\/01\/noticia_69-scaled.jpg","articleSection":["Noticias"],"inLanguage":"en-GB"},{"@type":"WebPage","@id":"https:\/\/circuitodejerez.com\/2023\/10\/03\/competiciones-en-octubre\/","url":"https:\/\/circuitodejerez.com\/2023\/10\/03\/competiciones-en-octubre\/","name":"Competiciones en octubre - Circuito de Jerez \u00c1ngel Nieto","isPartOf":{"@id":"https:\/\/circuitodejerez.com\/#website"},"primaryImageOfPage":{"@id":"https:\/\/circuitodejerez.com\/2023\/10\/03\/competiciones-en-octubre\/#primaryimage"},"image":{"@id":"https:\/\/circuitodejerez.com\/2023\/10\/03\/competiciones-en-octubre\/#primaryimage"},"thumbnailUrl":"https:\/\/circuitodejerez.com\/wp-content\/uploads\/2024\/01\/noticia_69-scaled.jpg","datePublished":"2023-10-03T15:47:38+00:00","dateModified":"2024-01-29T12:00:29+00:00","breadcrumb":{"@id":"https:\/\/circuitodejerez.com\/2023\/10\/03\/competiciones-en-octubre\/#breadcrumb"},"inLanguage":"en-GB","potentialAction":[{"@type":"ReadAction","target":["https:\/\/circuitodejerez.com\/2023\/10\/03\/competiciones-en-octubre\/"]}]},{"@type":"ImageObject","inLanguage":"en-GB","@id":"https:\/\/circuitodejerez.com\/2023\/10\/03\/competiciones-en-octubre\/#primaryimage","url":"https:\/\/circuitodejerez.com\/wp-content\/uploads\/2024\/01\/noticia_69-scaled.jpg","contentUrl":"https:\/\/circuitodejerez.com\/wp-content\/uploads\/2024\/01\/noticia_69-scaled.jpg","width":2560,"height":1707},{"@type":"BreadcrumbList","@id":"https:\/\/circuitodejerez.com\/2023\/10\/03\/competiciones-en-octubre\/#breadcrumb","itemListElement":[{"@type":"ListItem","position":1,"name":"Portada","item":"https:\/\/circuitodejerez.com\/"},{"@type":"ListItem","position":2,"name":"Competiciones en octubre"}]},{"@type":"WebSite","@id":"https:\/\/circuitodejerez.com\/#website","url":"https:\/\/circuitodejerez.com\/","name":"Circuito de Jerez \u00c1ngel Nieto","description":"Circuito de Jerez \u00c1ngel Nieto","publisher":{"@id":"https:\/\/circuitodejerez.com\/#organization"},"potentialAction":[{"@type":"SearchAction","target":{"@type":"EntryPoint","urlTemplate":"https:\/\/circuitodejerez.com\/?s={search_term_string}"},"query-input":"required name=search_term_string"}],"inLanguage":"en-GB"},{"@type":"Organization","@id":"https:\/\/circuitodejerez.com\/#organization","name":"Circuito de Jerez \u00c1ngel Nieto","url":"https:\/\/circuitodejerez.com\/","logo":{"@type":"ImageObject","inLanguage":"en-GB","@id":"https:\/\/circuitodejerez.com\/#\/schema\/logo\/image\/","url":"https:\/\/circuitodejerez.com\/wp-content\/uploads\/2023\/06\/logo-circuito-jerez.png","contentUrl":"https:\/\/circuitodejerez.com\/wp-content\/uploads\/2023\/06\/logo-circuito-jerez.png","width":556,"height":142,"caption":"Circuito de Jerez \u00c1ngel Nieto"},"image":{"@id":"https:\/\/circuitodejerez.com\/#\/schema\/logo\/image\/"},"sameAs":["https:\/\/www.facebook.com\/circuitodejerezangelnieto\/","https:\/\/x.com\/circuitodejerez","https:\/\/www.instagram.com\/circuito_de_jerez\/?hl=es","https:\/\/www.youtube.com\/user\/cirjesa"]},{"@type":"Person","@id":"https:\/\/circuitodejerez.com\/#\/schema\/person\/7426c66afad35f522814eb06fb2e213a","name":"publyland","sameAs":["https:\/\/circuitoangelnieto.com"],"url":"https:\/\/circuitodejerez.com\/en\/author\/publyland\/"}]}},"_links":{"self":[{"href":"https:\/\/circuitodejerez.com\/en\/wp-json\/wp\/v2\/posts\/35475","targetHints":{"allow":["GET"]}}],"collection":[{"href":"https:\/\/circuitodejerez.com\/en\/wp-json\/wp\/v2\/posts"}],"about":[{"href":"https:\/\/circuitodejerez.com\/en\/wp-json\/wp\/v2\/types\/post"}],"author":[{"embeddable":true,"href":"https:\/\/circuitodejerez.com\/en\/wp-json\/wp\/v2\/users\/1"}],"replies":[{"embeddable":true,"href":"https:\/\/circuitodejerez.com\/en\/wp-json\/wp\/v2\/comments?post=35475"}],"version-history":[{"count":2,"href":"https:\/\/circuitodejerez.com\/en\/wp-json\/wp\/v2\/posts\/35475\/revisions"}],"predecessor-version":[{"id":35880,"href":"https:\/\/circuitodejerez.com\/en\/wp-json\/wp\/v2\/posts\/35475\/revisions\/35880"}],"wp:featuredmedia":[{"embeddable":true,"href":"https:\/\/circuitodejerez.com\/en\/wp-json\/wp\/v2\/media\/35476"}],"wp:attachment":[{"href":"https:\/\/circuitodejerez.com\/en\/wp-json\/wp\/v2\/media?parent=35475"}],"wp:term":[{"taxonomy":"category","embeddable":true,"href":"https:\/\/circuitodejerez.com\/en\/wp-json\/wp\/v2\/categories?post=35475"},{"taxonomy":"post_tag","embeddable":true,"href":"https:\/\/circuitodejerez.com\/en\/wp-json\/wp\/v2\/tags?post=35475"}],"curies":[{"name":"wp","href":"https:\/\/api.w.org\/{rel}","templated":true}]}}