{"id":35758,"date":"2023-05-18T18:52:08","date_gmt":"2023-05-18T16:52:08","guid":{"rendered":"https:\/\/circuitoangelnieto.com\/2024\/01\/25\/cto-andalucia-ciclismo-adaptado\/"},"modified":"2024-01-29T18:38:37","modified_gmt":"2024-01-29T17:38:37","slug":"cto-andalucia-ciclismo-adaptado","status":"publish","type":"post","link":"https:\/\/circuitodejerez.com\/en\/2023\/05\/18\/cto-andalucia-ciclismo-adaptado\/","title":{"rendered":"Cto. Andaluc\u00eda Ciclismo Adaptado"},"content":{"rendered":"<p><img loading=\"lazy\" decoding=\"async\" style=\"display:none;\" class=\"alignnone size-medium\" src=\"https:\/\/gestorapp.circuitoangelnieto.com\/\/uploads\/noticias\/noticia_75.jpg\" width=\"600\" height=\"409\" \/><\/p>\n<p><p>El Circuito de Jerez-\u00c1ngel Nieto acoger\u00e1 el s\u00e1bado 19 de agosto el Campeonato de Andaluc\u00eda de Ciclismo Paral\u00edmpico en Carretera 2023. Como ya ocurriera en 2022, el  trazado jerezano ser\u00e1 el escenario donde se llevar\u00e1n a cabo las pruebas de Crono y en L\u00ednea que forman este campeonato regional donde se coronar\u00e1n los mejores ciclistas paral\u00edmpicos de nuestra tierra.<\/p>\n<p>El evento se llevar\u00e1 a cabo coincidiendo con la disputa del \u2018VI Gran Premio Cl\u00ednica Beiman Gold Bike Jerez\u2019, prueba que ser\u00e1 valedera para CAREBA Cadete\/J\u00fanior, Copa Andaluc\u00eda F\u00e9minas y Circuito Provincial de C\u00e1diz Carretera 2023 para escuelas, cadete y j\u00fanior. Por lo tanto, el trazado jerezano se convertir\u00e1 en una aut\u00e9ntica fiesta del ciclismo tanto a nivel provincial como auton\u00f3mico.<\/p>\n<p>Este campeonato estar\u00e1 abierto a todas las categor\u00edas de ciclismo paral\u00edmpico, masculinas y femeninas, reconocidas por la Real Federaci\u00f3n Espa\u00f1ola de Ciclismo.<\/p>\n<p><\/p>\n<p><img loading=\"lazy\" decoding=\"async\" style=\"width: 100%;\" class=\"alignnone size-medium\" src=\"https:\/\/gestorapp.circuitoangelnieto.com\/\/uploads\/noticias\/noticia_destacada_75.jpg\" width=\"600\" height=\"409\" \/><\/p>","protected":false},"excerpt":{"rendered":"<p>El Circuito de Jerez-\u00c1ngel Nieto acoger\u00e1 el s\u00e1bado 19 de agosto el Campeonato de Andaluc\u00eda de Ciclismo Paral\u00edmpico en Carretera<\/p>","protected":false},"author":1,"featured_media":35759,"comment_status":"closed","ping_status":"closed","sticky":false,"template":"","format":"standard","meta":{"footnotes":""},"categories":[2],"tags":[],"class_list":["post-35758","post","type-post","status-publish","format-standard","has-post-thumbnail","hentry","category-noticias"],"yoast_head":"<!-- This site is optimized with the Yoast SEO plugin v22.5 - https:\/\/yoast.com\/wordpress\/plugins\/seo\/ -->\n<title>Cto. Andaluc\u00eda Ciclismo Adaptado - Circuito de Jerez \u00c1ngel Nieto<\/title>\n<meta name=\"robots\" content=\"index, follow, max-snippet:-1, max-image-preview:large, max-video-preview:-1\" \/>\n<link rel=\"canonical\" href=\"https:\/\/circuitodejerez.com\/en\/2023\/05\/18\/cto-andalucia-ciclismo-adaptado\/\" \/>\n<meta property=\"og:locale\" content=\"en_GB\" \/>\n<meta property=\"og:type\" content=\"article\" \/>\n<meta property=\"og:title\" content=\"Cto. Andaluc\u00eda Ciclismo Adaptado - Circuito de Jerez \u00c1ngel Nieto\" \/>\n<meta property=\"og:description\" content=\"El Circuito de Jerez-\u00c1ngel Nieto acoger\u00e1 el s\u00e1bado 19 de agosto el Campeonato de Andaluc\u00eda de Ciclismo Paral\u00edmpico en Carretera\" \/>\n<meta property=\"og:url\" content=\"https:\/\/circuitodejerez.com\/en\/2023\/05\/18\/cto-andalucia-ciclismo-adaptado\/\" \/>\n<meta property=\"og:site_name\" content=\"Circuito de Jerez \u00c1ngel Nieto\" \/>\n<meta property=\"article:publisher\" content=\"https:\/\/www.facebook.com\/circuitodejerezangelnieto\/\" \/>\n<meta property=\"article:published_time\" content=\"2023-05-18T16:52:08+00:00\" \/>\n<meta property=\"article:modified_time\" content=\"2024-01-29T17:38:37+00:00\" \/>\n<meta property=\"og:image\" content=\"https:\/\/circuitodejerez.com\/wp-content\/uploads\/2024\/01\/noticia_75-scaled.jpg\" \/>\n\t<meta property=\"og:image:width\" content=\"2560\" \/>\n\t<meta property=\"og:image:height\" content=\"1706\" \/>\n\t<meta property=\"og:image:type\" content=\"image\/jpeg\" \/>\n<meta name=\"author\" content=\"publyland\" \/>\n<meta name=\"twitter:card\" content=\"summary_large_image\" \/>\n<meta name=\"twitter:creator\" content=\"@circuitodejerez\" \/>\n<meta name=\"twitter:site\" content=\"@circuitodejerez\" \/>\n<meta name=\"twitter:label1\" content=\"Written by\" \/>\n\t<meta name=\"twitter:data1\" content=\"publyland\" \/>\n\t<meta name=\"twitter:label2\" content=\"Estimated reading time\" \/>\n\t<meta name=\"twitter:data2\" content=\"1 minute\" \/>\n<script type=\"application\/ld+json\" class=\"yoast-schema-graph\">{\"@context\":\"https:\/\/schema.org\",\"@graph\":[{\"@type\":\"Article\",\"@id\":\"https:\/\/circuitodejerez.com\/2023\/05\/18\/cto-andalucia-ciclismo-adaptado\/#article\",\"isPartOf\":{\"@id\":\"https:\/\/circuitodejerez.com\/2023\/05\/18\/cto-andalucia-ciclismo-adaptado\/\"},\"author\":{\"name\":\"publyland\",\"@id\":\"https:\/\/circuitodejerez.com\/#\/schema\/person\/7426c66afad35f522814eb06fb2e213a\"},\"headline\":\"Cto. Andaluc\u00eda Ciclismo Adaptado\",\"datePublished\":\"2023-05-18T16:52:08+00:00\",\"dateModified\":\"2024-01-29T17:38:37+00:00\",\"mainEntityOfPage\":{\"@id\":\"https:\/\/circuitodejerez.com\/2023\/05\/18\/cto-andalucia-ciclismo-adaptado\/\"},\"wordCount\":164,\"publisher\":{\"@id\":\"https:\/\/circuitodejerez.com\/#organization\"},\"image\":{\"@id\":\"https:\/\/circuitodejerez.com\/2023\/05\/18\/cto-andalucia-ciclismo-adaptado\/#primaryimage\"},\"thumbnailUrl\":\"https:\/\/circuitodejerez.com\/wp-content\/uploads\/2024\/01\/noticia_75-scaled.jpg\",\"articleSection\":[\"Noticias\"],\"inLanguage\":\"en-GB\"},{\"@type\":\"WebPage\",\"@id\":\"https:\/\/circuitodejerez.com\/2023\/05\/18\/cto-andalucia-ciclismo-adaptado\/\",\"url\":\"https:\/\/circuitodejerez.com\/2023\/05\/18\/cto-andalucia-ciclismo-adaptado\/\",\"name\":\"Cto. Andaluc\u00eda Ciclismo Adaptado - Circuito de Jerez \u00c1ngel Nieto\",\"isPartOf\":{\"@id\":\"https:\/\/circuitodejerez.com\/#website\"},\"primaryImageOfPage\":{\"@id\":\"https:\/\/circuitodejerez.com\/2023\/05\/18\/cto-andalucia-ciclismo-adaptado\/#primaryimage\"},\"image\":{\"@id\":\"https:\/\/circuitodejerez.com\/2023\/05\/18\/cto-andalucia-ciclismo-adaptado\/#primaryimage\"},\"thumbnailUrl\":\"https:\/\/circuitodejerez.com\/wp-content\/uploads\/2024\/01\/noticia_75-scaled.jpg\",\"datePublished\":\"2023-05-18T16:52:08+00:00\",\"dateModified\":\"2024-01-29T17:38:37+00:00\",\"breadcrumb\":{\"@id\":\"https:\/\/circuitodejerez.com\/2023\/05\/18\/cto-andalucia-ciclismo-adaptado\/#breadcrumb\"},\"inLanguage\":\"en-GB\",\"potentialAction\":[{\"@type\":\"ReadAction\",\"target\":[\"https:\/\/circuitodejerez.com\/2023\/05\/18\/cto-andalucia-ciclismo-adaptado\/\"]}]},{\"@type\":\"ImageObject\",\"inLanguage\":\"en-GB\",\"@id\":\"https:\/\/circuitodejerez.com\/2023\/05\/18\/cto-andalucia-ciclismo-adaptado\/#primaryimage\",\"url\":\"https:\/\/circuitodejerez.com\/wp-content\/uploads\/2024\/01\/noticia_75-scaled.jpg\",\"contentUrl\":\"https:\/\/circuitodejerez.com\/wp-content\/uploads\/2024\/01\/noticia_75-scaled.jpg\",\"width\":2560,\"height\":1706},{\"@type\":\"BreadcrumbList\",\"@id\":\"https:\/\/circuitodejerez.com\/2023\/05\/18\/cto-andalucia-ciclismo-adaptado\/#breadcrumb\",\"itemListElement\":[{\"@type\":\"ListItem\",\"position\":1,\"name\":\"Portada\",\"item\":\"https:\/\/circuitodejerez.com\/\"},{\"@type\":\"ListItem\",\"position\":2,\"name\":\"Cto. Andaluc\u00eda Ciclismo Adaptado\"}]},{\"@type\":\"WebSite\",\"@id\":\"https:\/\/circuitodejerez.com\/#website\",\"url\":\"https:\/\/circuitodejerez.com\/\",\"name\":\"Circuito de Jerez \u00c1ngel Nieto\",\"description\":\"Circuito de Jerez \u00c1ngel Nieto\",\"publisher\":{\"@id\":\"https:\/\/circuitodejerez.com\/#organization\"},\"potentialAction\":[{\"@type\":\"SearchAction\",\"target\":{\"@type\":\"EntryPoint\",\"urlTemplate\":\"https:\/\/circuitodejerez.com\/?s={search_term_string}\"},\"query-input\":\"required name=search_term_string\"}],\"inLanguage\":\"en-GB\"},{\"@type\":\"Organization\",\"@id\":\"https:\/\/circuitodejerez.com\/#organization\",\"name\":\"Circuito de Jerez \u00c1ngel Nieto\",\"url\":\"https:\/\/circuitodejerez.com\/\",\"logo\":{\"@type\":\"ImageObject\",\"inLanguage\":\"en-GB\",\"@id\":\"https:\/\/circuitodejerez.com\/#\/schema\/logo\/image\/\",\"url\":\"https:\/\/circuitodejerez.com\/wp-content\/uploads\/2023\/06\/logo-circuito-jerez.png\",\"contentUrl\":\"https:\/\/circuitodejerez.com\/wp-content\/uploads\/2023\/06\/logo-circuito-jerez.png\",\"width\":556,\"height\":142,\"caption\":\"Circuito de Jerez \u00c1ngel Nieto\"},\"image\":{\"@id\":\"https:\/\/circuitodejerez.com\/#\/schema\/logo\/image\/\"},\"sameAs\":[\"https:\/\/www.facebook.com\/circuitodejerezangelnieto\/\",\"https:\/\/x.com\/circuitodejerez\",\"https:\/\/www.instagram.com\/circuito_de_jerez\/?hl=es\",\"https:\/\/www.youtube.com\/user\/cirjesa\"]},{\"@type\":\"Person\",\"@id\":\"https:\/\/circuitodejerez.com\/#\/schema\/person\/7426c66afad35f522814eb06fb2e213a\",\"name\":\"publyland\",\"sameAs\":[\"https:\/\/circuitoangelnieto.com\"],\"url\":\"https:\/\/circuitodejerez.com\/en\/author\/publyland\/\"}]}<\/script>\n<!-- \/ Yoast SEO plugin. -->","yoast_head_json":{"title":"Cto. Andaluc\u00eda Ciclismo Adaptado - Circuito de Jerez \u00c1ngel Nieto","robots":{"index":"index","follow":"follow","max-snippet":"max-snippet:-1","max-image-preview":"max-image-preview:large","max-video-preview":"max-video-preview:-1"},"canonical":"https:\/\/circuitodejerez.com\/en\/2023\/05\/18\/cto-andalucia-ciclismo-adaptado\/","og_locale":"en_GB","og_type":"article","og_title":"Cto. Andaluc\u00eda Ciclismo Adaptado - Circuito de Jerez \u00c1ngel Nieto","og_description":"El Circuito de Jerez-\u00c1ngel Nieto acoger\u00e1 el s\u00e1bado 19 de agosto el Campeonato de Andaluc\u00eda de Ciclismo Paral\u00edmpico en Carretera","og_url":"https:\/\/circuitodejerez.com\/en\/2023\/05\/18\/cto-andalucia-ciclismo-adaptado\/","og_site_name":"Circuito de Jerez \u00c1ngel Nieto","article_publisher":"https:\/\/www.facebook.com\/circuitodejerezangelnieto\/","article_published_time":"2023-05-18T16:52:08+00:00","article_modified_time":"2024-01-29T17:38:37+00:00","og_image":[{"width":2560,"height":1706,"url":"https:\/\/circuitodejerez.com\/wp-content\/uploads\/2024\/01\/noticia_75-scaled.jpg","type":"image\/jpeg"}],"author":"publyland","twitter_card":"summary_large_image","twitter_creator":"@circuitodejerez","twitter_site":"@circuitodejerez","twitter_misc":{"Written by":"publyland","Estimated reading time":"1 minute"},"schema":{"@context":"https:\/\/schema.org","@graph":[{"@type":"Article","@id":"https:\/\/circuitodejerez.com\/2023\/05\/18\/cto-andalucia-ciclismo-adaptado\/#article","isPartOf":{"@id":"https:\/\/circuitodejerez.com\/2023\/05\/18\/cto-andalucia-ciclismo-adaptado\/"},"author":{"name":"publyland","@id":"https:\/\/circuitodejerez.com\/#\/schema\/person\/7426c66afad35f522814eb06fb2e213a"},"headline":"Cto. Andaluc\u00eda Ciclismo Adaptado","datePublished":"2023-05-18T16:52:08+00:00","dateModified":"2024-01-29T17:38:37+00:00","mainEntityOfPage":{"@id":"https:\/\/circuitodejerez.com\/2023\/05\/18\/cto-andalucia-ciclismo-adaptado\/"},"wordCount":164,"publisher":{"@id":"https:\/\/circuitodejerez.com\/#organization"},"image":{"@id":"https:\/\/circuitodejerez.com\/2023\/05\/18\/cto-andalucia-ciclismo-adaptado\/#primaryimage"},"thumbnailUrl":"https:\/\/circuitodejerez.com\/wp-content\/uploads\/2024\/01\/noticia_75-scaled.jpg","articleSection":["Noticias"],"inLanguage":"en-GB"},{"@type":"WebPage","@id":"https:\/\/circuitodejerez.com\/2023\/05\/18\/cto-andalucia-ciclismo-adaptado\/","url":"https:\/\/circuitodejerez.com\/2023\/05\/18\/cto-andalucia-ciclismo-adaptado\/","name":"Cto. Andaluc\u00eda Ciclismo Adaptado - Circuito de Jerez \u00c1ngel Nieto","isPartOf":{"@id":"https:\/\/circuitodejerez.com\/#website"},"primaryImageOfPage":{"@id":"https:\/\/circuitodejerez.com\/2023\/05\/18\/cto-andalucia-ciclismo-adaptado\/#primaryimage"},"image":{"@id":"https:\/\/circuitodejerez.com\/2023\/05\/18\/cto-andalucia-ciclismo-adaptado\/#primaryimage"},"thumbnailUrl":"https:\/\/circuitodejerez.com\/wp-content\/uploads\/2024\/01\/noticia_75-scaled.jpg","datePublished":"2023-05-18T16:52:08+00:00","dateModified":"2024-01-29T17:38:37+00:00","breadcrumb":{"@id":"https:\/\/circuitodejerez.com\/2023\/05\/18\/cto-andalucia-ciclismo-adaptado\/#breadcrumb"},"inLanguage":"en-GB","potentialAction":[{"@type":"ReadAction","target":["https:\/\/circuitodejerez.com\/2023\/05\/18\/cto-andalucia-ciclismo-adaptado\/"]}]},{"@type":"ImageObject","inLanguage":"en-GB","@id":"https:\/\/circuitodejerez.com\/2023\/05\/18\/cto-andalucia-ciclismo-adaptado\/#primaryimage","url":"https:\/\/circuitodejerez.com\/wp-content\/uploads\/2024\/01\/noticia_75-scaled.jpg","contentUrl":"https:\/\/circuitodejerez.com\/wp-content\/uploads\/2024\/01\/noticia_75-scaled.jpg","width":2560,"height":1706},{"@type":"BreadcrumbList","@id":"https:\/\/circuitodejerez.com\/2023\/05\/18\/cto-andalucia-ciclismo-adaptado\/#breadcrumb","itemListElement":[{"@type":"ListItem","position":1,"name":"Portada","item":"https:\/\/circuitodejerez.com\/"},{"@type":"ListItem","position":2,"name":"Cto. Andaluc\u00eda Ciclismo Adaptado"}]},{"@type":"WebSite","@id":"https:\/\/circuitodejerez.com\/#website","url":"https:\/\/circuitodejerez.com\/","name":"Circuito de Jerez \u00c1ngel Nieto","description":"Circuito de Jerez \u00c1ngel Nieto","publisher":{"@id":"https:\/\/circuitodejerez.com\/#organization"},"potentialAction":[{"@type":"SearchAction","target":{"@type":"EntryPoint","urlTemplate":"https:\/\/circuitodejerez.com\/?s={search_term_string}"},"query-input":"required name=search_term_string"}],"inLanguage":"en-GB"},{"@type":"Organization","@id":"https:\/\/circuitodejerez.com\/#organization","name":"Circuito de Jerez \u00c1ngel Nieto","url":"https:\/\/circuitodejerez.com\/","logo":{"@type":"ImageObject","inLanguage":"en-GB","@id":"https:\/\/circuitodejerez.com\/#\/schema\/logo\/image\/","url":"https:\/\/circuitodejerez.com\/wp-content\/uploads\/2023\/06\/logo-circuito-jerez.png","contentUrl":"https:\/\/circuitodejerez.com\/wp-content\/uploads\/2023\/06\/logo-circuito-jerez.png","width":556,"height":142,"caption":"Circuito de Jerez \u00c1ngel Nieto"},"image":{"@id":"https:\/\/circuitodejerez.com\/#\/schema\/logo\/image\/"},"sameAs":["https:\/\/www.facebook.com\/circuitodejerezangelnieto\/","https:\/\/x.com\/circuitodejerez","https:\/\/www.instagram.com\/circuito_de_jerez\/?hl=es","https:\/\/www.youtube.com\/user\/cirjesa"]},{"@type":"Person","@id":"https:\/\/circuitodejerez.com\/#\/schema\/person\/7426c66afad35f522814eb06fb2e213a","name":"publyland","sameAs":["https:\/\/circuitoangelnieto.com"],"url":"https:\/\/circuitodejerez.com\/en\/author\/publyland\/"}]}},"_links":{"self":[{"href":"https:\/\/circuitodejerez.com\/en\/wp-json\/wp\/v2\/posts\/35758","targetHints":{"allow":["GET"]}}],"collection":[{"href":"https:\/\/circuitodejerez.com\/en\/wp-json\/wp\/v2\/posts"}],"about":[{"href":"https:\/\/circuitodejerez.com\/en\/wp-json\/wp\/v2\/types\/post"}],"author":[{"embeddable":true,"href":"https:\/\/circuitodejerez.com\/en\/wp-json\/wp\/v2\/users\/1"}],"replies":[{"embeddable":true,"href":"https:\/\/circuitodejerez.com\/en\/wp-json\/wp\/v2\/comments?post=35758"}],"version-history":[{"count":1,"href":"https:\/\/circuitodejerez.com\/en\/wp-json\/wp\/v2\/posts\/35758\/revisions"}],"predecessor-version":[{"id":35760,"href":"https:\/\/circuitodejerez.com\/en\/wp-json\/wp\/v2\/posts\/35758\/revisions\/35760"}],"wp:featuredmedia":[{"embeddable":true,"href":"https:\/\/circuitodejerez.com\/en\/wp-json\/wp\/v2\/media\/35759"}],"wp:attachment":[{"href":"https:\/\/circuitodejerez.com\/en\/wp-json\/wp\/v2\/media?parent=35758"}],"wp:term":[{"taxonomy":"category","embeddable":true,"href":"https:\/\/circuitodejerez.com\/en\/wp-json\/wp\/v2\/categories?post=35758"},{"taxonomy":"post_tag","embeddable":true,"href":"https:\/\/circuitodejerez.com\/en\/wp-json\/wp\/v2\/tags?post=35758"}],"curies":[{"name":"wp","href":"https:\/\/api.w.org\/{rel}","templated":true}]}}