{"id":35764,"date":"2023-05-02T18:56:04","date_gmt":"2023-05-02T16:56:04","guid":{"rendered":"https:\/\/circuitoangelnieto.com\/2024\/01\/25\/test-oficial-moto2-moto3\/"},"modified":"2024-01-29T18:41:22","modified_gmt":"2024-01-29T17:41:22","slug":"test-oficial-moto2-moto3","status":"publish","type":"post","link":"https:\/\/circuitodejerez.com\/en\/2023\/05\/02\/test-oficial-moto2-moto3\/","title":{"rendered":"Test oficial Moto2-Moto3"},"content":{"rendered":"<p><img loading=\"lazy\" decoding=\"async\" class=\"alignnone size-medium\" style=\"display: none;\" src=\"https:\/\/gestorapp.circuitoangelnieto.com\/\/uploads\/noticias\/noticia_77.jpg\" width=\"600\" height=\"409\" \/><\/p>\n<p><strong>Concluye el test oficial para las categor\u00edas de Moto2 y Moto3 con Aron Canet y Deniz Onc\u00fc respectivamente, estableciendo el mejor tiempo de la jornada.<\/strong><\/p>\n<p><strong>2 de mayo de 2023.<\/strong>\u00a0Se cerraba hoy completamente la edici\u00f3n 2023 del Gran Premio de Espa\u00f1a, tras poner fin los equipos de Moto2 y Moto3 a su estancia en tierras jerezanas una vez concluidos los entrenamientos oficiales que hoy llevaban a cabo en el trazado jerezano.<\/p>\n<p>Al igual que hiciera ayer la clase MotoGP, hoy eran las huestes de la categor\u00eda intermedia y peque\u00f1a del mundial, las que prolongaban una jornada m\u00e1s su estancia en Jerez para trabajar en las motos de cara a las pr\u00f3ximas carreras del calendario, entre ellas Le Mans el pr\u00f3ximo 14 de mayo. 18 pilotos en la categor\u00eda de Moto3 y 20 en la de Moto2 (con la ausencia destacada de Pedro Acosta, segundo clasificado en el Gran Premio el pasado domingo), sal\u00edan hoy a pista en las tres mangas con las que han contado a lo largo de la jornada cada una de las categor\u00edas.<\/p>\n<p>En Moto2, el mejor tiempo de la jornada lo establec\u00eda el piloto espa\u00f1ol Aron Canet que paraba el crono en 1.41.264, seguido del tambi\u00e9n espa\u00f1ol Sergio Garcia (1.41.282) y el brit\u00e1nico Jack Dixon que lo hac\u00eda en 1.41.318.<\/p>\n<p>Por su parte, la categor\u00eda de Moto3 era Deniz Onc\u00fc el m\u00e1s r\u00e1pido en la combinada de las tres sesiones parando el crono en 1.45.263 establecido en la primera tanda matinal. La mayor\u00eda de los tiempos se marcaron en esta primera tanda y fueron s\u00f3lo 4 pilotos quienes lograban mejorar en la segunda ya con la temperatura del asfalto muy alta, al igual que en la tercera en la que s\u00f3lo uno de ellos mejoraba su mejor marca del d\u00eda. Al final de la sesi\u00f3n, Deniz Onc\u00fc era el m\u00e1s r\u00e1pido con 1.45.263, seguido de David Alonso que marcaba un 1.45.905 y Xavier Artigas con 1.45.973<\/p>\n<p><img loading=\"lazy\" decoding=\"async\" class=\"alignnone size-medium\" style=\"width: 100%;\" src=\"https:\/\/gestorapp.circuitoangelnieto.com\/\/uploads\/noticias\/noticia_destacada_77.jpg\" width=\"600\" height=\"409\" \/><\/p>","protected":false},"excerpt":{"rendered":"<p>Concluye el test oficial para las categor\u00edas de Moto2 y Moto3 con Aron Canet y Deniz Onc\u00fc respectivamente, estableciendo el<\/p>","protected":false},"author":1,"featured_media":35765,"comment_status":"closed","ping_status":"closed","sticky":false,"template":"","format":"standard","meta":{"footnotes":""},"categories":[2],"tags":[],"class_list":["post-35764","post","type-post","status-publish","format-standard","has-post-thumbnail","hentry","category-noticias"],"yoast_head":"<!-- This site is optimized with the Yoast SEO plugin v22.5 - https:\/\/yoast.com\/wordpress\/plugins\/seo\/ -->\n<title>Test oficial Moto2-Moto3 - Circuito de Jerez \u00c1ngel Nieto<\/title>\n<meta name=\"robots\" content=\"index, follow, max-snippet:-1, max-image-preview:large, max-video-preview:-1\" \/>\n<link rel=\"canonical\" href=\"https:\/\/circuitodejerez.com\/en\/2023\/05\/02\/test-oficial-moto2-moto3\/\" \/>\n<meta property=\"og:locale\" content=\"en_GB\" \/>\n<meta property=\"og:type\" content=\"article\" \/>\n<meta property=\"og:title\" content=\"Test oficial Moto2-Moto3 - Circuito de Jerez \u00c1ngel Nieto\" \/>\n<meta property=\"og:description\" content=\"Concluye el test oficial para las categor\u00edas de Moto2 y Moto3 con Aron Canet y Deniz Onc\u00fc respectivamente, estableciendo el\" \/>\n<meta property=\"og:url\" content=\"https:\/\/circuitodejerez.com\/en\/2023\/05\/02\/test-oficial-moto2-moto3\/\" \/>\n<meta property=\"og:site_name\" content=\"Circuito de Jerez \u00c1ngel Nieto\" \/>\n<meta property=\"article:publisher\" content=\"https:\/\/www.facebook.com\/circuitodejerezangelnieto\/\" \/>\n<meta property=\"article:published_time\" content=\"2023-05-02T16:56:04+00:00\" \/>\n<meta property=\"article:modified_time\" content=\"2024-01-29T17:41:22+00:00\" \/>\n<meta property=\"og:image\" content=\"https:\/\/circuitodejerez.com\/wp-content\/uploads\/2024\/01\/noticia_77-scaled.jpg\" \/>\n\t<meta property=\"og:image:width\" content=\"2560\" \/>\n\t<meta property=\"og:image:height\" content=\"1706\" \/>\n\t<meta property=\"og:image:type\" content=\"image\/jpeg\" \/>\n<meta name=\"author\" content=\"publyland\" \/>\n<meta name=\"twitter:card\" content=\"summary_large_image\" \/>\n<meta name=\"twitter:creator\" content=\"@circuitodejerez\" \/>\n<meta name=\"twitter:site\" content=\"@circuitodejerez\" \/>\n<meta name=\"twitter:label1\" content=\"Written by\" \/>\n\t<meta name=\"twitter:data1\" content=\"publyland\" \/>\n\t<meta name=\"twitter:label2\" content=\"Estimated reading time\" \/>\n\t<meta name=\"twitter:data2\" content=\"2 minutes\" \/>\n<script type=\"application\/ld+json\" class=\"yoast-schema-graph\">{\"@context\":\"https:\/\/schema.org\",\"@graph\":[{\"@type\":\"Article\",\"@id\":\"https:\/\/circuitodejerez.com\/2023\/05\/02\/test-oficial-moto2-moto3\/#article\",\"isPartOf\":{\"@id\":\"https:\/\/circuitodejerez.com\/2023\/05\/02\/test-oficial-moto2-moto3\/\"},\"author\":{\"name\":\"publyland\",\"@id\":\"https:\/\/circuitodejerez.com\/#\/schema\/person\/7426c66afad35f522814eb06fb2e213a\"},\"headline\":\"Test oficial Moto2-Moto3\",\"datePublished\":\"2023-05-02T16:56:04+00:00\",\"dateModified\":\"2024-01-29T17:41:22+00:00\",\"mainEntityOfPage\":{\"@id\":\"https:\/\/circuitodejerez.com\/2023\/05\/02\/test-oficial-moto2-moto3\/\"},\"wordCount\":338,\"publisher\":{\"@id\":\"https:\/\/circuitodejerez.com\/#organization\"},\"image\":{\"@id\":\"https:\/\/circuitodejerez.com\/2023\/05\/02\/test-oficial-moto2-moto3\/#primaryimage\"},\"thumbnailUrl\":\"https:\/\/circuitodejerez.com\/wp-content\/uploads\/2024\/01\/noticia_77-scaled.jpg\",\"articleSection\":[\"Noticias\"],\"inLanguage\":\"en-GB\"},{\"@type\":\"WebPage\",\"@id\":\"https:\/\/circuitodejerez.com\/2023\/05\/02\/test-oficial-moto2-moto3\/\",\"url\":\"https:\/\/circuitodejerez.com\/2023\/05\/02\/test-oficial-moto2-moto3\/\",\"name\":\"Test oficial Moto2-Moto3 - Circuito de Jerez \u00c1ngel Nieto\",\"isPartOf\":{\"@id\":\"https:\/\/circuitodejerez.com\/#website\"},\"primaryImageOfPage\":{\"@id\":\"https:\/\/circuitodejerez.com\/2023\/05\/02\/test-oficial-moto2-moto3\/#primaryimage\"},\"image\":{\"@id\":\"https:\/\/circuitodejerez.com\/2023\/05\/02\/test-oficial-moto2-moto3\/#primaryimage\"},\"thumbnailUrl\":\"https:\/\/circuitodejerez.com\/wp-content\/uploads\/2024\/01\/noticia_77-scaled.jpg\",\"datePublished\":\"2023-05-02T16:56:04+00:00\",\"dateModified\":\"2024-01-29T17:41:22+00:00\",\"breadcrumb\":{\"@id\":\"https:\/\/circuitodejerez.com\/2023\/05\/02\/test-oficial-moto2-moto3\/#breadcrumb\"},\"inLanguage\":\"en-GB\",\"potentialAction\":[{\"@type\":\"ReadAction\",\"target\":[\"https:\/\/circuitodejerez.com\/2023\/05\/02\/test-oficial-moto2-moto3\/\"]}]},{\"@type\":\"ImageObject\",\"inLanguage\":\"en-GB\",\"@id\":\"https:\/\/circuitodejerez.com\/2023\/05\/02\/test-oficial-moto2-moto3\/#primaryimage\",\"url\":\"https:\/\/circuitodejerez.com\/wp-content\/uploads\/2024\/01\/noticia_77-scaled.jpg\",\"contentUrl\":\"https:\/\/circuitodejerez.com\/wp-content\/uploads\/2024\/01\/noticia_77-scaled.jpg\",\"width\":2560,\"height\":1706},{\"@type\":\"BreadcrumbList\",\"@id\":\"https:\/\/circuitodejerez.com\/2023\/05\/02\/test-oficial-moto2-moto3\/#breadcrumb\",\"itemListElement\":[{\"@type\":\"ListItem\",\"position\":1,\"name\":\"Portada\",\"item\":\"https:\/\/circuitodejerez.com\/\"},{\"@type\":\"ListItem\",\"position\":2,\"name\":\"Test oficial Moto2-Moto3\"}]},{\"@type\":\"WebSite\",\"@id\":\"https:\/\/circuitodejerez.com\/#website\",\"url\":\"https:\/\/circuitodejerez.com\/\",\"name\":\"Circuito de Jerez \u00c1ngel Nieto\",\"description\":\"Circuito de Jerez \u00c1ngel Nieto\",\"publisher\":{\"@id\":\"https:\/\/circuitodejerez.com\/#organization\"},\"potentialAction\":[{\"@type\":\"SearchAction\",\"target\":{\"@type\":\"EntryPoint\",\"urlTemplate\":\"https:\/\/circuitodejerez.com\/?s={search_term_string}\"},\"query-input\":\"required name=search_term_string\"}],\"inLanguage\":\"en-GB\"},{\"@type\":\"Organization\",\"@id\":\"https:\/\/circuitodejerez.com\/#organization\",\"name\":\"Circuito de Jerez \u00c1ngel Nieto\",\"url\":\"https:\/\/circuitodejerez.com\/\",\"logo\":{\"@type\":\"ImageObject\",\"inLanguage\":\"en-GB\",\"@id\":\"https:\/\/circuitodejerez.com\/#\/schema\/logo\/image\/\",\"url\":\"https:\/\/circuitodejerez.com\/wp-content\/uploads\/2023\/06\/logo-circuito-jerez.png\",\"contentUrl\":\"https:\/\/circuitodejerez.com\/wp-content\/uploads\/2023\/06\/logo-circuito-jerez.png\",\"width\":556,\"height\":142,\"caption\":\"Circuito de Jerez \u00c1ngel Nieto\"},\"image\":{\"@id\":\"https:\/\/circuitodejerez.com\/#\/schema\/logo\/image\/\"},\"sameAs\":[\"https:\/\/www.facebook.com\/circuitodejerezangelnieto\/\",\"https:\/\/x.com\/circuitodejerez\",\"https:\/\/www.instagram.com\/circuito_de_jerez\/?hl=es\",\"https:\/\/www.youtube.com\/user\/cirjesa\"]},{\"@type\":\"Person\",\"@id\":\"https:\/\/circuitodejerez.com\/#\/schema\/person\/7426c66afad35f522814eb06fb2e213a\",\"name\":\"publyland\",\"sameAs\":[\"https:\/\/circuitoangelnieto.com\"],\"url\":\"https:\/\/circuitodejerez.com\/en\/author\/publyland\/\"}]}<\/script>\n<!-- \/ Yoast SEO plugin. -->","yoast_head_json":{"title":"Test oficial Moto2-Moto3 - Circuito de Jerez \u00c1ngel Nieto","robots":{"index":"index","follow":"follow","max-snippet":"max-snippet:-1","max-image-preview":"max-image-preview:large","max-video-preview":"max-video-preview:-1"},"canonical":"https:\/\/circuitodejerez.com\/en\/2023\/05\/02\/test-oficial-moto2-moto3\/","og_locale":"en_GB","og_type":"article","og_title":"Test oficial Moto2-Moto3 - Circuito de Jerez \u00c1ngel Nieto","og_description":"Concluye el test oficial para las categor\u00edas de Moto2 y Moto3 con Aron Canet y Deniz Onc\u00fc respectivamente, estableciendo el","og_url":"https:\/\/circuitodejerez.com\/en\/2023\/05\/02\/test-oficial-moto2-moto3\/","og_site_name":"Circuito de Jerez \u00c1ngel Nieto","article_publisher":"https:\/\/www.facebook.com\/circuitodejerezangelnieto\/","article_published_time":"2023-05-02T16:56:04+00:00","article_modified_time":"2024-01-29T17:41:22+00:00","og_image":[{"width":2560,"height":1706,"url":"https:\/\/circuitodejerez.com\/wp-content\/uploads\/2024\/01\/noticia_77-scaled.jpg","type":"image\/jpeg"}],"author":"publyland","twitter_card":"summary_large_image","twitter_creator":"@circuitodejerez","twitter_site":"@circuitodejerez","twitter_misc":{"Written by":"publyland","Estimated reading time":"2 minutes"},"schema":{"@context":"https:\/\/schema.org","@graph":[{"@type":"Article","@id":"https:\/\/circuitodejerez.com\/2023\/05\/02\/test-oficial-moto2-moto3\/#article","isPartOf":{"@id":"https:\/\/circuitodejerez.com\/2023\/05\/02\/test-oficial-moto2-moto3\/"},"author":{"name":"publyland","@id":"https:\/\/circuitodejerez.com\/#\/schema\/person\/7426c66afad35f522814eb06fb2e213a"},"headline":"Test oficial Moto2-Moto3","datePublished":"2023-05-02T16:56:04+00:00","dateModified":"2024-01-29T17:41:22+00:00","mainEntityOfPage":{"@id":"https:\/\/circuitodejerez.com\/2023\/05\/02\/test-oficial-moto2-moto3\/"},"wordCount":338,"publisher":{"@id":"https:\/\/circuitodejerez.com\/#organization"},"image":{"@id":"https:\/\/circuitodejerez.com\/2023\/05\/02\/test-oficial-moto2-moto3\/#primaryimage"},"thumbnailUrl":"https:\/\/circuitodejerez.com\/wp-content\/uploads\/2024\/01\/noticia_77-scaled.jpg","articleSection":["Noticias"],"inLanguage":"en-GB"},{"@type":"WebPage","@id":"https:\/\/circuitodejerez.com\/2023\/05\/02\/test-oficial-moto2-moto3\/","url":"https:\/\/circuitodejerez.com\/2023\/05\/02\/test-oficial-moto2-moto3\/","name":"Test oficial Moto2-Moto3 - Circuito de Jerez \u00c1ngel Nieto","isPartOf":{"@id":"https:\/\/circuitodejerez.com\/#website"},"primaryImageOfPage":{"@id":"https:\/\/circuitodejerez.com\/2023\/05\/02\/test-oficial-moto2-moto3\/#primaryimage"},"image":{"@id":"https:\/\/circuitodejerez.com\/2023\/05\/02\/test-oficial-moto2-moto3\/#primaryimage"},"thumbnailUrl":"https:\/\/circuitodejerez.com\/wp-content\/uploads\/2024\/01\/noticia_77-scaled.jpg","datePublished":"2023-05-02T16:56:04+00:00","dateModified":"2024-01-29T17:41:22+00:00","breadcrumb":{"@id":"https:\/\/circuitodejerez.com\/2023\/05\/02\/test-oficial-moto2-moto3\/#breadcrumb"},"inLanguage":"en-GB","potentialAction":[{"@type":"ReadAction","target":["https:\/\/circuitodejerez.com\/2023\/05\/02\/test-oficial-moto2-moto3\/"]}]},{"@type":"ImageObject","inLanguage":"en-GB","@id":"https:\/\/circuitodejerez.com\/2023\/05\/02\/test-oficial-moto2-moto3\/#primaryimage","url":"https:\/\/circuitodejerez.com\/wp-content\/uploads\/2024\/01\/noticia_77-scaled.jpg","contentUrl":"https:\/\/circuitodejerez.com\/wp-content\/uploads\/2024\/01\/noticia_77-scaled.jpg","width":2560,"height":1706},{"@type":"BreadcrumbList","@id":"https:\/\/circuitodejerez.com\/2023\/05\/02\/test-oficial-moto2-moto3\/#breadcrumb","itemListElement":[{"@type":"ListItem","position":1,"name":"Portada","item":"https:\/\/circuitodejerez.com\/"},{"@type":"ListItem","position":2,"name":"Test oficial Moto2-Moto3"}]},{"@type":"WebSite","@id":"https:\/\/circuitodejerez.com\/#website","url":"https:\/\/circuitodejerez.com\/","name":"Circuito de Jerez \u00c1ngel Nieto","description":"Circuito de Jerez \u00c1ngel Nieto","publisher":{"@id":"https:\/\/circuitodejerez.com\/#organization"},"potentialAction":[{"@type":"SearchAction","target":{"@type":"EntryPoint","urlTemplate":"https:\/\/circuitodejerez.com\/?s={search_term_string}"},"query-input":"required name=search_term_string"}],"inLanguage":"en-GB"},{"@type":"Organization","@id":"https:\/\/circuitodejerez.com\/#organization","name":"Circuito de Jerez \u00c1ngel Nieto","url":"https:\/\/circuitodejerez.com\/","logo":{"@type":"ImageObject","inLanguage":"en-GB","@id":"https:\/\/circuitodejerez.com\/#\/schema\/logo\/image\/","url":"https:\/\/circuitodejerez.com\/wp-content\/uploads\/2023\/06\/logo-circuito-jerez.png","contentUrl":"https:\/\/circuitodejerez.com\/wp-content\/uploads\/2023\/06\/logo-circuito-jerez.png","width":556,"height":142,"caption":"Circuito de Jerez \u00c1ngel Nieto"},"image":{"@id":"https:\/\/circuitodejerez.com\/#\/schema\/logo\/image\/"},"sameAs":["https:\/\/www.facebook.com\/circuitodejerezangelnieto\/","https:\/\/x.com\/circuitodejerez","https:\/\/www.instagram.com\/circuito_de_jerez\/?hl=es","https:\/\/www.youtube.com\/user\/cirjesa"]},{"@type":"Person","@id":"https:\/\/circuitodejerez.com\/#\/schema\/person\/7426c66afad35f522814eb06fb2e213a","name":"publyland","sameAs":["https:\/\/circuitoangelnieto.com"],"url":"https:\/\/circuitodejerez.com\/en\/author\/publyland\/"}]}},"_links":{"self":[{"href":"https:\/\/circuitodejerez.com\/en\/wp-json\/wp\/v2\/posts\/35764","targetHints":{"allow":["GET"]}}],"collection":[{"href":"https:\/\/circuitodejerez.com\/en\/wp-json\/wp\/v2\/posts"}],"about":[{"href":"https:\/\/circuitodejerez.com\/en\/wp-json\/wp\/v2\/types\/post"}],"author":[{"embeddable":true,"href":"https:\/\/circuitodejerez.com\/en\/wp-json\/wp\/v2\/users\/1"}],"replies":[{"embeddable":true,"href":"https:\/\/circuitodejerez.com\/en\/wp-json\/wp\/v2\/comments?post=35764"}],"version-history":[{"count":2,"href":"https:\/\/circuitodejerez.com\/en\/wp-json\/wp\/v2\/posts\/35764\/revisions"}],"predecessor-version":[{"id":35896,"href":"https:\/\/circuitodejerez.com\/en\/wp-json\/wp\/v2\/posts\/35764\/revisions\/35896"}],"wp:featuredmedia":[{"embeddable":true,"href":"https:\/\/circuitodejerez.com\/en\/wp-json\/wp\/v2\/media\/35765"}],"wp:attachment":[{"href":"https:\/\/circuitodejerez.com\/en\/wp-json\/wp\/v2\/media?parent=35764"}],"wp:term":[{"taxonomy":"category","embeddable":true,"href":"https:\/\/circuitodejerez.com\/en\/wp-json\/wp\/v2\/categories?post=35764"},{"taxonomy":"post_tag","embeddable":true,"href":"https:\/\/circuitodejerez.com\/en\/wp-json\/wp\/v2\/tags?post=35764"}],"curies":[{"name":"wp","href":"https:\/\/api.w.org\/{rel}","templated":true}]}}