{"id":35767,"date":"2023-05-01T18:58:13","date_gmt":"2023-05-01T16:58:13","guid":{"rendered":"https:\/\/circuitoangelnieto.com\/2024\/01\/25\/entrenamientos-oficiales-motogp-post-gran-premio\/"},"modified":"2024-01-29T18:42:14","modified_gmt":"2024-01-29T17:42:14","slug":"entrenamientos-oficiales-motogp-post-gran-premio","status":"publish","type":"post","link":"https:\/\/circuitodejerez.com\/en\/2023\/05\/01\/entrenamientos-oficiales-motogp-post-gran-premio\/","title":{"rendered":"Entrenamientos oficiales MotoGP-Post Gran Premio"},"content":{"rendered":"<p><img loading=\"lazy\" decoding=\"async\" style=\"display:none;\" class=\"alignnone size-medium\" src=\"https:\/\/gestorapp.circuitoangelnieto.com\/\/uploads\/noticias\/noticia_78.jpg\" width=\"600\" height=\"409\" \/><\/p>\n<div>\n<p>Despu\u00e9s de un intenso fin de semana de Gran Premio, con dos carreras para la clase reina de MotoGP, una el s\u00e1bado -Sprint Race-y la habitual del domingo, los pilotos de esta categor\u00eda alargaban un d\u00eda m\u00e1s su estancia en tierras jerezanas donde hoy ten\u00edan programado el habitual test oficial post Gran Premio en el que las f\u00e1bricas aprovechan los pocos d\u00edas que a lo largo de la temporada de carreras cuentan para seguir evolucionando sus m\u00e1quinas -como este de Jerez y uno m\u00e1s en septiembre tras el Gran Premio en Misano-, para probar nuevos elementos, configuraciones o paquetes aerodin\u00e1micos que podr\u00edan debutar en los pr\u00f3ximos grandes premios en el caso de tener el visto bueno de los pilotos.<\/p>\n<p>En total, 22 pilotos tomaban parte en esta sesi\u00f3n con las \u00fanicas ausencias de entre los que en principio figuraban en la lista de inscritos, de Enea Bastianini que no particip\u00f3 en el Gran Premio debido a que no se encontraba a\u00fan restablecido de su lesi\u00f3n en el hombro, y el espa\u00f1ol Iker Lecuona.<\/p>\n<p>Tras 8 horas de pista bien aprovechadas por parte de los pilotos, era el italiano Marco Bezzecchi (Ducati) quien se desped\u00eda de Jerez marcando el mejor tiempo del d\u00eda con un registro de 1.36.574. Segunda posici\u00f3n para Luca Marini (Ducati) que lo hac\u00eda en 1.36.678, mientras el franc\u00e9s Fabio Quartararo (Yamaha) finalizaba tercero con un crono de 1.36.725. Cuarto mejor tiempo para Fabio Di Giannantonio (Ducati) con 1.36.963, seguido en la quinta posici\u00f3n por Maverick Vi\u00f1ales con la Aprilia que marcaba un 1.36.964. Sexto mejor tiempo para el ganador ayer del Gran Premio de Espa\u00f1a, Pecco Bagnaia (Ducati) que lo hac\u00eda en 1.37.024, seguido de Aleix Espargaro (Aprilia-1.37.060), Brad Binder (KTM-1.37.068), Jorge Mart\u00edn (Ducati-1.37.089), y Alex M\u00e1rquez (Ducati) cerrando el top ten con 1.37.189.<\/p>\n<p>En cuanto a ca\u00eddas de la jornada, han sido en total cuatro, todas sin consecuencias. Entre ellas, la de los pilotos Honda, Joan Mir, Alex Rins y Stefan Bradl, adem\u00e1s de la del probador de Aprilia Lorenzo Savadori.<\/p>\n<p>Ma\u00f1ana martes, les tocar\u00e1 el turno a los pilotos de Moto2 y Moto3 que tendr\u00e1n al igual que los de MotoGP, una jornada de test oficial en Jerez con el siguiente horario:<\/p>\n<p>(Moto3) 09.30-10.40 h \/ (Moto2) 10.50-12.00 h \/ (Moto3) 12.10-13.20 h \/ (Moto2) 13.30-14.40 h \/ (Moto3) 14.50-16.05 h \/ (Moto2) 16.15-17.30 h<\/p>\n<\/div>\n<div>\n<ul>\n<li><a target=\"_blank\" rel=\"nofollow noopener\" href=\"https:\/\/www.facebook.com\/sharer\/sharer.php?u=https%3A%2F%2Fwww.circuitodejerez.com%2Fnoticias%3Ftx_news_pi1%255Baction%255D%3Ddetail%26tx_news_pi1%255Bcontroller%255D%3DNews%26tx_news_pi1%255Bnews%255D%3D455%26cHash%3D2e0a85be952492605ec55f439e75b2f8\"><\/a><\/li>\n<li><a target=\"_blank\" rel=\"nofollow noopener\" href=\"https:\/\/twitter.com\/intent\/tweet?text=Compartir&amp;url=https%3A%2F%2Fwww.circuitodejerez.com%2Fnoticias%3Ftx_news_pi1%255Baction%255D%3Ddetail%26tx_news_pi1%255Bcontroller%255D%3DNews%26tx_news_pi1%255Bnews%255D%3D455%26cHash%3D2e0a85be952492605ec55f439e75b2f8\"><\/a><\/li>\n<li><a target=\"_blank\" rel=\"nofollow noopener\"><\/a><\/li>\n<\/ul>\n<\/div>\n<p><img loading=\"lazy\" decoding=\"async\" style=\"width: 100%;\" class=\"alignnone size-medium\" src=\"https:\/\/gestorapp.circuitoangelnieto.com\/\/uploads\/noticias\/noticia_destacada_78.jpg\" width=\"600\" height=\"409\" \/><\/p>","protected":false},"excerpt":{"rendered":"<p>Despu\u00e9s de un intenso fin de semana de Gran Premio, con dos carreras para la clase reina de MotoGP, una<\/p>","protected":false},"author":1,"featured_media":35768,"comment_status":"closed","ping_status":"closed","sticky":false,"template":"","format":"standard","meta":{"footnotes":""},"categories":[2],"tags":[],"class_list":["post-35767","post","type-post","status-publish","format-standard","has-post-thumbnail","hentry","category-noticias"],"yoast_head":"<!-- This site is optimized with the Yoast SEO plugin v22.5 - https:\/\/yoast.com\/wordpress\/plugins\/seo\/ -->\n<title>Entrenamientos oficiales MotoGP-Post Gran Premio - Circuito de Jerez \u00c1ngel Nieto<\/title>\n<meta name=\"robots\" content=\"index, follow, max-snippet:-1, max-image-preview:large, max-video-preview:-1\" \/>\n<link rel=\"canonical\" href=\"https:\/\/circuitodejerez.com\/en\/2023\/05\/01\/entrenamientos-oficiales-motogp-post-gran-premio\/\" \/>\n<meta property=\"og:locale\" content=\"en_GB\" \/>\n<meta property=\"og:type\" content=\"article\" \/>\n<meta property=\"og:title\" content=\"Entrenamientos oficiales MotoGP-Post Gran Premio - Circuito de Jerez \u00c1ngel Nieto\" \/>\n<meta property=\"og:description\" content=\"Despu\u00e9s de un intenso fin de semana de Gran Premio, con dos carreras para la clase reina de MotoGP, una\" \/>\n<meta property=\"og:url\" content=\"https:\/\/circuitodejerez.com\/en\/2023\/05\/01\/entrenamientos-oficiales-motogp-post-gran-premio\/\" \/>\n<meta property=\"og:site_name\" content=\"Circuito de Jerez \u00c1ngel Nieto\" \/>\n<meta property=\"article:publisher\" content=\"https:\/\/www.facebook.com\/circuitodejerezangelnieto\/\" \/>\n<meta property=\"article:published_time\" content=\"2023-05-01T16:58:13+00:00\" \/>\n<meta property=\"article:modified_time\" content=\"2024-01-29T17:42:14+00:00\" \/>\n<meta property=\"og:image\" content=\"https:\/\/circuitodejerez.com\/wp-content\/uploads\/2024\/01\/noticia_78-scaled.jpg\" \/>\n\t<meta property=\"og:image:width\" content=\"2560\" \/>\n\t<meta property=\"og:image:height\" content=\"1706\" \/>\n\t<meta property=\"og:image:type\" content=\"image\/jpeg\" \/>\n<meta name=\"author\" content=\"publyland\" \/>\n<meta name=\"twitter:card\" content=\"summary_large_image\" \/>\n<meta name=\"twitter:creator\" content=\"@circuitodejerez\" \/>\n<meta name=\"twitter:site\" content=\"@circuitodejerez\" \/>\n<meta name=\"twitter:label1\" content=\"Written by\" \/>\n\t<meta name=\"twitter:data1\" content=\"publyland\" \/>\n\t<meta name=\"twitter:label2\" content=\"Estimated reading time\" \/>\n\t<meta name=\"twitter:data2\" content=\"2 minutes\" \/>\n<script type=\"application\/ld+json\" class=\"yoast-schema-graph\">{\"@context\":\"https:\/\/schema.org\",\"@graph\":[{\"@type\":\"Article\",\"@id\":\"https:\/\/circuitodejerez.com\/2023\/05\/01\/entrenamientos-oficiales-motogp-post-gran-premio\/#article\",\"isPartOf\":{\"@id\":\"https:\/\/circuitodejerez.com\/2023\/05\/01\/entrenamientos-oficiales-motogp-post-gran-premio\/\"},\"author\":{\"name\":\"publyland\",\"@id\":\"https:\/\/circuitodejerez.com\/#\/schema\/person\/7426c66afad35f522814eb06fb2e213a\"},\"headline\":\"Entrenamientos oficiales MotoGP-Post Gran Premio\",\"datePublished\":\"2023-05-01T16:58:13+00:00\",\"dateModified\":\"2024-01-29T17:42:14+00:00\",\"mainEntityOfPage\":{\"@id\":\"https:\/\/circuitodejerez.com\/2023\/05\/01\/entrenamientos-oficiales-motogp-post-gran-premio\/\"},\"wordCount\":413,\"publisher\":{\"@id\":\"https:\/\/circuitodejerez.com\/#organization\"},\"image\":{\"@id\":\"https:\/\/circuitodejerez.com\/2023\/05\/01\/entrenamientos-oficiales-motogp-post-gran-premio\/#primaryimage\"},\"thumbnailUrl\":\"https:\/\/circuitodejerez.com\/wp-content\/uploads\/2024\/01\/noticia_78-scaled.jpg\",\"articleSection\":[\"Noticias\"],\"inLanguage\":\"en-GB\"},{\"@type\":\"WebPage\",\"@id\":\"https:\/\/circuitodejerez.com\/2023\/05\/01\/entrenamientos-oficiales-motogp-post-gran-premio\/\",\"url\":\"https:\/\/circuitodejerez.com\/2023\/05\/01\/entrenamientos-oficiales-motogp-post-gran-premio\/\",\"name\":\"Entrenamientos oficiales MotoGP-Post Gran Premio - Circuito de Jerez \u00c1ngel Nieto\",\"isPartOf\":{\"@id\":\"https:\/\/circuitodejerez.com\/#website\"},\"primaryImageOfPage\":{\"@id\":\"https:\/\/circuitodejerez.com\/2023\/05\/01\/entrenamientos-oficiales-motogp-post-gran-premio\/#primaryimage\"},\"image\":{\"@id\":\"https:\/\/circuitodejerez.com\/2023\/05\/01\/entrenamientos-oficiales-motogp-post-gran-premio\/#primaryimage\"},\"thumbnailUrl\":\"https:\/\/circuitodejerez.com\/wp-content\/uploads\/2024\/01\/noticia_78-scaled.jpg\",\"datePublished\":\"2023-05-01T16:58:13+00:00\",\"dateModified\":\"2024-01-29T17:42:14+00:00\",\"breadcrumb\":{\"@id\":\"https:\/\/circuitodejerez.com\/2023\/05\/01\/entrenamientos-oficiales-motogp-post-gran-premio\/#breadcrumb\"},\"inLanguage\":\"en-GB\",\"potentialAction\":[{\"@type\":\"ReadAction\",\"target\":[\"https:\/\/circuitodejerez.com\/2023\/05\/01\/entrenamientos-oficiales-motogp-post-gran-premio\/\"]}]},{\"@type\":\"ImageObject\",\"inLanguage\":\"en-GB\",\"@id\":\"https:\/\/circuitodejerez.com\/2023\/05\/01\/entrenamientos-oficiales-motogp-post-gran-premio\/#primaryimage\",\"url\":\"https:\/\/circuitodejerez.com\/wp-content\/uploads\/2024\/01\/noticia_78-scaled.jpg\",\"contentUrl\":\"https:\/\/circuitodejerez.com\/wp-content\/uploads\/2024\/01\/noticia_78-scaled.jpg\",\"width\":2560,\"height\":1706},{\"@type\":\"BreadcrumbList\",\"@id\":\"https:\/\/circuitodejerez.com\/2023\/05\/01\/entrenamientos-oficiales-motogp-post-gran-premio\/#breadcrumb\",\"itemListElement\":[{\"@type\":\"ListItem\",\"position\":1,\"name\":\"Portada\",\"item\":\"https:\/\/circuitodejerez.com\/\"},{\"@type\":\"ListItem\",\"position\":2,\"name\":\"Entrenamientos oficiales MotoGP-Post Gran Premio\"}]},{\"@type\":\"WebSite\",\"@id\":\"https:\/\/circuitodejerez.com\/#website\",\"url\":\"https:\/\/circuitodejerez.com\/\",\"name\":\"Circuito de Jerez \u00c1ngel Nieto\",\"description\":\"Circuito de Jerez \u00c1ngel Nieto\",\"publisher\":{\"@id\":\"https:\/\/circuitodejerez.com\/#organization\"},\"potentialAction\":[{\"@type\":\"SearchAction\",\"target\":{\"@type\":\"EntryPoint\",\"urlTemplate\":\"https:\/\/circuitodejerez.com\/?s={search_term_string}\"},\"query-input\":\"required name=search_term_string\"}],\"inLanguage\":\"en-GB\"},{\"@type\":\"Organization\",\"@id\":\"https:\/\/circuitodejerez.com\/#organization\",\"name\":\"Circuito de Jerez \u00c1ngel Nieto\",\"url\":\"https:\/\/circuitodejerez.com\/\",\"logo\":{\"@type\":\"ImageObject\",\"inLanguage\":\"en-GB\",\"@id\":\"https:\/\/circuitodejerez.com\/#\/schema\/logo\/image\/\",\"url\":\"https:\/\/circuitodejerez.com\/wp-content\/uploads\/2023\/06\/logo-circuito-jerez.png\",\"contentUrl\":\"https:\/\/circuitodejerez.com\/wp-content\/uploads\/2023\/06\/logo-circuito-jerez.png\",\"width\":556,\"height\":142,\"caption\":\"Circuito de Jerez \u00c1ngel Nieto\"},\"image\":{\"@id\":\"https:\/\/circuitodejerez.com\/#\/schema\/logo\/image\/\"},\"sameAs\":[\"https:\/\/www.facebook.com\/circuitodejerezangelnieto\/\",\"https:\/\/x.com\/circuitodejerez\",\"https:\/\/www.instagram.com\/circuito_de_jerez\/?hl=es\",\"https:\/\/www.youtube.com\/user\/cirjesa\"]},{\"@type\":\"Person\",\"@id\":\"https:\/\/circuitodejerez.com\/#\/schema\/person\/7426c66afad35f522814eb06fb2e213a\",\"name\":\"publyland\",\"sameAs\":[\"https:\/\/circuitoangelnieto.com\"],\"url\":\"https:\/\/circuitodejerez.com\/en\/author\/publyland\/\"}]}<\/script>\n<!-- \/ Yoast SEO plugin. -->","yoast_head_json":{"title":"Entrenamientos oficiales MotoGP-Post Gran Premio - Circuito de Jerez \u00c1ngel Nieto","robots":{"index":"index","follow":"follow","max-snippet":"max-snippet:-1","max-image-preview":"max-image-preview:large","max-video-preview":"max-video-preview:-1"},"canonical":"https:\/\/circuitodejerez.com\/en\/2023\/05\/01\/entrenamientos-oficiales-motogp-post-gran-premio\/","og_locale":"en_GB","og_type":"article","og_title":"Entrenamientos oficiales MotoGP-Post Gran Premio - Circuito de Jerez \u00c1ngel Nieto","og_description":"Despu\u00e9s de un intenso fin de semana de Gran Premio, con dos carreras para la clase reina de MotoGP, una","og_url":"https:\/\/circuitodejerez.com\/en\/2023\/05\/01\/entrenamientos-oficiales-motogp-post-gran-premio\/","og_site_name":"Circuito de Jerez \u00c1ngel Nieto","article_publisher":"https:\/\/www.facebook.com\/circuitodejerezangelnieto\/","article_published_time":"2023-05-01T16:58:13+00:00","article_modified_time":"2024-01-29T17:42:14+00:00","og_image":[{"width":2560,"height":1706,"url":"https:\/\/circuitodejerez.com\/wp-content\/uploads\/2024\/01\/noticia_78-scaled.jpg","type":"image\/jpeg"}],"author":"publyland","twitter_card":"summary_large_image","twitter_creator":"@circuitodejerez","twitter_site":"@circuitodejerez","twitter_misc":{"Written by":"publyland","Estimated reading time":"2 minutes"},"schema":{"@context":"https:\/\/schema.org","@graph":[{"@type":"Article","@id":"https:\/\/circuitodejerez.com\/2023\/05\/01\/entrenamientos-oficiales-motogp-post-gran-premio\/#article","isPartOf":{"@id":"https:\/\/circuitodejerez.com\/2023\/05\/01\/entrenamientos-oficiales-motogp-post-gran-premio\/"},"author":{"name":"publyland","@id":"https:\/\/circuitodejerez.com\/#\/schema\/person\/7426c66afad35f522814eb06fb2e213a"},"headline":"Entrenamientos oficiales MotoGP-Post Gran Premio","datePublished":"2023-05-01T16:58:13+00:00","dateModified":"2024-01-29T17:42:14+00:00","mainEntityOfPage":{"@id":"https:\/\/circuitodejerez.com\/2023\/05\/01\/entrenamientos-oficiales-motogp-post-gran-premio\/"},"wordCount":413,"publisher":{"@id":"https:\/\/circuitodejerez.com\/#organization"},"image":{"@id":"https:\/\/circuitodejerez.com\/2023\/05\/01\/entrenamientos-oficiales-motogp-post-gran-premio\/#primaryimage"},"thumbnailUrl":"https:\/\/circuitodejerez.com\/wp-content\/uploads\/2024\/01\/noticia_78-scaled.jpg","articleSection":["Noticias"],"inLanguage":"en-GB"},{"@type":"WebPage","@id":"https:\/\/circuitodejerez.com\/2023\/05\/01\/entrenamientos-oficiales-motogp-post-gran-premio\/","url":"https:\/\/circuitodejerez.com\/2023\/05\/01\/entrenamientos-oficiales-motogp-post-gran-premio\/","name":"Entrenamientos oficiales MotoGP-Post Gran Premio - Circuito de Jerez \u00c1ngel Nieto","isPartOf":{"@id":"https:\/\/circuitodejerez.com\/#website"},"primaryImageOfPage":{"@id":"https:\/\/circuitodejerez.com\/2023\/05\/01\/entrenamientos-oficiales-motogp-post-gran-premio\/#primaryimage"},"image":{"@id":"https:\/\/circuitodejerez.com\/2023\/05\/01\/entrenamientos-oficiales-motogp-post-gran-premio\/#primaryimage"},"thumbnailUrl":"https:\/\/circuitodejerez.com\/wp-content\/uploads\/2024\/01\/noticia_78-scaled.jpg","datePublished":"2023-05-01T16:58:13+00:00","dateModified":"2024-01-29T17:42:14+00:00","breadcrumb":{"@id":"https:\/\/circuitodejerez.com\/2023\/05\/01\/entrenamientos-oficiales-motogp-post-gran-premio\/#breadcrumb"},"inLanguage":"en-GB","potentialAction":[{"@type":"ReadAction","target":["https:\/\/circuitodejerez.com\/2023\/05\/01\/entrenamientos-oficiales-motogp-post-gran-premio\/"]}]},{"@type":"ImageObject","inLanguage":"en-GB","@id":"https:\/\/circuitodejerez.com\/2023\/05\/01\/entrenamientos-oficiales-motogp-post-gran-premio\/#primaryimage","url":"https:\/\/circuitodejerez.com\/wp-content\/uploads\/2024\/01\/noticia_78-scaled.jpg","contentUrl":"https:\/\/circuitodejerez.com\/wp-content\/uploads\/2024\/01\/noticia_78-scaled.jpg","width":2560,"height":1706},{"@type":"BreadcrumbList","@id":"https:\/\/circuitodejerez.com\/2023\/05\/01\/entrenamientos-oficiales-motogp-post-gran-premio\/#breadcrumb","itemListElement":[{"@type":"ListItem","position":1,"name":"Portada","item":"https:\/\/circuitodejerez.com\/"},{"@type":"ListItem","position":2,"name":"Entrenamientos oficiales MotoGP-Post Gran Premio"}]},{"@type":"WebSite","@id":"https:\/\/circuitodejerez.com\/#website","url":"https:\/\/circuitodejerez.com\/","name":"Circuito de Jerez \u00c1ngel Nieto","description":"Circuito de Jerez \u00c1ngel Nieto","publisher":{"@id":"https:\/\/circuitodejerez.com\/#organization"},"potentialAction":[{"@type":"SearchAction","target":{"@type":"EntryPoint","urlTemplate":"https:\/\/circuitodejerez.com\/?s={search_term_string}"},"query-input":"required name=search_term_string"}],"inLanguage":"en-GB"},{"@type":"Organization","@id":"https:\/\/circuitodejerez.com\/#organization","name":"Circuito de Jerez \u00c1ngel Nieto","url":"https:\/\/circuitodejerez.com\/","logo":{"@type":"ImageObject","inLanguage":"en-GB","@id":"https:\/\/circuitodejerez.com\/#\/schema\/logo\/image\/","url":"https:\/\/circuitodejerez.com\/wp-content\/uploads\/2023\/06\/logo-circuito-jerez.png","contentUrl":"https:\/\/circuitodejerez.com\/wp-content\/uploads\/2023\/06\/logo-circuito-jerez.png","width":556,"height":142,"caption":"Circuito de Jerez \u00c1ngel Nieto"},"image":{"@id":"https:\/\/circuitodejerez.com\/#\/schema\/logo\/image\/"},"sameAs":["https:\/\/www.facebook.com\/circuitodejerezangelnieto\/","https:\/\/x.com\/circuitodejerez","https:\/\/www.instagram.com\/circuito_de_jerez\/?hl=es","https:\/\/www.youtube.com\/user\/cirjesa"]},{"@type":"Person","@id":"https:\/\/circuitodejerez.com\/#\/schema\/person\/7426c66afad35f522814eb06fb2e213a","name":"publyland","sameAs":["https:\/\/circuitoangelnieto.com"],"url":"https:\/\/circuitodejerez.com\/en\/author\/publyland\/"}]}},"_links":{"self":[{"href":"https:\/\/circuitodejerez.com\/en\/wp-json\/wp\/v2\/posts\/35767","targetHints":{"allow":["GET"]}}],"collection":[{"href":"https:\/\/circuitodejerez.com\/en\/wp-json\/wp\/v2\/posts"}],"about":[{"href":"https:\/\/circuitodejerez.com\/en\/wp-json\/wp\/v2\/types\/post"}],"author":[{"embeddable":true,"href":"https:\/\/circuitodejerez.com\/en\/wp-json\/wp\/v2\/users\/1"}],"replies":[{"embeddable":true,"href":"https:\/\/circuitodejerez.com\/en\/wp-json\/wp\/v2\/comments?post=35767"}],"version-history":[{"count":1,"href":"https:\/\/circuitodejerez.com\/en\/wp-json\/wp\/v2\/posts\/35767\/revisions"}],"predecessor-version":[{"id":35769,"href":"https:\/\/circuitodejerez.com\/en\/wp-json\/wp\/v2\/posts\/35767\/revisions\/35769"}],"wp:featuredmedia":[{"embeddable":true,"href":"https:\/\/circuitodejerez.com\/en\/wp-json\/wp\/v2\/media\/35768"}],"wp:attachment":[{"href":"https:\/\/circuitodejerez.com\/en\/wp-json\/wp\/v2\/media?parent=35767"}],"wp:term":[{"taxonomy":"category","embeddable":true,"href":"https:\/\/circuitodejerez.com\/en\/wp-json\/wp\/v2\/categories?post=35767"},{"taxonomy":"post_tag","embeddable":true,"href":"https:\/\/circuitodejerez.com\/en\/wp-json\/wp\/v2\/tags?post=35767"}],"curies":[{"name":"wp","href":"https:\/\/api.w.org\/{rel}","templated":true}]}}