{"id":35779,"date":"2023-04-28T19:16:36","date_gmt":"2023-04-28T17:16:36","guid":{"rendered":"https:\/\/circuitoangelnieto.com\/2024\/01\/25\/gp-guru-by-gryfyn-de-espana-motogp\/"},"modified":"2024-01-29T19:40:33","modified_gmt":"2024-01-29T18:40:33","slug":"gp-guru-by-gryfyn-de-espana-motogp","status":"publish","type":"post","link":"https:\/\/circuitodejerez.com\/en\/2023\/04\/28\/gp-guru-by-gryfyn-de-espana-motogp\/","title":{"rendered":"GP Guru by Gryfyn de Espa\u00f1a MotoGP"},"content":{"rendered":"<p><img loading=\"lazy\" decoding=\"async\" class=\"alignnone size-medium\" style=\"display: none;\" src=\"https:\/\/gestorapp.circuitoangelnieto.com\/\/uploads\/noticias\/noticia_82.jpg\" width=\"600\" height=\"409\" \/><\/p>\n<div class=\"lead\">\n<p>Aleix Espargaro marca la pauta en MotoGP con el Wild Card, Dani Pedrosa finalizando tercero.<\/p>\n<\/div>\n<div class=\"news-text-wrap\">\n<p><strong>Sam Lowes y Deniz \u00d6nc\u00fc, los m\u00e1s r\u00e1pidos del viernes en sus respectivas categor\u00edas de Moto2 y Moto3.<\/strong><\/p>\n<\/div>\n<p><strong>28 de abril de 2023.<\/strong><\/p>\n<p>Tras todo el movimiento medi\u00e1tico vivido durante la jornada de ayer jueves con las distintas ruedas de prensa y las declaraciones de los principales protagonistas, este viernes arrancaba la verdadera acci\u00f3n en pista con los primeros entrenamientos libres del fin de semana. Era momento de calentar motores y afinar la puesta a punto de las motos de cara a las carreras del domingo, as\u00ed como para la novedosa carrera al Sprint de MotoGP de ma\u00f1ana s\u00e1bado que se disputar\u00e1 por primera vez en el trazado jerezano.<\/p>\n<p>Como de costumbre, los pilotos de Moto3 fueron los primeros en salir a rodar en pista a primera hora de la ma\u00f1ana, ante unas gradas que comenzaban a cubrirse con la llegada de los aficionados que a buen seguro vendr\u00e1n en masa tanto ma\u00f1ana como el domingo. El primer entreno fue significativamente importante para los tiempos, ante las altas y abrasantes temperaturas que se pod\u00edan anticipar en el asfalto de cara a la segunda sesi\u00f3n. Pocos pilotos pudieron rebajar sus tiempos de la ma\u00f1ana, pero fue el piloto del Red Bull KTM Ajo, Deniz \u00d6nc\u00fc, el encargado de liderar en la sesi\u00f3n matinal parando el crono con un 1:46.173, suficiente como para ser el m\u00e1s r\u00e1pido del d\u00eda, seguido de los espa\u00f1oles Jaume Masi\u00e0 (1:46\u2019581) y Daniel Holgado (1:46\u2019702). Grata sorpresa la de encontrar entre los diez primeros de la tabla por detr\u00e1s de Ayumu Sasaki tanto al andaluz en quinta posici\u00f3n, Jos\u00e9 Antonio Rueda, como a Iv\u00e1n Ortol\u00e1 y Xavi Artigas en sexto y s\u00e9ptimo lugar.<\/p>\n<p>La situaci\u00f3n fue la misma para la categor\u00eda de Moto2, en una calmada primera sesi\u00f3n sin demasiadas incidencias. Pedro Acosta comenz\u00f3 en los primeros minutos metiendo presi\u00f3n al actuar l\u00edder de la clasificaci\u00f3n, Tony Arbolino, terminando por delante de \u00e9l. Teniendo en cuenta las previsiones que hab\u00eda de temperaturas para afrontar la tarde, los pilotos se emplearon a fondo con Sam Lowes sorprendiendo con el tiempo m\u00e1s r\u00e1pido de la categor\u00eda intermedia: 1:41.170. Somkiat Chantra (1\u201941.400) y Alonso L\u00f3pez (1\u201941.489) completaron los tres primeros puestos ya que en el segundo ensayo de la jornada no pudieron lanzar sus ataques al crono manteniendo los mismos registros.<\/p>\n<p>Uno de los puntos de mira de este viernes estaba poco despu\u00e9s en el box oficial de KTM en MotoGP, cuando volv\u00edamos a ver en acci\u00f3n a Dani Pedrosa, que hac\u00eda su regreso triunfal al Mundial en casa como piloto invitado. Un fuerte aliciente para que los aficionados y sus mayores seguidores volvieran a disfrutar de su pilotaje en el mismo trazado en el que una de sus curvas toma su nombre. Adem\u00e1s de ser uno de los primeros pilotos en salir a pista, las c\u00e1maras no pudieron pasar por alto su actuaci\u00f3n, que provoc\u00f3 la reacci\u00f3n de todo el circuito al convertirse en el piloto m\u00e1s r\u00e1pido de la ma\u00f1ana en Jerez con un 1:36.770, nada lejos del r\u00e9cord total del circuito logrado por Bagnaia el a\u00f1o pasado.<\/p>\n<p>Adem\u00e1s del espect\u00e1culo de palmar\u00e9s que atesora, el papel de piloto probador le ha permitido acumular kil\u00f3metros a lomos de la KTM en este trazado, lo m\u00e1s reciente precisamente fue hace escasas tres semanas, y se ha notado. Superar los registros de la ma\u00f1ana se terciaba complicado para el resto de pilotos en su intento de combatir la superioridad de Dani en este primer d\u00eda, ya que fue en el primer entreno cuando, en los \u00faltimos minutos de acci\u00f3n, Jorge Mart\u00edn (1\u201936.804) daba un golpe de efecto sobre el crono alz\u00e1ndose a lo m\u00e1s alto, hasta que era superado imprevisiblemente en el \u00faltimo parcial por el 26 a tan s\u00f3lo 34 mil\u00e9simas. Se pintaba dif\u00edcil, pero no imposible, el abanico de f\u00e1bricas no qued\u00f3 demasiado abierto en el top 10 del viernes con Aprilia dando el bombazo del d\u00eda. Cuando todo parec\u00eda cerrado, lleg\u00f3 Vi\u00f1ales con una \u00faltima vuelta que le daba el mejor tiempo, hasta que su propio compa\u00f1ero de equipo, Aleix Espargar\u00f3, le superaba por escasas 2 mil\u00e9simas con un 1:36.708, convirti\u00e9ndose en el m\u00e1s r\u00e1pido del viernes.<\/p>\n<p>Con los \u00faltimos movimientos de la sesi\u00f3n, Dani Pedrosa quedaba relegado al tercer puesto del d\u00eda, una posici\u00f3n m\u00e1s que meritoria. Las Ducati de Jorge Mart\u00edn, Johann Zarco, \u00c1lex M\u00e1rquez y Luca Marini quedaron clasificadas a continuaci\u00f3n en la cuarta, sexta, octava y d\u00e9cima posici\u00f3n. \u00a0Jack Miller con KTM quinto, Miguel Oliveira, s\u00e9ptimo y Nakagami noveno, han podido tambi\u00e9n colarse entre los diez afortunados que no tendr\u00e1n que pasar ma\u00f1ana por la sesi\u00f3n clasificatoria (Q1), donde se ver\u00e1n el resto de pilotos, entre ellos Rins, ganador en Estados Unidos, el actual campe\u00f3n del mundo Pecco Bagnaia, o el actual l\u00edder del campeonato, Marco Bezzecchi que luchar\u00e1n por estar entre los dos mejores repescados de esta clasificaci\u00f3n para disputar la Q2.<\/p>\n<p>En el box de HRC, las cosas no marcharon bien, la ausencia de Marc M\u00e1rquez dio paso al estreno del actual piloto de WorldSBK, Iker Lecuona, con una oportunidad de oro vistiendo los colores de la estructura oficial de HRC junto a Joan Mir, aunque ambos sufrieron ca\u00eddas que les relegaron a la d\u00e9cima octava posici\u00f3n en el caso de Mir y a la \u00faltima posici\u00f3n en el caso de Lecuona.<\/p>\n<p><img loading=\"lazy\" decoding=\"async\" class=\"alignnone size-medium\" style=\"width: 100%;\" src=\"https:\/\/gestorapp.circuitoangelnieto.com\/\/uploads\/noticias\/noticia_destacada_82.jpg\" width=\"600\" height=\"409\" \/><\/p>","protected":false},"excerpt":{"rendered":"<p>Aleix Espargaro marca la pauta en MotoGP con el Wild Card, Dani Pedrosa finalizando tercero. Sam Lowes y Deniz \u00d6nc\u00fc,<\/p>","protected":false},"author":1,"featured_media":35780,"comment_status":"closed","ping_status":"closed","sticky":false,"template":"","format":"standard","meta":{"footnotes":""},"categories":[2],"tags":[],"class_list":["post-35779","post","type-post","status-publish","format-standard","has-post-thumbnail","hentry","category-noticias"],"yoast_head":"<!-- This site is optimized with the Yoast SEO plugin v22.5 - https:\/\/yoast.com\/wordpress\/plugins\/seo\/ -->\n<title>GP Guru by Gryfyn de Espa\u00f1a MotoGP - Circuito de Jerez \u00c1ngel Nieto<\/title>\n<meta name=\"robots\" content=\"index, follow, max-snippet:-1, max-image-preview:large, max-video-preview:-1\" \/>\n<link rel=\"canonical\" href=\"https:\/\/circuitodejerez.com\/en\/2023\/04\/28\/gp-guru-by-gryfyn-de-espana-motogp\/\" \/>\n<meta property=\"og:locale\" content=\"en_GB\" \/>\n<meta property=\"og:type\" content=\"article\" \/>\n<meta property=\"og:title\" content=\"GP Guru by Gryfyn de Espa\u00f1a MotoGP - Circuito de Jerez \u00c1ngel Nieto\" \/>\n<meta property=\"og:description\" content=\"Aleix Espargaro marca la pauta en MotoGP con el Wild Card, Dani Pedrosa finalizando tercero. Sam Lowes y Deniz \u00d6nc\u00fc,\" \/>\n<meta property=\"og:url\" content=\"https:\/\/circuitodejerez.com\/en\/2023\/04\/28\/gp-guru-by-gryfyn-de-espana-motogp\/\" \/>\n<meta property=\"og:site_name\" content=\"Circuito de Jerez \u00c1ngel Nieto\" \/>\n<meta property=\"article:publisher\" content=\"https:\/\/www.facebook.com\/circuitodejerezangelnieto\/\" \/>\n<meta property=\"article:published_time\" content=\"2023-04-28T17:16:36+00:00\" \/>\n<meta property=\"article:modified_time\" content=\"2024-01-29T18:40:33+00:00\" \/>\n<meta property=\"og:image\" content=\"https:\/\/circuitodejerez.com\/wp-content\/uploads\/2024\/01\/noticia_82-scaled.jpg\" \/>\n\t<meta property=\"og:image:width\" content=\"2560\" \/>\n\t<meta property=\"og:image:height\" content=\"1706\" \/>\n\t<meta property=\"og:image:type\" content=\"image\/jpeg\" \/>\n<meta name=\"author\" content=\"publyland\" \/>\n<meta name=\"twitter:card\" content=\"summary_large_image\" \/>\n<meta name=\"twitter:creator\" content=\"@circuitodejerez\" \/>\n<meta name=\"twitter:site\" content=\"@circuitodejerez\" \/>\n<meta name=\"twitter:label1\" content=\"Written by\" \/>\n\t<meta name=\"twitter:data1\" content=\"publyland\" \/>\n\t<meta name=\"twitter:label2\" content=\"Estimated reading time\" \/>\n\t<meta name=\"twitter:data2\" content=\"5 minutes\" \/>\n<script type=\"application\/ld+json\" class=\"yoast-schema-graph\">{\"@context\":\"https:\/\/schema.org\",\"@graph\":[{\"@type\":\"Article\",\"@id\":\"https:\/\/circuitodejerez.com\/2023\/04\/28\/gp-guru-by-gryfyn-de-espana-motogp\/#article\",\"isPartOf\":{\"@id\":\"https:\/\/circuitodejerez.com\/2023\/04\/28\/gp-guru-by-gryfyn-de-espana-motogp\/\"},\"author\":{\"name\":\"publyland\",\"@id\":\"https:\/\/circuitodejerez.com\/#\/schema\/person\/7426c66afad35f522814eb06fb2e213a\"},\"headline\":\"GP Guru by Gryfyn de Espa\u00f1a MotoGP\",\"datePublished\":\"2023-04-28T17:16:36+00:00\",\"dateModified\":\"2024-01-29T18:40:33+00:00\",\"mainEntityOfPage\":{\"@id\":\"https:\/\/circuitodejerez.com\/2023\/04\/28\/gp-guru-by-gryfyn-de-espana-motogp\/\"},\"wordCount\":982,\"publisher\":{\"@id\":\"https:\/\/circuitodejerez.com\/#organization\"},\"image\":{\"@id\":\"https:\/\/circuitodejerez.com\/2023\/04\/28\/gp-guru-by-gryfyn-de-espana-motogp\/#primaryimage\"},\"thumbnailUrl\":\"https:\/\/circuitodejerez.com\/wp-content\/uploads\/2024\/01\/noticia_82-scaled.jpg\",\"articleSection\":[\"Noticias\"],\"inLanguage\":\"en-GB\"},{\"@type\":\"WebPage\",\"@id\":\"https:\/\/circuitodejerez.com\/2023\/04\/28\/gp-guru-by-gryfyn-de-espana-motogp\/\",\"url\":\"https:\/\/circuitodejerez.com\/2023\/04\/28\/gp-guru-by-gryfyn-de-espana-motogp\/\",\"name\":\"GP Guru by Gryfyn de Espa\u00f1a MotoGP - Circuito de Jerez \u00c1ngel Nieto\",\"isPartOf\":{\"@id\":\"https:\/\/circuitodejerez.com\/#website\"},\"primaryImageOfPage\":{\"@id\":\"https:\/\/circuitodejerez.com\/2023\/04\/28\/gp-guru-by-gryfyn-de-espana-motogp\/#primaryimage\"},\"image\":{\"@id\":\"https:\/\/circuitodejerez.com\/2023\/04\/28\/gp-guru-by-gryfyn-de-espana-motogp\/#primaryimage\"},\"thumbnailUrl\":\"https:\/\/circuitodejerez.com\/wp-content\/uploads\/2024\/01\/noticia_82-scaled.jpg\",\"datePublished\":\"2023-04-28T17:16:36+00:00\",\"dateModified\":\"2024-01-29T18:40:33+00:00\",\"breadcrumb\":{\"@id\":\"https:\/\/circuitodejerez.com\/2023\/04\/28\/gp-guru-by-gryfyn-de-espana-motogp\/#breadcrumb\"},\"inLanguage\":\"en-GB\",\"potentialAction\":[{\"@type\":\"ReadAction\",\"target\":[\"https:\/\/circuitodejerez.com\/2023\/04\/28\/gp-guru-by-gryfyn-de-espana-motogp\/\"]}]},{\"@type\":\"ImageObject\",\"inLanguage\":\"en-GB\",\"@id\":\"https:\/\/circuitodejerez.com\/2023\/04\/28\/gp-guru-by-gryfyn-de-espana-motogp\/#primaryimage\",\"url\":\"https:\/\/circuitodejerez.com\/wp-content\/uploads\/2024\/01\/noticia_82-scaled.jpg\",\"contentUrl\":\"https:\/\/circuitodejerez.com\/wp-content\/uploads\/2024\/01\/noticia_82-scaled.jpg\",\"width\":2560,\"height\":1706},{\"@type\":\"BreadcrumbList\",\"@id\":\"https:\/\/circuitodejerez.com\/2023\/04\/28\/gp-guru-by-gryfyn-de-espana-motogp\/#breadcrumb\",\"itemListElement\":[{\"@type\":\"ListItem\",\"position\":1,\"name\":\"Portada\",\"item\":\"https:\/\/circuitodejerez.com\/\"},{\"@type\":\"ListItem\",\"position\":2,\"name\":\"GP Guru by Gryfyn de Espa\u00f1a MotoGP\"}]},{\"@type\":\"WebSite\",\"@id\":\"https:\/\/circuitodejerez.com\/#website\",\"url\":\"https:\/\/circuitodejerez.com\/\",\"name\":\"Circuito de Jerez \u00c1ngel Nieto\",\"description\":\"Circuito de Jerez \u00c1ngel Nieto\",\"publisher\":{\"@id\":\"https:\/\/circuitodejerez.com\/#organization\"},\"potentialAction\":[{\"@type\":\"SearchAction\",\"target\":{\"@type\":\"EntryPoint\",\"urlTemplate\":\"https:\/\/circuitodejerez.com\/?s={search_term_string}\"},\"query-input\":\"required name=search_term_string\"}],\"inLanguage\":\"en-GB\"},{\"@type\":\"Organization\",\"@id\":\"https:\/\/circuitodejerez.com\/#organization\",\"name\":\"Circuito de Jerez \u00c1ngel Nieto\",\"url\":\"https:\/\/circuitodejerez.com\/\",\"logo\":{\"@type\":\"ImageObject\",\"inLanguage\":\"en-GB\",\"@id\":\"https:\/\/circuitodejerez.com\/#\/schema\/logo\/image\/\",\"url\":\"https:\/\/circuitodejerez.com\/wp-content\/uploads\/2023\/06\/logo-circuito-jerez.png\",\"contentUrl\":\"https:\/\/circuitodejerez.com\/wp-content\/uploads\/2023\/06\/logo-circuito-jerez.png\",\"width\":556,\"height\":142,\"caption\":\"Circuito de Jerez \u00c1ngel Nieto\"},\"image\":{\"@id\":\"https:\/\/circuitodejerez.com\/#\/schema\/logo\/image\/\"},\"sameAs\":[\"https:\/\/www.facebook.com\/circuitodejerezangelnieto\/\",\"https:\/\/x.com\/circuitodejerez\",\"https:\/\/www.instagram.com\/circuito_de_jerez\/?hl=es\",\"https:\/\/www.youtube.com\/user\/cirjesa\"]},{\"@type\":\"Person\",\"@id\":\"https:\/\/circuitodejerez.com\/#\/schema\/person\/7426c66afad35f522814eb06fb2e213a\",\"name\":\"publyland\",\"sameAs\":[\"https:\/\/circuitoangelnieto.com\"],\"url\":\"https:\/\/circuitodejerez.com\/en\/author\/publyland\/\"}]}<\/script>\n<!-- \/ Yoast SEO plugin. -->","yoast_head_json":{"title":"GP Guru by Gryfyn de Espa\u00f1a MotoGP - Circuito de Jerez \u00c1ngel Nieto","robots":{"index":"index","follow":"follow","max-snippet":"max-snippet:-1","max-image-preview":"max-image-preview:large","max-video-preview":"max-video-preview:-1"},"canonical":"https:\/\/circuitodejerez.com\/en\/2023\/04\/28\/gp-guru-by-gryfyn-de-espana-motogp\/","og_locale":"en_GB","og_type":"article","og_title":"GP Guru by Gryfyn de Espa\u00f1a MotoGP - Circuito de Jerez \u00c1ngel Nieto","og_description":"Aleix Espargaro marca la pauta en MotoGP con el Wild Card, Dani Pedrosa finalizando tercero. Sam Lowes y Deniz \u00d6nc\u00fc,","og_url":"https:\/\/circuitodejerez.com\/en\/2023\/04\/28\/gp-guru-by-gryfyn-de-espana-motogp\/","og_site_name":"Circuito de Jerez \u00c1ngel Nieto","article_publisher":"https:\/\/www.facebook.com\/circuitodejerezangelnieto\/","article_published_time":"2023-04-28T17:16:36+00:00","article_modified_time":"2024-01-29T18:40:33+00:00","og_image":[{"width":2560,"height":1706,"url":"https:\/\/circuitodejerez.com\/wp-content\/uploads\/2024\/01\/noticia_82-scaled.jpg","type":"image\/jpeg"}],"author":"publyland","twitter_card":"summary_large_image","twitter_creator":"@circuitodejerez","twitter_site":"@circuitodejerez","twitter_misc":{"Written by":"publyland","Estimated reading time":"5 minutes"},"schema":{"@context":"https:\/\/schema.org","@graph":[{"@type":"Article","@id":"https:\/\/circuitodejerez.com\/2023\/04\/28\/gp-guru-by-gryfyn-de-espana-motogp\/#article","isPartOf":{"@id":"https:\/\/circuitodejerez.com\/2023\/04\/28\/gp-guru-by-gryfyn-de-espana-motogp\/"},"author":{"name":"publyland","@id":"https:\/\/circuitodejerez.com\/#\/schema\/person\/7426c66afad35f522814eb06fb2e213a"},"headline":"GP Guru by Gryfyn de Espa\u00f1a MotoGP","datePublished":"2023-04-28T17:16:36+00:00","dateModified":"2024-01-29T18:40:33+00:00","mainEntityOfPage":{"@id":"https:\/\/circuitodejerez.com\/2023\/04\/28\/gp-guru-by-gryfyn-de-espana-motogp\/"},"wordCount":982,"publisher":{"@id":"https:\/\/circuitodejerez.com\/#organization"},"image":{"@id":"https:\/\/circuitodejerez.com\/2023\/04\/28\/gp-guru-by-gryfyn-de-espana-motogp\/#primaryimage"},"thumbnailUrl":"https:\/\/circuitodejerez.com\/wp-content\/uploads\/2024\/01\/noticia_82-scaled.jpg","articleSection":["Noticias"],"inLanguage":"en-GB"},{"@type":"WebPage","@id":"https:\/\/circuitodejerez.com\/2023\/04\/28\/gp-guru-by-gryfyn-de-espana-motogp\/","url":"https:\/\/circuitodejerez.com\/2023\/04\/28\/gp-guru-by-gryfyn-de-espana-motogp\/","name":"GP Guru by Gryfyn de Espa\u00f1a MotoGP - Circuito de Jerez \u00c1ngel Nieto","isPartOf":{"@id":"https:\/\/circuitodejerez.com\/#website"},"primaryImageOfPage":{"@id":"https:\/\/circuitodejerez.com\/2023\/04\/28\/gp-guru-by-gryfyn-de-espana-motogp\/#primaryimage"},"image":{"@id":"https:\/\/circuitodejerez.com\/2023\/04\/28\/gp-guru-by-gryfyn-de-espana-motogp\/#primaryimage"},"thumbnailUrl":"https:\/\/circuitodejerez.com\/wp-content\/uploads\/2024\/01\/noticia_82-scaled.jpg","datePublished":"2023-04-28T17:16:36+00:00","dateModified":"2024-01-29T18:40:33+00:00","breadcrumb":{"@id":"https:\/\/circuitodejerez.com\/2023\/04\/28\/gp-guru-by-gryfyn-de-espana-motogp\/#breadcrumb"},"inLanguage":"en-GB","potentialAction":[{"@type":"ReadAction","target":["https:\/\/circuitodejerez.com\/2023\/04\/28\/gp-guru-by-gryfyn-de-espana-motogp\/"]}]},{"@type":"ImageObject","inLanguage":"en-GB","@id":"https:\/\/circuitodejerez.com\/2023\/04\/28\/gp-guru-by-gryfyn-de-espana-motogp\/#primaryimage","url":"https:\/\/circuitodejerez.com\/wp-content\/uploads\/2024\/01\/noticia_82-scaled.jpg","contentUrl":"https:\/\/circuitodejerez.com\/wp-content\/uploads\/2024\/01\/noticia_82-scaled.jpg","width":2560,"height":1706},{"@type":"BreadcrumbList","@id":"https:\/\/circuitodejerez.com\/2023\/04\/28\/gp-guru-by-gryfyn-de-espana-motogp\/#breadcrumb","itemListElement":[{"@type":"ListItem","position":1,"name":"Portada","item":"https:\/\/circuitodejerez.com\/"},{"@type":"ListItem","position":2,"name":"GP Guru by Gryfyn de Espa\u00f1a MotoGP"}]},{"@type":"WebSite","@id":"https:\/\/circuitodejerez.com\/#website","url":"https:\/\/circuitodejerez.com\/","name":"Circuito de Jerez \u00c1ngel Nieto","description":"Circuito de Jerez \u00c1ngel Nieto","publisher":{"@id":"https:\/\/circuitodejerez.com\/#organization"},"potentialAction":[{"@type":"SearchAction","target":{"@type":"EntryPoint","urlTemplate":"https:\/\/circuitodejerez.com\/?s={search_term_string}"},"query-input":"required name=search_term_string"}],"inLanguage":"en-GB"},{"@type":"Organization","@id":"https:\/\/circuitodejerez.com\/#organization","name":"Circuito de Jerez \u00c1ngel Nieto","url":"https:\/\/circuitodejerez.com\/","logo":{"@type":"ImageObject","inLanguage":"en-GB","@id":"https:\/\/circuitodejerez.com\/#\/schema\/logo\/image\/","url":"https:\/\/circuitodejerez.com\/wp-content\/uploads\/2023\/06\/logo-circuito-jerez.png","contentUrl":"https:\/\/circuitodejerez.com\/wp-content\/uploads\/2023\/06\/logo-circuito-jerez.png","width":556,"height":142,"caption":"Circuito de Jerez \u00c1ngel Nieto"},"image":{"@id":"https:\/\/circuitodejerez.com\/#\/schema\/logo\/image\/"},"sameAs":["https:\/\/www.facebook.com\/circuitodejerezangelnieto\/","https:\/\/x.com\/circuitodejerez","https:\/\/www.instagram.com\/circuito_de_jerez\/?hl=es","https:\/\/www.youtube.com\/user\/cirjesa"]},{"@type":"Person","@id":"https:\/\/circuitodejerez.com\/#\/schema\/person\/7426c66afad35f522814eb06fb2e213a","name":"publyland","sameAs":["https:\/\/circuitoangelnieto.com"],"url":"https:\/\/circuitodejerez.com\/en\/author\/publyland\/"}]}},"_links":{"self":[{"href":"https:\/\/circuitodejerez.com\/en\/wp-json\/wp\/v2\/posts\/35779","targetHints":{"allow":["GET"]}}],"collection":[{"href":"https:\/\/circuitodejerez.com\/en\/wp-json\/wp\/v2\/posts"}],"about":[{"href":"https:\/\/circuitodejerez.com\/en\/wp-json\/wp\/v2\/types\/post"}],"author":[{"embeddable":true,"href":"https:\/\/circuitodejerez.com\/en\/wp-json\/wp\/v2\/users\/1"}],"replies":[{"embeddable":true,"href":"https:\/\/circuitodejerez.com\/en\/wp-json\/wp\/v2\/comments?post=35779"}],"version-history":[{"count":3,"href":"https:\/\/circuitodejerez.com\/en\/wp-json\/wp\/v2\/posts\/35779\/revisions"}],"predecessor-version":[{"id":35901,"href":"https:\/\/circuitodejerez.com\/en\/wp-json\/wp\/v2\/posts\/35779\/revisions\/35901"}],"wp:featuredmedia":[{"embeddable":true,"href":"https:\/\/circuitodejerez.com\/en\/wp-json\/wp\/v2\/media\/35780"}],"wp:attachment":[{"href":"https:\/\/circuitodejerez.com\/en\/wp-json\/wp\/v2\/media?parent=35779"}],"wp:term":[{"taxonomy":"category","embeddable":true,"href":"https:\/\/circuitodejerez.com\/en\/wp-json\/wp\/v2\/categories?post=35779"},{"taxonomy":"post_tag","embeddable":true,"href":"https:\/\/circuitodejerez.com\/en\/wp-json\/wp\/v2\/tags?post=35779"}],"curies":[{"name":"wp","href":"https:\/\/api.w.org\/{rel}","templated":true}]}}