{"id":35786,"date":"2023-04-26T19:20:02","date_gmt":"2023-04-26T17:20:02","guid":{"rendered":"https:\/\/circuitoangelnieto.com\/2024\/01\/25\/gran-premio-guru-by-gryfyn-de-espana-2023\/"},"modified":"2024-01-29T19:41:53","modified_gmt":"2024-01-29T18:41:53","slug":"gran-premio-guru-by-gryfyn-de-espana-2023","status":"publish","type":"post","link":"https:\/\/circuitodejerez.com\/en\/2023\/04\/26\/gran-premio-guru-by-gryfyn-de-espana-2023\/","title":{"rendered":"Gran Premio Guru by Gryfyn de Espa\u00f1a 2023"},"content":{"rendered":"<p><img loading=\"lazy\" decoding=\"async\" class=\"alignnone size-medium\" style=\"display: none;\" src=\"https:\/\/gestorapp.circuitoangelnieto.com\/\/uploads\/noticias\/noticia_84.jpg\" width=\"600\" height=\"409\" \/><\/p>\n<div>\n<p>El Circuito de Jerez-\u00c1ngel Nieto, ultima los preparativos para albergar este fin de semana la 4\u00aa prueba puntuable del Campeonato del Mundo MotoGP.<\/p>\n<p>Marc M\u00e1rquez, finalmente no participar\u00e1 en el Gran Premio.<\/p>\n<\/div>\n<div>\n<p><strong>26 de abril de 2023.<\/strong><\/p>\n<p>En cuesti\u00f3n de horas llega el fin de semana que tanto tiempo llev\u00e1bamos esperando, el Gran Premio Guru By Gryfyn de Espa\u00f1a 2023. Una nueva edici\u00f3n, la 38 concretamente en la que el mundial de velocidad ha recalado de forma consecutiva en nuestras instalaciones. Y mientras el sem\u00e1foro no se ponga en verde en la calle del pit-lane para abrir la pista a los primeros entrenamientos oficiales, el Circuito de Jerez-\u00c1ngel Nieto ultima los preparativos para albergar esta cuarta cita del mundial MotoGP.<\/p>\n<p>Estos d\u00edas, las instalaciones jerezanas son un trasiego constante de operarios en labores de montaje de estructuras, hospitalities, carpas, boxes, etc.. \u00a0para que ya ma\u00f1ana jueves luzca sus mejores galas durante el fin de semana en el que recibiremos a los mejores pilotos del mundo dando gas en una pista -este a\u00f1o renovada en sus curvas 1 y 5- ante la ovaci\u00f3n de miles de aficionados en las gradas.<\/p>\n<p>Ma\u00f1ana jueves 27 de abril, varios protagonistas hablar\u00e1n a las 5 de la tarde ante la prensa en la Sala de Conferencias del circuito, con tres ruedas de prensa convocadas a lo largo de la tarde en la que estar\u00e1n presentes entre otros, Marco Bezzecchi, Pecco Bagnaia, Alex Rins, Maverick Vi\u00f1ales, Fabio Quartararo\u2026Ser\u00e1 el viernes 28 cuando comenzar\u00e1 la actividad oficial con los primeros entrenamientos libres del fin de semana a partir de las nueve de la ma\u00f1ana. Como novedad destacada, tambi\u00e9n el Circuito de Jerez-\u00c1ngel Nieto ser\u00e1 testigo del nuevo formato implementado en el programa de carreras de MotoGP, con la carrera al Sprint de 12 vueltas, que se celebrar\u00e1 el s\u00e1bado a partir de las 15:00 horas, para cerrar la jornada de poles. Unas carreras al Sprint en lo que llevamos de campeonato que han deparado sorpresas y han ofrecido un gran espect\u00e1culo a los aficionados, no en vano, en tan pocas vueltas, se igualan prestaciones de ah\u00ed que s\u00f3lo Pecco Bagnaia y Jorge Mart\u00edn hayan repetido p\u00f3dium en algunas de las citas celebradas anteriormente, en el caso del campe\u00f3n en t\u00edtulo, venciendo en Portugal y Estados Unidos, mientras el espa\u00f1ol lograba una segunda plaza en Portugal y una tercera en Estados Unidos. Entre el resto de pilotos que han subido al p\u00f3dium en las tres carreras Sprint celebradas, encontramos a Marc M\u00e1rquez, Brad Binder (que venci\u00f3 en Argentina), Marco Bezzecchi, Luca Marini y Alex Rins.<\/p>\n<p>En cuanto a las clasificaciones, la categor\u00eda reina no puede estar m\u00e1s abierta y emocionante. Tras la at\u00edpica carrera disputada en Austin, Marco Bezzecchi sali\u00f3 ligeramente m\u00e1s l\u00edder de la general con 11 puntos sobre Francesco Bagnaia, que se fue al suelo cuando lideraba la carrera. La grata sorpresa fue, sin duda, \u00c1lex Rins, en tan s\u00f3lo su tercera carrera de la temporada bajo la estructura del LCR, logr\u00f3 devolverle la sonrisa a las huestes de Honda haci\u00e9ndose con una contundente victoria que le sit\u00faa tercero de la general.<\/p>\n<p>El desglose de f\u00e1bricas en la clasificaci\u00f3n llegar\u00e1 a Jerez con las dominantes Ducati en cabeza, la amenaza de las Aprilia y de una KTM que parece apretar con fuerza. Mientras, la Yamaha atrapa el mayor n\u00famero puntos posibles en manos de Fabio Quartararo y Honda nos deja en vilo hasta reafirmar en Jerez lo sucedido en Estados Unidos.<\/p>\n<p><strong>Marc M\u00e1rquez no participar\u00e1 en el Gran Premio<\/strong><\/p>\n<p>Finalmente, el esperado regreso de Marc M\u00e1rquez tras su accidente en Portugal no se producir\u00e1 en Jerez tal y como hoy mismo comunicaba su equipo:<\/p>\n<p>&#8220;Ayer hicimos otro TAC y se ha confirmado que, a pesar de que la lesi\u00f3n evoluciona favorablemente, el hueso a\u00fan no ha terminado de cicatrizar y correr en Jerez era arriesgado. Junto con el equipo m\u00e9dico hemos decidido no correr riesgos, esperar dos semanas m\u00e1s y volver en Le Mans. Siento mucho perderme el Gran Premio de Espa\u00f1a porque siempre es especial, por el ambiente, por correr en casa y, sobre todo, por ver y disfrutar de los aficionados. Seguir\u00e9 con la rehabilitaci\u00f3n y trabajar\u00e9 para estar de vuelta lo antes posible. Gracias por vuestros mensajes de apoyo&#8221; comentaba el espa\u00f1ol que tratar\u00e1 de reaparecer en Le Mans.<\/p>\n<p>Iker Lecuona, del Team HRC en el WorldSBK, ser\u00e1 el sustituto M\u00e1rquez en el Gran Premio de Espa\u00f1a.<\/p>\n<p>El que s\u00ed estar\u00e1 en Jerez es Dani Pedrosa, toda una leyenda de MotoGP que bajo el amparo de la f\u00e1brica KTM tratar\u00e1 como Wild Card de realizar un gran papel con una moto que, gracias a sus dotes como probador, ha conseguido encumbrarla a la cima del \u00e9xito, siendo el art\u00edfice directo de las victorias que las firma austr\u00edaca ha conseguido hasta ahora en MotoGP.<\/p>\n<p>Respecto a la categor\u00eda de Moto2, el piloto murciano del Red Bull KTM Ajo, Pedro Acosta, llegar\u00e1 al trazado jerezano en plena caza por el liderato. Tras la cita anterior, en la que recort\u00f3 un buen n\u00famero de puntos a Tony Arbolino, se encuentra actualmente segundo en la general a tan s\u00f3lo 7 puntos del italiano. Aron Canet tampoco cesa en su lucha por lo m\u00e1s alto, siendo tercero en la clasificaci\u00f3n a 13 puntos por detr\u00e1s de Acosta. Las carreras de Moto2 est\u00e1n adoptando una l\u00ednea de emoci\u00f3n que a veces se llegaba a echar en falta temporada atr\u00e1s, con golpes de efecto y grupos de adelantamientos hasta la \u00faltima vuelta.<\/p>\n<p>En Moto3 es dif\u00edcil no hacer alusi\u00f3n a la espectacular tensi\u00f3n propia de estas carreras, que de seguro no faltar\u00e1 de nuevo en Jerez y har\u00e1 levantar a todos de sus asientos con sus constantes pasadas. El \u00faltimo vencedor fue Iv\u00e1n Ortol\u00e1, con su primera victoria mundialista tras estar al borde de irse al suelo nada m\u00e1s comenzar la carrera. Tras la parada por Austin, Daniel Holgado encabeza la clasificaci\u00f3n, aunque lo hace empatado a puntos con Diogo Moreira, ambos con 49 puntos. Xavier Artigas logr\u00f3 su primer podio de la temporada y escal\u00f3 al tercer puesto de la tabla, a 17 puntos, con Jaume Masi\u00e0 cuarto a 18. En esta categor\u00eda, habr\u00e1 que estar atento a la fuerza y el talento andaluz representados por los sevillanos David Mu\u00f1oz y Jos\u00e9 Antonio Rueda, s\u00e9ptimo y octavo respectivamente de la general separados por tan s\u00f3lo un punto. Ambos juegan en casa y a buen seguro vendr\u00e1n muchos \u201cpaisanos\u201d a apoyarles por lo que todo se puede esperar de estos j\u00f3venes pilotos con ansias de p\u00f3dium, si bien, en el caso de Mu\u00f1oz, &#8211;<\/p>\n<p>Ampliaci\u00f3n de las escapatorias de seguridad de los pilotos en las curvas 1 (40 metros) y 5 (25 metros), junto a la nueva carrera al Sprint de 12 vueltas el s\u00e1bado para la categor\u00eda de MotoGP que adem\u00e1s contar\u00e1 con un novedoso p\u00f3dium en la misma l\u00ednea de meta, pr\u00f3ximo al p\u00fablico, Pit Lane Walk (visita a boxes para los aficionados), Fan Zone para el p\u00fablico con donde habr\u00e1 un escenario por el que pasar\u00e1n pilotos y habr\u00e1 animaci\u00f3n musical a cargo de un DJ, tambi\u00e9n \u00e1rea de merchandising, la tambi\u00e9n novedad del denominado \u2018MotoGP Hero Walk\u2019 programado s\u00e1bado y domingo donde los aficionados que consigan la pulsera de acceso podr\u00e1n interaccionar con los pilotos de las tres categor\u00edas, pedirles autogr\u00e1fos, selfies, etc..y el desfile de los pilotos MotoGP en pista en una plataforma para la ocasi\u00f3n con paradas en determinadas curvas para lanzar al p\u00fablico merchandising, son las novedades enfocadas a mejorar la experiencia del p\u00fablico con el MotoGP introducidas por el organizador para esta edici\u00f3n 2023 del Gran Premio de Espa\u00f1a.<\/p>\n<p>A todas ellas, se suman las actividades paralelas organizadas en la ciudad de Jerez que, a trav\u00e9s de su Ayuntamiento, han realizado un gran despliegue con una programaci\u00f3n muy destacada de conciertos de m\u00fasica, caravana motera, exposiciones de motos -como la del 8 veces campe\u00f3n del Mundo Marc M\u00e1rquez que contar\u00e1 con un espacio en pleno de centro de Jerez, denominado Garage 93 en el que estar\u00e1n presentes 6 de sus motos ganadoras-, mercado motero, feria foodtruck y otras muchas variadas ofertas de ocio estar\u00e1n disponibles para los aficionados que vengan a Jerez para disfrutar del Gran Premio en el circuito y de la ciudad de Jerez durante esos mismos d\u00edas.<\/p>\n<\/div>\n<p><img loading=\"lazy\" decoding=\"async\" class=\"alignnone size-medium\" style=\"width: 100%;\" src=\"https:\/\/gestorapp.circuitoangelnieto.com\/\/uploads\/noticias\/noticia_destacada_84.jpg\" width=\"600\" height=\"409\" \/><\/p>","protected":false},"excerpt":{"rendered":"<p>El Circuito de Jerez-\u00c1ngel Nieto, ultima los preparativos para albergar este fin de semana la 4\u00aa prueba puntuable del Campeonato<\/p>","protected":false},"author":1,"featured_media":35787,"comment_status":"closed","ping_status":"closed","sticky":false,"template":"","format":"standard","meta":{"footnotes":""},"categories":[2],"tags":[],"class_list":["post-35786","post","type-post","status-publish","format-standard","has-post-thumbnail","hentry","category-noticias"],"yoast_head":"<!-- This site is optimized with the Yoast SEO plugin v22.5 - https:\/\/yoast.com\/wordpress\/plugins\/seo\/ -->\n<title>Gran Premio Guru by Gryfyn de Espa\u00f1a 2023 - Circuito de Jerez \u00c1ngel Nieto<\/title>\n<meta name=\"robots\" content=\"index, follow, max-snippet:-1, max-image-preview:large, max-video-preview:-1\" \/>\n<link rel=\"canonical\" href=\"https:\/\/circuitodejerez.com\/en\/2023\/04\/26\/gran-premio-guru-by-gryfyn-de-espana-2023\/\" \/>\n<meta property=\"og:locale\" content=\"en_GB\" \/>\n<meta property=\"og:type\" content=\"article\" \/>\n<meta property=\"og:title\" content=\"Gran Premio Guru by Gryfyn de Espa\u00f1a 2023 - Circuito de Jerez \u00c1ngel Nieto\" \/>\n<meta property=\"og:description\" content=\"El Circuito de Jerez-\u00c1ngel Nieto, ultima los preparativos para albergar este fin de semana la 4\u00aa prueba puntuable del Campeonato\" \/>\n<meta property=\"og:url\" content=\"https:\/\/circuitodejerez.com\/en\/2023\/04\/26\/gran-premio-guru-by-gryfyn-de-espana-2023\/\" \/>\n<meta property=\"og:site_name\" content=\"Circuito de Jerez \u00c1ngel Nieto\" \/>\n<meta property=\"article:publisher\" content=\"https:\/\/www.facebook.com\/circuitodejerezangelnieto\/\" \/>\n<meta property=\"article:published_time\" content=\"2023-04-26T17:20:02+00:00\" \/>\n<meta property=\"article:modified_time\" content=\"2024-01-29T18:41:53+00:00\" \/>\n<meta property=\"og:image\" content=\"https:\/\/circuitodejerez.com\/wp-content\/uploads\/2024\/01\/noticia_84-scaled.jpg\" \/>\n\t<meta property=\"og:image:width\" content=\"2560\" \/>\n\t<meta property=\"og:image:height\" content=\"1706\" \/>\n\t<meta property=\"og:image:type\" content=\"image\/jpeg\" \/>\n<meta name=\"author\" content=\"publyland\" \/>\n<meta name=\"twitter:card\" content=\"summary_large_image\" \/>\n<meta name=\"twitter:creator\" content=\"@circuitodejerez\" \/>\n<meta name=\"twitter:site\" content=\"@circuitodejerez\" \/>\n<meta name=\"twitter:label1\" content=\"Written by\" \/>\n\t<meta name=\"twitter:data1\" content=\"publyland\" \/>\n\t<meta name=\"twitter:label2\" content=\"Estimated reading time\" \/>\n\t<meta name=\"twitter:data2\" content=\"7 minutes\" \/>\n<script type=\"application\/ld+json\" class=\"yoast-schema-graph\">{\"@context\":\"https:\/\/schema.org\",\"@graph\":[{\"@type\":\"Article\",\"@id\":\"https:\/\/circuitodejerez.com\/2023\/04\/26\/gran-premio-guru-by-gryfyn-de-espana-2023\/#article\",\"isPartOf\":{\"@id\":\"https:\/\/circuitodejerez.com\/2023\/04\/26\/gran-premio-guru-by-gryfyn-de-espana-2023\/\"},\"author\":{\"name\":\"publyland\",\"@id\":\"https:\/\/circuitodejerez.com\/#\/schema\/person\/7426c66afad35f522814eb06fb2e213a\"},\"headline\":\"Gran Premio Guru by Gryfyn de Espa\u00f1a 2023\",\"datePublished\":\"2023-04-26T17:20:02+00:00\",\"dateModified\":\"2024-01-29T18:41:53+00:00\",\"mainEntityOfPage\":{\"@id\":\"https:\/\/circuitodejerez.com\/2023\/04\/26\/gran-premio-guru-by-gryfyn-de-espana-2023\/\"},\"wordCount\":1470,\"publisher\":{\"@id\":\"https:\/\/circuitodejerez.com\/#organization\"},\"image\":{\"@id\":\"https:\/\/circuitodejerez.com\/2023\/04\/26\/gran-premio-guru-by-gryfyn-de-espana-2023\/#primaryimage\"},\"thumbnailUrl\":\"https:\/\/circuitodejerez.com\/wp-content\/uploads\/2024\/01\/noticia_84-scaled.jpg\",\"articleSection\":[\"Noticias\"],\"inLanguage\":\"en-GB\"},{\"@type\":\"WebPage\",\"@id\":\"https:\/\/circuitodejerez.com\/2023\/04\/26\/gran-premio-guru-by-gryfyn-de-espana-2023\/\",\"url\":\"https:\/\/circuitodejerez.com\/2023\/04\/26\/gran-premio-guru-by-gryfyn-de-espana-2023\/\",\"name\":\"Gran Premio Guru by Gryfyn de Espa\u00f1a 2023 - Circuito de Jerez \u00c1ngel Nieto\",\"isPartOf\":{\"@id\":\"https:\/\/circuitodejerez.com\/#website\"},\"primaryImageOfPage\":{\"@id\":\"https:\/\/circuitodejerez.com\/2023\/04\/26\/gran-premio-guru-by-gryfyn-de-espana-2023\/#primaryimage\"},\"image\":{\"@id\":\"https:\/\/circuitodejerez.com\/2023\/04\/26\/gran-premio-guru-by-gryfyn-de-espana-2023\/#primaryimage\"},\"thumbnailUrl\":\"https:\/\/circuitodejerez.com\/wp-content\/uploads\/2024\/01\/noticia_84-scaled.jpg\",\"datePublished\":\"2023-04-26T17:20:02+00:00\",\"dateModified\":\"2024-01-29T18:41:53+00:00\",\"breadcrumb\":{\"@id\":\"https:\/\/circuitodejerez.com\/2023\/04\/26\/gran-premio-guru-by-gryfyn-de-espana-2023\/#breadcrumb\"},\"inLanguage\":\"en-GB\",\"potentialAction\":[{\"@type\":\"ReadAction\",\"target\":[\"https:\/\/circuitodejerez.com\/2023\/04\/26\/gran-premio-guru-by-gryfyn-de-espana-2023\/\"]}]},{\"@type\":\"ImageObject\",\"inLanguage\":\"en-GB\",\"@id\":\"https:\/\/circuitodejerez.com\/2023\/04\/26\/gran-premio-guru-by-gryfyn-de-espana-2023\/#primaryimage\",\"url\":\"https:\/\/circuitodejerez.com\/wp-content\/uploads\/2024\/01\/noticia_84-scaled.jpg\",\"contentUrl\":\"https:\/\/circuitodejerez.com\/wp-content\/uploads\/2024\/01\/noticia_84-scaled.jpg\",\"width\":2560,\"height\":1706},{\"@type\":\"BreadcrumbList\",\"@id\":\"https:\/\/circuitodejerez.com\/2023\/04\/26\/gran-premio-guru-by-gryfyn-de-espana-2023\/#breadcrumb\",\"itemListElement\":[{\"@type\":\"ListItem\",\"position\":1,\"name\":\"Portada\",\"item\":\"https:\/\/circuitodejerez.com\/\"},{\"@type\":\"ListItem\",\"position\":2,\"name\":\"Gran Premio Guru by Gryfyn de Espa\u00f1a 2023\"}]},{\"@type\":\"WebSite\",\"@id\":\"https:\/\/circuitodejerez.com\/#website\",\"url\":\"https:\/\/circuitodejerez.com\/\",\"name\":\"Circuito de Jerez \u00c1ngel Nieto\",\"description\":\"Circuito de Jerez \u00c1ngel Nieto\",\"publisher\":{\"@id\":\"https:\/\/circuitodejerez.com\/#organization\"},\"potentialAction\":[{\"@type\":\"SearchAction\",\"target\":{\"@type\":\"EntryPoint\",\"urlTemplate\":\"https:\/\/circuitodejerez.com\/?s={search_term_string}\"},\"query-input\":\"required name=search_term_string\"}],\"inLanguage\":\"en-GB\"},{\"@type\":\"Organization\",\"@id\":\"https:\/\/circuitodejerez.com\/#organization\",\"name\":\"Circuito de Jerez \u00c1ngel Nieto\",\"url\":\"https:\/\/circuitodejerez.com\/\",\"logo\":{\"@type\":\"ImageObject\",\"inLanguage\":\"en-GB\",\"@id\":\"https:\/\/circuitodejerez.com\/#\/schema\/logo\/image\/\",\"url\":\"https:\/\/circuitodejerez.com\/wp-content\/uploads\/2023\/06\/logo-circuito-jerez.png\",\"contentUrl\":\"https:\/\/circuitodejerez.com\/wp-content\/uploads\/2023\/06\/logo-circuito-jerez.png\",\"width\":556,\"height\":142,\"caption\":\"Circuito de Jerez \u00c1ngel Nieto\"},\"image\":{\"@id\":\"https:\/\/circuitodejerez.com\/#\/schema\/logo\/image\/\"},\"sameAs\":[\"https:\/\/www.facebook.com\/circuitodejerezangelnieto\/\",\"https:\/\/x.com\/circuitodejerez\",\"https:\/\/www.instagram.com\/circuito_de_jerez\/?hl=es\",\"https:\/\/www.youtube.com\/user\/cirjesa\"]},{\"@type\":\"Person\",\"@id\":\"https:\/\/circuitodejerez.com\/#\/schema\/person\/7426c66afad35f522814eb06fb2e213a\",\"name\":\"publyland\",\"sameAs\":[\"https:\/\/circuitoangelnieto.com\"],\"url\":\"https:\/\/circuitodejerez.com\/en\/author\/publyland\/\"}]}<\/script>\n<!-- \/ Yoast SEO plugin. -->","yoast_head_json":{"title":"Gran Premio Guru by Gryfyn de Espa\u00f1a 2023 - Circuito de Jerez \u00c1ngel Nieto","robots":{"index":"index","follow":"follow","max-snippet":"max-snippet:-1","max-image-preview":"max-image-preview:large","max-video-preview":"max-video-preview:-1"},"canonical":"https:\/\/circuitodejerez.com\/en\/2023\/04\/26\/gran-premio-guru-by-gryfyn-de-espana-2023\/","og_locale":"en_GB","og_type":"article","og_title":"Gran Premio Guru by Gryfyn de Espa\u00f1a 2023 - Circuito de Jerez \u00c1ngel Nieto","og_description":"El Circuito de Jerez-\u00c1ngel Nieto, ultima los preparativos para albergar este fin de semana la 4\u00aa prueba puntuable del Campeonato","og_url":"https:\/\/circuitodejerez.com\/en\/2023\/04\/26\/gran-premio-guru-by-gryfyn-de-espana-2023\/","og_site_name":"Circuito de Jerez \u00c1ngel Nieto","article_publisher":"https:\/\/www.facebook.com\/circuitodejerezangelnieto\/","article_published_time":"2023-04-26T17:20:02+00:00","article_modified_time":"2024-01-29T18:41:53+00:00","og_image":[{"width":2560,"height":1706,"url":"https:\/\/circuitodejerez.com\/wp-content\/uploads\/2024\/01\/noticia_84-scaled.jpg","type":"image\/jpeg"}],"author":"publyland","twitter_card":"summary_large_image","twitter_creator":"@circuitodejerez","twitter_site":"@circuitodejerez","twitter_misc":{"Written by":"publyland","Estimated reading time":"7 minutes"},"schema":{"@context":"https:\/\/schema.org","@graph":[{"@type":"Article","@id":"https:\/\/circuitodejerez.com\/2023\/04\/26\/gran-premio-guru-by-gryfyn-de-espana-2023\/#article","isPartOf":{"@id":"https:\/\/circuitodejerez.com\/2023\/04\/26\/gran-premio-guru-by-gryfyn-de-espana-2023\/"},"author":{"name":"publyland","@id":"https:\/\/circuitodejerez.com\/#\/schema\/person\/7426c66afad35f522814eb06fb2e213a"},"headline":"Gran Premio Guru by Gryfyn de Espa\u00f1a 2023","datePublished":"2023-04-26T17:20:02+00:00","dateModified":"2024-01-29T18:41:53+00:00","mainEntityOfPage":{"@id":"https:\/\/circuitodejerez.com\/2023\/04\/26\/gran-premio-guru-by-gryfyn-de-espana-2023\/"},"wordCount":1470,"publisher":{"@id":"https:\/\/circuitodejerez.com\/#organization"},"image":{"@id":"https:\/\/circuitodejerez.com\/2023\/04\/26\/gran-premio-guru-by-gryfyn-de-espana-2023\/#primaryimage"},"thumbnailUrl":"https:\/\/circuitodejerez.com\/wp-content\/uploads\/2024\/01\/noticia_84-scaled.jpg","articleSection":["Noticias"],"inLanguage":"en-GB"},{"@type":"WebPage","@id":"https:\/\/circuitodejerez.com\/2023\/04\/26\/gran-premio-guru-by-gryfyn-de-espana-2023\/","url":"https:\/\/circuitodejerez.com\/2023\/04\/26\/gran-premio-guru-by-gryfyn-de-espana-2023\/","name":"Gran Premio Guru by Gryfyn de Espa\u00f1a 2023 - Circuito de Jerez \u00c1ngel Nieto","isPartOf":{"@id":"https:\/\/circuitodejerez.com\/#website"},"primaryImageOfPage":{"@id":"https:\/\/circuitodejerez.com\/2023\/04\/26\/gran-premio-guru-by-gryfyn-de-espana-2023\/#primaryimage"},"image":{"@id":"https:\/\/circuitodejerez.com\/2023\/04\/26\/gran-premio-guru-by-gryfyn-de-espana-2023\/#primaryimage"},"thumbnailUrl":"https:\/\/circuitodejerez.com\/wp-content\/uploads\/2024\/01\/noticia_84-scaled.jpg","datePublished":"2023-04-26T17:20:02+00:00","dateModified":"2024-01-29T18:41:53+00:00","breadcrumb":{"@id":"https:\/\/circuitodejerez.com\/2023\/04\/26\/gran-premio-guru-by-gryfyn-de-espana-2023\/#breadcrumb"},"inLanguage":"en-GB","potentialAction":[{"@type":"ReadAction","target":["https:\/\/circuitodejerez.com\/2023\/04\/26\/gran-premio-guru-by-gryfyn-de-espana-2023\/"]}]},{"@type":"ImageObject","inLanguage":"en-GB","@id":"https:\/\/circuitodejerez.com\/2023\/04\/26\/gran-premio-guru-by-gryfyn-de-espana-2023\/#primaryimage","url":"https:\/\/circuitodejerez.com\/wp-content\/uploads\/2024\/01\/noticia_84-scaled.jpg","contentUrl":"https:\/\/circuitodejerez.com\/wp-content\/uploads\/2024\/01\/noticia_84-scaled.jpg","width":2560,"height":1706},{"@type":"BreadcrumbList","@id":"https:\/\/circuitodejerez.com\/2023\/04\/26\/gran-premio-guru-by-gryfyn-de-espana-2023\/#breadcrumb","itemListElement":[{"@type":"ListItem","position":1,"name":"Portada","item":"https:\/\/circuitodejerez.com\/"},{"@type":"ListItem","position":2,"name":"Gran Premio Guru by Gryfyn de Espa\u00f1a 2023"}]},{"@type":"WebSite","@id":"https:\/\/circuitodejerez.com\/#website","url":"https:\/\/circuitodejerez.com\/","name":"Circuito de Jerez \u00c1ngel Nieto","description":"Circuito de Jerez \u00c1ngel Nieto","publisher":{"@id":"https:\/\/circuitodejerez.com\/#organization"},"potentialAction":[{"@type":"SearchAction","target":{"@type":"EntryPoint","urlTemplate":"https:\/\/circuitodejerez.com\/?s={search_term_string}"},"query-input":"required name=search_term_string"}],"inLanguage":"en-GB"},{"@type":"Organization","@id":"https:\/\/circuitodejerez.com\/#organization","name":"Circuito de Jerez \u00c1ngel Nieto","url":"https:\/\/circuitodejerez.com\/","logo":{"@type":"ImageObject","inLanguage":"en-GB","@id":"https:\/\/circuitodejerez.com\/#\/schema\/logo\/image\/","url":"https:\/\/circuitodejerez.com\/wp-content\/uploads\/2023\/06\/logo-circuito-jerez.png","contentUrl":"https:\/\/circuitodejerez.com\/wp-content\/uploads\/2023\/06\/logo-circuito-jerez.png","width":556,"height":142,"caption":"Circuito de Jerez \u00c1ngel Nieto"},"image":{"@id":"https:\/\/circuitodejerez.com\/#\/schema\/logo\/image\/"},"sameAs":["https:\/\/www.facebook.com\/circuitodejerezangelnieto\/","https:\/\/x.com\/circuitodejerez","https:\/\/www.instagram.com\/circuito_de_jerez\/?hl=es","https:\/\/www.youtube.com\/user\/cirjesa"]},{"@type":"Person","@id":"https:\/\/circuitodejerez.com\/#\/schema\/person\/7426c66afad35f522814eb06fb2e213a","name":"publyland","sameAs":["https:\/\/circuitoangelnieto.com"],"url":"https:\/\/circuitodejerez.com\/en\/author\/publyland\/"}]}},"_links":{"self":[{"href":"https:\/\/circuitodejerez.com\/en\/wp-json\/wp\/v2\/posts\/35786","targetHints":{"allow":["GET"]}}],"collection":[{"href":"https:\/\/circuitodejerez.com\/en\/wp-json\/wp\/v2\/posts"}],"about":[{"href":"https:\/\/circuitodejerez.com\/en\/wp-json\/wp\/v2\/types\/post"}],"author":[{"embeddable":true,"href":"https:\/\/circuitodejerez.com\/en\/wp-json\/wp\/v2\/users\/1"}],"replies":[{"embeddable":true,"href":"https:\/\/circuitodejerez.com\/en\/wp-json\/wp\/v2\/comments?post=35786"}],"version-history":[{"count":2,"href":"https:\/\/circuitodejerez.com\/en\/wp-json\/wp\/v2\/posts\/35786\/revisions"}],"predecessor-version":[{"id":35903,"href":"https:\/\/circuitodejerez.com\/en\/wp-json\/wp\/v2\/posts\/35786\/revisions\/35903"}],"wp:featuredmedia":[{"embeddable":true,"href":"https:\/\/circuitodejerez.com\/en\/wp-json\/wp\/v2\/media\/35787"}],"wp:attachment":[{"href":"https:\/\/circuitodejerez.com\/en\/wp-json\/wp\/v2\/media?parent=35786"}],"wp:term":[{"taxonomy":"category","embeddable":true,"href":"https:\/\/circuitodejerez.com\/en\/wp-json\/wp\/v2\/categories?post=35786"},{"taxonomy":"post_tag","embeddable":true,"href":"https:\/\/circuitodejerez.com\/en\/wp-json\/wp\/v2\/tags?post=35786"}],"curies":[{"name":"wp","href":"https:\/\/api.w.org\/{rel}","templated":true}]}}