{"id":35792,"date":"2023-04-13T19:22:18","date_gmt":"2023-04-13T17:22:18","guid":{"rendered":"https:\/\/circuitoangelnieto.com\/2024\/01\/25\/presentacion-motogp-2023\/"},"modified":"2024-01-29T19:43:41","modified_gmt":"2024-01-29T18:43:41","slug":"presentacion-motogp-2023","status":"publish","type":"post","link":"https:\/\/circuitodejerez.com\/en\/2023\/04\/13\/presentacion-motogp-2023\/","title":{"rendered":"Presentaci\u00f3n MotoGP 2023"},"content":{"rendered":"<p><img loading=\"lazy\" decoding=\"async\" class=\"alignnone size-medium\" style=\"display: none;\" src=\"https:\/\/gestorapp.circuitoangelnieto.com\/\/uploads\/noticias\/noticia_86.jpg\" width=\"600\" height=\"409\" \/><\/p>\n<p>La alcaldesa de Jerez y presidenta de Cirjesa, presenta las novedades del Gran Premio de Espa\u00f1a de MotoGP que tendr\u00e1 lugar en el Circuito de Jerez los pr\u00f3ximos d\u00edas 28, 29 y 30 de abril.<\/p>\n<p>Sprint Race MotoGP, Rider Fan Parade, MotoGP Hero Walk y Drift BMW acercar\u00e1n a los pilotos con la afici\u00f3n.<\/p>\n<p>Se han vendido ya 53.462 entradas y s\u00f3lo quedan 3.640 de tribunas.<\/p>\n<p>El circuito ha sido renovado, es m\u00e1s seguro y accesible gracias a las obras de ampliaci\u00f3n de plazas y parkings para personas con movilidad reducida y a la remodelaci\u00f3n de las curvas.<\/p>\n<p><strong>13 de abril de 2023. <\/strong>La alcaldesa de Jerez y presidenta de Cirjesa, Mamen S\u00e1nchez, acompa\u00f1ada de la vicepresidenta Laura \u00c1lvarez, ha presentado el cartel, el spot promocional y las novedades del Gran Premio de Espa\u00f1a 2023 de MotoGP que se celebrar\u00e1 en el Circuito de Jerez-\u00c1ngel Nieto del 28 al 30 de abril. Mamen S\u00e1nchez ha anunciado las innovaciones deportivas y los espect\u00e1culos que acompa\u00f1ar\u00e1n a esta cita del Mundial de Motociclismo, as\u00ed como la ubicaci\u00f3n de las 47 plazas de visualizaci\u00f3n y 55 de parking habilitadas para las personas con movilidad reducida en siete curvas del trazado. El director gerente del Circuito de Jerez-\u00c1ngel Nieto, Cayetano G\u00f3mez ha acompa\u00f1ado a la alcaldesa en esta presentaci\u00f3n,<\/p>\n<p>Gracias a las obras de accesibilidad para las personas con movilidad reducida, con la subvenci\u00f3n del Gobierno de Espa\u00f1a, y a las obras de las curvas C1 y C5 (Sito Pons), ejecutadas por el Ayuntamiento para la celebraci\u00f3n del Gran Premio de Espa\u00f1a de 2023, el circuito ha sido renovado, es m\u00e1s seguro y accesible debido a las obras de ampliaci\u00f3n de la plazas y parkings de personas con movilidad reducida y a la remodelaci\u00f3n de las curvas.<\/p>\n<p>Sobre la venta de entradas \u201chemos superado, a fecha de hoy 13 de abril, en 1.400 las entradas vendidas en 2022. Ya se han vendido 53.462 entradas ahora en 2023. Algo importante es que s\u00f3lo quedan 3.640 entradas en 5 tribunas, las 9 restantes est\u00e1n ya llenas; es decir se han vendido el 90 por ciento de la capacidad de las tribunas\u201d, ha explicado la alcaldesa tras recordar que a la Pelouse siempre se puede acudir.<\/p>\n<p>El talento de Lola Flores, el recuerdo de su centenario han sido recordados en el spot promocional del GP de Espa\u00f1a con el lema \u2018Si me quer\u00e9is venirse\u2019. \u201cComo hab\u00e9is visto, durante todo el spot se proyecta en la pantalla el c\u00f3digo QR que da acceso a la programaci\u00f3n, que hoy vamos a actualizar con novedades\u201d, ha se\u00f1alado la alcaldesa.<\/p>\n<p>Antes, Mamen S\u00e1nchez ha elogiado el trabajo realizado para que \u201csea una edici\u00f3n hist\u00f3rica del Mundial de Motociclismo, para la afici\u00f3n y para Jerez\u201d. Una de las claves del \u00e9xito, como en a\u00f1os anteriores, \u201ces la coordinaci\u00f3n, el trabajo mano a mano con otras administraciones, con fuerzas y cuerpos de seguridad, patrocinadores, empresas auxiliares, medios de comunicaci\u00f3n y a todos los profesionales que intervienen y hacen posible este evento internacional\u201d, ha recordado Mamen S\u00e1nchez.<\/p>\n<p><strong>Actividades novedosas en el Circuito de Jerez-\u00c1ngel Nieto<\/strong><\/p>\n<p>El GP de Espa\u00f1a de Motociclisimo presentar\u00e1 en Jerez un importante n\u00famero de novedades pensadas para incrementar el espect\u00e1culo y la cercan\u00eda con la afici\u00f3n en el circuito. El jueves 27 de abril arranca esta programaci\u00f3n del Circuito de Jerez-\u00c1ngel Nieto con el Circuito de Drift BMW que se celebrar\u00e1 en el parking A (exterior) el jueves de 12.30 a 17 horas. En esta exhibici\u00f3n y carrera de derrapes se anuncia la presencia de tres pilotos de motociclismo y de dos profesionales del drift. Esta Actividad coincidir\u00e1 con la salida de la Gran Caravana Motera hacia la ciudad. \u201cHabr\u00e1 mucho ambiente\u201d en el circuito y en la ciudad ha asegurado Mamen S\u00e1nchez.<\/p>\n<p>El s\u00e1bado 29 de abril se disputar\u00e1 otra de las grandes novedades de la presente edici\u00f3n del Mundial de Motociclismo: la Sprint Race MotoGP. Esta carrera, que consta de 12 vueltas, se disputar\u00e1 a las 15 horas. La ceremonia de p\u00f3dium tendr\u00e1 lugar en una estructura temporal situada en la misma pista, cerca de la parrilla de salida, donde se llevar\u00e1 a cabo la entrega de trofeos arropados por la cercan\u00eda del p\u00fablico de la tribuna VIP. Las primeras impresiones de los pilotos tras la carrera se conocer\u00e1n a trav\u00e9s de las entrevistas que a pie de p\u00f3dium realizar\u00e1 el speaker del circuito.<\/p>\n<p>El domingo 30 de abril, a las 11 horas, dentro de esta filosof\u00eda de acercar a pilotos y afici\u00f3n, se presenta una segunda novedad: la Rider Fan Parade. Los pilotos de Moto GP desfilar\u00e1n por la pista del circuito subidos en una plataforma creada para tal fin que arrastrar\u00e1 un trailer: Los pilotos dar\u00e1n una vuelta a baja velocidad par\u00e1ndose en determinadas curvas para interactuar con la afici\u00f3n y entregar merchandising.<\/p>\n<p>Paralelamente, el s\u00e1bado 29 y domingo 30 de abril, se desarrollar\u00e1 la MotoGP Hero Walk, una nueva actividad promocional que se estrena durante los d\u00edas del Gran Premio y que tambi\u00e9n est\u00e1 enfocada a mejorar la experiencia de la afici\u00f3n y pilotos. Durante el s\u00e1bado y domingo, antes del comienzo de la actividad en pista, todos los pilotos ir\u00e1n al paddock atravesando el MotoGP Hero Walk, que es una zona acotada por vallas en la que estar\u00e1n presentes un n\u00famero determinado de aficionados que podr\u00e1n disfrutar y vivir una novedosa experiencia en contacto con los pilotos de las distintas categor\u00edas y a los que podr\u00e1n pedir aut\u00f3grafos o selfies. Esta actividad tendr\u00e1 lugar el s\u00e1bado entre las 8.15-9.45 horas y el domingo entre las 10.00 y 10.40 horas.<\/p>\n<p>Mamen S\u00e1nchez no ha olvidado otros focos de inter\u00e9s deportivo en este Gran Premio de Espa\u00f1a como es la participaci\u00f3n como Wild Card en Jerez de la leyenda MotoGP, Dani Pedrosa. Un piloto que tiene su curva en el Circuito y que en su momento se le nombr\u00f3 embajador del Circuito de Jerez-\u00c1ngel Nieto. Dani Pedrosa cuenta con una importante legi\u00f3n de seguidores que vendr\u00e1n a Jerez a verlo en acci\u00f3n.<\/p>\n<p><strong>Presencia de Dani Pedrosa y tres pilotos andaluces<\/strong><\/p>\n<p>Asimismo la alcaldesa ha recordado la participaci\u00f3n de tres pilotos andaluces en el Gran Premio de Espa\u00f1a como son el gaditano de Conil de la Frontera, Marcos Ram\u00edrez, piloto de la categor\u00eda de Moto2 y los sevillanos de Brenes y los Palacios, David Mu\u00f1oz y Jos\u00e9 Antonio Rueda, ambos en Moto3.<\/p>\n<p>David Mu\u00f1oz ha iniciado su segunda temporada en Moto3 y en la cita inaugural de Portugal subi\u00f3 al p\u00f3dium al acabar segundo, mientras que Jos\u00e9 Antonio Rueda, en su primera participaci\u00f3n como mundialista, estuvo a punto de alcanzar su primer p\u00f3dium, qued\u00e1ndose a las puertas, finalizando en la cuarta posici\u00f3n en su primer Gran Premio. Desde sus localidades de origen vendr\u00e1n muchos paisanos para apoyarles.<\/p>\n<p><strong>Curvas mejoradas<\/strong><\/p>\n<p>En cuanto a la mejora de las instalaciones, Mamen S\u00e1nchez ha recordado los trabajos de ampliaci\u00f3n de las zonas de escape en las curvas 1 y 5. La Federaci\u00f3n de Internacional de Motociclismo (FIM) ha avalado estas obras de las curvas C1 y C5 (Sito Pons) ejecutadas por el Ayuntamiento para la celebraci\u00f3n del Gran Premio de Espa\u00f1a de 2023. Esta inversi\u00f3n de 2.100.000 euros del Ayuntamiento no s\u00f3lo garantiza el futuro del Circuito de Jerez-\u00c1ngel Nieto sino tambi\u00e9n la seguridad de los pilotos y de la celebraci\u00f3n de los Grandes Premios de Espa\u00f1a de MotoGP en Jerez.<\/p>\n<p>La FIM fij\u00f3 conjuntamente con Cirjesa unos plazos para la realizaci\u00f3n de los trabajos de mejora de la seguridad en las curvas 1, 5, 6, 7 y 10 del Circuito de Jerez- \u00c1ngel Nieto. La curva 7 se finaliz\u00f3 para el GP de 2022 y las curvas 1 y 5 para el GP de 2023. Las obras permiten la ampliaci\u00f3n de cinco zonas de escapatoria o \u00e1reas de seguridad ubicadas a la entrada de distintas curvas del trazado de la pista. Estas ampliaciones suponen el retranqueo de la primera l\u00ednea de protecci\u00f3n y de las v\u00edas de servicios. Tambi\u00e9n se ha procedido a la demolici\u00f3n del camino de servicio perimetral existente as\u00ed como de parte de la zona de gradas y el desmonte de lomas.<\/p>\n<p><strong>M\u00e1s zonas para personas con movilidad reducida<\/strong><\/p>\n<p>De igual modo la subvenci\u00f3n del Consejo Superior de Deportes ha permitido la adaptaci\u00f3n de espacios para personas con movilidad reducida para que puedan disfrutar de los eventos. \u201cEstas personas ahora podr\u00e1n ver las carreras desde seis curvas y la tribuna A10 (*), antes de las obras solo ten\u00edan acceso a ubicarse en una zona de todo el circuito\u201d, ha recordado Mamen S\u00e1nchez. En definitiva, se ha reforzado, avanzado y mejorado la oferta para que el Gran Premio de Espa\u00f1a del Circuito de Jerez-\u00c1ngel Nieto siga siendo el gran acontecimiento del motociclismo mundial. Una prueba, un gran premio, donde los equipos est\u00e1n dispuestos a darlo todo en unas instalaciones punteras para albergar las competiciones m\u00e1s exigentes del mundo en materia de seguridad y accesibilidad. Por \u00faltimo, Mamen S\u00e1nchez tambi\u00e9n ha comentado la mejora de la accesibilidad a las zonas comerciales e incluso la instalaci\u00f3n de una noria.<\/p>\n<p>(*) Nuevas zonas para personas con movilidad reducida<\/p>\n<p><strong>\u2022 Curvas 1 y 2: 12 plazas de parking.<\/strong><\/p>\n<p>8 plazas visualizaciones.<\/p>\n<p>Tribunas: C1, C2, J4, M6, T8 y Pelousse.<\/p>\n<p><strong>\u2022 CURVA 6.<\/strong><\/p>\n<p>10 Plazas de parking.<\/p>\n<p>10 Plazas de visualizaciones.<\/p>\n<p>Tribunas: R9 y Pelousse.<\/p>\n<p><strong>\u2022 CURVAS 9 y 10<\/strong><\/p>\n<p>18 Plazas de parking (Parking A)<\/p>\n<p>9 Plazas de visualizaciones Tribuna X1.<\/p>\n<p>3 Plazas de visualizaciones entre Tribuna X2 y X3.<\/p>\n<p>6 Plazas de visualizaciones Tribuna W3.<\/p>\n<p><strong>\u2022 CURVA 13.<\/strong><\/p>\n<p>15 Plazas de parking.<\/p>\n<p>11 Plazas de visualizaciones.<\/p>\n<p><img loading=\"lazy\" decoding=\"async\" class=\"alignnone size-medium\" style=\"width: 100%;\" src=\"https:\/\/gestorapp.circuitoangelnieto.com\/\/uploads\/noticias\/noticia_destacada_86.jpg\" width=\"600\" height=\"409\" \/><\/p>","protected":false},"excerpt":{"rendered":"<p>La alcaldesa de Jerez y presidenta de Cirjesa, presenta las novedades del Gran Premio de Espa\u00f1a de MotoGP que tendr\u00e1<\/p>","protected":false},"author":1,"featured_media":35793,"comment_status":"closed","ping_status":"closed","sticky":false,"template":"","format":"standard","meta":{"footnotes":""},"categories":[2],"tags":[],"class_list":["post-35792","post","type-post","status-publish","format-standard","has-post-thumbnail","hentry","category-noticias"],"yoast_head":"<!-- This site is optimized with the Yoast SEO plugin v22.5 - https:\/\/yoast.com\/wordpress\/plugins\/seo\/ -->\n<title>Presentaci\u00f3n MotoGP 2023 - Circuito de Jerez \u00c1ngel Nieto<\/title>\n<meta name=\"robots\" content=\"index, follow, max-snippet:-1, max-image-preview:large, max-video-preview:-1\" \/>\n<link rel=\"canonical\" href=\"https:\/\/circuitodejerez.com\/en\/2023\/04\/13\/presentacion-motogp-2023\/\" \/>\n<meta property=\"og:locale\" content=\"en_GB\" \/>\n<meta property=\"og:type\" content=\"article\" \/>\n<meta property=\"og:title\" content=\"Presentaci\u00f3n MotoGP 2023 - Circuito de Jerez \u00c1ngel Nieto\" \/>\n<meta property=\"og:description\" content=\"La alcaldesa de Jerez y presidenta de Cirjesa, presenta las novedades del Gran Premio de Espa\u00f1a de MotoGP que tendr\u00e1\" \/>\n<meta property=\"og:url\" content=\"https:\/\/circuitodejerez.com\/en\/2023\/04\/13\/presentacion-motogp-2023\/\" \/>\n<meta property=\"og:site_name\" content=\"Circuito de Jerez \u00c1ngel Nieto\" \/>\n<meta property=\"article:publisher\" content=\"https:\/\/www.facebook.com\/circuitodejerezangelnieto\/\" \/>\n<meta property=\"article:published_time\" content=\"2023-04-13T17:22:18+00:00\" \/>\n<meta property=\"article:modified_time\" content=\"2024-01-29T18:43:41+00:00\" \/>\n<meta property=\"og:image\" content=\"https:\/\/circuitodejerez.com\/wp-content\/uploads\/2024\/01\/noticia_86.jpg\" \/>\n\t<meta property=\"og:image:width\" content=\"631\" \/>\n\t<meta property=\"og:image:height\" content=\"880\" \/>\n\t<meta property=\"og:image:type\" content=\"image\/jpeg\" \/>\n<meta name=\"author\" content=\"publyland\" \/>\n<meta name=\"twitter:card\" content=\"summary_large_image\" \/>\n<meta name=\"twitter:creator\" content=\"@circuitodejerez\" \/>\n<meta name=\"twitter:site\" content=\"@circuitodejerez\" \/>\n<meta name=\"twitter:label1\" content=\"Written by\" \/>\n\t<meta name=\"twitter:data1\" content=\"publyland\" \/>\n\t<meta name=\"twitter:label2\" content=\"Estimated reading time\" \/>\n\t<meta name=\"twitter:data2\" content=\"8 minutes\" \/>\n<script type=\"application\/ld+json\" class=\"yoast-schema-graph\">{\"@context\":\"https:\/\/schema.org\",\"@graph\":[{\"@type\":\"Article\",\"@id\":\"https:\/\/circuitodejerez.com\/2023\/04\/13\/presentacion-motogp-2023\/#article\",\"isPartOf\":{\"@id\":\"https:\/\/circuitodejerez.com\/2023\/04\/13\/presentacion-motogp-2023\/\"},\"author\":{\"name\":\"publyland\",\"@id\":\"https:\/\/circuitodejerez.com\/#\/schema\/person\/7426c66afad35f522814eb06fb2e213a\"},\"headline\":\"Presentaci\u00f3n MotoGP 2023\",\"datePublished\":\"2023-04-13T17:22:18+00:00\",\"dateModified\":\"2024-01-29T18:43:41+00:00\",\"mainEntityOfPage\":{\"@id\":\"https:\/\/circuitodejerez.com\/2023\/04\/13\/presentacion-motogp-2023\/\"},\"wordCount\":1652,\"publisher\":{\"@id\":\"https:\/\/circuitodejerez.com\/#organization\"},\"image\":{\"@id\":\"https:\/\/circuitodejerez.com\/2023\/04\/13\/presentacion-motogp-2023\/#primaryimage\"},\"thumbnailUrl\":\"https:\/\/circuitodejerez.com\/wp-content\/uploads\/2024\/01\/noticia_86.jpg\",\"articleSection\":[\"Noticias\"],\"inLanguage\":\"en-GB\"},{\"@type\":\"WebPage\",\"@id\":\"https:\/\/circuitodejerez.com\/2023\/04\/13\/presentacion-motogp-2023\/\",\"url\":\"https:\/\/circuitodejerez.com\/2023\/04\/13\/presentacion-motogp-2023\/\",\"name\":\"Presentaci\u00f3n MotoGP 2023 - Circuito de Jerez \u00c1ngel Nieto\",\"isPartOf\":{\"@id\":\"https:\/\/circuitodejerez.com\/#website\"},\"primaryImageOfPage\":{\"@id\":\"https:\/\/circuitodejerez.com\/2023\/04\/13\/presentacion-motogp-2023\/#primaryimage\"},\"image\":{\"@id\":\"https:\/\/circuitodejerez.com\/2023\/04\/13\/presentacion-motogp-2023\/#primaryimage\"},\"thumbnailUrl\":\"https:\/\/circuitodejerez.com\/wp-content\/uploads\/2024\/01\/noticia_86.jpg\",\"datePublished\":\"2023-04-13T17:22:18+00:00\",\"dateModified\":\"2024-01-29T18:43:41+00:00\",\"breadcrumb\":{\"@id\":\"https:\/\/circuitodejerez.com\/2023\/04\/13\/presentacion-motogp-2023\/#breadcrumb\"},\"inLanguage\":\"en-GB\",\"potentialAction\":[{\"@type\":\"ReadAction\",\"target\":[\"https:\/\/circuitodejerez.com\/2023\/04\/13\/presentacion-motogp-2023\/\"]}]},{\"@type\":\"ImageObject\",\"inLanguage\":\"en-GB\",\"@id\":\"https:\/\/circuitodejerez.com\/2023\/04\/13\/presentacion-motogp-2023\/#primaryimage\",\"url\":\"https:\/\/circuitodejerez.com\/wp-content\/uploads\/2024\/01\/noticia_86.jpg\",\"contentUrl\":\"https:\/\/circuitodejerez.com\/wp-content\/uploads\/2024\/01\/noticia_86.jpg\",\"width\":631,\"height\":880},{\"@type\":\"BreadcrumbList\",\"@id\":\"https:\/\/circuitodejerez.com\/2023\/04\/13\/presentacion-motogp-2023\/#breadcrumb\",\"itemListElement\":[{\"@type\":\"ListItem\",\"position\":1,\"name\":\"Portada\",\"item\":\"https:\/\/circuitodejerez.com\/\"},{\"@type\":\"ListItem\",\"position\":2,\"name\":\"Presentaci\u00f3n MotoGP 2023\"}]},{\"@type\":\"WebSite\",\"@id\":\"https:\/\/circuitodejerez.com\/#website\",\"url\":\"https:\/\/circuitodejerez.com\/\",\"name\":\"Circuito de Jerez \u00c1ngel Nieto\",\"description\":\"Circuito de Jerez \u00c1ngel Nieto\",\"publisher\":{\"@id\":\"https:\/\/circuitodejerez.com\/#organization\"},\"potentialAction\":[{\"@type\":\"SearchAction\",\"target\":{\"@type\":\"EntryPoint\",\"urlTemplate\":\"https:\/\/circuitodejerez.com\/?s={search_term_string}\"},\"query-input\":\"required name=search_term_string\"}],\"inLanguage\":\"en-GB\"},{\"@type\":\"Organization\",\"@id\":\"https:\/\/circuitodejerez.com\/#organization\",\"name\":\"Circuito de Jerez \u00c1ngel Nieto\",\"url\":\"https:\/\/circuitodejerez.com\/\",\"logo\":{\"@type\":\"ImageObject\",\"inLanguage\":\"en-GB\",\"@id\":\"https:\/\/circuitodejerez.com\/#\/schema\/logo\/image\/\",\"url\":\"https:\/\/circuitodejerez.com\/wp-content\/uploads\/2023\/06\/logo-circuito-jerez.png\",\"contentUrl\":\"https:\/\/circuitodejerez.com\/wp-content\/uploads\/2023\/06\/logo-circuito-jerez.png\",\"width\":556,\"height\":142,\"caption\":\"Circuito de Jerez \u00c1ngel Nieto\"},\"image\":{\"@id\":\"https:\/\/circuitodejerez.com\/#\/schema\/logo\/image\/\"},\"sameAs\":[\"https:\/\/www.facebook.com\/circuitodejerezangelnieto\/\",\"https:\/\/x.com\/circuitodejerez\",\"https:\/\/www.instagram.com\/circuito_de_jerez\/?hl=es\",\"https:\/\/www.youtube.com\/user\/cirjesa\"]},{\"@type\":\"Person\",\"@id\":\"https:\/\/circuitodejerez.com\/#\/schema\/person\/7426c66afad35f522814eb06fb2e213a\",\"name\":\"publyland\",\"sameAs\":[\"https:\/\/circuitoangelnieto.com\"],\"url\":\"https:\/\/circuitodejerez.com\/en\/author\/publyland\/\"}]}<\/script>\n<!-- \/ Yoast SEO plugin. -->","yoast_head_json":{"title":"Presentaci\u00f3n MotoGP 2023 - Circuito de Jerez \u00c1ngel Nieto","robots":{"index":"index","follow":"follow","max-snippet":"max-snippet:-1","max-image-preview":"max-image-preview:large","max-video-preview":"max-video-preview:-1"},"canonical":"https:\/\/circuitodejerez.com\/en\/2023\/04\/13\/presentacion-motogp-2023\/","og_locale":"en_GB","og_type":"article","og_title":"Presentaci\u00f3n MotoGP 2023 - Circuito de Jerez \u00c1ngel Nieto","og_description":"La alcaldesa de Jerez y presidenta de Cirjesa, presenta las novedades del Gran Premio de Espa\u00f1a de MotoGP que tendr\u00e1","og_url":"https:\/\/circuitodejerez.com\/en\/2023\/04\/13\/presentacion-motogp-2023\/","og_site_name":"Circuito de Jerez \u00c1ngel Nieto","article_publisher":"https:\/\/www.facebook.com\/circuitodejerezangelnieto\/","article_published_time":"2023-04-13T17:22:18+00:00","article_modified_time":"2024-01-29T18:43:41+00:00","og_image":[{"width":631,"height":880,"url":"https:\/\/circuitodejerez.com\/wp-content\/uploads\/2024\/01\/noticia_86.jpg","type":"image\/jpeg"}],"author":"publyland","twitter_card":"summary_large_image","twitter_creator":"@circuitodejerez","twitter_site":"@circuitodejerez","twitter_misc":{"Written by":"publyland","Estimated reading time":"8 minutes"},"schema":{"@context":"https:\/\/schema.org","@graph":[{"@type":"Article","@id":"https:\/\/circuitodejerez.com\/2023\/04\/13\/presentacion-motogp-2023\/#article","isPartOf":{"@id":"https:\/\/circuitodejerez.com\/2023\/04\/13\/presentacion-motogp-2023\/"},"author":{"name":"publyland","@id":"https:\/\/circuitodejerez.com\/#\/schema\/person\/7426c66afad35f522814eb06fb2e213a"},"headline":"Presentaci\u00f3n MotoGP 2023","datePublished":"2023-04-13T17:22:18+00:00","dateModified":"2024-01-29T18:43:41+00:00","mainEntityOfPage":{"@id":"https:\/\/circuitodejerez.com\/2023\/04\/13\/presentacion-motogp-2023\/"},"wordCount":1652,"publisher":{"@id":"https:\/\/circuitodejerez.com\/#organization"},"image":{"@id":"https:\/\/circuitodejerez.com\/2023\/04\/13\/presentacion-motogp-2023\/#primaryimage"},"thumbnailUrl":"https:\/\/circuitodejerez.com\/wp-content\/uploads\/2024\/01\/noticia_86.jpg","articleSection":["Noticias"],"inLanguage":"en-GB"},{"@type":"WebPage","@id":"https:\/\/circuitodejerez.com\/2023\/04\/13\/presentacion-motogp-2023\/","url":"https:\/\/circuitodejerez.com\/2023\/04\/13\/presentacion-motogp-2023\/","name":"Presentaci\u00f3n MotoGP 2023 - Circuito de Jerez \u00c1ngel Nieto","isPartOf":{"@id":"https:\/\/circuitodejerez.com\/#website"},"primaryImageOfPage":{"@id":"https:\/\/circuitodejerez.com\/2023\/04\/13\/presentacion-motogp-2023\/#primaryimage"},"image":{"@id":"https:\/\/circuitodejerez.com\/2023\/04\/13\/presentacion-motogp-2023\/#primaryimage"},"thumbnailUrl":"https:\/\/circuitodejerez.com\/wp-content\/uploads\/2024\/01\/noticia_86.jpg","datePublished":"2023-04-13T17:22:18+00:00","dateModified":"2024-01-29T18:43:41+00:00","breadcrumb":{"@id":"https:\/\/circuitodejerez.com\/2023\/04\/13\/presentacion-motogp-2023\/#breadcrumb"},"inLanguage":"en-GB","potentialAction":[{"@type":"ReadAction","target":["https:\/\/circuitodejerez.com\/2023\/04\/13\/presentacion-motogp-2023\/"]}]},{"@type":"ImageObject","inLanguage":"en-GB","@id":"https:\/\/circuitodejerez.com\/2023\/04\/13\/presentacion-motogp-2023\/#primaryimage","url":"https:\/\/circuitodejerez.com\/wp-content\/uploads\/2024\/01\/noticia_86.jpg","contentUrl":"https:\/\/circuitodejerez.com\/wp-content\/uploads\/2024\/01\/noticia_86.jpg","width":631,"height":880},{"@type":"BreadcrumbList","@id":"https:\/\/circuitodejerez.com\/2023\/04\/13\/presentacion-motogp-2023\/#breadcrumb","itemListElement":[{"@type":"ListItem","position":1,"name":"Portada","item":"https:\/\/circuitodejerez.com\/"},{"@type":"ListItem","position":2,"name":"Presentaci\u00f3n MotoGP 2023"}]},{"@type":"WebSite","@id":"https:\/\/circuitodejerez.com\/#website","url":"https:\/\/circuitodejerez.com\/","name":"Circuito de Jerez \u00c1ngel Nieto","description":"Circuito de Jerez \u00c1ngel Nieto","publisher":{"@id":"https:\/\/circuitodejerez.com\/#organization"},"potentialAction":[{"@type":"SearchAction","target":{"@type":"EntryPoint","urlTemplate":"https:\/\/circuitodejerez.com\/?s={search_term_string}"},"query-input":"required name=search_term_string"}],"inLanguage":"en-GB"},{"@type":"Organization","@id":"https:\/\/circuitodejerez.com\/#organization","name":"Circuito de Jerez \u00c1ngel Nieto","url":"https:\/\/circuitodejerez.com\/","logo":{"@type":"ImageObject","inLanguage":"en-GB","@id":"https:\/\/circuitodejerez.com\/#\/schema\/logo\/image\/","url":"https:\/\/circuitodejerez.com\/wp-content\/uploads\/2023\/06\/logo-circuito-jerez.png","contentUrl":"https:\/\/circuitodejerez.com\/wp-content\/uploads\/2023\/06\/logo-circuito-jerez.png","width":556,"height":142,"caption":"Circuito de Jerez \u00c1ngel Nieto"},"image":{"@id":"https:\/\/circuitodejerez.com\/#\/schema\/logo\/image\/"},"sameAs":["https:\/\/www.facebook.com\/circuitodejerezangelnieto\/","https:\/\/x.com\/circuitodejerez","https:\/\/www.instagram.com\/circuito_de_jerez\/?hl=es","https:\/\/www.youtube.com\/user\/cirjesa"]},{"@type":"Person","@id":"https:\/\/circuitodejerez.com\/#\/schema\/person\/7426c66afad35f522814eb06fb2e213a","name":"publyland","sameAs":["https:\/\/circuitoangelnieto.com"],"url":"https:\/\/circuitodejerez.com\/en\/author\/publyland\/"}]}},"_links":{"self":[{"href":"https:\/\/circuitodejerez.com\/en\/wp-json\/wp\/v2\/posts\/35792","targetHints":{"allow":["GET"]}}],"collection":[{"href":"https:\/\/circuitodejerez.com\/en\/wp-json\/wp\/v2\/posts"}],"about":[{"href":"https:\/\/circuitodejerez.com\/en\/wp-json\/wp\/v2\/types\/post"}],"author":[{"embeddable":true,"href":"https:\/\/circuitodejerez.com\/en\/wp-json\/wp\/v2\/users\/1"}],"replies":[{"embeddable":true,"href":"https:\/\/circuitodejerez.com\/en\/wp-json\/wp\/v2\/comments?post=35792"}],"version-history":[{"count":2,"href":"https:\/\/circuitodejerez.com\/en\/wp-json\/wp\/v2\/posts\/35792\/revisions"}],"predecessor-version":[{"id":35905,"href":"https:\/\/circuitodejerez.com\/en\/wp-json\/wp\/v2\/posts\/35792\/revisions\/35905"}],"wp:featuredmedia":[{"embeddable":true,"href":"https:\/\/circuitodejerez.com\/en\/wp-json\/wp\/v2\/media\/35793"}],"wp:attachment":[{"href":"https:\/\/circuitodejerez.com\/en\/wp-json\/wp\/v2\/media?parent=35792"}],"wp:term":[{"taxonomy":"category","embeddable":true,"href":"https:\/\/circuitodejerez.com\/en\/wp-json\/wp\/v2\/categories?post=35792"},{"taxonomy":"post_tag","embeddable":true,"href":"https:\/\/circuitodejerez.com\/en\/wp-json\/wp\/v2\/tags?post=35792"}],"curies":[{"name":"wp","href":"https:\/\/api.w.org\/{rel}","templated":true}]}}