{"id":35795,"date":"2023-04-02T19:24:48","date_gmt":"2023-04-02T17:24:48","guid":{"rendered":"https:\/\/circuitoangelnieto.com\/2024\/01\/25\/esbk-resumen-domingo\/"},"modified":"2024-01-30T18:10:18","modified_gmt":"2024-01-30T17:10:18","slug":"esbk-resumen-domingo","status":"publish","type":"post","link":"https:\/\/circuitodejerez.com\/en\/2023\/04\/02\/esbk-resumen-domingo\/","title":{"rendered":"ESBK-Resumen domingo"},"content":{"rendered":"<p><img loading=\"lazy\" decoding=\"async\" class=\"alignnone size-medium\" style=\"display: none;\" src=\"https:\/\/gestorapp.circuitoangelnieto.com\/\/uploads\/noticias\/noticia_87.jpg\" width=\"600\" height=\"409\" \/><\/p>\n<p><strong>Rom\u00e1n Ramos (SBK), Eric Fern\u00e1ndez (Supersport), Gustavo Manso (SS300) Eneko Osorio (Moto4) Carlos Cano (Pre Moto3) Lorenzo Picasso (FIM Eur Handy), vencedores hoy domingo del ESBK que se despide hasta octubre.<\/strong><\/p>\n<p><strong>2 de abril de 2023.<\/strong>\u00a0El ESBK, Campeonato de Espa\u00f1a de Superbike, se desped\u00eda hoy del Circuito de Jerez-\u00c1ngel Nieto hasta el pr\u00f3ximo mes de octubre (26 al 29) en el que, de nuevo, este certamen, organizado por la RFME, volver\u00e1 a visitarnos para disputar la pen\u00faltima prueba de la temporada. Un ESBK que hoy volv\u00eda a ofrecer carreras competidas y muy vistosas, dilucidadas casi todas en la \u00faltima curva, haciendo las delicias del numeroso p\u00fablico que hoy nos ha acompa\u00f1ado en las instalaciones jerezanas y los otros muchos que tambi\u00e9n han seguido en directo el desarrollo de las carreras, retransmitidas en streaming a trav\u00e9s del Canal de la RFME en YouTube.<\/p>\n<p>Uno de los focos de atenci\u00f3n del evento, se centraba en la clase reina, que fue un mano a mano entre el piloto portugu\u00e9s Ivo Lopes, ganador en el d\u00eda de ayer, y el piloto espa\u00f1ol Rom\u00e1n Ramos, ambos destac\u00e1ndose en los primeros compases de la prueba de Guti\u00e9rrez, Uramoto y Odendaal, que fueron los \u00fanicos que pod\u00edan mantener el ritmo de cabeza, si bien, a medida que pasaban las vueltas, Lopes y Rom\u00e1n dejaban a las claras que la victoria la pelear\u00edan entre ellos al destacarse de este grupo perseguidor. Y as\u00ed se desarroll\u00f3 la carrera con Lopes y Ramos luchando por la victoria en un duelo que alcanz\u00f3 hasta la \u00faltima vuelta en la que Ivo prob\u00f3 desbancar al del Kawasaki en el viraje de Dani Pedrosa sin conseguirlo (se pas\u00f3 de frenada), recuperando Ramos la posici\u00f3n para llegar a la \u00faltima curva (curva Jorge Lorenzo) a la que llega Ramos en primer lugar con Ivo Lopes lanzando el ataque final con el mismo resultado que el anterior, es decir, se col\u00f3 y abri\u00f3 en la frenada, aprovechando Ramos para trazar primero la salida del viraje y enfilar la l\u00ednea de meta donde consegu\u00eda la victoria. Lopes fue segundo, mientras Oscar Guti\u00e9rrez se garantizaba la tercera plaza del p\u00f3dium.<\/p>\n<p>En Supersport, Eric Fern\u00e1ndez se desped\u00eda de Jerez siendo l\u00edder de la general tras el doblete que consegu\u00eda hoy. Y es que Fern\u00e1ndez, no daba opci\u00f3n a sus rivales y al igual que hiciera ayer, su ritmo de carrera era imposible de seguir para el resto entrando primero en meta con una ventaja de algo m\u00e1s de 3 segundos con respecto al franc\u00e9s Andy Verdoia que fue segundo, y el dan\u00e9s Simon Jespersen que consegu\u00eda la tercera plaza.<\/p>\n<p>Abr\u00eda la jornada dominical, la categor\u00eda dedicada al motociclismo inclusivo, la denominada FIM Eur Handy en la que se ha visto un duelo por la victoria entre los pilotos italianos Lorenzo Picasso y Emiliano Malagoli, decidido finalmente por s\u00f3lo mil\u00e9simas a favor del primero con Malagoli en segundo lugar y el tambi\u00e9n transalpino Jacopo Gulla completando el p\u00f3dium en tercer lugar. Gran determinaci\u00f3n y coraje la de estos pilotos que lo dan todo en cada carrera, uniendo valor, coraje y pasi\u00f3n por el motociclismo.<\/p>\n<p>La carrera de Supersport 300 fue, al igual que ayer, muy competida e intensa, con muchos pilotos con similares prestaciones tomando la delantera lo que propici\u00f3 vuelta tras vuelta un cambio de posiciones luchando por liderar la carrera. A partir de la vuelta 5, el grupo compacto va poco a poco abri\u00e9ndose emergiendo Calatayud y Torres que se despegan del trio Manso, Rouge y Mu\u00f1oz que luchaban entonces por la tercera posici\u00f3n, si bien, vueltas m\u00e1s tarde, todos vuelven a juntarse y de esta guisa llegar\u00edan a la curva final a la que entraba en cabeza Calatayud al que Gustavo Manso le arrebataba la posici\u00f3n para salir primero y llegar de esta guisa a la bandera ajedrezada que le otorgaba la victoria con Calatayud segundo y Antonio Torres en tercer lugar. \u00a0En las categor\u00edas peque\u00f1as y empezando por Moto4, tras la salida se forma un grupo compacto representado por 14 pilotos luchando a brazo partido por cada metro de asfalto durante toda la prueba. El intercambio de posiciones en el liderato es constante, y fue Eneko Osorio quien mejor supo templar los nervios en la \u00faltima vuelta y especialmente en la \u00faltima curva de la que sali\u00f3 primero para afrontar el tramo de recta hasta tomar bandera guardando la posici\u00f3n y de esta forma conseguir la victoria por mil\u00e9simas sobre Alberto Enr\u00edquez y Mason Foster. En Pre Moto3, disputada carrera entre Carlos Cano y Alex Longarela que se decid\u00eda en la curva final cuando Longarela se iba al suelo dejando libre el camino a Cano que lograba la victoria con Enzo Bellon y Michael Luis S\u00e1nchez acompa\u00f1\u00e1ndole en el p\u00f3dium.<\/p>\n<p>Tras esta carrera, el circuito de Jerez-\u00c1ngel Nieto se prepara para su pr\u00f3xima cita que ser\u00e1 el Campeonato del Mundo de MotoGP los d\u00edas 28-29-30 de abril.<\/p>\n<p><strong>TAVU (Trofeo Andaluz de Velocidad Urbana)<\/strong><\/p>\n<p>Las instalaciones jerezanas, son un verdadero templo del motor, capaces de alojar competiciones de distintas disciplinas al un\u00edsono o de forma individual, como ya se ha tenido oportunidad de ver a lo largo de este 2023 con la disputa del nacional de Cross Country, el Campeonato de Andaluc\u00eda de Enduro Sprint, -que coincid\u00eda en la pista permanente con los espectaculares GT\u2019S de la categor\u00eda GT Winter Series-, o a principios de este mes con el Andaluz de Trial. Este domingo, tambi\u00e9n ha habido coincidencias en las instalaciones jerezanas. Por un lado, en la pista permanente se disputaba el ESBK Campeonato de Espa\u00f1a de Superbike, mientras que, en pista de Mini Velocidad, sita en los aleda\u00f1os de la Torre de Autoridades, ten\u00eda lugar el Trofeo Andaluz de Velocidad Urbana que, tras un a\u00f1o de par\u00f3n, pon\u00eda en marcha de nuevo la Federaci\u00f3n Andaluza de Motociclismo.<\/p>\n<p>Hoy en Jerez, se convocaban las categor\u00edas de: Pit Open M\u00e1ster, Pit Open S\u00e9nior, Supermotard Pro, Supermotard Aficionados, Pit 160 J\u00fanior, Pit 160 S\u00e9nior y Pit Open J\u00fanior. Todos los resultados <a title=\"Link: https:\/\/www.circuitodejerez.com\/fileadmin\/imagenes\/Documentos\/ESBK2023ABRIL\/CARRERA_TAVU_JEREZ_I_2023.pdf\" href=\"https:\/\/circuitodejerez.com\/en\/fileadmin\/imagenes\/Documentos\/ESBK2023ABRIL\/CARRERA_TAVU_JEREZ_I_2023.pdf\/\" target=\"_blank\" rel=\"nofollow noopener\">AQUI<\/a><\/p>\n<p>M\u00e1s informaci\u00f3n en <a title=\"Link: http:\/\/www.famotos.com\/\" href=\"http:\/\/www.famotos.com\/\" target=\"_blank\" rel=\"nofollow noopener\">www.famotos.com<\/a><\/p>\n<p><img loading=\"lazy\" decoding=\"async\" class=\"alignnone size-medium\" style=\"width: 100%;\" src=\"https:\/\/gestorapp.circuitoangelnieto.com\/\/uploads\/noticias\/noticia_destacada_87.jpg\" width=\"600\" height=\"409\" \/><\/p>","protected":false},"excerpt":{"rendered":"<p>Rom\u00e1n Ramos (SBK), Eric Fern\u00e1ndez (Supersport), Gustavo Manso (SS300) Eneko Osorio (Moto4) Carlos Cano (Pre Moto3) Lorenzo Picasso (FIM Eur<\/p>","protected":false},"author":1,"featured_media":35796,"comment_status":"closed","ping_status":"closed","sticky":false,"template":"","format":"standard","meta":{"footnotes":""},"categories":[2],"tags":[],"class_list":["post-35795","post","type-post","status-publish","format-standard","has-post-thumbnail","hentry","category-noticias"],"yoast_head":"<!-- This site is optimized with the Yoast SEO plugin v22.5 - https:\/\/yoast.com\/wordpress\/plugins\/seo\/ -->\n<title>ESBK-Resumen domingo - Circuito de Jerez \u00c1ngel Nieto<\/title>\n<meta name=\"robots\" content=\"index, follow, max-snippet:-1, max-image-preview:large, max-video-preview:-1\" \/>\n<link rel=\"canonical\" href=\"https:\/\/circuitodejerez.com\/en\/2023\/04\/02\/esbk-resumen-domingo\/\" \/>\n<meta property=\"og:locale\" content=\"en_GB\" \/>\n<meta property=\"og:type\" content=\"article\" \/>\n<meta property=\"og:title\" content=\"ESBK-Resumen domingo - Circuito de Jerez \u00c1ngel Nieto\" \/>\n<meta property=\"og:description\" content=\"Rom\u00e1n Ramos (SBK), Eric Fern\u00e1ndez (Supersport), Gustavo Manso (SS300) Eneko Osorio (Moto4) Carlos Cano (Pre Moto3) Lorenzo Picasso (FIM Eur\" \/>\n<meta property=\"og:url\" content=\"https:\/\/circuitodejerez.com\/en\/2023\/04\/02\/esbk-resumen-domingo\/\" \/>\n<meta property=\"og:site_name\" content=\"Circuito de Jerez \u00c1ngel Nieto\" \/>\n<meta property=\"article:publisher\" content=\"https:\/\/www.facebook.com\/circuitodejerezangelnieto\/\" \/>\n<meta property=\"article:published_time\" content=\"2023-04-02T17:24:48+00:00\" \/>\n<meta property=\"article:modified_time\" content=\"2024-01-30T17:10:18+00:00\" \/>\n<meta property=\"og:image\" content=\"https:\/\/circuitodejerez.com\/wp-content\/uploads\/2024\/01\/noticia_87-scaled.jpg\" \/>\n\t<meta property=\"og:image:width\" content=\"2560\" \/>\n\t<meta property=\"og:image:height\" content=\"1706\" \/>\n\t<meta property=\"og:image:type\" content=\"image\/jpeg\" \/>\n<meta name=\"author\" content=\"publyland\" \/>\n<meta name=\"twitter:card\" content=\"summary_large_image\" \/>\n<meta name=\"twitter:creator\" content=\"@circuitodejerez\" \/>\n<meta name=\"twitter:site\" content=\"@circuitodejerez\" \/>\n<meta name=\"twitter:label1\" content=\"Written by\" \/>\n\t<meta name=\"twitter:data1\" content=\"publyland\" \/>\n\t<meta name=\"twitter:label2\" content=\"Estimated reading time\" \/>\n\t<meta name=\"twitter:data2\" content=\"5 minutes\" \/>\n<script type=\"application\/ld+json\" class=\"yoast-schema-graph\">{\"@context\":\"https:\/\/schema.org\",\"@graph\":[{\"@type\":\"Article\",\"@id\":\"https:\/\/circuitodejerez.com\/2023\/04\/02\/esbk-resumen-domingo\/#article\",\"isPartOf\":{\"@id\":\"https:\/\/circuitodejerez.com\/2023\/04\/02\/esbk-resumen-domingo\/\"},\"author\":{\"name\":\"publyland\",\"@id\":\"https:\/\/circuitodejerez.com\/#\/schema\/person\/7426c66afad35f522814eb06fb2e213a\"},\"headline\":\"ESBK-Resumen domingo\",\"datePublished\":\"2023-04-02T17:24:48+00:00\",\"dateModified\":\"2024-01-30T17:10:18+00:00\",\"mainEntityOfPage\":{\"@id\":\"https:\/\/circuitodejerez.com\/2023\/04\/02\/esbk-resumen-domingo\/\"},\"wordCount\":1077,\"publisher\":{\"@id\":\"https:\/\/circuitodejerez.com\/#organization\"},\"image\":{\"@id\":\"https:\/\/circuitodejerez.com\/2023\/04\/02\/esbk-resumen-domingo\/#primaryimage\"},\"thumbnailUrl\":\"https:\/\/circuitodejerez.com\/wp-content\/uploads\/2024\/01\/noticia_87-scaled.jpg\",\"articleSection\":[\"Noticias\"],\"inLanguage\":\"en-GB\"},{\"@type\":\"WebPage\",\"@id\":\"https:\/\/circuitodejerez.com\/2023\/04\/02\/esbk-resumen-domingo\/\",\"url\":\"https:\/\/circuitodejerez.com\/2023\/04\/02\/esbk-resumen-domingo\/\",\"name\":\"ESBK-Resumen domingo - Circuito de Jerez \u00c1ngel Nieto\",\"isPartOf\":{\"@id\":\"https:\/\/circuitodejerez.com\/#website\"},\"primaryImageOfPage\":{\"@id\":\"https:\/\/circuitodejerez.com\/2023\/04\/02\/esbk-resumen-domingo\/#primaryimage\"},\"image\":{\"@id\":\"https:\/\/circuitodejerez.com\/2023\/04\/02\/esbk-resumen-domingo\/#primaryimage\"},\"thumbnailUrl\":\"https:\/\/circuitodejerez.com\/wp-content\/uploads\/2024\/01\/noticia_87-scaled.jpg\",\"datePublished\":\"2023-04-02T17:24:48+00:00\",\"dateModified\":\"2024-01-30T17:10:18+00:00\",\"breadcrumb\":{\"@id\":\"https:\/\/circuitodejerez.com\/2023\/04\/02\/esbk-resumen-domingo\/#breadcrumb\"},\"inLanguage\":\"en-GB\",\"potentialAction\":[{\"@type\":\"ReadAction\",\"target\":[\"https:\/\/circuitodejerez.com\/2023\/04\/02\/esbk-resumen-domingo\/\"]}]},{\"@type\":\"ImageObject\",\"inLanguage\":\"en-GB\",\"@id\":\"https:\/\/circuitodejerez.com\/2023\/04\/02\/esbk-resumen-domingo\/#primaryimage\",\"url\":\"https:\/\/circuitodejerez.com\/wp-content\/uploads\/2024\/01\/noticia_87-scaled.jpg\",\"contentUrl\":\"https:\/\/circuitodejerez.com\/wp-content\/uploads\/2024\/01\/noticia_87-scaled.jpg\",\"width\":2560,\"height\":1706},{\"@type\":\"BreadcrumbList\",\"@id\":\"https:\/\/circuitodejerez.com\/2023\/04\/02\/esbk-resumen-domingo\/#breadcrumb\",\"itemListElement\":[{\"@type\":\"ListItem\",\"position\":1,\"name\":\"Portada\",\"item\":\"https:\/\/circuitodejerez.com\/\"},{\"@type\":\"ListItem\",\"position\":2,\"name\":\"ESBK-Resumen domingo\"}]},{\"@type\":\"WebSite\",\"@id\":\"https:\/\/circuitodejerez.com\/#website\",\"url\":\"https:\/\/circuitodejerez.com\/\",\"name\":\"Circuito de Jerez \u00c1ngel Nieto\",\"description\":\"Circuito de Jerez \u00c1ngel Nieto\",\"publisher\":{\"@id\":\"https:\/\/circuitodejerez.com\/#organization\"},\"potentialAction\":[{\"@type\":\"SearchAction\",\"target\":{\"@type\":\"EntryPoint\",\"urlTemplate\":\"https:\/\/circuitodejerez.com\/?s={search_term_string}\"},\"query-input\":\"required name=search_term_string\"}],\"inLanguage\":\"en-GB\"},{\"@type\":\"Organization\",\"@id\":\"https:\/\/circuitodejerez.com\/#organization\",\"name\":\"Circuito de Jerez \u00c1ngel Nieto\",\"url\":\"https:\/\/circuitodejerez.com\/\",\"logo\":{\"@type\":\"ImageObject\",\"inLanguage\":\"en-GB\",\"@id\":\"https:\/\/circuitodejerez.com\/#\/schema\/logo\/image\/\",\"url\":\"https:\/\/circuitodejerez.com\/wp-content\/uploads\/2023\/06\/logo-circuito-jerez.png\",\"contentUrl\":\"https:\/\/circuitodejerez.com\/wp-content\/uploads\/2023\/06\/logo-circuito-jerez.png\",\"width\":556,\"height\":142,\"caption\":\"Circuito de Jerez \u00c1ngel Nieto\"},\"image\":{\"@id\":\"https:\/\/circuitodejerez.com\/#\/schema\/logo\/image\/\"},\"sameAs\":[\"https:\/\/www.facebook.com\/circuitodejerezangelnieto\/\",\"https:\/\/x.com\/circuitodejerez\",\"https:\/\/www.instagram.com\/circuito_de_jerez\/?hl=es\",\"https:\/\/www.youtube.com\/user\/cirjesa\"]},{\"@type\":\"Person\",\"@id\":\"https:\/\/circuitodejerez.com\/#\/schema\/person\/7426c66afad35f522814eb06fb2e213a\",\"name\":\"publyland\",\"sameAs\":[\"https:\/\/circuitoangelnieto.com\"],\"url\":\"https:\/\/circuitodejerez.com\/en\/author\/publyland\/\"}]}<\/script>\n<!-- \/ Yoast SEO plugin. -->","yoast_head_json":{"title":"ESBK-Resumen domingo - Circuito de Jerez \u00c1ngel Nieto","robots":{"index":"index","follow":"follow","max-snippet":"max-snippet:-1","max-image-preview":"max-image-preview:large","max-video-preview":"max-video-preview:-1"},"canonical":"https:\/\/circuitodejerez.com\/en\/2023\/04\/02\/esbk-resumen-domingo\/","og_locale":"en_GB","og_type":"article","og_title":"ESBK-Resumen domingo - Circuito de Jerez \u00c1ngel Nieto","og_description":"Rom\u00e1n Ramos (SBK), Eric Fern\u00e1ndez (Supersport), Gustavo Manso (SS300) Eneko Osorio (Moto4) Carlos Cano (Pre Moto3) Lorenzo Picasso (FIM Eur","og_url":"https:\/\/circuitodejerez.com\/en\/2023\/04\/02\/esbk-resumen-domingo\/","og_site_name":"Circuito de Jerez \u00c1ngel Nieto","article_publisher":"https:\/\/www.facebook.com\/circuitodejerezangelnieto\/","article_published_time":"2023-04-02T17:24:48+00:00","article_modified_time":"2024-01-30T17:10:18+00:00","og_image":[{"width":2560,"height":1706,"url":"https:\/\/circuitodejerez.com\/wp-content\/uploads\/2024\/01\/noticia_87-scaled.jpg","type":"image\/jpeg"}],"author":"publyland","twitter_card":"summary_large_image","twitter_creator":"@circuitodejerez","twitter_site":"@circuitodejerez","twitter_misc":{"Written by":"publyland","Estimated reading time":"5 minutes"},"schema":{"@context":"https:\/\/schema.org","@graph":[{"@type":"Article","@id":"https:\/\/circuitodejerez.com\/2023\/04\/02\/esbk-resumen-domingo\/#article","isPartOf":{"@id":"https:\/\/circuitodejerez.com\/2023\/04\/02\/esbk-resumen-domingo\/"},"author":{"name":"publyland","@id":"https:\/\/circuitodejerez.com\/#\/schema\/person\/7426c66afad35f522814eb06fb2e213a"},"headline":"ESBK-Resumen domingo","datePublished":"2023-04-02T17:24:48+00:00","dateModified":"2024-01-30T17:10:18+00:00","mainEntityOfPage":{"@id":"https:\/\/circuitodejerez.com\/2023\/04\/02\/esbk-resumen-domingo\/"},"wordCount":1077,"publisher":{"@id":"https:\/\/circuitodejerez.com\/#organization"},"image":{"@id":"https:\/\/circuitodejerez.com\/2023\/04\/02\/esbk-resumen-domingo\/#primaryimage"},"thumbnailUrl":"https:\/\/circuitodejerez.com\/wp-content\/uploads\/2024\/01\/noticia_87-scaled.jpg","articleSection":["Noticias"],"inLanguage":"en-GB"},{"@type":"WebPage","@id":"https:\/\/circuitodejerez.com\/2023\/04\/02\/esbk-resumen-domingo\/","url":"https:\/\/circuitodejerez.com\/2023\/04\/02\/esbk-resumen-domingo\/","name":"ESBK-Resumen domingo - Circuito de Jerez \u00c1ngel Nieto","isPartOf":{"@id":"https:\/\/circuitodejerez.com\/#website"},"primaryImageOfPage":{"@id":"https:\/\/circuitodejerez.com\/2023\/04\/02\/esbk-resumen-domingo\/#primaryimage"},"image":{"@id":"https:\/\/circuitodejerez.com\/2023\/04\/02\/esbk-resumen-domingo\/#primaryimage"},"thumbnailUrl":"https:\/\/circuitodejerez.com\/wp-content\/uploads\/2024\/01\/noticia_87-scaled.jpg","datePublished":"2023-04-02T17:24:48+00:00","dateModified":"2024-01-30T17:10:18+00:00","breadcrumb":{"@id":"https:\/\/circuitodejerez.com\/2023\/04\/02\/esbk-resumen-domingo\/#breadcrumb"},"inLanguage":"en-GB","potentialAction":[{"@type":"ReadAction","target":["https:\/\/circuitodejerez.com\/2023\/04\/02\/esbk-resumen-domingo\/"]}]},{"@type":"ImageObject","inLanguage":"en-GB","@id":"https:\/\/circuitodejerez.com\/2023\/04\/02\/esbk-resumen-domingo\/#primaryimage","url":"https:\/\/circuitodejerez.com\/wp-content\/uploads\/2024\/01\/noticia_87-scaled.jpg","contentUrl":"https:\/\/circuitodejerez.com\/wp-content\/uploads\/2024\/01\/noticia_87-scaled.jpg","width":2560,"height":1706},{"@type":"BreadcrumbList","@id":"https:\/\/circuitodejerez.com\/2023\/04\/02\/esbk-resumen-domingo\/#breadcrumb","itemListElement":[{"@type":"ListItem","position":1,"name":"Portada","item":"https:\/\/circuitodejerez.com\/"},{"@type":"ListItem","position":2,"name":"ESBK-Resumen domingo"}]},{"@type":"WebSite","@id":"https:\/\/circuitodejerez.com\/#website","url":"https:\/\/circuitodejerez.com\/","name":"Circuito de Jerez \u00c1ngel Nieto","description":"Circuito de Jerez \u00c1ngel Nieto","publisher":{"@id":"https:\/\/circuitodejerez.com\/#organization"},"potentialAction":[{"@type":"SearchAction","target":{"@type":"EntryPoint","urlTemplate":"https:\/\/circuitodejerez.com\/?s={search_term_string}"},"query-input":"required name=search_term_string"}],"inLanguage":"en-GB"},{"@type":"Organization","@id":"https:\/\/circuitodejerez.com\/#organization","name":"Circuito de Jerez \u00c1ngel Nieto","url":"https:\/\/circuitodejerez.com\/","logo":{"@type":"ImageObject","inLanguage":"en-GB","@id":"https:\/\/circuitodejerez.com\/#\/schema\/logo\/image\/","url":"https:\/\/circuitodejerez.com\/wp-content\/uploads\/2023\/06\/logo-circuito-jerez.png","contentUrl":"https:\/\/circuitodejerez.com\/wp-content\/uploads\/2023\/06\/logo-circuito-jerez.png","width":556,"height":142,"caption":"Circuito de Jerez \u00c1ngel Nieto"},"image":{"@id":"https:\/\/circuitodejerez.com\/#\/schema\/logo\/image\/"},"sameAs":["https:\/\/www.facebook.com\/circuitodejerezangelnieto\/","https:\/\/x.com\/circuitodejerez","https:\/\/www.instagram.com\/circuito_de_jerez\/?hl=es","https:\/\/www.youtube.com\/user\/cirjesa"]},{"@type":"Person","@id":"https:\/\/circuitodejerez.com\/#\/schema\/person\/7426c66afad35f522814eb06fb2e213a","name":"publyland","sameAs":["https:\/\/circuitoangelnieto.com"],"url":"https:\/\/circuitodejerez.com\/en\/author\/publyland\/"}]}},"_links":{"self":[{"href":"https:\/\/circuitodejerez.com\/en\/wp-json\/wp\/v2\/posts\/35795","targetHints":{"allow":["GET"]}}],"collection":[{"href":"https:\/\/circuitodejerez.com\/en\/wp-json\/wp\/v2\/posts"}],"about":[{"href":"https:\/\/circuitodejerez.com\/en\/wp-json\/wp\/v2\/types\/post"}],"author":[{"embeddable":true,"href":"https:\/\/circuitodejerez.com\/en\/wp-json\/wp\/v2\/users\/1"}],"replies":[{"embeddable":true,"href":"https:\/\/circuitodejerez.com\/en\/wp-json\/wp\/v2\/comments?post=35795"}],"version-history":[{"count":2,"href":"https:\/\/circuitodejerez.com\/en\/wp-json\/wp\/v2\/posts\/35795\/revisions"}],"predecessor-version":[{"id":35906,"href":"https:\/\/circuitodejerez.com\/en\/wp-json\/wp\/v2\/posts\/35795\/revisions\/35906"}],"wp:featuredmedia":[{"embeddable":true,"href":"https:\/\/circuitodejerez.com\/en\/wp-json\/wp\/v2\/media\/35796"}],"wp:attachment":[{"href":"https:\/\/circuitodejerez.com\/en\/wp-json\/wp\/v2\/media?parent=35795"}],"wp:term":[{"taxonomy":"category","embeddable":true,"href":"https:\/\/circuitodejerez.com\/en\/wp-json\/wp\/v2\/categories?post=35795"},{"taxonomy":"post_tag","embeddable":true,"href":"https:\/\/circuitodejerez.com\/en\/wp-json\/wp\/v2\/tags?post=35795"}],"curies":[{"name":"wp","href":"https:\/\/api.w.org\/{rel}","templated":true}]}}