{"id":35798,"date":"2023-04-01T19:27:18","date_gmt":"2023-04-01T17:27:18","guid":{"rendered":"https:\/\/circuitoangelnieto.com\/2024\/01\/25\/esbk-sabado\/"},"modified":"2024-01-30T18:11:52","modified_gmt":"2024-01-30T17:11:52","slug":"esbk-sabado","status":"publish","type":"post","link":"https:\/\/circuitodejerez.com\/en\/2023\/04\/01\/esbk-sabado\/","title":{"rendered":"ESBK-S\u00e1bado"},"content":{"rendered":"<p><img loading=\"lazy\" decoding=\"async\" class=\"alignnone size-medium\" style=\"display: none;\" src=\"https:\/\/gestorapp.circuitoangelnieto.com\/\/uploads\/noticias\/noticia_88.jpg\" width=\"600\" height=\"409\" \/><\/p>\n<p><strong>Ivo Lopes (SBK), Eric Fern\u00e1ndez (Supersport), Gonzalo S\u00e1nchez (SS300) Alberto Enr\u00edquez (Moto4) Carlos Cano (Pre Moto3) y Lorenzo Picasso (FIM Eur Handy), primeros vencedores en Jerez.<\/strong><\/p>\n<p><strong>Ma\u00f1ana domingo a partir de las 11 se disputar\u00e1n las segundas mangas de carrera con retransmisi\u00f3n en directo en el Canal de YouTube de la RFME<\/strong><\/p>\n<p><strong>1 de abril de 2023.<\/strong><\/p>\n<p>Una nueva edici\u00f3n del ESBK, Campeonato de Espa\u00f1a de Superbike, arrancaba hoy en el Circuito de Jerez-\u00c1ngel Nieto con buena climatolog\u00eda y muchas expectativas puestas en un certamen que cada temporada mejora la anterior y que podr\u00e1 visionarse en directo ma\u00f1ana a trav\u00e9s del streaming de la RFME en su Canal de YouTube, adem\u00e1s de presencialmente en el trazado jerezano que abre sus puertas gratuitamente para disfrute de todos los aficionados que deseen este fin de semana vivir en directo el mejor motociclismo nacional.<\/p>\n<p>Un inicio de un nuevo curso con ilusiones renovadas reflejadas en las caras de muchos pilotos que por fin ten\u00edan oportunidad de volver a ponerse el mono de cuero para competir tras el largo invierno. Una matinal que arrancaba con los entrenamientos oficiales para todas las categor\u00edas en liza que han confeccionado las parrillas de las carreras que a partir de las 13 horas se empezaban a disputar. En la clase reina de Superbike, era el c\u00e1ntabro Rom\u00e1n Ramos (Kawasaki) quien se alzaba con la pole con un registro de 1.4.775, seguido del portugu\u00e9s Ivo Lopes y el sudafricano Steve Odeendal. Por su parte, en Supersport, Eric Fern\u00e1ndez marcaba la pauta con 1.42.936, mientras Antonio Torres, hac\u00eda lo propio en la clase SS300 con 1.50.280. En las clases peque\u00f1as, era Mateo Marulanda en Moto4 quien con 2.02.669 consegu\u00eda la pole al igual que Alex Longarela con 1.50.702 en Pre Moto3. Por \u00faltimo, en la FIM Eur Handy, era Emiliano Malagoli, el poleman de la categor\u00eda con 1.52.973.<\/p>\n<p>A las 13 horas arrancaron las primeras mangas de carreras del fin de semana con la categor\u00eda de Moto4 en la que se impon\u00eda en una ajustada vuelta final, separados por mil\u00e9simas, Alberto Enr\u00edquez sobre Mateo Marulanda y Andr\u00e9s Garcia. La clase SS300, arrancaba a continuaci\u00f3n con, de nuevo una intensa lucha en los puestos de cabeza con pilotos batallando codo con codo en cada vuelta para ser Gonzalo S\u00e1nchez quien se impon\u00eda por tambi\u00e9n mil\u00e9simas a Iv\u00e1n Mu\u00f1oz, segundo, y Enzo Valentin, que lograba el tercer pelda\u00f1o del p\u00f3dium.<\/p>\n<p>En la clase reina (SBK), uno de los principales cambios con respecto a temporadas anteriores es la ausencia de renombrados pilotos de la talla de Tito Rabat, Jordi Torres o Eric Granado. Y en estas circunstancias era el portugu\u00e9s de BMW, Ivo Lopes quien tomaba el relevo y comenzaba la temporada en lo m\u00e1s alto del p\u00f3dium. Y es que a pesar de que la pole fue para Rom\u00e1n Ramos, en carrera, era Lopes quien pronto tomaba el mando, seguido del sudafricano Odendaaal, Uramoto, Oscar Guti\u00e9rrez y Rom\u00e1n Ramos, todos acechando de cerca al l\u00edder, si bien, el ritmo de Lopes durante los primeros giros, le hace destacarse, dejando por detr\u00e1s la pelea entre el tr\u00edo Uramoto, Ramos y Odendaal, que rodaban en un pu\u00f1o para repartirse las dos restantes plazas de p\u00f3dium. A falta de dos vueltas, Odeendal se descuelga dejando a Naomichi Uramoto y Rom\u00e1n Ramos pelearse por la segunda plaza, que finalmente consegu\u00eda el japon\u00e9s con Ramos en tercer lugar.<\/p>\n<p>Eric Fern\u00e1ndez, dominador de la sesi\u00f3n cronometrada oficial, lograba una holgada victoria en la categor\u00eda de Supersport en la que, desde los primeros compases de carrera, marca un ritmo endiablado que nadie es capaz de seguir, entrando por la l\u00ednea de meta con una ventaja de m\u00e1s de 7 segundos con respecto a Andy Verdoia, que fue segundo, y Juli\u00e1n Giral en tercer lugar.<\/p>\n<p>En Pre Moto3, triunfo para Carlos Cano seguido de Enzo Bellon y Valentin Perrone. Por \u00faltimo, la categor\u00eda FIM Eur Handy cerraba el programa de carreras de hoy con la victoria de Lorenzo Picasso seguido de Ivo Arnoldi y Emiliano Malagoli.<\/p>\n<p>Ma\u00f1ana domingo a partir de las 11 de la ma\u00f1ana, tendr\u00e1n lugar las segundas mangas de carrera del fin de semana que adem\u00e1s podr\u00e1n ser vistas en directo en YouTube a trav\u00e9s del canal de la RFME.<\/p>\n<p><strong>Horarios domingo:<\/strong>\u00a011.00 h-FIM Eur Handy \/ 12.00 h-Moto4 \/ 13.00 h-SS300 \/14.00 h-SBK \/ 15.00 h-Supersport NG \/ 16.00 h Pre moto3.<\/p>\n<p><strong>Concentraci\u00f3n Moto Tur\u00edstica Xtreme<\/strong><\/p>\n<p>La concentraci\u00f3n moto tur\u00edstica Xtreme que dio ayer comienzo en un \u00e1rea de parking interior del circuito y que ha congregado en sus instalaciones a m\u00e1s de 700 participantes, pon\u00eda hoy su punto y final con gran \u00e9xito de participaci\u00f3n y organizaci\u00f3n. Cientos de moteros llegados desde muchos puntos de la pen\u00ednsula han disfrutado del programa que los organizadores del evento prepararon para la ocasi\u00f3n, incluida una vuelta controlada a la pista en la jornada de ayer, una vez finalizaron los entrenamientos del ESBK.<\/p>\n<p><img loading=\"lazy\" decoding=\"async\" class=\"alignnone size-medium\" style=\"width: 100%;\" src=\"https:\/\/gestorapp.circuitoangelnieto.com\/\/uploads\/noticias\/noticia_destacada_88.jpg\" width=\"600\" height=\"409\" \/><\/p>","protected":false},"excerpt":{"rendered":"<p>Ivo Lopes (SBK), Eric Fern\u00e1ndez (Supersport), Gonzalo S\u00e1nchez (SS300) Alberto Enr\u00edquez (Moto4) Carlos Cano (Pre Moto3) y Lorenzo Picasso (FIM<\/p>","protected":false},"author":1,"featured_media":35799,"comment_status":"closed","ping_status":"closed","sticky":false,"template":"","format":"standard","meta":{"footnotes":""},"categories":[2],"tags":[],"class_list":["post-35798","post","type-post","status-publish","format-standard","has-post-thumbnail","hentry","category-noticias"],"yoast_head":"<!-- This site is optimized with the Yoast SEO plugin v22.5 - https:\/\/yoast.com\/wordpress\/plugins\/seo\/ -->\n<title>ESBK-S\u00e1bado - Circuito de Jerez \u00c1ngel Nieto<\/title>\n<meta name=\"robots\" content=\"index, follow, max-snippet:-1, max-image-preview:large, max-video-preview:-1\" \/>\n<link rel=\"canonical\" href=\"https:\/\/circuitodejerez.com\/en\/2023\/04\/01\/esbk-sabado\/\" \/>\n<meta property=\"og:locale\" content=\"en_GB\" \/>\n<meta property=\"og:type\" content=\"article\" \/>\n<meta property=\"og:title\" content=\"ESBK-S\u00e1bado - Circuito de Jerez \u00c1ngel Nieto\" \/>\n<meta property=\"og:description\" content=\"Ivo Lopes (SBK), Eric Fern\u00e1ndez (Supersport), Gonzalo S\u00e1nchez (SS300) Alberto Enr\u00edquez (Moto4) Carlos Cano (Pre Moto3) y Lorenzo Picasso (FIM\" \/>\n<meta property=\"og:url\" content=\"https:\/\/circuitodejerez.com\/en\/2023\/04\/01\/esbk-sabado\/\" \/>\n<meta property=\"og:site_name\" content=\"Circuito de Jerez \u00c1ngel Nieto\" \/>\n<meta property=\"article:publisher\" content=\"https:\/\/www.facebook.com\/circuitodejerezangelnieto\/\" \/>\n<meta property=\"article:published_time\" content=\"2023-04-01T17:27:18+00:00\" \/>\n<meta property=\"article:modified_time\" content=\"2024-01-30T17:11:52+00:00\" \/>\n<meta property=\"og:image\" content=\"https:\/\/circuitodejerez.com\/wp-content\/uploads\/2024\/01\/noticia_88-scaled.jpg\" \/>\n\t<meta property=\"og:image:width\" content=\"2560\" \/>\n\t<meta property=\"og:image:height\" content=\"1706\" \/>\n\t<meta property=\"og:image:type\" content=\"image\/jpeg\" \/>\n<meta name=\"author\" content=\"publyland\" \/>\n<meta name=\"twitter:card\" content=\"summary_large_image\" \/>\n<meta name=\"twitter:creator\" content=\"@circuitodejerez\" \/>\n<meta name=\"twitter:site\" content=\"@circuitodejerez\" \/>\n<meta name=\"twitter:label1\" content=\"Written by\" \/>\n\t<meta name=\"twitter:data1\" content=\"publyland\" \/>\n\t<meta name=\"twitter:label2\" content=\"Estimated reading time\" \/>\n\t<meta name=\"twitter:data2\" content=\"4 minutes\" \/>\n<script type=\"application\/ld+json\" class=\"yoast-schema-graph\">{\"@context\":\"https:\/\/schema.org\",\"@graph\":[{\"@type\":\"Article\",\"@id\":\"https:\/\/circuitodejerez.com\/2023\/04\/01\/esbk-sabado\/#article\",\"isPartOf\":{\"@id\":\"https:\/\/circuitodejerez.com\/2023\/04\/01\/esbk-sabado\/\"},\"author\":{\"name\":\"publyland\",\"@id\":\"https:\/\/circuitodejerez.com\/#\/schema\/person\/7426c66afad35f522814eb06fb2e213a\"},\"headline\":\"ESBK-S\u00e1bado\",\"datePublished\":\"2023-04-01T17:27:18+00:00\",\"dateModified\":\"2024-01-30T17:11:52+00:00\",\"mainEntityOfPage\":{\"@id\":\"https:\/\/circuitodejerez.com\/2023\/04\/01\/esbk-sabado\/\"},\"wordCount\":866,\"publisher\":{\"@id\":\"https:\/\/circuitodejerez.com\/#organization\"},\"image\":{\"@id\":\"https:\/\/circuitodejerez.com\/2023\/04\/01\/esbk-sabado\/#primaryimage\"},\"thumbnailUrl\":\"https:\/\/circuitodejerez.com\/wp-content\/uploads\/2024\/01\/noticia_88-scaled.jpg\",\"articleSection\":[\"Noticias\"],\"inLanguage\":\"en-GB\"},{\"@type\":\"WebPage\",\"@id\":\"https:\/\/circuitodejerez.com\/2023\/04\/01\/esbk-sabado\/\",\"url\":\"https:\/\/circuitodejerez.com\/2023\/04\/01\/esbk-sabado\/\",\"name\":\"ESBK-S\u00e1bado - Circuito de Jerez \u00c1ngel Nieto\",\"isPartOf\":{\"@id\":\"https:\/\/circuitodejerez.com\/#website\"},\"primaryImageOfPage\":{\"@id\":\"https:\/\/circuitodejerez.com\/2023\/04\/01\/esbk-sabado\/#primaryimage\"},\"image\":{\"@id\":\"https:\/\/circuitodejerez.com\/2023\/04\/01\/esbk-sabado\/#primaryimage\"},\"thumbnailUrl\":\"https:\/\/circuitodejerez.com\/wp-content\/uploads\/2024\/01\/noticia_88-scaled.jpg\",\"datePublished\":\"2023-04-01T17:27:18+00:00\",\"dateModified\":\"2024-01-30T17:11:52+00:00\",\"breadcrumb\":{\"@id\":\"https:\/\/circuitodejerez.com\/2023\/04\/01\/esbk-sabado\/#breadcrumb\"},\"inLanguage\":\"en-GB\",\"potentialAction\":[{\"@type\":\"ReadAction\",\"target\":[\"https:\/\/circuitodejerez.com\/2023\/04\/01\/esbk-sabado\/\"]}]},{\"@type\":\"ImageObject\",\"inLanguage\":\"en-GB\",\"@id\":\"https:\/\/circuitodejerez.com\/2023\/04\/01\/esbk-sabado\/#primaryimage\",\"url\":\"https:\/\/circuitodejerez.com\/wp-content\/uploads\/2024\/01\/noticia_88-scaled.jpg\",\"contentUrl\":\"https:\/\/circuitodejerez.com\/wp-content\/uploads\/2024\/01\/noticia_88-scaled.jpg\",\"width\":2560,\"height\":1706},{\"@type\":\"BreadcrumbList\",\"@id\":\"https:\/\/circuitodejerez.com\/2023\/04\/01\/esbk-sabado\/#breadcrumb\",\"itemListElement\":[{\"@type\":\"ListItem\",\"position\":1,\"name\":\"Portada\",\"item\":\"https:\/\/circuitodejerez.com\/\"},{\"@type\":\"ListItem\",\"position\":2,\"name\":\"ESBK-S\u00e1bado\"}]},{\"@type\":\"WebSite\",\"@id\":\"https:\/\/circuitodejerez.com\/#website\",\"url\":\"https:\/\/circuitodejerez.com\/\",\"name\":\"Circuito de Jerez \u00c1ngel Nieto\",\"description\":\"Circuito de Jerez \u00c1ngel Nieto\",\"publisher\":{\"@id\":\"https:\/\/circuitodejerez.com\/#organization\"},\"potentialAction\":[{\"@type\":\"SearchAction\",\"target\":{\"@type\":\"EntryPoint\",\"urlTemplate\":\"https:\/\/circuitodejerez.com\/?s={search_term_string}\"},\"query-input\":\"required name=search_term_string\"}],\"inLanguage\":\"en-GB\"},{\"@type\":\"Organization\",\"@id\":\"https:\/\/circuitodejerez.com\/#organization\",\"name\":\"Circuito de Jerez \u00c1ngel Nieto\",\"url\":\"https:\/\/circuitodejerez.com\/\",\"logo\":{\"@type\":\"ImageObject\",\"inLanguage\":\"en-GB\",\"@id\":\"https:\/\/circuitodejerez.com\/#\/schema\/logo\/image\/\",\"url\":\"https:\/\/circuitodejerez.com\/wp-content\/uploads\/2023\/06\/logo-circuito-jerez.png\",\"contentUrl\":\"https:\/\/circuitodejerez.com\/wp-content\/uploads\/2023\/06\/logo-circuito-jerez.png\",\"width\":556,\"height\":142,\"caption\":\"Circuito de Jerez \u00c1ngel Nieto\"},\"image\":{\"@id\":\"https:\/\/circuitodejerez.com\/#\/schema\/logo\/image\/\"},\"sameAs\":[\"https:\/\/www.facebook.com\/circuitodejerezangelnieto\/\",\"https:\/\/x.com\/circuitodejerez\",\"https:\/\/www.instagram.com\/circuito_de_jerez\/?hl=es\",\"https:\/\/www.youtube.com\/user\/cirjesa\"]},{\"@type\":\"Person\",\"@id\":\"https:\/\/circuitodejerez.com\/#\/schema\/person\/7426c66afad35f522814eb06fb2e213a\",\"name\":\"publyland\",\"sameAs\":[\"https:\/\/circuitoangelnieto.com\"],\"url\":\"https:\/\/circuitodejerez.com\/en\/author\/publyland\/\"}]}<\/script>\n<!-- \/ Yoast SEO plugin. -->","yoast_head_json":{"title":"ESBK-S\u00e1bado - Circuito de Jerez \u00c1ngel Nieto","robots":{"index":"index","follow":"follow","max-snippet":"max-snippet:-1","max-image-preview":"max-image-preview:large","max-video-preview":"max-video-preview:-1"},"canonical":"https:\/\/circuitodejerez.com\/en\/2023\/04\/01\/esbk-sabado\/","og_locale":"en_GB","og_type":"article","og_title":"ESBK-S\u00e1bado - Circuito de Jerez \u00c1ngel Nieto","og_description":"Ivo Lopes (SBK), Eric Fern\u00e1ndez (Supersport), Gonzalo S\u00e1nchez (SS300) Alberto Enr\u00edquez (Moto4) Carlos Cano (Pre Moto3) y Lorenzo Picasso (FIM","og_url":"https:\/\/circuitodejerez.com\/en\/2023\/04\/01\/esbk-sabado\/","og_site_name":"Circuito de Jerez \u00c1ngel Nieto","article_publisher":"https:\/\/www.facebook.com\/circuitodejerezangelnieto\/","article_published_time":"2023-04-01T17:27:18+00:00","article_modified_time":"2024-01-30T17:11:52+00:00","og_image":[{"width":2560,"height":1706,"url":"https:\/\/circuitodejerez.com\/wp-content\/uploads\/2024\/01\/noticia_88-scaled.jpg","type":"image\/jpeg"}],"author":"publyland","twitter_card":"summary_large_image","twitter_creator":"@circuitodejerez","twitter_site":"@circuitodejerez","twitter_misc":{"Written by":"publyland","Estimated reading time":"4 minutes"},"schema":{"@context":"https:\/\/schema.org","@graph":[{"@type":"Article","@id":"https:\/\/circuitodejerez.com\/2023\/04\/01\/esbk-sabado\/#article","isPartOf":{"@id":"https:\/\/circuitodejerez.com\/2023\/04\/01\/esbk-sabado\/"},"author":{"name":"publyland","@id":"https:\/\/circuitodejerez.com\/#\/schema\/person\/7426c66afad35f522814eb06fb2e213a"},"headline":"ESBK-S\u00e1bado","datePublished":"2023-04-01T17:27:18+00:00","dateModified":"2024-01-30T17:11:52+00:00","mainEntityOfPage":{"@id":"https:\/\/circuitodejerez.com\/2023\/04\/01\/esbk-sabado\/"},"wordCount":866,"publisher":{"@id":"https:\/\/circuitodejerez.com\/#organization"},"image":{"@id":"https:\/\/circuitodejerez.com\/2023\/04\/01\/esbk-sabado\/#primaryimage"},"thumbnailUrl":"https:\/\/circuitodejerez.com\/wp-content\/uploads\/2024\/01\/noticia_88-scaled.jpg","articleSection":["Noticias"],"inLanguage":"en-GB"},{"@type":"WebPage","@id":"https:\/\/circuitodejerez.com\/2023\/04\/01\/esbk-sabado\/","url":"https:\/\/circuitodejerez.com\/2023\/04\/01\/esbk-sabado\/","name":"ESBK-S\u00e1bado - Circuito de Jerez \u00c1ngel Nieto","isPartOf":{"@id":"https:\/\/circuitodejerez.com\/#website"},"primaryImageOfPage":{"@id":"https:\/\/circuitodejerez.com\/2023\/04\/01\/esbk-sabado\/#primaryimage"},"image":{"@id":"https:\/\/circuitodejerez.com\/2023\/04\/01\/esbk-sabado\/#primaryimage"},"thumbnailUrl":"https:\/\/circuitodejerez.com\/wp-content\/uploads\/2024\/01\/noticia_88-scaled.jpg","datePublished":"2023-04-01T17:27:18+00:00","dateModified":"2024-01-30T17:11:52+00:00","breadcrumb":{"@id":"https:\/\/circuitodejerez.com\/2023\/04\/01\/esbk-sabado\/#breadcrumb"},"inLanguage":"en-GB","potentialAction":[{"@type":"ReadAction","target":["https:\/\/circuitodejerez.com\/2023\/04\/01\/esbk-sabado\/"]}]},{"@type":"ImageObject","inLanguage":"en-GB","@id":"https:\/\/circuitodejerez.com\/2023\/04\/01\/esbk-sabado\/#primaryimage","url":"https:\/\/circuitodejerez.com\/wp-content\/uploads\/2024\/01\/noticia_88-scaled.jpg","contentUrl":"https:\/\/circuitodejerez.com\/wp-content\/uploads\/2024\/01\/noticia_88-scaled.jpg","width":2560,"height":1706},{"@type":"BreadcrumbList","@id":"https:\/\/circuitodejerez.com\/2023\/04\/01\/esbk-sabado\/#breadcrumb","itemListElement":[{"@type":"ListItem","position":1,"name":"Portada","item":"https:\/\/circuitodejerez.com\/"},{"@type":"ListItem","position":2,"name":"ESBK-S\u00e1bado"}]},{"@type":"WebSite","@id":"https:\/\/circuitodejerez.com\/#website","url":"https:\/\/circuitodejerez.com\/","name":"Circuito de Jerez \u00c1ngel Nieto","description":"Circuito de Jerez \u00c1ngel Nieto","publisher":{"@id":"https:\/\/circuitodejerez.com\/#organization"},"potentialAction":[{"@type":"SearchAction","target":{"@type":"EntryPoint","urlTemplate":"https:\/\/circuitodejerez.com\/?s={search_term_string}"},"query-input":"required name=search_term_string"}],"inLanguage":"en-GB"},{"@type":"Organization","@id":"https:\/\/circuitodejerez.com\/#organization","name":"Circuito de Jerez \u00c1ngel Nieto","url":"https:\/\/circuitodejerez.com\/","logo":{"@type":"ImageObject","inLanguage":"en-GB","@id":"https:\/\/circuitodejerez.com\/#\/schema\/logo\/image\/","url":"https:\/\/circuitodejerez.com\/wp-content\/uploads\/2023\/06\/logo-circuito-jerez.png","contentUrl":"https:\/\/circuitodejerez.com\/wp-content\/uploads\/2023\/06\/logo-circuito-jerez.png","width":556,"height":142,"caption":"Circuito de Jerez \u00c1ngel Nieto"},"image":{"@id":"https:\/\/circuitodejerez.com\/#\/schema\/logo\/image\/"},"sameAs":["https:\/\/www.facebook.com\/circuitodejerezangelnieto\/","https:\/\/x.com\/circuitodejerez","https:\/\/www.instagram.com\/circuito_de_jerez\/?hl=es","https:\/\/www.youtube.com\/user\/cirjesa"]},{"@type":"Person","@id":"https:\/\/circuitodejerez.com\/#\/schema\/person\/7426c66afad35f522814eb06fb2e213a","name":"publyland","sameAs":["https:\/\/circuitoangelnieto.com"],"url":"https:\/\/circuitodejerez.com\/en\/author\/publyland\/"}]}},"_links":{"self":[{"href":"https:\/\/circuitodejerez.com\/en\/wp-json\/wp\/v2\/posts\/35798","targetHints":{"allow":["GET"]}}],"collection":[{"href":"https:\/\/circuitodejerez.com\/en\/wp-json\/wp\/v2\/posts"}],"about":[{"href":"https:\/\/circuitodejerez.com\/en\/wp-json\/wp\/v2\/types\/post"}],"author":[{"embeddable":true,"href":"https:\/\/circuitodejerez.com\/en\/wp-json\/wp\/v2\/users\/1"}],"replies":[{"embeddable":true,"href":"https:\/\/circuitodejerez.com\/en\/wp-json\/wp\/v2\/comments?post=35798"}],"version-history":[{"count":2,"href":"https:\/\/circuitodejerez.com\/en\/wp-json\/wp\/v2\/posts\/35798\/revisions"}],"predecessor-version":[{"id":35907,"href":"https:\/\/circuitodejerez.com\/en\/wp-json\/wp\/v2\/posts\/35798\/revisions\/35907"}],"wp:featuredmedia":[{"embeddable":true,"href":"https:\/\/circuitodejerez.com\/en\/wp-json\/wp\/v2\/media\/35799"}],"wp:attachment":[{"href":"https:\/\/circuitodejerez.com\/en\/wp-json\/wp\/v2\/media?parent=35798"}],"wp:term":[{"taxonomy":"category","embeddable":true,"href":"https:\/\/circuitodejerez.com\/en\/wp-json\/wp\/v2\/categories?post=35798"},{"taxonomy":"post_tag","embeddable":true,"href":"https:\/\/circuitodejerez.com\/en\/wp-json\/wp\/v2\/tags?post=35798"}],"curies":[{"name":"wp","href":"https:\/\/api.w.org\/{rel}","templated":true}]}}