{"id":35801,"date":"2023-03-28T19:29:23","date_gmt":"2023-03-28T17:29:23","guid":{"rendered":"https:\/\/circuitoangelnieto.com\/2024\/01\/25\/esbk-2\/"},"modified":"2024-01-30T19:03:32","modified_gmt":"2024-01-30T18:03:32","slug":"esbk-2","status":"publish","type":"post","link":"https:\/\/circuitodejerez.com\/en\/2023\/03\/28\/esbk-2\/","title":{"rendered":"ESBK"},"content":{"rendered":"<p><img loading=\"lazy\" decoding=\"async\" class=\"alignnone size-medium\" style=\"display: none;\" src=\"https:\/\/gestorapp.circuitoangelnieto.com\/\/uploads\/noticias\/noticia_89.jpg\" width=\"600\" height=\"409\" \/><\/p>\n<p><strong>Xtreme Challenge y Trofeo Andaluz de Velocidad Urbana complementar\u00e1n la concentraci\u00f3n de actividades motociclistas del trazado jerezano.<\/strong><\/p>\n<div>\n<p><strong>28 de marzo de 2023.<\/strong><\/p>\n<p>Este pr\u00f3ximo fin de semana, d\u00edas 1 y 2 de abril, el Circuito de Jerez-\u00c1ngel Nieto es punto de concentraci\u00f3n de una intensa y variada actividad motociclista.<\/p>\n<p>Y es que la pista permanente, abre la temporada al ESBK-Campeonato de Espa\u00f1a de Superbike, el certamen nacional de velocidad que cada temporada crece en popularidad, nivel de pilotos y difusi\u00f3n. Durante el fin de semana, 164 pilotos, 84 llegados desde fuera de nuestras fronteras, se dar\u00e1n cita en la pista jerezana para disputar la primera prueba de la temporada de un calendario compuesto por 7 eventos, siendo el trazado jerezano el \u00fanico que repite programa al celebrarse en este mismo escenario del 26 al 29 de octubre la pen\u00faltima cita de la temporada. Pero adem\u00e1s del ESBK, el viernes y s\u00e1bado uno de los parkings interiores acoger\u00e1 la concentraci\u00f3n Moto Tur\u00edstica Xtreme Challenge Jerez, mientras el domingo en la pista de Mini Velocidad la Federaci\u00f3n Andaluza de Motociclismo, ha organizado la primera prueba del TAVU (Trofeo Andaluz de Velocidad Urbana).<\/p>\n<p>En cuanto a categor\u00edas, no hay novedades destacadas y volver\u00e1n a estar presentes la clase reina de SBK, Supersport NG, SS300, Moto4, PreMoto3 y FIM Eur Handy, no habi\u00e9ndose convocado este a\u00f1o la clase Promo 3.<\/p>\n<p>La competici\u00f3n arrancar\u00e1 el s\u00e1bado con los entrenamientos oficiales para todas las categor\u00edas en liza que se desarrollar\u00e1n de 9 a 12.30, mientras que a partir de las 13.00 tendr\u00e1n lugar las primeras mangas de carrera del fin de semana con el siguiente horario: 13.00 h (Moto4), 13.55 h (SS300) 14.50 h (SBK) 15.45 h (Supersport NG) 16.40 h (Pre Moto3), 17.35 h (FIM Eur Handy). Por su parte, el domingo de 9 de la ma\u00f1ana a 10.30 horas se desarrollar\u00e1n los warm up para dar comienzo a partir de las 11 las segundas mangas de carrera con el siguiente horario:<\/p>\n<p>11.00 h (FIM Eur Handy) 12.00 h (Moto4), 13.00 h (SS300) 14.00 h (SBK) 15.00 h (Supersport NG) 16.00 h (Pre Moto3).<\/p>\n<p>La entrada al circuito para presenciar esta primera prueba de la temporada del ESBK ser\u00e1 gratuita, pudiendo los aficionados moverse por el paddock, terraza de boxes, adem\u00e1s de la mencionada tribuna. El parking tanto para motos como para coches ser\u00e1 en el interior del circuito.<\/p>\n<p><strong>Xtreme Challenge Jerez<\/strong><\/p>\n<p>El Xtreme Challenge, es una experiencia Moto Tur\u00edstica no deportiva ni competitiva para todo tipo de motos y niveles de conducci\u00f3n. Se trata de un desaf\u00edo, una aventura en moto para forjar lazos de amistad y comunidad, mientras se disfruta en moto realizando kil\u00f3metros y viendo paisajes incre\u00edbles.<\/p>\n<p>El Xtreme Challenge Jerez tendr\u00e1 lugar durante las jornadas de viernes y s\u00e1bado en el parking interior de las curvas 1 y 2 (parking palmeras). Los participantes, adem\u00e1s de realizar los recorridos programados por las carreteras de la zona, tienen actividades preparadas en este espacio donde se dar\u00e1n cita marcas de motos para exponer alguno de sus modelos que podr\u00e1n probar los participantes.<\/p>\n<p><strong>Trofeo Andaluz de Velocidad Urbana<\/strong><\/p>\n<p>El pr\u00f3ximo domingo 2 de abril, vuelve el Trofeo Andaluz de Velocidad Urbana con su 5\u00aa edici\u00f3n que se desarrollar\u00e1 en el interior del Circuito de Jerez, concretamente en su pista de mini velocidad situada en los aleda\u00f1os de la Torre de Autoridades. Las categor\u00edas en liza ser\u00e1n: Pit Open M\u00e1ster, Pit Open Senior, Supermotard Pro, Supermotard Aficionados, Pit 160 J\u00fanior, Pit 160 S\u00e9nior, Pit Open J\u00fanior.<\/p>\n<\/div>\n<p><img loading=\"lazy\" decoding=\"async\" class=\"alignnone size-medium\" style=\"width: 100%;\" src=\"https:\/\/gestorapp.circuitoangelnieto.com\/\/uploads\/noticias\/noticia_destacada_89.jpg\" width=\"600\" height=\"409\" \/><\/p>","protected":false},"excerpt":{"rendered":"<p>Xtreme Challenge y Trofeo Andaluz de Velocidad Urbana complementar\u00e1n la concentraci\u00f3n de actividades motociclistas del trazado jerezano. 28 de marzo<\/p>","protected":false},"author":1,"featured_media":35802,"comment_status":"closed","ping_status":"closed","sticky":false,"template":"","format":"standard","meta":{"footnotes":""},"categories":[2],"tags":[],"class_list":["post-35801","post","type-post","status-publish","format-standard","has-post-thumbnail","hentry","category-noticias"],"yoast_head":"<!-- This site is optimized with the Yoast SEO plugin v22.5 - https:\/\/yoast.com\/wordpress\/plugins\/seo\/ -->\n<title>ESBK - Circuito de Jerez \u00c1ngel Nieto<\/title>\n<meta name=\"robots\" content=\"index, follow, max-snippet:-1, max-image-preview:large, max-video-preview:-1\" \/>\n<link rel=\"canonical\" href=\"https:\/\/circuitodejerez.com\/en\/2023\/03\/28\/esbk-2\/\" \/>\n<meta property=\"og:locale\" content=\"en_GB\" \/>\n<meta property=\"og:type\" content=\"article\" \/>\n<meta property=\"og:title\" content=\"ESBK - Circuito de Jerez \u00c1ngel Nieto\" \/>\n<meta property=\"og:description\" content=\"Xtreme Challenge y Trofeo Andaluz de Velocidad Urbana complementar\u00e1n la concentraci\u00f3n de actividades motociclistas del trazado jerezano. 28 de marzo\" \/>\n<meta property=\"og:url\" content=\"https:\/\/circuitodejerez.com\/en\/2023\/03\/28\/esbk-2\/\" \/>\n<meta property=\"og:site_name\" content=\"Circuito de Jerez \u00c1ngel Nieto\" \/>\n<meta property=\"article:publisher\" content=\"https:\/\/www.facebook.com\/circuitodejerezangelnieto\/\" \/>\n<meta property=\"article:published_time\" content=\"2023-03-28T17:29:23+00:00\" \/>\n<meta property=\"article:modified_time\" content=\"2024-01-30T18:03:32+00:00\" \/>\n<meta property=\"og:image\" content=\"https:\/\/circuitodejerez.com\/wp-content\/uploads\/2024\/01\/noticia_89-scaled.jpg\" \/>\n\t<meta property=\"og:image:width\" content=\"2560\" \/>\n\t<meta property=\"og:image:height\" content=\"1707\" \/>\n\t<meta property=\"og:image:type\" content=\"image\/jpeg\" \/>\n<meta name=\"author\" content=\"publyland\" \/>\n<meta name=\"twitter:card\" content=\"summary_large_image\" \/>\n<meta name=\"twitter:creator\" content=\"@circuitodejerez\" \/>\n<meta name=\"twitter:site\" content=\"@circuitodejerez\" \/>\n<meta name=\"twitter:label1\" content=\"Written by\" \/>\n\t<meta name=\"twitter:data1\" content=\"publyland\" \/>\n\t<meta name=\"twitter:label2\" content=\"Estimated reading time\" \/>\n\t<meta name=\"twitter:data2\" content=\"3 minutes\" \/>\n<script type=\"application\/ld+json\" class=\"yoast-schema-graph\">{\"@context\":\"https:\/\/schema.org\",\"@graph\":[{\"@type\":\"Article\",\"@id\":\"https:\/\/circuitodejerez.com\/2023\/03\/28\/esbk-2\/#article\",\"isPartOf\":{\"@id\":\"https:\/\/circuitodejerez.com\/2023\/03\/28\/esbk-2\/\"},\"author\":{\"name\":\"publyland\",\"@id\":\"https:\/\/circuitodejerez.com\/#\/schema\/person\/7426c66afad35f522814eb06fb2e213a\"},\"headline\":\"ESBK\",\"datePublished\":\"2023-03-28T17:29:23+00:00\",\"dateModified\":\"2024-01-30T18:03:32+00:00\",\"mainEntityOfPage\":{\"@id\":\"https:\/\/circuitodejerez.com\/2023\/03\/28\/esbk-2\/\"},\"wordCount\":592,\"publisher\":{\"@id\":\"https:\/\/circuitodejerez.com\/#organization\"},\"image\":{\"@id\":\"https:\/\/circuitodejerez.com\/2023\/03\/28\/esbk-2\/#primaryimage\"},\"thumbnailUrl\":\"https:\/\/circuitodejerez.com\/wp-content\/uploads\/2024\/01\/noticia_89-scaled.jpg\",\"articleSection\":[\"Noticias\"],\"inLanguage\":\"en-GB\"},{\"@type\":\"WebPage\",\"@id\":\"https:\/\/circuitodejerez.com\/2023\/03\/28\/esbk-2\/\",\"url\":\"https:\/\/circuitodejerez.com\/2023\/03\/28\/esbk-2\/\",\"name\":\"ESBK - Circuito de Jerez \u00c1ngel Nieto\",\"isPartOf\":{\"@id\":\"https:\/\/circuitodejerez.com\/#website\"},\"primaryImageOfPage\":{\"@id\":\"https:\/\/circuitodejerez.com\/2023\/03\/28\/esbk-2\/#primaryimage\"},\"image\":{\"@id\":\"https:\/\/circuitodejerez.com\/2023\/03\/28\/esbk-2\/#primaryimage\"},\"thumbnailUrl\":\"https:\/\/circuitodejerez.com\/wp-content\/uploads\/2024\/01\/noticia_89-scaled.jpg\",\"datePublished\":\"2023-03-28T17:29:23+00:00\",\"dateModified\":\"2024-01-30T18:03:32+00:00\",\"breadcrumb\":{\"@id\":\"https:\/\/circuitodejerez.com\/2023\/03\/28\/esbk-2\/#breadcrumb\"},\"inLanguage\":\"en-GB\",\"potentialAction\":[{\"@type\":\"ReadAction\",\"target\":[\"https:\/\/circuitodejerez.com\/2023\/03\/28\/esbk-2\/\"]}]},{\"@type\":\"ImageObject\",\"inLanguage\":\"en-GB\",\"@id\":\"https:\/\/circuitodejerez.com\/2023\/03\/28\/esbk-2\/#primaryimage\",\"url\":\"https:\/\/circuitodejerez.com\/wp-content\/uploads\/2024\/01\/noticia_89-scaled.jpg\",\"contentUrl\":\"https:\/\/circuitodejerez.com\/wp-content\/uploads\/2024\/01\/noticia_89-scaled.jpg\",\"width\":2560,\"height\":1707},{\"@type\":\"BreadcrumbList\",\"@id\":\"https:\/\/circuitodejerez.com\/2023\/03\/28\/esbk-2\/#breadcrumb\",\"itemListElement\":[{\"@type\":\"ListItem\",\"position\":1,\"name\":\"Portada\",\"item\":\"https:\/\/circuitodejerez.com\/\"},{\"@type\":\"ListItem\",\"position\":2,\"name\":\"ESBK\"}]},{\"@type\":\"WebSite\",\"@id\":\"https:\/\/circuitodejerez.com\/#website\",\"url\":\"https:\/\/circuitodejerez.com\/\",\"name\":\"Circuito de Jerez \u00c1ngel Nieto\",\"description\":\"Circuito de Jerez \u00c1ngel Nieto\",\"publisher\":{\"@id\":\"https:\/\/circuitodejerez.com\/#organization\"},\"potentialAction\":[{\"@type\":\"SearchAction\",\"target\":{\"@type\":\"EntryPoint\",\"urlTemplate\":\"https:\/\/circuitodejerez.com\/?s={search_term_string}\"},\"query-input\":\"required name=search_term_string\"}],\"inLanguage\":\"en-GB\"},{\"@type\":\"Organization\",\"@id\":\"https:\/\/circuitodejerez.com\/#organization\",\"name\":\"Circuito de Jerez \u00c1ngel Nieto\",\"url\":\"https:\/\/circuitodejerez.com\/\",\"logo\":{\"@type\":\"ImageObject\",\"inLanguage\":\"en-GB\",\"@id\":\"https:\/\/circuitodejerez.com\/#\/schema\/logo\/image\/\",\"url\":\"https:\/\/circuitodejerez.com\/wp-content\/uploads\/2023\/06\/logo-circuito-jerez.png\",\"contentUrl\":\"https:\/\/circuitodejerez.com\/wp-content\/uploads\/2023\/06\/logo-circuito-jerez.png\",\"width\":556,\"height\":142,\"caption\":\"Circuito de Jerez \u00c1ngel Nieto\"},\"image\":{\"@id\":\"https:\/\/circuitodejerez.com\/#\/schema\/logo\/image\/\"},\"sameAs\":[\"https:\/\/www.facebook.com\/circuitodejerezangelnieto\/\",\"https:\/\/x.com\/circuitodejerez\",\"https:\/\/www.instagram.com\/circuito_de_jerez\/?hl=es\",\"https:\/\/www.youtube.com\/user\/cirjesa\"]},{\"@type\":\"Person\",\"@id\":\"https:\/\/circuitodejerez.com\/#\/schema\/person\/7426c66afad35f522814eb06fb2e213a\",\"name\":\"publyland\",\"sameAs\":[\"https:\/\/circuitoangelnieto.com\"],\"url\":\"https:\/\/circuitodejerez.com\/en\/author\/publyland\/\"}]}<\/script>\n<!-- \/ Yoast SEO plugin. -->","yoast_head_json":{"title":"ESBK - Circuito de Jerez \u00c1ngel Nieto","robots":{"index":"index","follow":"follow","max-snippet":"max-snippet:-1","max-image-preview":"max-image-preview:large","max-video-preview":"max-video-preview:-1"},"canonical":"https:\/\/circuitodejerez.com\/en\/2023\/03\/28\/esbk-2\/","og_locale":"en_GB","og_type":"article","og_title":"ESBK - Circuito de Jerez \u00c1ngel Nieto","og_description":"Xtreme Challenge y Trofeo Andaluz de Velocidad Urbana complementar\u00e1n la concentraci\u00f3n de actividades motociclistas del trazado jerezano. 28 de marzo","og_url":"https:\/\/circuitodejerez.com\/en\/2023\/03\/28\/esbk-2\/","og_site_name":"Circuito de Jerez \u00c1ngel Nieto","article_publisher":"https:\/\/www.facebook.com\/circuitodejerezangelnieto\/","article_published_time":"2023-03-28T17:29:23+00:00","article_modified_time":"2024-01-30T18:03:32+00:00","og_image":[{"width":2560,"height":1707,"url":"https:\/\/circuitodejerez.com\/wp-content\/uploads\/2024\/01\/noticia_89-scaled.jpg","type":"image\/jpeg"}],"author":"publyland","twitter_card":"summary_large_image","twitter_creator":"@circuitodejerez","twitter_site":"@circuitodejerez","twitter_misc":{"Written by":"publyland","Estimated reading time":"3 minutes"},"schema":{"@context":"https:\/\/schema.org","@graph":[{"@type":"Article","@id":"https:\/\/circuitodejerez.com\/2023\/03\/28\/esbk-2\/#article","isPartOf":{"@id":"https:\/\/circuitodejerez.com\/2023\/03\/28\/esbk-2\/"},"author":{"name":"publyland","@id":"https:\/\/circuitodejerez.com\/#\/schema\/person\/7426c66afad35f522814eb06fb2e213a"},"headline":"ESBK","datePublished":"2023-03-28T17:29:23+00:00","dateModified":"2024-01-30T18:03:32+00:00","mainEntityOfPage":{"@id":"https:\/\/circuitodejerez.com\/2023\/03\/28\/esbk-2\/"},"wordCount":592,"publisher":{"@id":"https:\/\/circuitodejerez.com\/#organization"},"image":{"@id":"https:\/\/circuitodejerez.com\/2023\/03\/28\/esbk-2\/#primaryimage"},"thumbnailUrl":"https:\/\/circuitodejerez.com\/wp-content\/uploads\/2024\/01\/noticia_89-scaled.jpg","articleSection":["Noticias"],"inLanguage":"en-GB"},{"@type":"WebPage","@id":"https:\/\/circuitodejerez.com\/2023\/03\/28\/esbk-2\/","url":"https:\/\/circuitodejerez.com\/2023\/03\/28\/esbk-2\/","name":"ESBK - Circuito de Jerez \u00c1ngel Nieto","isPartOf":{"@id":"https:\/\/circuitodejerez.com\/#website"},"primaryImageOfPage":{"@id":"https:\/\/circuitodejerez.com\/2023\/03\/28\/esbk-2\/#primaryimage"},"image":{"@id":"https:\/\/circuitodejerez.com\/2023\/03\/28\/esbk-2\/#primaryimage"},"thumbnailUrl":"https:\/\/circuitodejerez.com\/wp-content\/uploads\/2024\/01\/noticia_89-scaled.jpg","datePublished":"2023-03-28T17:29:23+00:00","dateModified":"2024-01-30T18:03:32+00:00","breadcrumb":{"@id":"https:\/\/circuitodejerez.com\/2023\/03\/28\/esbk-2\/#breadcrumb"},"inLanguage":"en-GB","potentialAction":[{"@type":"ReadAction","target":["https:\/\/circuitodejerez.com\/2023\/03\/28\/esbk-2\/"]}]},{"@type":"ImageObject","inLanguage":"en-GB","@id":"https:\/\/circuitodejerez.com\/2023\/03\/28\/esbk-2\/#primaryimage","url":"https:\/\/circuitodejerez.com\/wp-content\/uploads\/2024\/01\/noticia_89-scaled.jpg","contentUrl":"https:\/\/circuitodejerez.com\/wp-content\/uploads\/2024\/01\/noticia_89-scaled.jpg","width":2560,"height":1707},{"@type":"BreadcrumbList","@id":"https:\/\/circuitodejerez.com\/2023\/03\/28\/esbk-2\/#breadcrumb","itemListElement":[{"@type":"ListItem","position":1,"name":"Portada","item":"https:\/\/circuitodejerez.com\/"},{"@type":"ListItem","position":2,"name":"ESBK"}]},{"@type":"WebSite","@id":"https:\/\/circuitodejerez.com\/#website","url":"https:\/\/circuitodejerez.com\/","name":"Circuito de Jerez \u00c1ngel Nieto","description":"Circuito de Jerez \u00c1ngel Nieto","publisher":{"@id":"https:\/\/circuitodejerez.com\/#organization"},"potentialAction":[{"@type":"SearchAction","target":{"@type":"EntryPoint","urlTemplate":"https:\/\/circuitodejerez.com\/?s={search_term_string}"},"query-input":"required name=search_term_string"}],"inLanguage":"en-GB"},{"@type":"Organization","@id":"https:\/\/circuitodejerez.com\/#organization","name":"Circuito de Jerez \u00c1ngel Nieto","url":"https:\/\/circuitodejerez.com\/","logo":{"@type":"ImageObject","inLanguage":"en-GB","@id":"https:\/\/circuitodejerez.com\/#\/schema\/logo\/image\/","url":"https:\/\/circuitodejerez.com\/wp-content\/uploads\/2023\/06\/logo-circuito-jerez.png","contentUrl":"https:\/\/circuitodejerez.com\/wp-content\/uploads\/2023\/06\/logo-circuito-jerez.png","width":556,"height":142,"caption":"Circuito de Jerez \u00c1ngel Nieto"},"image":{"@id":"https:\/\/circuitodejerez.com\/#\/schema\/logo\/image\/"},"sameAs":["https:\/\/www.facebook.com\/circuitodejerezangelnieto\/","https:\/\/x.com\/circuitodejerez","https:\/\/www.instagram.com\/circuito_de_jerez\/?hl=es","https:\/\/www.youtube.com\/user\/cirjesa"]},{"@type":"Person","@id":"https:\/\/circuitodejerez.com\/#\/schema\/person\/7426c66afad35f522814eb06fb2e213a","name":"publyland","sameAs":["https:\/\/circuitoangelnieto.com"],"url":"https:\/\/circuitodejerez.com\/en\/author\/publyland\/"}]}},"_links":{"self":[{"href":"https:\/\/circuitodejerez.com\/en\/wp-json\/wp\/v2\/posts\/35801","targetHints":{"allow":["GET"]}}],"collection":[{"href":"https:\/\/circuitodejerez.com\/en\/wp-json\/wp\/v2\/posts"}],"about":[{"href":"https:\/\/circuitodejerez.com\/en\/wp-json\/wp\/v2\/types\/post"}],"author":[{"embeddable":true,"href":"https:\/\/circuitodejerez.com\/en\/wp-json\/wp\/v2\/users\/1"}],"replies":[{"embeddable":true,"href":"https:\/\/circuitodejerez.com\/en\/wp-json\/wp\/v2\/comments?post=35801"}],"version-history":[{"count":2,"href":"https:\/\/circuitodejerez.com\/en\/wp-json\/wp\/v2\/posts\/35801\/revisions"}],"predecessor-version":[{"id":35947,"href":"https:\/\/circuitodejerez.com\/en\/wp-json\/wp\/v2\/posts\/35801\/revisions\/35947"}],"wp:featuredmedia":[{"embeddable":true,"href":"https:\/\/circuitodejerez.com\/en\/wp-json\/wp\/v2\/media\/35802"}],"wp:attachment":[{"href":"https:\/\/circuitodejerez.com\/en\/wp-json\/wp\/v2\/media?parent=35801"}],"wp:term":[{"taxonomy":"category","embeddable":true,"href":"https:\/\/circuitodejerez.com\/en\/wp-json\/wp\/v2\/categories?post=35801"},{"taxonomy":"post_tag","embeddable":true,"href":"https:\/\/circuitodejerez.com\/en\/wp-json\/wp\/v2\/tags?post=35801"}],"curies":[{"name":"wp","href":"https:\/\/api.w.org\/{rel}","templated":true}]}}