{"id":35804,"date":"2023-03-27T19:30:23","date_gmt":"2023-03-27T17:30:23","guid":{"rendered":"https:\/\/circuitoangelnieto.com\/2024\/01\/25\/trabajos-nuevas-escapatorias\/"},"modified":"2024-01-30T18:13:16","modified_gmt":"2024-01-30T17:13:16","slug":"trabajos-nuevas-escapatorias","status":"publish","type":"post","link":"https:\/\/circuitodejerez.com\/en\/2023\/03\/27\/trabajos-nuevas-escapatorias\/","title":{"rendered":"Trabajos nuevas escapatorias"},"content":{"rendered":"<p><img loading=\"lazy\" decoding=\"async\" class=\"alignnone size-medium\" style=\"display: none;\" src=\"https:\/\/gestorapp.circuitoangelnieto.com\/\/uploads\/noticias\/noticia_90.jpg\" width=\"600\" height=\"409\" \/><\/p>\n<p><strong>La alcaldesa de Jerez y presidenta de Cirjesa, supervisa las obras acometidas en las curvas 1 y 5 que han supuesto la inversi\u00f3n de 2,1 millones de euros por parte de la Ayuntamiento de Jerez.<\/strong><\/p>\n<p><strong>23 de marzo de 2023.<\/strong>\u00a0La alcaldesa de Jerez y presidenta de Cirjesa, Mamen S\u00e1nchez, acompa\u00f1ada de la teniente de alcaldesa, Laura \u00c1lvarez, y del director de Circuito de Jerez, Cayetano G\u00f3mez, ha anunciado que la Federaci\u00f3n de Internacional de Motociclismo (FIM) ha avalado las obras de las curvas C1 y C5 (Sito Pons) ejecutadas por el Ayuntamiento para la celebraci\u00f3n del Gran Premio de Espa\u00f1a de 2023 que cumpli\u00f3 todos los requisitos de homologaci\u00f3n. \u201cEsta inversi\u00f3n de 2.100.000 euros del Ayuntamiento no s\u00f3lo garantiza el futuro del Circuito de Jerez-\u00c1ngel Nieto sino tambi\u00e9n la seguridad de los pilotos y de la celebraci\u00f3n de los Grandes Premios de Espa\u00f1a de MotoGP en Jerez\u201d, ha subrayado Mamen S\u00e1nchez.<\/p>\n<p>La alcaldesa ha presentado al Consejo Local del Motor los resultados de estas obras con una visita. \u201cSon unas obras de grandes dimensiones y queremos que la sociedad de Jerez las conozca a trav\u00e9s del testimonio de los medios de comunicaci\u00f3n locales porque estaban en juego el futuro de los Grandes Premios de Espa\u00f1a de Moto GP de 2022, 2023 y 2024 en el Circuito de Jerez\u201d, ha recordado.<\/p>\n<p>La Comisi\u00f3n de Seguridad de la Federaci\u00f3n Internacional de Motociclismo inform\u00f3 a Cirjesa sobre la necesidad de mejorar la seguridad en las curvas 1, 5, 6, 7 y 10 del Circuito de Jerez-\u00c1ngel Nieto para adaptarlas a los est\u00e1ndares para circuitos de la Federaci\u00f3n Internacional de Motociclismo de 2021.<\/p>\n<p><strong>\u201cUn requisito imprescindible para el GP de 2023\u201d<\/strong><\/p>\n<p>La FIM fij\u00f3 conjuntamente con Cirjesa unos plazos para la realizaci\u00f3n de los trabajos de mejora de la seguridad en las curvas 1, 5, 6, 7 y 10 del Circuito de Jerez- \u00c1ngel Nieto. La curva 7 se finaliz\u00f3 para el GP de 2022 y las curvas 1 y 5 para el GP de 2023. \u201cCuando acabe este Mundial licitaremos por 1.000.000 de euros las obras de las curvas 6 (Dani Pedrosa) y 10 (Peluqui)\u201d. \u201cEra un requisito imprescindible hacer estas obras y la FIM nos permiti\u00f3 que se realizasen a plazos, no pod\u00edamos hacerlas de una sola vez\u201d porque se trata de una inversi\u00f3n de 2.100.00 que el Ayuntamiento financia en solitario.<\/p>\n<p>Las obras planificadas comprenden la ampliaci\u00f3n de cinco zonas de escapatoria o \u00e1reas de seguridad ubicadas a la entrada de distintas curvas del trazado de la pista. Estas ampliaciones suponen el retranqueo de la primera l\u00ednea de protecci\u00f3n y de las v\u00edas de servicios. Tambi\u00e9n se ha procedido a la demolici\u00f3n del camino de servicio perimetral existente as\u00ed como de parte de la zona de gradas y el desmonte de lomas.<\/p>\n<p><strong>Nuevas zonas para personas con discapacidad en las C2 y C6<\/strong><\/p>\n<p>La distancia de este retranqueo ha sido fijada por los t\u00e9cnicos de seguridad de la FIM para adecuarse a los nuevos requerimientos de seguridad mediante ampliaciones: C1 en 40 metros, C5 (Sito Pons) en 25 metros, C6 (Dani Pedrosa) en 40 metros, C10 (Peluqui) en 20 metros y C 7 en 40 metros.<\/p>\n<p>Mamen S\u00e1nchez ha explicado durante la visita los trabajos realizados a los miembros del Pleno del Consejo Local del Motor, unas obras que tambi\u00e9n ha permitido habilitar miradores y aparcamientos de veh\u00edculos para personas con discapacidad en la C2 y en la C6 (Sito Pons).<\/p>\n<p>Adem\u00e1s, Mamen S\u00e1nchez ha dado las gracias a la Diputaci\u00f3n Provincial por financiar con 900.000 euros la segunda pista del circuito (en la zona exterior de aparcamientos).<\/p>\n<p>\u201cHay una cosa fundamental, Jerez va a tener GP de 2023 porque ha habido un ayuntamiento que ha invertido en las obras de las curvas. Y habr\u00e1 un GP en 2024 si cumplimos tambi\u00e9n con la FIM y si hay un mill\u00f3n de euros para obras. Para que se pudiesen celebrar un GP, aparte del canon y los gastos, en 2022, 2023 y 2024, deb\u00edan hacerse las obras de seguridad de las cinco curvas\u201d, ha reiterado Mamen S\u00e1nchez.<\/p>\n<p><img loading=\"lazy\" decoding=\"async\" class=\"alignnone size-medium\" style=\"width: 100%;\" src=\"https:\/\/gestorapp.circuitoangelnieto.com\/\/uploads\/noticias\/noticia_destacada_90.jpg\" width=\"600\" height=\"409\" \/><\/p>","protected":false},"excerpt":{"rendered":"<p>La alcaldesa de Jerez y presidenta de Cirjesa, supervisa las obras acometidas en las curvas 1 y 5 que han<\/p>","protected":false},"author":1,"featured_media":35805,"comment_status":"closed","ping_status":"closed","sticky":false,"template":"","format":"standard","meta":{"footnotes":""},"categories":[2],"tags":[],"class_list":["post-35804","post","type-post","status-publish","format-standard","has-post-thumbnail","hentry","category-noticias"],"yoast_head":"<!-- This site is optimized with the Yoast SEO plugin v22.5 - https:\/\/yoast.com\/wordpress\/plugins\/seo\/ -->\n<title>Trabajos nuevas escapatorias - Circuito de Jerez \u00c1ngel Nieto<\/title>\n<meta name=\"robots\" content=\"index, follow, max-snippet:-1, max-image-preview:large, max-video-preview:-1\" \/>\n<link rel=\"canonical\" href=\"https:\/\/circuitodejerez.com\/en\/2023\/03\/27\/trabajos-nuevas-escapatorias\/\" \/>\n<meta property=\"og:locale\" content=\"en_GB\" \/>\n<meta property=\"og:type\" content=\"article\" \/>\n<meta property=\"og:title\" content=\"Trabajos nuevas escapatorias - Circuito de Jerez \u00c1ngel Nieto\" \/>\n<meta property=\"og:description\" content=\"La alcaldesa de Jerez y presidenta de Cirjesa, supervisa las obras acometidas en las curvas 1 y 5 que han\" \/>\n<meta property=\"og:url\" content=\"https:\/\/circuitodejerez.com\/en\/2023\/03\/27\/trabajos-nuevas-escapatorias\/\" \/>\n<meta property=\"og:site_name\" content=\"Circuito de Jerez \u00c1ngel Nieto\" \/>\n<meta property=\"article:publisher\" content=\"https:\/\/www.facebook.com\/circuitodejerezangelnieto\/\" \/>\n<meta property=\"article:published_time\" content=\"2023-03-27T17:30:23+00:00\" \/>\n<meta property=\"article:modified_time\" content=\"2024-01-30T17:13:16+00:00\" \/>\n<meta property=\"og:image\" content=\"https:\/\/circuitodejerez.com\/wp-content\/uploads\/2024\/01\/noticia_90-scaled.jpg\" \/>\n\t<meta property=\"og:image:width\" content=\"2560\" \/>\n\t<meta property=\"og:image:height\" content=\"1706\" \/>\n\t<meta property=\"og:image:type\" content=\"image\/jpeg\" \/>\n<meta name=\"author\" content=\"publyland\" \/>\n<meta name=\"twitter:card\" content=\"summary_large_image\" \/>\n<meta name=\"twitter:creator\" content=\"@circuitodejerez\" \/>\n<meta name=\"twitter:site\" content=\"@circuitodejerez\" \/>\n<meta name=\"twitter:label1\" content=\"Written by\" \/>\n\t<meta name=\"twitter:data1\" content=\"publyland\" \/>\n\t<meta name=\"twitter:label2\" content=\"Estimated reading time\" \/>\n\t<meta name=\"twitter:data2\" content=\"3 minutes\" \/>\n<script type=\"application\/ld+json\" class=\"yoast-schema-graph\">{\"@context\":\"https:\/\/schema.org\",\"@graph\":[{\"@type\":\"Article\",\"@id\":\"https:\/\/circuitodejerez.com\/2023\/03\/27\/trabajos-nuevas-escapatorias\/#article\",\"isPartOf\":{\"@id\":\"https:\/\/circuitodejerez.com\/2023\/03\/27\/trabajos-nuevas-escapatorias\/\"},\"author\":{\"name\":\"publyland\",\"@id\":\"https:\/\/circuitodejerez.com\/#\/schema\/person\/7426c66afad35f522814eb06fb2e213a\"},\"headline\":\"Trabajos nuevas escapatorias\",\"datePublished\":\"2023-03-27T17:30:23+00:00\",\"dateModified\":\"2024-01-30T17:13:16+00:00\",\"mainEntityOfPage\":{\"@id\":\"https:\/\/circuitodejerez.com\/2023\/03\/27\/trabajos-nuevas-escapatorias\/\"},\"wordCount\":679,\"publisher\":{\"@id\":\"https:\/\/circuitodejerez.com\/#organization\"},\"image\":{\"@id\":\"https:\/\/circuitodejerez.com\/2023\/03\/27\/trabajos-nuevas-escapatorias\/#primaryimage\"},\"thumbnailUrl\":\"https:\/\/circuitodejerez.com\/wp-content\/uploads\/2024\/01\/noticia_90-scaled.jpg\",\"articleSection\":[\"Noticias\"],\"inLanguage\":\"en-GB\"},{\"@type\":\"WebPage\",\"@id\":\"https:\/\/circuitodejerez.com\/2023\/03\/27\/trabajos-nuevas-escapatorias\/\",\"url\":\"https:\/\/circuitodejerez.com\/2023\/03\/27\/trabajos-nuevas-escapatorias\/\",\"name\":\"Trabajos nuevas escapatorias - Circuito de Jerez \u00c1ngel Nieto\",\"isPartOf\":{\"@id\":\"https:\/\/circuitodejerez.com\/#website\"},\"primaryImageOfPage\":{\"@id\":\"https:\/\/circuitodejerez.com\/2023\/03\/27\/trabajos-nuevas-escapatorias\/#primaryimage\"},\"image\":{\"@id\":\"https:\/\/circuitodejerez.com\/2023\/03\/27\/trabajos-nuevas-escapatorias\/#primaryimage\"},\"thumbnailUrl\":\"https:\/\/circuitodejerez.com\/wp-content\/uploads\/2024\/01\/noticia_90-scaled.jpg\",\"datePublished\":\"2023-03-27T17:30:23+00:00\",\"dateModified\":\"2024-01-30T17:13:16+00:00\",\"breadcrumb\":{\"@id\":\"https:\/\/circuitodejerez.com\/2023\/03\/27\/trabajos-nuevas-escapatorias\/#breadcrumb\"},\"inLanguage\":\"en-GB\",\"potentialAction\":[{\"@type\":\"ReadAction\",\"target\":[\"https:\/\/circuitodejerez.com\/2023\/03\/27\/trabajos-nuevas-escapatorias\/\"]}]},{\"@type\":\"ImageObject\",\"inLanguage\":\"en-GB\",\"@id\":\"https:\/\/circuitodejerez.com\/2023\/03\/27\/trabajos-nuevas-escapatorias\/#primaryimage\",\"url\":\"https:\/\/circuitodejerez.com\/wp-content\/uploads\/2024\/01\/noticia_90-scaled.jpg\",\"contentUrl\":\"https:\/\/circuitodejerez.com\/wp-content\/uploads\/2024\/01\/noticia_90-scaled.jpg\",\"width\":2560,\"height\":1706},{\"@type\":\"BreadcrumbList\",\"@id\":\"https:\/\/circuitodejerez.com\/2023\/03\/27\/trabajos-nuevas-escapatorias\/#breadcrumb\",\"itemListElement\":[{\"@type\":\"ListItem\",\"position\":1,\"name\":\"Portada\",\"item\":\"https:\/\/circuitodejerez.com\/\"},{\"@type\":\"ListItem\",\"position\":2,\"name\":\"Trabajos nuevas escapatorias\"}]},{\"@type\":\"WebSite\",\"@id\":\"https:\/\/circuitodejerez.com\/#website\",\"url\":\"https:\/\/circuitodejerez.com\/\",\"name\":\"Circuito de Jerez \u00c1ngel Nieto\",\"description\":\"Circuito de Jerez \u00c1ngel Nieto\",\"publisher\":{\"@id\":\"https:\/\/circuitodejerez.com\/#organization\"},\"potentialAction\":[{\"@type\":\"SearchAction\",\"target\":{\"@type\":\"EntryPoint\",\"urlTemplate\":\"https:\/\/circuitodejerez.com\/?s={search_term_string}\"},\"query-input\":\"required name=search_term_string\"}],\"inLanguage\":\"en-GB\"},{\"@type\":\"Organization\",\"@id\":\"https:\/\/circuitodejerez.com\/#organization\",\"name\":\"Circuito de Jerez \u00c1ngel Nieto\",\"url\":\"https:\/\/circuitodejerez.com\/\",\"logo\":{\"@type\":\"ImageObject\",\"inLanguage\":\"en-GB\",\"@id\":\"https:\/\/circuitodejerez.com\/#\/schema\/logo\/image\/\",\"url\":\"https:\/\/circuitodejerez.com\/wp-content\/uploads\/2023\/06\/logo-circuito-jerez.png\",\"contentUrl\":\"https:\/\/circuitodejerez.com\/wp-content\/uploads\/2023\/06\/logo-circuito-jerez.png\",\"width\":556,\"height\":142,\"caption\":\"Circuito de Jerez \u00c1ngel Nieto\"},\"image\":{\"@id\":\"https:\/\/circuitodejerez.com\/#\/schema\/logo\/image\/\"},\"sameAs\":[\"https:\/\/www.facebook.com\/circuitodejerezangelnieto\/\",\"https:\/\/x.com\/circuitodejerez\",\"https:\/\/www.instagram.com\/circuito_de_jerez\/?hl=es\",\"https:\/\/www.youtube.com\/user\/cirjesa\"]},{\"@type\":\"Person\",\"@id\":\"https:\/\/circuitodejerez.com\/#\/schema\/person\/7426c66afad35f522814eb06fb2e213a\",\"name\":\"publyland\",\"sameAs\":[\"https:\/\/circuitoangelnieto.com\"],\"url\":\"https:\/\/circuitodejerez.com\/en\/author\/publyland\/\"}]}<\/script>\n<!-- \/ Yoast SEO plugin. -->","yoast_head_json":{"title":"Trabajos nuevas escapatorias - Circuito de Jerez \u00c1ngel Nieto","robots":{"index":"index","follow":"follow","max-snippet":"max-snippet:-1","max-image-preview":"max-image-preview:large","max-video-preview":"max-video-preview:-1"},"canonical":"https:\/\/circuitodejerez.com\/en\/2023\/03\/27\/trabajos-nuevas-escapatorias\/","og_locale":"en_GB","og_type":"article","og_title":"Trabajos nuevas escapatorias - Circuito de Jerez \u00c1ngel Nieto","og_description":"La alcaldesa de Jerez y presidenta de Cirjesa, supervisa las obras acometidas en las curvas 1 y 5 que han","og_url":"https:\/\/circuitodejerez.com\/en\/2023\/03\/27\/trabajos-nuevas-escapatorias\/","og_site_name":"Circuito de Jerez \u00c1ngel Nieto","article_publisher":"https:\/\/www.facebook.com\/circuitodejerezangelnieto\/","article_published_time":"2023-03-27T17:30:23+00:00","article_modified_time":"2024-01-30T17:13:16+00:00","og_image":[{"width":2560,"height":1706,"url":"https:\/\/circuitodejerez.com\/wp-content\/uploads\/2024\/01\/noticia_90-scaled.jpg","type":"image\/jpeg"}],"author":"publyland","twitter_card":"summary_large_image","twitter_creator":"@circuitodejerez","twitter_site":"@circuitodejerez","twitter_misc":{"Written by":"publyland","Estimated reading time":"3 minutes"},"schema":{"@context":"https:\/\/schema.org","@graph":[{"@type":"Article","@id":"https:\/\/circuitodejerez.com\/2023\/03\/27\/trabajos-nuevas-escapatorias\/#article","isPartOf":{"@id":"https:\/\/circuitodejerez.com\/2023\/03\/27\/trabajos-nuevas-escapatorias\/"},"author":{"name":"publyland","@id":"https:\/\/circuitodejerez.com\/#\/schema\/person\/7426c66afad35f522814eb06fb2e213a"},"headline":"Trabajos nuevas escapatorias","datePublished":"2023-03-27T17:30:23+00:00","dateModified":"2024-01-30T17:13:16+00:00","mainEntityOfPage":{"@id":"https:\/\/circuitodejerez.com\/2023\/03\/27\/trabajos-nuevas-escapatorias\/"},"wordCount":679,"publisher":{"@id":"https:\/\/circuitodejerez.com\/#organization"},"image":{"@id":"https:\/\/circuitodejerez.com\/2023\/03\/27\/trabajos-nuevas-escapatorias\/#primaryimage"},"thumbnailUrl":"https:\/\/circuitodejerez.com\/wp-content\/uploads\/2024\/01\/noticia_90-scaled.jpg","articleSection":["Noticias"],"inLanguage":"en-GB"},{"@type":"WebPage","@id":"https:\/\/circuitodejerez.com\/2023\/03\/27\/trabajos-nuevas-escapatorias\/","url":"https:\/\/circuitodejerez.com\/2023\/03\/27\/trabajos-nuevas-escapatorias\/","name":"Trabajos nuevas escapatorias - Circuito de Jerez \u00c1ngel Nieto","isPartOf":{"@id":"https:\/\/circuitodejerez.com\/#website"},"primaryImageOfPage":{"@id":"https:\/\/circuitodejerez.com\/2023\/03\/27\/trabajos-nuevas-escapatorias\/#primaryimage"},"image":{"@id":"https:\/\/circuitodejerez.com\/2023\/03\/27\/trabajos-nuevas-escapatorias\/#primaryimage"},"thumbnailUrl":"https:\/\/circuitodejerez.com\/wp-content\/uploads\/2024\/01\/noticia_90-scaled.jpg","datePublished":"2023-03-27T17:30:23+00:00","dateModified":"2024-01-30T17:13:16+00:00","breadcrumb":{"@id":"https:\/\/circuitodejerez.com\/2023\/03\/27\/trabajos-nuevas-escapatorias\/#breadcrumb"},"inLanguage":"en-GB","potentialAction":[{"@type":"ReadAction","target":["https:\/\/circuitodejerez.com\/2023\/03\/27\/trabajos-nuevas-escapatorias\/"]}]},{"@type":"ImageObject","inLanguage":"en-GB","@id":"https:\/\/circuitodejerez.com\/2023\/03\/27\/trabajos-nuevas-escapatorias\/#primaryimage","url":"https:\/\/circuitodejerez.com\/wp-content\/uploads\/2024\/01\/noticia_90-scaled.jpg","contentUrl":"https:\/\/circuitodejerez.com\/wp-content\/uploads\/2024\/01\/noticia_90-scaled.jpg","width":2560,"height":1706},{"@type":"BreadcrumbList","@id":"https:\/\/circuitodejerez.com\/2023\/03\/27\/trabajos-nuevas-escapatorias\/#breadcrumb","itemListElement":[{"@type":"ListItem","position":1,"name":"Portada","item":"https:\/\/circuitodejerez.com\/"},{"@type":"ListItem","position":2,"name":"Trabajos nuevas escapatorias"}]},{"@type":"WebSite","@id":"https:\/\/circuitodejerez.com\/#website","url":"https:\/\/circuitodejerez.com\/","name":"Circuito de Jerez \u00c1ngel Nieto","description":"Circuito de Jerez \u00c1ngel Nieto","publisher":{"@id":"https:\/\/circuitodejerez.com\/#organization"},"potentialAction":[{"@type":"SearchAction","target":{"@type":"EntryPoint","urlTemplate":"https:\/\/circuitodejerez.com\/?s={search_term_string}"},"query-input":"required name=search_term_string"}],"inLanguage":"en-GB"},{"@type":"Organization","@id":"https:\/\/circuitodejerez.com\/#organization","name":"Circuito de Jerez \u00c1ngel Nieto","url":"https:\/\/circuitodejerez.com\/","logo":{"@type":"ImageObject","inLanguage":"en-GB","@id":"https:\/\/circuitodejerez.com\/#\/schema\/logo\/image\/","url":"https:\/\/circuitodejerez.com\/wp-content\/uploads\/2023\/06\/logo-circuito-jerez.png","contentUrl":"https:\/\/circuitodejerez.com\/wp-content\/uploads\/2023\/06\/logo-circuito-jerez.png","width":556,"height":142,"caption":"Circuito de Jerez \u00c1ngel Nieto"},"image":{"@id":"https:\/\/circuitodejerez.com\/#\/schema\/logo\/image\/"},"sameAs":["https:\/\/www.facebook.com\/circuitodejerezangelnieto\/","https:\/\/x.com\/circuitodejerez","https:\/\/www.instagram.com\/circuito_de_jerez\/?hl=es","https:\/\/www.youtube.com\/user\/cirjesa"]},{"@type":"Person","@id":"https:\/\/circuitodejerez.com\/#\/schema\/person\/7426c66afad35f522814eb06fb2e213a","name":"publyland","sameAs":["https:\/\/circuitoangelnieto.com"],"url":"https:\/\/circuitodejerez.com\/en\/author\/publyland\/"}]}},"_links":{"self":[{"href":"https:\/\/circuitodejerez.com\/en\/wp-json\/wp\/v2\/posts\/35804","targetHints":{"allow":["GET"]}}],"collection":[{"href":"https:\/\/circuitodejerez.com\/en\/wp-json\/wp\/v2\/posts"}],"about":[{"href":"https:\/\/circuitodejerez.com\/en\/wp-json\/wp\/v2\/types\/post"}],"author":[{"embeddable":true,"href":"https:\/\/circuitodejerez.com\/en\/wp-json\/wp\/v2\/users\/1"}],"replies":[{"embeddable":true,"href":"https:\/\/circuitodejerez.com\/en\/wp-json\/wp\/v2\/comments?post=35804"}],"version-history":[{"count":2,"href":"https:\/\/circuitodejerez.com\/en\/wp-json\/wp\/v2\/posts\/35804\/revisions"}],"predecessor-version":[{"id":35908,"href":"https:\/\/circuitodejerez.com\/en\/wp-json\/wp\/v2\/posts\/35804\/revisions\/35908"}],"wp:featuredmedia":[{"embeddable":true,"href":"https:\/\/circuitodejerez.com\/en\/wp-json\/wp\/v2\/media\/35805"}],"wp:attachment":[{"href":"https:\/\/circuitodejerez.com\/en\/wp-json\/wp\/v2\/media?parent=35804"}],"wp:term":[{"taxonomy":"category","embeddable":true,"href":"https:\/\/circuitodejerez.com\/en\/wp-json\/wp\/v2\/categories?post=35804"},{"taxonomy":"post_tag","embeddable":true,"href":"https:\/\/circuitodejerez.com\/en\/wp-json\/wp\/v2\/tags?post=35804"}],"curies":[{"name":"wp","href":"https:\/\/api.w.org\/{rel}","templated":true}]}}