{"id":35813,"date":"2023-03-15T19:33:52","date_gmt":"2023-03-15T18:33:52","guid":{"rendered":"https:\/\/circuitoangelnieto.com\/2024\/01\/25\/test-moto2-segundo-y-ultimo-dia\/"},"modified":"2024-01-30T18:20:06","modified_gmt":"2024-01-30T17:20:06","slug":"test-moto2-segundo-y-ultimo-dia","status":"publish","type":"post","link":"https:\/\/circuitodejerez.com\/en\/2023\/03\/15\/test-moto2-segundo-y-ultimo-dia\/","title":{"rendered":"Test Moto2, segundo y \u00faltimo d\u00eda"},"content":{"rendered":"<p><img loading=\"lazy\" decoding=\"async\" class=\"alignnone size-medium\" style=\"display: none;\" src=\"https:\/\/gestorapp.circuitoangelnieto.com\/\/uploads\/noticias\/noticia_93.jpg\" width=\"600\" height=\"409\" \/><\/p>\n<p><strong>Tr\u00edo espa\u00f1ol en cabeza en la \u00faltima jornada de test de Moto2 en la que Pedro Acosta se despide hasta el Gran Premio siendo de nuevo el m\u00e1s r\u00e1pido de la jornada.<\/strong><\/p>\n<p><strong>15 de marzo de 2023.<\/strong>\u00a0Punto y final a los test privados de Moto2 en el Circuito de Jerez-\u00c1ngel Nieto, de nuevo acompa\u00f1ados por una magn\u00edfica climatolog\u00eda que ha permitido rodar con amplitud en estos dos d\u00edas de trabajo para equipos y pilotos, \u00a0antes de recoger b\u00e1rtulos y poner rumbo a Portimao, sede la pr\u00f3xima semana del primer Gran Premio de la temporada y de los test oficiales para las categor\u00edas de Moto2 y Moto 3 que comenzar\u00e1n este viernes para concluir el domingo.<\/p>\n<p>Unos test de Jerez que han servido a los pilotos para tener la primera toma de contacto con el nuevo motor Triumph que equipa la categor\u00eda. Un propulsor, que ofrece 400 revoluciones m\u00e1s que el anterior y mejora la respuesta en medios. Ayer fueron ocho los pilotos que lo montaban, mientras hoy el uso estaba estandarizado a todos los pilotos.<\/p>\n<p>Y parece que la mejora es palpable aunque no se traten de tiempos oficiales. Y es que hoy en la despedida de esta categor\u00eda hasta el Gran Premio, era de nuevo el piloto espa\u00f1ol Pedro Acosta (Red Bull KTM Ajo), dominador ayer, quien marcaba la pauta mejorando su mejor marca de ayer en dos d\u00e9cimas para establecer un registro de 1.41.309 que est\u00e1 por debajo de la mejor vuelta oficial en esta pista establecida por el brit\u00e1nico Sam Lowes en 2021 con 1.41.313. El murciano, est\u00e1 presentando credenciales ante el resto de pilotos para ser uno de los favoritos al t\u00edtulo esta temporada, y tendr\u00e1 en Portugal este fin de semana, una buena oportunidad para corroborar su rapidez ante el resto de competidores. Hoy, eran dos d\u00e9cimas las que aventajaba a los espa\u00f1oles Aron Canet (1.41.575) que fue segundo y Alonso L\u00f3pez (1.41.575), tercero. Cuarta posici\u00f3n para Tony Arbolino (1.41.732), seguido de Sam Lowes con 1.41.851. Tras Lowes, se situaba Albert Arenas en la sexta plaza con 1.41.852. S\u00e9ptimo era Lukas Tulovic con 1.42.078, seguido de Joe Robert (1.42.174), Barry Baltus (1.42.190) y Manuel Gonz\u00e1lez (1.42.307.) cerrando el top ten. Por su parte, el piloto andaluz de Conil de la Frontera, Marcos Ram\u00edrez finalizaba vig\u00e9simo tercero, pero mejorando m\u00e1s de 5 d\u00e9cimas su tiempo de ayer.<\/p>\n<p><img loading=\"lazy\" decoding=\"async\" class=\"alignnone size-medium\" style=\"width: 100%;\" src=\"https:\/\/gestorapp.circuitoangelnieto.com\/\/uploads\/noticias\/noticia_destacada_93.jpg\" width=\"600\" height=\"409\" \/><\/p>","protected":false},"excerpt":{"rendered":"<p>Tr\u00edo espa\u00f1ol en cabeza en la \u00faltima jornada de test de Moto2 en la que Pedro Acosta se despide hasta<\/p>","protected":false},"author":1,"featured_media":35814,"comment_status":"closed","ping_status":"closed","sticky":false,"template":"","format":"standard","meta":{"footnotes":""},"categories":[2],"tags":[],"class_list":["post-35813","post","type-post","status-publish","format-standard","has-post-thumbnail","hentry","category-noticias"],"yoast_head":"<!-- This site is optimized with the Yoast SEO plugin v22.5 - https:\/\/yoast.com\/wordpress\/plugins\/seo\/ -->\n<title>Test Moto2, segundo y \u00faltimo d\u00eda - Circuito de Jerez \u00c1ngel Nieto<\/title>\n<meta name=\"robots\" content=\"index, follow, max-snippet:-1, max-image-preview:large, max-video-preview:-1\" \/>\n<link rel=\"canonical\" href=\"https:\/\/circuitodejerez.com\/en\/2023\/03\/15\/test-moto2-segundo-y-ultimo-dia\/\" \/>\n<meta property=\"og:locale\" content=\"en_GB\" \/>\n<meta property=\"og:type\" content=\"article\" \/>\n<meta property=\"og:title\" content=\"Test Moto2, segundo y \u00faltimo d\u00eda - Circuito de Jerez \u00c1ngel Nieto\" \/>\n<meta property=\"og:description\" content=\"Tr\u00edo espa\u00f1ol en cabeza en la \u00faltima jornada de test de Moto2 en la que Pedro Acosta se despide hasta\" \/>\n<meta property=\"og:url\" content=\"https:\/\/circuitodejerez.com\/en\/2023\/03\/15\/test-moto2-segundo-y-ultimo-dia\/\" \/>\n<meta property=\"og:site_name\" content=\"Circuito de Jerez \u00c1ngel Nieto\" \/>\n<meta property=\"article:publisher\" content=\"https:\/\/www.facebook.com\/circuitodejerezangelnieto\/\" \/>\n<meta property=\"article:published_time\" content=\"2023-03-15T18:33:52+00:00\" \/>\n<meta property=\"article:modified_time\" content=\"2024-01-30T17:20:06+00:00\" \/>\n<meta property=\"og:image\" content=\"https:\/\/circuitodejerez.com\/wp-content\/uploads\/2024\/01\/noticia_93-scaled.jpg\" \/>\n\t<meta property=\"og:image:width\" content=\"2560\" \/>\n\t<meta property=\"og:image:height\" content=\"1706\" \/>\n\t<meta property=\"og:image:type\" content=\"image\/jpeg\" \/>\n<meta name=\"author\" content=\"publyland\" \/>\n<meta name=\"twitter:card\" content=\"summary_large_image\" \/>\n<meta name=\"twitter:creator\" content=\"@circuitodejerez\" \/>\n<meta name=\"twitter:site\" content=\"@circuitodejerez\" \/>\n<meta name=\"twitter:label1\" content=\"Written by\" \/>\n\t<meta name=\"twitter:data1\" content=\"publyland\" \/>\n\t<meta name=\"twitter:label2\" content=\"Estimated reading time\" \/>\n\t<meta name=\"twitter:data2\" content=\"2 minutes\" \/>\n<script type=\"application\/ld+json\" class=\"yoast-schema-graph\">{\"@context\":\"https:\/\/schema.org\",\"@graph\":[{\"@type\":\"Article\",\"@id\":\"https:\/\/circuitodejerez.com\/2023\/03\/15\/test-moto2-segundo-y-ultimo-dia\/#article\",\"isPartOf\":{\"@id\":\"https:\/\/circuitodejerez.com\/2023\/03\/15\/test-moto2-segundo-y-ultimo-dia\/\"},\"author\":{\"name\":\"publyland\",\"@id\":\"https:\/\/circuitodejerez.com\/#\/schema\/person\/7426c66afad35f522814eb06fb2e213a\"},\"headline\":\"Test Moto2, segundo y \u00faltimo d\u00eda\",\"datePublished\":\"2023-03-15T18:33:52+00:00\",\"dateModified\":\"2024-01-30T17:20:06+00:00\",\"mainEntityOfPage\":{\"@id\":\"https:\/\/circuitodejerez.com\/2023\/03\/15\/test-moto2-segundo-y-ultimo-dia\/\"},\"wordCount\":412,\"publisher\":{\"@id\":\"https:\/\/circuitodejerez.com\/#organization\"},\"image\":{\"@id\":\"https:\/\/circuitodejerez.com\/2023\/03\/15\/test-moto2-segundo-y-ultimo-dia\/#primaryimage\"},\"thumbnailUrl\":\"https:\/\/circuitodejerez.com\/wp-content\/uploads\/2024\/01\/noticia_93-scaled.jpg\",\"articleSection\":[\"Noticias\"],\"inLanguage\":\"en-GB\"},{\"@type\":\"WebPage\",\"@id\":\"https:\/\/circuitodejerez.com\/2023\/03\/15\/test-moto2-segundo-y-ultimo-dia\/\",\"url\":\"https:\/\/circuitodejerez.com\/2023\/03\/15\/test-moto2-segundo-y-ultimo-dia\/\",\"name\":\"Test Moto2, segundo y \u00faltimo d\u00eda - Circuito de Jerez \u00c1ngel Nieto\",\"isPartOf\":{\"@id\":\"https:\/\/circuitodejerez.com\/#website\"},\"primaryImageOfPage\":{\"@id\":\"https:\/\/circuitodejerez.com\/2023\/03\/15\/test-moto2-segundo-y-ultimo-dia\/#primaryimage\"},\"image\":{\"@id\":\"https:\/\/circuitodejerez.com\/2023\/03\/15\/test-moto2-segundo-y-ultimo-dia\/#primaryimage\"},\"thumbnailUrl\":\"https:\/\/circuitodejerez.com\/wp-content\/uploads\/2024\/01\/noticia_93-scaled.jpg\",\"datePublished\":\"2023-03-15T18:33:52+00:00\",\"dateModified\":\"2024-01-30T17:20:06+00:00\",\"breadcrumb\":{\"@id\":\"https:\/\/circuitodejerez.com\/2023\/03\/15\/test-moto2-segundo-y-ultimo-dia\/#breadcrumb\"},\"inLanguage\":\"en-GB\",\"potentialAction\":[{\"@type\":\"ReadAction\",\"target\":[\"https:\/\/circuitodejerez.com\/2023\/03\/15\/test-moto2-segundo-y-ultimo-dia\/\"]}]},{\"@type\":\"ImageObject\",\"inLanguage\":\"en-GB\",\"@id\":\"https:\/\/circuitodejerez.com\/2023\/03\/15\/test-moto2-segundo-y-ultimo-dia\/#primaryimage\",\"url\":\"https:\/\/circuitodejerez.com\/wp-content\/uploads\/2024\/01\/noticia_93-scaled.jpg\",\"contentUrl\":\"https:\/\/circuitodejerez.com\/wp-content\/uploads\/2024\/01\/noticia_93-scaled.jpg\",\"width\":2560,\"height\":1706},{\"@type\":\"BreadcrumbList\",\"@id\":\"https:\/\/circuitodejerez.com\/2023\/03\/15\/test-moto2-segundo-y-ultimo-dia\/#breadcrumb\",\"itemListElement\":[{\"@type\":\"ListItem\",\"position\":1,\"name\":\"Portada\",\"item\":\"https:\/\/circuitodejerez.com\/\"},{\"@type\":\"ListItem\",\"position\":2,\"name\":\"Test Moto2, segundo y \u00faltimo d\u00eda\"}]},{\"@type\":\"WebSite\",\"@id\":\"https:\/\/circuitodejerez.com\/#website\",\"url\":\"https:\/\/circuitodejerez.com\/\",\"name\":\"Circuito de Jerez \u00c1ngel Nieto\",\"description\":\"Circuito de Jerez \u00c1ngel Nieto\",\"publisher\":{\"@id\":\"https:\/\/circuitodejerez.com\/#organization\"},\"potentialAction\":[{\"@type\":\"SearchAction\",\"target\":{\"@type\":\"EntryPoint\",\"urlTemplate\":\"https:\/\/circuitodejerez.com\/?s={search_term_string}\"},\"query-input\":\"required name=search_term_string\"}],\"inLanguage\":\"en-GB\"},{\"@type\":\"Organization\",\"@id\":\"https:\/\/circuitodejerez.com\/#organization\",\"name\":\"Circuito de Jerez \u00c1ngel Nieto\",\"url\":\"https:\/\/circuitodejerez.com\/\",\"logo\":{\"@type\":\"ImageObject\",\"inLanguage\":\"en-GB\",\"@id\":\"https:\/\/circuitodejerez.com\/#\/schema\/logo\/image\/\",\"url\":\"https:\/\/circuitodejerez.com\/wp-content\/uploads\/2023\/06\/logo-circuito-jerez.png\",\"contentUrl\":\"https:\/\/circuitodejerez.com\/wp-content\/uploads\/2023\/06\/logo-circuito-jerez.png\",\"width\":556,\"height\":142,\"caption\":\"Circuito de Jerez \u00c1ngel Nieto\"},\"image\":{\"@id\":\"https:\/\/circuitodejerez.com\/#\/schema\/logo\/image\/\"},\"sameAs\":[\"https:\/\/www.facebook.com\/circuitodejerezangelnieto\/\",\"https:\/\/x.com\/circuitodejerez\",\"https:\/\/www.instagram.com\/circuito_de_jerez\/?hl=es\",\"https:\/\/www.youtube.com\/user\/cirjesa\"]},{\"@type\":\"Person\",\"@id\":\"https:\/\/circuitodejerez.com\/#\/schema\/person\/7426c66afad35f522814eb06fb2e213a\",\"name\":\"publyland\",\"sameAs\":[\"https:\/\/circuitoangelnieto.com\"],\"url\":\"https:\/\/circuitodejerez.com\/en\/author\/publyland\/\"}]}<\/script>\n<!-- \/ Yoast SEO plugin. -->","yoast_head_json":{"title":"Test Moto2, segundo y \u00faltimo d\u00eda - Circuito de Jerez \u00c1ngel Nieto","robots":{"index":"index","follow":"follow","max-snippet":"max-snippet:-1","max-image-preview":"max-image-preview:large","max-video-preview":"max-video-preview:-1"},"canonical":"https:\/\/circuitodejerez.com\/en\/2023\/03\/15\/test-moto2-segundo-y-ultimo-dia\/","og_locale":"en_GB","og_type":"article","og_title":"Test Moto2, segundo y \u00faltimo d\u00eda - Circuito de Jerez \u00c1ngel Nieto","og_description":"Tr\u00edo espa\u00f1ol en cabeza en la \u00faltima jornada de test de Moto2 en la que Pedro Acosta se despide hasta","og_url":"https:\/\/circuitodejerez.com\/en\/2023\/03\/15\/test-moto2-segundo-y-ultimo-dia\/","og_site_name":"Circuito de Jerez \u00c1ngel Nieto","article_publisher":"https:\/\/www.facebook.com\/circuitodejerezangelnieto\/","article_published_time":"2023-03-15T18:33:52+00:00","article_modified_time":"2024-01-30T17:20:06+00:00","og_image":[{"width":2560,"height":1706,"url":"https:\/\/circuitodejerez.com\/wp-content\/uploads\/2024\/01\/noticia_93-scaled.jpg","type":"image\/jpeg"}],"author":"publyland","twitter_card":"summary_large_image","twitter_creator":"@circuitodejerez","twitter_site":"@circuitodejerez","twitter_misc":{"Written by":"publyland","Estimated reading time":"2 minutes"},"schema":{"@context":"https:\/\/schema.org","@graph":[{"@type":"Article","@id":"https:\/\/circuitodejerez.com\/2023\/03\/15\/test-moto2-segundo-y-ultimo-dia\/#article","isPartOf":{"@id":"https:\/\/circuitodejerez.com\/2023\/03\/15\/test-moto2-segundo-y-ultimo-dia\/"},"author":{"name":"publyland","@id":"https:\/\/circuitodejerez.com\/#\/schema\/person\/7426c66afad35f522814eb06fb2e213a"},"headline":"Test Moto2, segundo y \u00faltimo d\u00eda","datePublished":"2023-03-15T18:33:52+00:00","dateModified":"2024-01-30T17:20:06+00:00","mainEntityOfPage":{"@id":"https:\/\/circuitodejerez.com\/2023\/03\/15\/test-moto2-segundo-y-ultimo-dia\/"},"wordCount":412,"publisher":{"@id":"https:\/\/circuitodejerez.com\/#organization"},"image":{"@id":"https:\/\/circuitodejerez.com\/2023\/03\/15\/test-moto2-segundo-y-ultimo-dia\/#primaryimage"},"thumbnailUrl":"https:\/\/circuitodejerez.com\/wp-content\/uploads\/2024\/01\/noticia_93-scaled.jpg","articleSection":["Noticias"],"inLanguage":"en-GB"},{"@type":"WebPage","@id":"https:\/\/circuitodejerez.com\/2023\/03\/15\/test-moto2-segundo-y-ultimo-dia\/","url":"https:\/\/circuitodejerez.com\/2023\/03\/15\/test-moto2-segundo-y-ultimo-dia\/","name":"Test Moto2, segundo y \u00faltimo d\u00eda - Circuito de Jerez \u00c1ngel Nieto","isPartOf":{"@id":"https:\/\/circuitodejerez.com\/#website"},"primaryImageOfPage":{"@id":"https:\/\/circuitodejerez.com\/2023\/03\/15\/test-moto2-segundo-y-ultimo-dia\/#primaryimage"},"image":{"@id":"https:\/\/circuitodejerez.com\/2023\/03\/15\/test-moto2-segundo-y-ultimo-dia\/#primaryimage"},"thumbnailUrl":"https:\/\/circuitodejerez.com\/wp-content\/uploads\/2024\/01\/noticia_93-scaled.jpg","datePublished":"2023-03-15T18:33:52+00:00","dateModified":"2024-01-30T17:20:06+00:00","breadcrumb":{"@id":"https:\/\/circuitodejerez.com\/2023\/03\/15\/test-moto2-segundo-y-ultimo-dia\/#breadcrumb"},"inLanguage":"en-GB","potentialAction":[{"@type":"ReadAction","target":["https:\/\/circuitodejerez.com\/2023\/03\/15\/test-moto2-segundo-y-ultimo-dia\/"]}]},{"@type":"ImageObject","inLanguage":"en-GB","@id":"https:\/\/circuitodejerez.com\/2023\/03\/15\/test-moto2-segundo-y-ultimo-dia\/#primaryimage","url":"https:\/\/circuitodejerez.com\/wp-content\/uploads\/2024\/01\/noticia_93-scaled.jpg","contentUrl":"https:\/\/circuitodejerez.com\/wp-content\/uploads\/2024\/01\/noticia_93-scaled.jpg","width":2560,"height":1706},{"@type":"BreadcrumbList","@id":"https:\/\/circuitodejerez.com\/2023\/03\/15\/test-moto2-segundo-y-ultimo-dia\/#breadcrumb","itemListElement":[{"@type":"ListItem","position":1,"name":"Portada","item":"https:\/\/circuitodejerez.com\/"},{"@type":"ListItem","position":2,"name":"Test Moto2, segundo y \u00faltimo d\u00eda"}]},{"@type":"WebSite","@id":"https:\/\/circuitodejerez.com\/#website","url":"https:\/\/circuitodejerez.com\/","name":"Circuito de Jerez \u00c1ngel Nieto","description":"Circuito de Jerez \u00c1ngel Nieto","publisher":{"@id":"https:\/\/circuitodejerez.com\/#organization"},"potentialAction":[{"@type":"SearchAction","target":{"@type":"EntryPoint","urlTemplate":"https:\/\/circuitodejerez.com\/?s={search_term_string}"},"query-input":"required name=search_term_string"}],"inLanguage":"en-GB"},{"@type":"Organization","@id":"https:\/\/circuitodejerez.com\/#organization","name":"Circuito de Jerez \u00c1ngel Nieto","url":"https:\/\/circuitodejerez.com\/","logo":{"@type":"ImageObject","inLanguage":"en-GB","@id":"https:\/\/circuitodejerez.com\/#\/schema\/logo\/image\/","url":"https:\/\/circuitodejerez.com\/wp-content\/uploads\/2023\/06\/logo-circuito-jerez.png","contentUrl":"https:\/\/circuitodejerez.com\/wp-content\/uploads\/2023\/06\/logo-circuito-jerez.png","width":556,"height":142,"caption":"Circuito de Jerez \u00c1ngel Nieto"},"image":{"@id":"https:\/\/circuitodejerez.com\/#\/schema\/logo\/image\/"},"sameAs":["https:\/\/www.facebook.com\/circuitodejerezangelnieto\/","https:\/\/x.com\/circuitodejerez","https:\/\/www.instagram.com\/circuito_de_jerez\/?hl=es","https:\/\/www.youtube.com\/user\/cirjesa"]},{"@type":"Person","@id":"https:\/\/circuitodejerez.com\/#\/schema\/person\/7426c66afad35f522814eb06fb2e213a","name":"publyland","sameAs":["https:\/\/circuitoangelnieto.com"],"url":"https:\/\/circuitodejerez.com\/en\/author\/publyland\/"}]}},"_links":{"self":[{"href":"https:\/\/circuitodejerez.com\/en\/wp-json\/wp\/v2\/posts\/35813","targetHints":{"allow":["GET"]}}],"collection":[{"href":"https:\/\/circuitodejerez.com\/en\/wp-json\/wp\/v2\/posts"}],"about":[{"href":"https:\/\/circuitodejerez.com\/en\/wp-json\/wp\/v2\/types\/post"}],"author":[{"embeddable":true,"href":"https:\/\/circuitodejerez.com\/en\/wp-json\/wp\/v2\/users\/1"}],"replies":[{"embeddable":true,"href":"https:\/\/circuitodejerez.com\/en\/wp-json\/wp\/v2\/comments?post=35813"}],"version-history":[{"count":2,"href":"https:\/\/circuitodejerez.com\/en\/wp-json\/wp\/v2\/posts\/35813\/revisions"}],"predecessor-version":[{"id":35912,"href":"https:\/\/circuitodejerez.com\/en\/wp-json\/wp\/v2\/posts\/35813\/revisions\/35912"}],"wp:featuredmedia":[{"embeddable":true,"href":"https:\/\/circuitodejerez.com\/en\/wp-json\/wp\/v2\/media\/35814"}],"wp:attachment":[{"href":"https:\/\/circuitodejerez.com\/en\/wp-json\/wp\/v2\/media?parent=35813"}],"wp:term":[{"taxonomy":"category","embeddable":true,"href":"https:\/\/circuitodejerez.com\/en\/wp-json\/wp\/v2\/categories?post=35813"},{"taxonomy":"post_tag","embeddable":true,"href":"https:\/\/circuitodejerez.com\/en\/wp-json\/wp\/v2\/tags?post=35813"}],"curies":[{"name":"wp","href":"https:\/\/api.w.org\/{rel}","templated":true}]}}