{"id":35819,"date":"2023-03-13T19:36:30","date_gmt":"2023-03-13T18:36:30","guid":{"rendered":"https:\/\/circuitoangelnieto.com\/2024\/01\/25\/test-mundial-de-moto2\/"},"modified":"2024-01-30T18:27:56","modified_gmt":"2024-01-30T17:27:56","slug":"test-mundial-de-moto2","status":"publish","type":"post","link":"https:\/\/circuitodejerez.com\/en\/2023\/03\/13\/test-mundial-de-moto2\/","title":{"rendered":"Test mundial de Moto2"},"content":{"rendered":"<p><img loading=\"lazy\" decoding=\"async\" class=\"alignnone size-medium\" style=\"display: none;\" src=\"https:\/\/gestorapp.circuitoangelnieto.com\/\/uploads\/noticias\/noticia_95.jpg\" width=\"600\" height=\"409\" \/><\/p>\n<p><strong>Moto2, listo para completar dos jornadas de test en el Circuito de Jerez-\u00c1ngel Nieto.<\/strong><\/p>\n<p><strong>13 de marzo de 2023.\u00a0<\/strong><\/p>\n<p>Tras los test privados en la pista jerezana con todos los equipos y pilotos de la categor\u00eda mundialista de Moto3 que concluyeron el pasado viernes, ma\u00f1ana martes y el mi\u00e9rcoles, le toca el turno a la categor\u00eda intermedia del mundial, la clase de Moto2, que toma el relevo para afrontar dos importantes sesiones de entrenamientos con vistas a preparar el inminente comienzo del mundial que tendr\u00e1 lugar en poco m\u00e1s de dos semanas. Si bien, tras Jerez, la pre temporada para las clases de Moto3 y Moto2 a\u00fan no habr\u00e1 terminado ya que esta misma semana, los d\u00edas 17, 18 y 19 el trazado luso de Portimao albergar\u00e1 los \u00faltimos test oficiales para ambas categor\u00edas, antes de que el tel\u00f3n de los grandes premios se levante para comenzar una nueva y apasionante temporada MotoGP 2023.<\/p>\n<p>Como ocurriera la semana pasada con Moto3, hasta Jerez se han desplazado todos los equipos y pilotos de Moto2 para comenzar desde ma\u00f1ana a preparar a fondo la temporada. Estos ser\u00e1n los equipos y pilotos presentes en Jerez: Elf Marc VDS Racing Team (Tony Arbolino-Sam Lowes) Red Bull KTM Ajo (Pedro Acosta-Albert Arenas) GasGas Aspar Team (Izan Guevara-Jake Dixon) Flexbox HP40 (Aron Canet-Sergio Garcia) Idemitsu Honda Team Asia (Ai Ogura-Somkiat Chantra) Gresini Racing Moto2 (Filip Salac-Jeremy Alcoba) Speed Up Racing (Alonso L\u00f3pez-Fermin Aldeguer) Italtrans Racing Team (Joe Roberts-Dennis Foggia) Forward Team (Marcos Ram\u00edrez-Alex Escrig) Pertamina Mandalika SAG Team (Lorenzo Dalla Porta-Bo Bendsneyder) Liqui Moly Husqvarna Intact GP (Lukas Tulovic-Darryn Binder) Yamaha VR46 Master Camp Team (Manuel Gonz\u00e1lez-Kohta Nozane) American Racing (Rory Sknner-Sean Dylan Kelly) Fantic Motor (Borja G\u00f3mez-Celestino Vietti) RW Racing GP (Barry Baltus-Zonta VD Goorbergh)<\/p>\n<p>Los horarios en ambas jornadas de test ser\u00e1n de 10 de la ma\u00f1ana a 6 de la tarde. Los aficionados podr\u00e1n acceder gratuitamente a la tribuna X-1 para seguir el desarrollo de estos entrenamientos.<\/p>\n<p><img loading=\"lazy\" decoding=\"async\" class=\"alignnone size-medium\" style=\"width: 100%;\" src=\"https:\/\/gestorapp.circuitoangelnieto.com\/\/uploads\/noticias\/noticia_destacada_95.jpg\" width=\"600\" height=\"409\" \/><\/p>","protected":false},"excerpt":{"rendered":"<p>Moto2, listo para completar dos jornadas de test en el Circuito de Jerez-\u00c1ngel Nieto. 13 de marzo de 2023.\u00a0 Tras<\/p>","protected":false},"author":1,"featured_media":35820,"comment_status":"closed","ping_status":"closed","sticky":false,"template":"","format":"standard","meta":{"footnotes":""},"categories":[2],"tags":[],"class_list":["post-35819","post","type-post","status-publish","format-standard","has-post-thumbnail","hentry","category-noticias"],"yoast_head":"<!-- This site is optimized with the Yoast SEO plugin v22.5 - https:\/\/yoast.com\/wordpress\/plugins\/seo\/ -->\n<title>Test mundial de Moto2 - Circuito de Jerez \u00c1ngel Nieto<\/title>\n<meta name=\"robots\" content=\"index, follow, max-snippet:-1, max-image-preview:large, max-video-preview:-1\" \/>\n<link rel=\"canonical\" href=\"https:\/\/circuitodejerez.com\/en\/2023\/03\/13\/test-mundial-de-moto2\/\" \/>\n<meta property=\"og:locale\" content=\"en_GB\" \/>\n<meta property=\"og:type\" content=\"article\" \/>\n<meta property=\"og:title\" content=\"Test mundial de Moto2 - Circuito de Jerez \u00c1ngel Nieto\" \/>\n<meta property=\"og:description\" content=\"Moto2, listo para completar dos jornadas de test en el Circuito de Jerez-\u00c1ngel Nieto. 13 de marzo de 2023.\u00a0 Tras\" \/>\n<meta property=\"og:url\" content=\"https:\/\/circuitodejerez.com\/en\/2023\/03\/13\/test-mundial-de-moto2\/\" \/>\n<meta property=\"og:site_name\" content=\"Circuito de Jerez \u00c1ngel Nieto\" \/>\n<meta property=\"article:publisher\" content=\"https:\/\/www.facebook.com\/circuitodejerezangelnieto\/\" \/>\n<meta property=\"article:published_time\" content=\"2023-03-13T18:36:30+00:00\" \/>\n<meta property=\"article:modified_time\" content=\"2024-01-30T17:27:56+00:00\" \/>\n<meta property=\"og:image\" content=\"https:\/\/circuitodejerez.com\/wp-content\/uploads\/2024\/01\/noticia_95-scaled.jpg\" \/>\n\t<meta property=\"og:image:width\" content=\"2560\" \/>\n\t<meta property=\"og:image:height\" content=\"1920\" \/>\n\t<meta property=\"og:image:type\" content=\"image\/jpeg\" \/>\n<meta name=\"author\" content=\"publyland\" \/>\n<meta name=\"twitter:card\" content=\"summary_large_image\" \/>\n<meta name=\"twitter:creator\" content=\"@circuitodejerez\" \/>\n<meta name=\"twitter:site\" content=\"@circuitodejerez\" \/>\n<meta name=\"twitter:label1\" content=\"Written by\" \/>\n\t<meta name=\"twitter:data1\" content=\"publyland\" \/>\n\t<meta name=\"twitter:label2\" content=\"Estimated reading time\" \/>\n\t<meta name=\"twitter:data2\" content=\"2 minutes\" \/>\n<script type=\"application\/ld+json\" class=\"yoast-schema-graph\">{\"@context\":\"https:\/\/schema.org\",\"@graph\":[{\"@type\":\"Article\",\"@id\":\"https:\/\/circuitodejerez.com\/2023\/03\/13\/test-mundial-de-moto2\/#article\",\"isPartOf\":{\"@id\":\"https:\/\/circuitodejerez.com\/2023\/03\/13\/test-mundial-de-moto2\/\"},\"author\":{\"name\":\"publyland\",\"@id\":\"https:\/\/circuitodejerez.com\/#\/schema\/person\/7426c66afad35f522814eb06fb2e213a\"},\"headline\":\"Test mundial de Moto2\",\"datePublished\":\"2023-03-13T18:36:30+00:00\",\"dateModified\":\"2024-01-30T17:27:56+00:00\",\"mainEntityOfPage\":{\"@id\":\"https:\/\/circuitodejerez.com\/2023\/03\/13\/test-mundial-de-moto2\/\"},\"wordCount\":339,\"publisher\":{\"@id\":\"https:\/\/circuitodejerez.com\/#organization\"},\"image\":{\"@id\":\"https:\/\/circuitodejerez.com\/2023\/03\/13\/test-mundial-de-moto2\/#primaryimage\"},\"thumbnailUrl\":\"https:\/\/circuitodejerez.com\/wp-content\/uploads\/2024\/01\/noticia_95-scaled.jpg\",\"articleSection\":[\"Noticias\"],\"inLanguage\":\"en-GB\"},{\"@type\":\"WebPage\",\"@id\":\"https:\/\/circuitodejerez.com\/2023\/03\/13\/test-mundial-de-moto2\/\",\"url\":\"https:\/\/circuitodejerez.com\/2023\/03\/13\/test-mundial-de-moto2\/\",\"name\":\"Test mundial de Moto2 - Circuito de Jerez \u00c1ngel Nieto\",\"isPartOf\":{\"@id\":\"https:\/\/circuitodejerez.com\/#website\"},\"primaryImageOfPage\":{\"@id\":\"https:\/\/circuitodejerez.com\/2023\/03\/13\/test-mundial-de-moto2\/#primaryimage\"},\"image\":{\"@id\":\"https:\/\/circuitodejerez.com\/2023\/03\/13\/test-mundial-de-moto2\/#primaryimage\"},\"thumbnailUrl\":\"https:\/\/circuitodejerez.com\/wp-content\/uploads\/2024\/01\/noticia_95-scaled.jpg\",\"datePublished\":\"2023-03-13T18:36:30+00:00\",\"dateModified\":\"2024-01-30T17:27:56+00:00\",\"breadcrumb\":{\"@id\":\"https:\/\/circuitodejerez.com\/2023\/03\/13\/test-mundial-de-moto2\/#breadcrumb\"},\"inLanguage\":\"en-GB\",\"potentialAction\":[{\"@type\":\"ReadAction\",\"target\":[\"https:\/\/circuitodejerez.com\/2023\/03\/13\/test-mundial-de-moto2\/\"]}]},{\"@type\":\"ImageObject\",\"inLanguage\":\"en-GB\",\"@id\":\"https:\/\/circuitodejerez.com\/2023\/03\/13\/test-mundial-de-moto2\/#primaryimage\",\"url\":\"https:\/\/circuitodejerez.com\/wp-content\/uploads\/2024\/01\/noticia_95-scaled.jpg\",\"contentUrl\":\"https:\/\/circuitodejerez.com\/wp-content\/uploads\/2024\/01\/noticia_95-scaled.jpg\",\"width\":2560,\"height\":1920},{\"@type\":\"BreadcrumbList\",\"@id\":\"https:\/\/circuitodejerez.com\/2023\/03\/13\/test-mundial-de-moto2\/#breadcrumb\",\"itemListElement\":[{\"@type\":\"ListItem\",\"position\":1,\"name\":\"Portada\",\"item\":\"https:\/\/circuitodejerez.com\/\"},{\"@type\":\"ListItem\",\"position\":2,\"name\":\"Test mundial de Moto2\"}]},{\"@type\":\"WebSite\",\"@id\":\"https:\/\/circuitodejerez.com\/#website\",\"url\":\"https:\/\/circuitodejerez.com\/\",\"name\":\"Circuito de Jerez \u00c1ngel Nieto\",\"description\":\"Circuito de Jerez \u00c1ngel Nieto\",\"publisher\":{\"@id\":\"https:\/\/circuitodejerez.com\/#organization\"},\"potentialAction\":[{\"@type\":\"SearchAction\",\"target\":{\"@type\":\"EntryPoint\",\"urlTemplate\":\"https:\/\/circuitodejerez.com\/?s={search_term_string}\"},\"query-input\":\"required name=search_term_string\"}],\"inLanguage\":\"en-GB\"},{\"@type\":\"Organization\",\"@id\":\"https:\/\/circuitodejerez.com\/#organization\",\"name\":\"Circuito de Jerez \u00c1ngel Nieto\",\"url\":\"https:\/\/circuitodejerez.com\/\",\"logo\":{\"@type\":\"ImageObject\",\"inLanguage\":\"en-GB\",\"@id\":\"https:\/\/circuitodejerez.com\/#\/schema\/logo\/image\/\",\"url\":\"https:\/\/circuitodejerez.com\/wp-content\/uploads\/2023\/06\/logo-circuito-jerez.png\",\"contentUrl\":\"https:\/\/circuitodejerez.com\/wp-content\/uploads\/2023\/06\/logo-circuito-jerez.png\",\"width\":556,\"height\":142,\"caption\":\"Circuito de Jerez \u00c1ngel Nieto\"},\"image\":{\"@id\":\"https:\/\/circuitodejerez.com\/#\/schema\/logo\/image\/\"},\"sameAs\":[\"https:\/\/www.facebook.com\/circuitodejerezangelnieto\/\",\"https:\/\/x.com\/circuitodejerez\",\"https:\/\/www.instagram.com\/circuito_de_jerez\/?hl=es\",\"https:\/\/www.youtube.com\/user\/cirjesa\"]},{\"@type\":\"Person\",\"@id\":\"https:\/\/circuitodejerez.com\/#\/schema\/person\/7426c66afad35f522814eb06fb2e213a\",\"name\":\"publyland\",\"sameAs\":[\"https:\/\/circuitoangelnieto.com\"],\"url\":\"https:\/\/circuitodejerez.com\/en\/author\/publyland\/\"}]}<\/script>\n<!-- \/ Yoast SEO plugin. -->","yoast_head_json":{"title":"Test mundial de Moto2 - Circuito de Jerez \u00c1ngel Nieto","robots":{"index":"index","follow":"follow","max-snippet":"max-snippet:-1","max-image-preview":"max-image-preview:large","max-video-preview":"max-video-preview:-1"},"canonical":"https:\/\/circuitodejerez.com\/en\/2023\/03\/13\/test-mundial-de-moto2\/","og_locale":"en_GB","og_type":"article","og_title":"Test mundial de Moto2 - Circuito de Jerez \u00c1ngel Nieto","og_description":"Moto2, listo para completar dos jornadas de test en el Circuito de Jerez-\u00c1ngel Nieto. 13 de marzo de 2023.\u00a0 Tras","og_url":"https:\/\/circuitodejerez.com\/en\/2023\/03\/13\/test-mundial-de-moto2\/","og_site_name":"Circuito de Jerez \u00c1ngel Nieto","article_publisher":"https:\/\/www.facebook.com\/circuitodejerezangelnieto\/","article_published_time":"2023-03-13T18:36:30+00:00","article_modified_time":"2024-01-30T17:27:56+00:00","og_image":[{"width":2560,"height":1920,"url":"https:\/\/circuitodejerez.com\/wp-content\/uploads\/2024\/01\/noticia_95-scaled.jpg","type":"image\/jpeg"}],"author":"publyland","twitter_card":"summary_large_image","twitter_creator":"@circuitodejerez","twitter_site":"@circuitodejerez","twitter_misc":{"Written by":"publyland","Estimated reading time":"2 minutes"},"schema":{"@context":"https:\/\/schema.org","@graph":[{"@type":"Article","@id":"https:\/\/circuitodejerez.com\/2023\/03\/13\/test-mundial-de-moto2\/#article","isPartOf":{"@id":"https:\/\/circuitodejerez.com\/2023\/03\/13\/test-mundial-de-moto2\/"},"author":{"name":"publyland","@id":"https:\/\/circuitodejerez.com\/#\/schema\/person\/7426c66afad35f522814eb06fb2e213a"},"headline":"Test mundial de Moto2","datePublished":"2023-03-13T18:36:30+00:00","dateModified":"2024-01-30T17:27:56+00:00","mainEntityOfPage":{"@id":"https:\/\/circuitodejerez.com\/2023\/03\/13\/test-mundial-de-moto2\/"},"wordCount":339,"publisher":{"@id":"https:\/\/circuitodejerez.com\/#organization"},"image":{"@id":"https:\/\/circuitodejerez.com\/2023\/03\/13\/test-mundial-de-moto2\/#primaryimage"},"thumbnailUrl":"https:\/\/circuitodejerez.com\/wp-content\/uploads\/2024\/01\/noticia_95-scaled.jpg","articleSection":["Noticias"],"inLanguage":"en-GB"},{"@type":"WebPage","@id":"https:\/\/circuitodejerez.com\/2023\/03\/13\/test-mundial-de-moto2\/","url":"https:\/\/circuitodejerez.com\/2023\/03\/13\/test-mundial-de-moto2\/","name":"Test mundial de Moto2 - Circuito de Jerez \u00c1ngel Nieto","isPartOf":{"@id":"https:\/\/circuitodejerez.com\/#website"},"primaryImageOfPage":{"@id":"https:\/\/circuitodejerez.com\/2023\/03\/13\/test-mundial-de-moto2\/#primaryimage"},"image":{"@id":"https:\/\/circuitodejerez.com\/2023\/03\/13\/test-mundial-de-moto2\/#primaryimage"},"thumbnailUrl":"https:\/\/circuitodejerez.com\/wp-content\/uploads\/2024\/01\/noticia_95-scaled.jpg","datePublished":"2023-03-13T18:36:30+00:00","dateModified":"2024-01-30T17:27:56+00:00","breadcrumb":{"@id":"https:\/\/circuitodejerez.com\/2023\/03\/13\/test-mundial-de-moto2\/#breadcrumb"},"inLanguage":"en-GB","potentialAction":[{"@type":"ReadAction","target":["https:\/\/circuitodejerez.com\/2023\/03\/13\/test-mundial-de-moto2\/"]}]},{"@type":"ImageObject","inLanguage":"en-GB","@id":"https:\/\/circuitodejerez.com\/2023\/03\/13\/test-mundial-de-moto2\/#primaryimage","url":"https:\/\/circuitodejerez.com\/wp-content\/uploads\/2024\/01\/noticia_95-scaled.jpg","contentUrl":"https:\/\/circuitodejerez.com\/wp-content\/uploads\/2024\/01\/noticia_95-scaled.jpg","width":2560,"height":1920},{"@type":"BreadcrumbList","@id":"https:\/\/circuitodejerez.com\/2023\/03\/13\/test-mundial-de-moto2\/#breadcrumb","itemListElement":[{"@type":"ListItem","position":1,"name":"Portada","item":"https:\/\/circuitodejerez.com\/"},{"@type":"ListItem","position":2,"name":"Test mundial de Moto2"}]},{"@type":"WebSite","@id":"https:\/\/circuitodejerez.com\/#website","url":"https:\/\/circuitodejerez.com\/","name":"Circuito de Jerez \u00c1ngel Nieto","description":"Circuito de Jerez \u00c1ngel Nieto","publisher":{"@id":"https:\/\/circuitodejerez.com\/#organization"},"potentialAction":[{"@type":"SearchAction","target":{"@type":"EntryPoint","urlTemplate":"https:\/\/circuitodejerez.com\/?s={search_term_string}"},"query-input":"required name=search_term_string"}],"inLanguage":"en-GB"},{"@type":"Organization","@id":"https:\/\/circuitodejerez.com\/#organization","name":"Circuito de Jerez \u00c1ngel Nieto","url":"https:\/\/circuitodejerez.com\/","logo":{"@type":"ImageObject","inLanguage":"en-GB","@id":"https:\/\/circuitodejerez.com\/#\/schema\/logo\/image\/","url":"https:\/\/circuitodejerez.com\/wp-content\/uploads\/2023\/06\/logo-circuito-jerez.png","contentUrl":"https:\/\/circuitodejerez.com\/wp-content\/uploads\/2023\/06\/logo-circuito-jerez.png","width":556,"height":142,"caption":"Circuito de Jerez \u00c1ngel Nieto"},"image":{"@id":"https:\/\/circuitodejerez.com\/#\/schema\/logo\/image\/"},"sameAs":["https:\/\/www.facebook.com\/circuitodejerezangelnieto\/","https:\/\/x.com\/circuitodejerez","https:\/\/www.instagram.com\/circuito_de_jerez\/?hl=es","https:\/\/www.youtube.com\/user\/cirjesa"]},{"@type":"Person","@id":"https:\/\/circuitodejerez.com\/#\/schema\/person\/7426c66afad35f522814eb06fb2e213a","name":"publyland","sameAs":["https:\/\/circuitoangelnieto.com"],"url":"https:\/\/circuitodejerez.com\/en\/author\/publyland\/"}]}},"_links":{"self":[{"href":"https:\/\/circuitodejerez.com\/en\/wp-json\/wp\/v2\/posts\/35819","targetHints":{"allow":["GET"]}}],"collection":[{"href":"https:\/\/circuitodejerez.com\/en\/wp-json\/wp\/v2\/posts"}],"about":[{"href":"https:\/\/circuitodejerez.com\/en\/wp-json\/wp\/v2\/types\/post"}],"author":[{"embeddable":true,"href":"https:\/\/circuitodejerez.com\/en\/wp-json\/wp\/v2\/users\/1"}],"replies":[{"embeddable":true,"href":"https:\/\/circuitodejerez.com\/en\/wp-json\/wp\/v2\/comments?post=35819"}],"version-history":[{"count":2,"href":"https:\/\/circuitodejerez.com\/en\/wp-json\/wp\/v2\/posts\/35819\/revisions"}],"predecessor-version":[{"id":35914,"href":"https:\/\/circuitodejerez.com\/en\/wp-json\/wp\/v2\/posts\/35819\/revisions\/35914"}],"wp:featuredmedia":[{"embeddable":true,"href":"https:\/\/circuitodejerez.com\/en\/wp-json\/wp\/v2\/media\/35820"}],"wp:attachment":[{"href":"https:\/\/circuitodejerez.com\/en\/wp-json\/wp\/v2\/media?parent=35819"}],"wp:term":[{"taxonomy":"category","embeddable":true,"href":"https:\/\/circuitodejerez.com\/en\/wp-json\/wp\/v2\/categories?post=35819"},{"taxonomy":"post_tag","embeddable":true,"href":"https:\/\/circuitodejerez.com\/en\/wp-json\/wp\/v2\/tags?post=35819"}],"curies":[{"name":"wp","href":"https:\/\/api.w.org\/{rel}","templated":true}]}}