{"id":35822,"date":"2023-03-10T19:37:33","date_gmt":"2023-03-10T18:37:33","guid":{"rendered":"https:\/\/circuitoangelnieto.com\/2024\/01\/25\/test-moto3-ultimo-dia\/"},"modified":"2024-01-30T18:28:40","modified_gmt":"2024-01-30T17:28:40","slug":"test-moto3-ultimo-dia","status":"publish","type":"post","link":"https:\/\/circuitodejerez.com\/en\/2023\/03\/10\/test-moto3-ultimo-dia\/","title":{"rendered":"Test Moto3, \u00faltimo d\u00eda."},"content":{"rendered":"<p><img loading=\"lazy\" decoding=\"async\" class=\"alignnone size-medium\" style=\"display: none;\" src=\"https:\/\/gestorapp.circuitoangelnieto.com\/\/uploads\/noticias\/noticia_96.jpg\" width=\"600\" height=\"409\" \/><\/p>\n<p><strong>El brit\u00e1nico Scott Ogden, mejor tiempo del \u00faltimo d\u00eda de test para los pilotos mundialistas de Moto3.<\/strong><\/p>\n<p><strong>10 de marzo de 2023<\/strong>.<\/p>\n<p>Los test de la categor\u00eda mundialista de Moto3, que desde ayer ven\u00edan celebr\u00e1ndose en el trazado jerezano, llegaron hoy a su fin acompa\u00f1ados de una jornada soleada tras una semana en la que la climatolog\u00eda ha sido adversa tanto para los test oficiales de MotoE, como ayer en el primer d\u00eda de estos test de Moto3.<\/p>\n<p>Hoy sin embargo, la niebla matinal pronto daba paso a un reluciente sol, que ha sido aprovechado en gran parte por los pilotos y equipos para comenzar a trabajar a fondo en las monturas con vistas al inminente inicio del campeonato.<\/p>\n<p>Al final de la jornada, estos eran los tiempos m\u00e1s r\u00e1pidos:<\/p>\n<p>1.-Scott Ogden (Visiontrack Racing Team) 1.46.090 2.-Ayumu Sasaki 1.46.223 3.- Deniz Onc\u00fc 1.46.315 4.-Diogo Moreira 1.46.438, 5.-Tatsuki Suzuki 1.46.743 6.-Riccardo Rossi 1.46.496 7.-David Mu\u00f1oz 1.46.514 8.-Jaume Masia 1.46.582 9.-Daniel Holgado 1.46.629 10.-Romano Fenati 1.46.717. El andaluz Jos\u00e9 Antonio Rueda finalizaba d\u00e9cimo segundo con 1.46.746.<\/p>\n<p>17 ca\u00eddas se contabilizaron, todas sin consecuencias para los pilotos.<\/p>\n<p>D\u00edas 14 y 15 entrenamientos para la categor\u00eda mundialista de Moto2 con todos los equipos y pilotos al completo. Horarios de 10 a 18. Entrada gratuita tribuna X-1.<\/p>\n<p><img loading=\"lazy\" decoding=\"async\" class=\"alignnone size-medium\" style=\"width: 100%;\" src=\"https:\/\/gestorapp.circuitoangelnieto.com\/\/uploads\/noticias\/noticia_destacada_96.jpg\" width=\"600\" height=\"409\" \/><\/p>","protected":false},"excerpt":{"rendered":"<p>El brit\u00e1nico Scott Ogden, mejor tiempo del \u00faltimo d\u00eda de test para los pilotos mundialistas de Moto3. 10 de marzo<\/p>","protected":false},"author":1,"featured_media":35823,"comment_status":"closed","ping_status":"closed","sticky":false,"template":"","format":"standard","meta":{"footnotes":""},"categories":[2],"tags":[],"class_list":["post-35822","post","type-post","status-publish","format-standard","has-post-thumbnail","hentry","category-noticias"],"yoast_head":"<!-- This site is optimized with the Yoast SEO plugin v22.5 - https:\/\/yoast.com\/wordpress\/plugins\/seo\/ -->\n<title>Test Moto3, \u00faltimo d\u00eda. - Circuito de Jerez \u00c1ngel Nieto<\/title>\n<meta name=\"robots\" content=\"index, follow, max-snippet:-1, max-image-preview:large, max-video-preview:-1\" \/>\n<link rel=\"canonical\" href=\"https:\/\/circuitodejerez.com\/en\/2023\/03\/10\/test-moto3-ultimo-dia\/\" \/>\n<meta property=\"og:locale\" content=\"en_GB\" \/>\n<meta property=\"og:type\" content=\"article\" \/>\n<meta property=\"og:title\" content=\"Test Moto3, \u00faltimo d\u00eda. - Circuito de Jerez \u00c1ngel Nieto\" \/>\n<meta property=\"og:description\" content=\"El brit\u00e1nico Scott Ogden, mejor tiempo del \u00faltimo d\u00eda de test para los pilotos mundialistas de Moto3. 10 de marzo\" \/>\n<meta property=\"og:url\" content=\"https:\/\/circuitodejerez.com\/en\/2023\/03\/10\/test-moto3-ultimo-dia\/\" \/>\n<meta property=\"og:site_name\" content=\"Circuito de Jerez \u00c1ngel Nieto\" \/>\n<meta property=\"article:publisher\" content=\"https:\/\/www.facebook.com\/circuitodejerezangelnieto\/\" \/>\n<meta property=\"article:published_time\" content=\"2023-03-10T18:37:33+00:00\" \/>\n<meta property=\"article:modified_time\" content=\"2024-01-30T17:28:40+00:00\" \/>\n<meta property=\"og:image\" content=\"https:\/\/circuitodejerez.com\/wp-content\/uploads\/2024\/01\/noticia_96-scaled.jpg\" \/>\n\t<meta property=\"og:image:width\" content=\"2560\" \/>\n\t<meta property=\"og:image:height\" content=\"1706\" \/>\n\t<meta property=\"og:image:type\" content=\"image\/jpeg\" \/>\n<meta name=\"author\" content=\"publyland\" \/>\n<meta name=\"twitter:card\" content=\"summary_large_image\" \/>\n<meta name=\"twitter:creator\" content=\"@circuitodejerez\" \/>\n<meta name=\"twitter:site\" content=\"@circuitodejerez\" \/>\n<meta name=\"twitter:label1\" content=\"Written by\" \/>\n\t<meta name=\"twitter:data1\" content=\"publyland\" \/>\n\t<meta name=\"twitter:label2\" content=\"Estimated reading time\" \/>\n\t<meta name=\"twitter:data2\" content=\"1 minute\" \/>\n<script type=\"application\/ld+json\" class=\"yoast-schema-graph\">{\"@context\":\"https:\/\/schema.org\",\"@graph\":[{\"@type\":\"Article\",\"@id\":\"https:\/\/circuitodejerez.com\/2023\/03\/10\/test-moto3-ultimo-dia\/#article\",\"isPartOf\":{\"@id\":\"https:\/\/circuitodejerez.com\/2023\/03\/10\/test-moto3-ultimo-dia\/\"},\"author\":{\"name\":\"publyland\",\"@id\":\"https:\/\/circuitodejerez.com\/#\/schema\/person\/7426c66afad35f522814eb06fb2e213a\"},\"headline\":\"Test Moto3, \u00faltimo d\u00eda.\",\"datePublished\":\"2023-03-10T18:37:33+00:00\",\"dateModified\":\"2024-01-30T17:28:40+00:00\",\"mainEntityOfPage\":{\"@id\":\"https:\/\/circuitodejerez.com\/2023\/03\/10\/test-moto3-ultimo-dia\/\"},\"wordCount\":214,\"publisher\":{\"@id\":\"https:\/\/circuitodejerez.com\/#organization\"},\"image\":{\"@id\":\"https:\/\/circuitodejerez.com\/2023\/03\/10\/test-moto3-ultimo-dia\/#primaryimage\"},\"thumbnailUrl\":\"https:\/\/circuitodejerez.com\/wp-content\/uploads\/2024\/01\/noticia_96-scaled.jpg\",\"articleSection\":[\"Noticias\"],\"inLanguage\":\"en-GB\"},{\"@type\":\"WebPage\",\"@id\":\"https:\/\/circuitodejerez.com\/2023\/03\/10\/test-moto3-ultimo-dia\/\",\"url\":\"https:\/\/circuitodejerez.com\/2023\/03\/10\/test-moto3-ultimo-dia\/\",\"name\":\"Test Moto3, \u00faltimo d\u00eda. - Circuito de Jerez \u00c1ngel Nieto\",\"isPartOf\":{\"@id\":\"https:\/\/circuitodejerez.com\/#website\"},\"primaryImageOfPage\":{\"@id\":\"https:\/\/circuitodejerez.com\/2023\/03\/10\/test-moto3-ultimo-dia\/#primaryimage\"},\"image\":{\"@id\":\"https:\/\/circuitodejerez.com\/2023\/03\/10\/test-moto3-ultimo-dia\/#primaryimage\"},\"thumbnailUrl\":\"https:\/\/circuitodejerez.com\/wp-content\/uploads\/2024\/01\/noticia_96-scaled.jpg\",\"datePublished\":\"2023-03-10T18:37:33+00:00\",\"dateModified\":\"2024-01-30T17:28:40+00:00\",\"breadcrumb\":{\"@id\":\"https:\/\/circuitodejerez.com\/2023\/03\/10\/test-moto3-ultimo-dia\/#breadcrumb\"},\"inLanguage\":\"en-GB\",\"potentialAction\":[{\"@type\":\"ReadAction\",\"target\":[\"https:\/\/circuitodejerez.com\/2023\/03\/10\/test-moto3-ultimo-dia\/\"]}]},{\"@type\":\"ImageObject\",\"inLanguage\":\"en-GB\",\"@id\":\"https:\/\/circuitodejerez.com\/2023\/03\/10\/test-moto3-ultimo-dia\/#primaryimage\",\"url\":\"https:\/\/circuitodejerez.com\/wp-content\/uploads\/2024\/01\/noticia_96-scaled.jpg\",\"contentUrl\":\"https:\/\/circuitodejerez.com\/wp-content\/uploads\/2024\/01\/noticia_96-scaled.jpg\",\"width\":2560,\"height\":1706},{\"@type\":\"BreadcrumbList\",\"@id\":\"https:\/\/circuitodejerez.com\/2023\/03\/10\/test-moto3-ultimo-dia\/#breadcrumb\",\"itemListElement\":[{\"@type\":\"ListItem\",\"position\":1,\"name\":\"Portada\",\"item\":\"https:\/\/circuitodejerez.com\/\"},{\"@type\":\"ListItem\",\"position\":2,\"name\":\"Test Moto3, \u00faltimo d\u00eda.\"}]},{\"@type\":\"WebSite\",\"@id\":\"https:\/\/circuitodejerez.com\/#website\",\"url\":\"https:\/\/circuitodejerez.com\/\",\"name\":\"Circuito de Jerez \u00c1ngel Nieto\",\"description\":\"Circuito de Jerez \u00c1ngel Nieto\",\"publisher\":{\"@id\":\"https:\/\/circuitodejerez.com\/#organization\"},\"potentialAction\":[{\"@type\":\"SearchAction\",\"target\":{\"@type\":\"EntryPoint\",\"urlTemplate\":\"https:\/\/circuitodejerez.com\/?s={search_term_string}\"},\"query-input\":\"required name=search_term_string\"}],\"inLanguage\":\"en-GB\"},{\"@type\":\"Organization\",\"@id\":\"https:\/\/circuitodejerez.com\/#organization\",\"name\":\"Circuito de Jerez \u00c1ngel Nieto\",\"url\":\"https:\/\/circuitodejerez.com\/\",\"logo\":{\"@type\":\"ImageObject\",\"inLanguage\":\"en-GB\",\"@id\":\"https:\/\/circuitodejerez.com\/#\/schema\/logo\/image\/\",\"url\":\"https:\/\/circuitodejerez.com\/wp-content\/uploads\/2023\/06\/logo-circuito-jerez.png\",\"contentUrl\":\"https:\/\/circuitodejerez.com\/wp-content\/uploads\/2023\/06\/logo-circuito-jerez.png\",\"width\":556,\"height\":142,\"caption\":\"Circuito de Jerez \u00c1ngel Nieto\"},\"image\":{\"@id\":\"https:\/\/circuitodejerez.com\/#\/schema\/logo\/image\/\"},\"sameAs\":[\"https:\/\/www.facebook.com\/circuitodejerezangelnieto\/\",\"https:\/\/x.com\/circuitodejerez\",\"https:\/\/www.instagram.com\/circuito_de_jerez\/?hl=es\",\"https:\/\/www.youtube.com\/user\/cirjesa\"]},{\"@type\":\"Person\",\"@id\":\"https:\/\/circuitodejerez.com\/#\/schema\/person\/7426c66afad35f522814eb06fb2e213a\",\"name\":\"publyland\",\"sameAs\":[\"https:\/\/circuitoangelnieto.com\"],\"url\":\"https:\/\/circuitodejerez.com\/en\/author\/publyland\/\"}]}<\/script>\n<!-- \/ Yoast SEO plugin. -->","yoast_head_json":{"title":"Test Moto3, \u00faltimo d\u00eda. - Circuito de Jerez \u00c1ngel Nieto","robots":{"index":"index","follow":"follow","max-snippet":"max-snippet:-1","max-image-preview":"max-image-preview:large","max-video-preview":"max-video-preview:-1"},"canonical":"https:\/\/circuitodejerez.com\/en\/2023\/03\/10\/test-moto3-ultimo-dia\/","og_locale":"en_GB","og_type":"article","og_title":"Test Moto3, \u00faltimo d\u00eda. - Circuito de Jerez \u00c1ngel Nieto","og_description":"El brit\u00e1nico Scott Ogden, mejor tiempo del \u00faltimo d\u00eda de test para los pilotos mundialistas de Moto3. 10 de marzo","og_url":"https:\/\/circuitodejerez.com\/en\/2023\/03\/10\/test-moto3-ultimo-dia\/","og_site_name":"Circuito de Jerez \u00c1ngel Nieto","article_publisher":"https:\/\/www.facebook.com\/circuitodejerezangelnieto\/","article_published_time":"2023-03-10T18:37:33+00:00","article_modified_time":"2024-01-30T17:28:40+00:00","og_image":[{"width":2560,"height":1706,"url":"https:\/\/circuitodejerez.com\/wp-content\/uploads\/2024\/01\/noticia_96-scaled.jpg","type":"image\/jpeg"}],"author":"publyland","twitter_card":"summary_large_image","twitter_creator":"@circuitodejerez","twitter_site":"@circuitodejerez","twitter_misc":{"Written by":"publyland","Estimated reading time":"1 minute"},"schema":{"@context":"https:\/\/schema.org","@graph":[{"@type":"Article","@id":"https:\/\/circuitodejerez.com\/2023\/03\/10\/test-moto3-ultimo-dia\/#article","isPartOf":{"@id":"https:\/\/circuitodejerez.com\/2023\/03\/10\/test-moto3-ultimo-dia\/"},"author":{"name":"publyland","@id":"https:\/\/circuitodejerez.com\/#\/schema\/person\/7426c66afad35f522814eb06fb2e213a"},"headline":"Test Moto3, \u00faltimo d\u00eda.","datePublished":"2023-03-10T18:37:33+00:00","dateModified":"2024-01-30T17:28:40+00:00","mainEntityOfPage":{"@id":"https:\/\/circuitodejerez.com\/2023\/03\/10\/test-moto3-ultimo-dia\/"},"wordCount":214,"publisher":{"@id":"https:\/\/circuitodejerez.com\/#organization"},"image":{"@id":"https:\/\/circuitodejerez.com\/2023\/03\/10\/test-moto3-ultimo-dia\/#primaryimage"},"thumbnailUrl":"https:\/\/circuitodejerez.com\/wp-content\/uploads\/2024\/01\/noticia_96-scaled.jpg","articleSection":["Noticias"],"inLanguage":"en-GB"},{"@type":"WebPage","@id":"https:\/\/circuitodejerez.com\/2023\/03\/10\/test-moto3-ultimo-dia\/","url":"https:\/\/circuitodejerez.com\/2023\/03\/10\/test-moto3-ultimo-dia\/","name":"Test Moto3, \u00faltimo d\u00eda. - Circuito de Jerez \u00c1ngel Nieto","isPartOf":{"@id":"https:\/\/circuitodejerez.com\/#website"},"primaryImageOfPage":{"@id":"https:\/\/circuitodejerez.com\/2023\/03\/10\/test-moto3-ultimo-dia\/#primaryimage"},"image":{"@id":"https:\/\/circuitodejerez.com\/2023\/03\/10\/test-moto3-ultimo-dia\/#primaryimage"},"thumbnailUrl":"https:\/\/circuitodejerez.com\/wp-content\/uploads\/2024\/01\/noticia_96-scaled.jpg","datePublished":"2023-03-10T18:37:33+00:00","dateModified":"2024-01-30T17:28:40+00:00","breadcrumb":{"@id":"https:\/\/circuitodejerez.com\/2023\/03\/10\/test-moto3-ultimo-dia\/#breadcrumb"},"inLanguage":"en-GB","potentialAction":[{"@type":"ReadAction","target":["https:\/\/circuitodejerez.com\/2023\/03\/10\/test-moto3-ultimo-dia\/"]}]},{"@type":"ImageObject","inLanguage":"en-GB","@id":"https:\/\/circuitodejerez.com\/2023\/03\/10\/test-moto3-ultimo-dia\/#primaryimage","url":"https:\/\/circuitodejerez.com\/wp-content\/uploads\/2024\/01\/noticia_96-scaled.jpg","contentUrl":"https:\/\/circuitodejerez.com\/wp-content\/uploads\/2024\/01\/noticia_96-scaled.jpg","width":2560,"height":1706},{"@type":"BreadcrumbList","@id":"https:\/\/circuitodejerez.com\/2023\/03\/10\/test-moto3-ultimo-dia\/#breadcrumb","itemListElement":[{"@type":"ListItem","position":1,"name":"Portada","item":"https:\/\/circuitodejerez.com\/"},{"@type":"ListItem","position":2,"name":"Test Moto3, \u00faltimo d\u00eda."}]},{"@type":"WebSite","@id":"https:\/\/circuitodejerez.com\/#website","url":"https:\/\/circuitodejerez.com\/","name":"Circuito de Jerez \u00c1ngel Nieto","description":"Circuito de Jerez \u00c1ngel Nieto","publisher":{"@id":"https:\/\/circuitodejerez.com\/#organization"},"potentialAction":[{"@type":"SearchAction","target":{"@type":"EntryPoint","urlTemplate":"https:\/\/circuitodejerez.com\/?s={search_term_string}"},"query-input":"required name=search_term_string"}],"inLanguage":"en-GB"},{"@type":"Organization","@id":"https:\/\/circuitodejerez.com\/#organization","name":"Circuito de Jerez \u00c1ngel Nieto","url":"https:\/\/circuitodejerez.com\/","logo":{"@type":"ImageObject","inLanguage":"en-GB","@id":"https:\/\/circuitodejerez.com\/#\/schema\/logo\/image\/","url":"https:\/\/circuitodejerez.com\/wp-content\/uploads\/2023\/06\/logo-circuito-jerez.png","contentUrl":"https:\/\/circuitodejerez.com\/wp-content\/uploads\/2023\/06\/logo-circuito-jerez.png","width":556,"height":142,"caption":"Circuito de Jerez \u00c1ngel Nieto"},"image":{"@id":"https:\/\/circuitodejerez.com\/#\/schema\/logo\/image\/"},"sameAs":["https:\/\/www.facebook.com\/circuitodejerezangelnieto\/","https:\/\/x.com\/circuitodejerez","https:\/\/www.instagram.com\/circuito_de_jerez\/?hl=es","https:\/\/www.youtube.com\/user\/cirjesa"]},{"@type":"Person","@id":"https:\/\/circuitodejerez.com\/#\/schema\/person\/7426c66afad35f522814eb06fb2e213a","name":"publyland","sameAs":["https:\/\/circuitoangelnieto.com"],"url":"https:\/\/circuitodejerez.com\/en\/author\/publyland\/"}]}},"_links":{"self":[{"href":"https:\/\/circuitodejerez.com\/en\/wp-json\/wp\/v2\/posts\/35822","targetHints":{"allow":["GET"]}}],"collection":[{"href":"https:\/\/circuitodejerez.com\/en\/wp-json\/wp\/v2\/posts"}],"about":[{"href":"https:\/\/circuitodejerez.com\/en\/wp-json\/wp\/v2\/types\/post"}],"author":[{"embeddable":true,"href":"https:\/\/circuitodejerez.com\/en\/wp-json\/wp\/v2\/users\/1"}],"replies":[{"embeddable":true,"href":"https:\/\/circuitodejerez.com\/en\/wp-json\/wp\/v2\/comments?post=35822"}],"version-history":[{"count":2,"href":"https:\/\/circuitodejerez.com\/en\/wp-json\/wp\/v2\/posts\/35822\/revisions"}],"predecessor-version":[{"id":35915,"href":"https:\/\/circuitodejerez.com\/en\/wp-json\/wp\/v2\/posts\/35822\/revisions\/35915"}],"wp:featuredmedia":[{"embeddable":true,"href":"https:\/\/circuitodejerez.com\/en\/wp-json\/wp\/v2\/media\/35823"}],"wp:attachment":[{"href":"https:\/\/circuitodejerez.com\/en\/wp-json\/wp\/v2\/media?parent=35822"}],"wp:term":[{"taxonomy":"category","embeddable":true,"href":"https:\/\/circuitodejerez.com\/en\/wp-json\/wp\/v2\/categories?post=35822"},{"taxonomy":"post_tag","embeddable":true,"href":"https:\/\/circuitodejerez.com\/en\/wp-json\/wp\/v2\/tags?post=35822"}],"curies":[{"name":"wp","href":"https:\/\/api.w.org\/{rel}","templated":true}]}}