{"id":35825,"date":"2023-03-09T19:38:49","date_gmt":"2023-03-09T18:38:49","guid":{"rendered":"https:\/\/circuitoangelnieto.com\/2024\/01\/25\/test-privados-moto3\/"},"modified":"2024-01-30T18:29:39","modified_gmt":"2024-01-30T17:29:39","slug":"test-privados-moto3","status":"publish","type":"post","link":"https:\/\/circuitodejerez.com\/en\/2023\/03\/09\/test-privados-moto3\/","title":{"rendered":"Test privados Moto3"},"content":{"rendered":"<p><img loading=\"lazy\" decoding=\"async\" class=\"alignnone size-medium\" style=\"display: none;\" src=\"https:\/\/gestorapp.circuitoangelnieto.com\/\/uploads\/noticias\/noticia_97.jpg\" width=\"600\" height=\"409\" \/><\/p>\n<div>\n<p>Primera jornada de test mundialistas de Moto3 disputada en adversas condiciones.<\/p>\n<p>La lluvia hizo acto de presencia antes del mediod\u00eda.<\/p>\n<\/div>\n<div>\n<p><strong>9 de marzo de 2023.<\/strong><\/p>\n<p>La primera jornada de test privados de la categor\u00eda mundialista de Moto3, se celebr\u00f3 hoy en las instalaciones del Circuito de Jerez-\u00c1ngel Nieto con similares condiciones clim\u00e1ticas que las desarrolladas hasta ayer por la categor\u00eda de MotoE, es decir, un tiempo inestable y gris en los que la lluvia hizo acto de presencia.<\/p>\n<p>Una primera sesi\u00f3n que arranc\u00f3 con muchas ganas por parte de los pilotos, que volv\u00edan a ponerse el mono de cuero para tomar el primer contacto de la temporada 2023 con las m\u00e1quinas con las que disputar\u00e1n el mundial. Una vez el sem\u00e1foro verde indicaba el comienzo del test, los pilotos sal\u00edan a pista a completar los primeros giros aprovechando que el asfalto estaba pr\u00e1cticamente seco en su totalidad (salvo en algunas zonas concretas que ten\u00edan manchas de humedad). De esta guisa transcurr\u00eda las dos primeras horas del test con el piloto turco Deniz Onc\u00fc encabezando la tabla de tiempos, hasta que minutos antes de las 12 de la ma\u00f1ana, una fina lluvia aparec\u00eda de pronto, mojando el asfalto y por tanto trastocando los planes de los pilotos y equipos que paraban en boxes en espera de una mejor\u00eda de las condiciones que no se dio ya que la lluvia, esta vez ya m\u00e1s intensa, volv\u00eda una hora m\u00e1s tarde, cambiando el programa de trabajo de muchos equipos. Y es que para los pilotos, que tienen un test oficial de tres d\u00edas la semana pr\u00f3xima en Portugal previo al inicio del primer Gran Premio de la temporada programado para finales de mes en ese mismo circuito, este primer d\u00eda se lo han tomado con calma y mucha precauci\u00f3n al ser la primera toma de contacto del a\u00f1o y a\u00fan quedan jornadas oficiales de entrenamientos por delante la semana pr\u00f3xima y nadie quiere arriesgar en estas condiciones, a sufrir alguna ca\u00edda importante que pudiera derivar en problemas f\u00edsicos antes de la temporada.<\/p>\n<p>Por tanto y sin tener apenas relevancia la clasificaci\u00f3n por tiempos dadas las circunstancias en las que se ha rodado en seco (a primera hora con el asfalto a\u00fan frio) y las pocas vueltas completadas por los pilotos en esas condiciones de seco, hay que rese\u00f1ar que antes de que la lluvia hiciera acto de presencia, era el piloto turco Deniz Onc\u00fc con 1.49.041 quien encabezaba la lista de tiempos seguido del brasile\u00f1o Diogo Moreira con 1.49.141, el italiano Stefano Nepa (1.49.553) y el espa\u00f1ol Daniel Holgado (1.49.694) como cuarto mejor tiempo. El experimentado piloto italiano Romano Fenati, era quinto con 1.49.699, seguido de Riccardo Rossi, Ayumu Sasaki, Filippo Farioli, Joel Lelso e Iv\u00e1n Ortola, cerrando el top ten. El andaluz de los Palacios, Jos\u00e9 Antonio Rueda, que debuta en el mundial esta temporada en las filas del equipo KTM Ajo, era d\u00e9cimo cuarto con 1.50.942 y s\u00f3lo 12 vueltas completadas, mientras el tambi\u00e9n sevillano David Mu\u00f1oz (BOE Motorsport) realizaba quince giros para finalizar d\u00e9cimo s\u00e9ptimo con un mejor tiempo de 1.51.487.<\/p>\n<p>Ma\u00f1ana, con la segunda y \u00faltima jornada de test privados para esta categor\u00eda, las predicciones clim\u00e1ticas apuntan a una mejora importante de las condiciones, por lo que a buen seguro pilotos y equipos aprovechar\u00e1n y apurar\u00e1n al m\u00e1ximo la sesi\u00f3n para trabajar intensamente con las nuevas motos.<\/p>\n<\/div>\n<p><img loading=\"lazy\" decoding=\"async\" class=\"alignnone size-medium\" style=\"width: 100%;\" src=\"https:\/\/gestorapp.circuitoangelnieto.com\/\/uploads\/noticias\/noticia_destacada_97.jpg\" width=\"600\" height=\"409\" \/><\/p>","protected":false},"excerpt":{"rendered":"<p>Primera jornada de test mundialistas de Moto3 disputada en adversas condiciones. La lluvia hizo acto de presencia antes del mediod\u00eda.<\/p>","protected":false},"author":1,"featured_media":35826,"comment_status":"closed","ping_status":"closed","sticky":false,"template":"","format":"standard","meta":{"footnotes":""},"categories":[2],"tags":[],"class_list":["post-35825","post","type-post","status-publish","format-standard","has-post-thumbnail","hentry","category-noticias"],"yoast_head":"<!-- This site is optimized with the Yoast SEO plugin v22.5 - https:\/\/yoast.com\/wordpress\/plugins\/seo\/ -->\n<title>Test privados Moto3 - Circuito de Jerez \u00c1ngel Nieto<\/title>\n<meta name=\"robots\" content=\"index, follow, max-snippet:-1, max-image-preview:large, max-video-preview:-1\" \/>\n<link rel=\"canonical\" href=\"https:\/\/circuitodejerez.com\/en\/2023\/03\/09\/test-privados-moto3\/\" \/>\n<meta property=\"og:locale\" content=\"en_GB\" \/>\n<meta property=\"og:type\" content=\"article\" \/>\n<meta property=\"og:title\" content=\"Test privados Moto3 - Circuito de Jerez \u00c1ngel Nieto\" \/>\n<meta property=\"og:description\" content=\"Primera jornada de test mundialistas de Moto3 disputada en adversas condiciones. La lluvia hizo acto de presencia antes del mediod\u00eda.\" \/>\n<meta property=\"og:url\" content=\"https:\/\/circuitodejerez.com\/en\/2023\/03\/09\/test-privados-moto3\/\" \/>\n<meta property=\"og:site_name\" content=\"Circuito de Jerez \u00c1ngel Nieto\" \/>\n<meta property=\"article:publisher\" content=\"https:\/\/www.facebook.com\/circuitodejerezangelnieto\/\" \/>\n<meta property=\"article:published_time\" content=\"2023-03-09T18:38:49+00:00\" \/>\n<meta property=\"article:modified_time\" content=\"2024-01-30T17:29:39+00:00\" \/>\n<meta property=\"og:image\" content=\"https:\/\/circuitodejerez.com\/wp-content\/uploads\/2024\/01\/noticia_97-scaled.jpg\" \/>\n\t<meta property=\"og:image:width\" content=\"2560\" \/>\n\t<meta property=\"og:image:height\" content=\"1706\" \/>\n\t<meta property=\"og:image:type\" content=\"image\/jpeg\" \/>\n<meta name=\"author\" content=\"publyland\" \/>\n<meta name=\"twitter:card\" content=\"summary_large_image\" \/>\n<meta name=\"twitter:creator\" content=\"@circuitodejerez\" \/>\n<meta name=\"twitter:site\" content=\"@circuitodejerez\" \/>\n<meta name=\"twitter:label1\" content=\"Written by\" \/>\n\t<meta name=\"twitter:data1\" content=\"publyland\" \/>\n\t<meta name=\"twitter:label2\" content=\"Estimated reading time\" \/>\n\t<meta name=\"twitter:data2\" content=\"3 minutes\" \/>\n<script type=\"application\/ld+json\" class=\"yoast-schema-graph\">{\"@context\":\"https:\/\/schema.org\",\"@graph\":[{\"@type\":\"Article\",\"@id\":\"https:\/\/circuitodejerez.com\/2023\/03\/09\/test-privados-moto3\/#article\",\"isPartOf\":{\"@id\":\"https:\/\/circuitodejerez.com\/2023\/03\/09\/test-privados-moto3\/\"},\"author\":{\"name\":\"publyland\",\"@id\":\"https:\/\/circuitodejerez.com\/#\/schema\/person\/7426c66afad35f522814eb06fb2e213a\"},\"headline\":\"Test privados Moto3\",\"datePublished\":\"2023-03-09T18:38:49+00:00\",\"dateModified\":\"2024-01-30T17:29:39+00:00\",\"mainEntityOfPage\":{\"@id\":\"https:\/\/circuitodejerez.com\/2023\/03\/09\/test-privados-moto3\/\"},\"wordCount\":597,\"publisher\":{\"@id\":\"https:\/\/circuitodejerez.com\/#organization\"},\"image\":{\"@id\":\"https:\/\/circuitodejerez.com\/2023\/03\/09\/test-privados-moto3\/#primaryimage\"},\"thumbnailUrl\":\"https:\/\/circuitodejerez.com\/wp-content\/uploads\/2024\/01\/noticia_97-scaled.jpg\",\"articleSection\":[\"Noticias\"],\"inLanguage\":\"en-GB\"},{\"@type\":\"WebPage\",\"@id\":\"https:\/\/circuitodejerez.com\/2023\/03\/09\/test-privados-moto3\/\",\"url\":\"https:\/\/circuitodejerez.com\/2023\/03\/09\/test-privados-moto3\/\",\"name\":\"Test privados Moto3 - Circuito de Jerez \u00c1ngel Nieto\",\"isPartOf\":{\"@id\":\"https:\/\/circuitodejerez.com\/#website\"},\"primaryImageOfPage\":{\"@id\":\"https:\/\/circuitodejerez.com\/2023\/03\/09\/test-privados-moto3\/#primaryimage\"},\"image\":{\"@id\":\"https:\/\/circuitodejerez.com\/2023\/03\/09\/test-privados-moto3\/#primaryimage\"},\"thumbnailUrl\":\"https:\/\/circuitodejerez.com\/wp-content\/uploads\/2024\/01\/noticia_97-scaled.jpg\",\"datePublished\":\"2023-03-09T18:38:49+00:00\",\"dateModified\":\"2024-01-30T17:29:39+00:00\",\"breadcrumb\":{\"@id\":\"https:\/\/circuitodejerez.com\/2023\/03\/09\/test-privados-moto3\/#breadcrumb\"},\"inLanguage\":\"en-GB\",\"potentialAction\":[{\"@type\":\"ReadAction\",\"target\":[\"https:\/\/circuitodejerez.com\/2023\/03\/09\/test-privados-moto3\/\"]}]},{\"@type\":\"ImageObject\",\"inLanguage\":\"en-GB\",\"@id\":\"https:\/\/circuitodejerez.com\/2023\/03\/09\/test-privados-moto3\/#primaryimage\",\"url\":\"https:\/\/circuitodejerez.com\/wp-content\/uploads\/2024\/01\/noticia_97-scaled.jpg\",\"contentUrl\":\"https:\/\/circuitodejerez.com\/wp-content\/uploads\/2024\/01\/noticia_97-scaled.jpg\",\"width\":2560,\"height\":1706},{\"@type\":\"BreadcrumbList\",\"@id\":\"https:\/\/circuitodejerez.com\/2023\/03\/09\/test-privados-moto3\/#breadcrumb\",\"itemListElement\":[{\"@type\":\"ListItem\",\"position\":1,\"name\":\"Portada\",\"item\":\"https:\/\/circuitodejerez.com\/\"},{\"@type\":\"ListItem\",\"position\":2,\"name\":\"Test privados Moto3\"}]},{\"@type\":\"WebSite\",\"@id\":\"https:\/\/circuitodejerez.com\/#website\",\"url\":\"https:\/\/circuitodejerez.com\/\",\"name\":\"Circuito de Jerez \u00c1ngel Nieto\",\"description\":\"Circuito de Jerez \u00c1ngel Nieto\",\"publisher\":{\"@id\":\"https:\/\/circuitodejerez.com\/#organization\"},\"potentialAction\":[{\"@type\":\"SearchAction\",\"target\":{\"@type\":\"EntryPoint\",\"urlTemplate\":\"https:\/\/circuitodejerez.com\/?s={search_term_string}\"},\"query-input\":\"required name=search_term_string\"}],\"inLanguage\":\"en-GB\"},{\"@type\":\"Organization\",\"@id\":\"https:\/\/circuitodejerez.com\/#organization\",\"name\":\"Circuito de Jerez \u00c1ngel Nieto\",\"url\":\"https:\/\/circuitodejerez.com\/\",\"logo\":{\"@type\":\"ImageObject\",\"inLanguage\":\"en-GB\",\"@id\":\"https:\/\/circuitodejerez.com\/#\/schema\/logo\/image\/\",\"url\":\"https:\/\/circuitodejerez.com\/wp-content\/uploads\/2023\/06\/logo-circuito-jerez.png\",\"contentUrl\":\"https:\/\/circuitodejerez.com\/wp-content\/uploads\/2023\/06\/logo-circuito-jerez.png\",\"width\":556,\"height\":142,\"caption\":\"Circuito de Jerez \u00c1ngel Nieto\"},\"image\":{\"@id\":\"https:\/\/circuitodejerez.com\/#\/schema\/logo\/image\/\"},\"sameAs\":[\"https:\/\/www.facebook.com\/circuitodejerezangelnieto\/\",\"https:\/\/x.com\/circuitodejerez\",\"https:\/\/www.instagram.com\/circuito_de_jerez\/?hl=es\",\"https:\/\/www.youtube.com\/user\/cirjesa\"]},{\"@type\":\"Person\",\"@id\":\"https:\/\/circuitodejerez.com\/#\/schema\/person\/7426c66afad35f522814eb06fb2e213a\",\"name\":\"publyland\",\"sameAs\":[\"https:\/\/circuitoangelnieto.com\"],\"url\":\"https:\/\/circuitodejerez.com\/en\/author\/publyland\/\"}]}<\/script>\n<!-- \/ Yoast SEO plugin. -->","yoast_head_json":{"title":"Test privados Moto3 - Circuito de Jerez \u00c1ngel Nieto","robots":{"index":"index","follow":"follow","max-snippet":"max-snippet:-1","max-image-preview":"max-image-preview:large","max-video-preview":"max-video-preview:-1"},"canonical":"https:\/\/circuitodejerez.com\/en\/2023\/03\/09\/test-privados-moto3\/","og_locale":"en_GB","og_type":"article","og_title":"Test privados Moto3 - Circuito de Jerez \u00c1ngel Nieto","og_description":"Primera jornada de test mundialistas de Moto3 disputada en adversas condiciones. La lluvia hizo acto de presencia antes del mediod\u00eda.","og_url":"https:\/\/circuitodejerez.com\/en\/2023\/03\/09\/test-privados-moto3\/","og_site_name":"Circuito de Jerez \u00c1ngel Nieto","article_publisher":"https:\/\/www.facebook.com\/circuitodejerezangelnieto\/","article_published_time":"2023-03-09T18:38:49+00:00","article_modified_time":"2024-01-30T17:29:39+00:00","og_image":[{"width":2560,"height":1706,"url":"https:\/\/circuitodejerez.com\/wp-content\/uploads\/2024\/01\/noticia_97-scaled.jpg","type":"image\/jpeg"}],"author":"publyland","twitter_card":"summary_large_image","twitter_creator":"@circuitodejerez","twitter_site":"@circuitodejerez","twitter_misc":{"Written by":"publyland","Estimated reading time":"3 minutes"},"schema":{"@context":"https:\/\/schema.org","@graph":[{"@type":"Article","@id":"https:\/\/circuitodejerez.com\/2023\/03\/09\/test-privados-moto3\/#article","isPartOf":{"@id":"https:\/\/circuitodejerez.com\/2023\/03\/09\/test-privados-moto3\/"},"author":{"name":"publyland","@id":"https:\/\/circuitodejerez.com\/#\/schema\/person\/7426c66afad35f522814eb06fb2e213a"},"headline":"Test privados Moto3","datePublished":"2023-03-09T18:38:49+00:00","dateModified":"2024-01-30T17:29:39+00:00","mainEntityOfPage":{"@id":"https:\/\/circuitodejerez.com\/2023\/03\/09\/test-privados-moto3\/"},"wordCount":597,"publisher":{"@id":"https:\/\/circuitodejerez.com\/#organization"},"image":{"@id":"https:\/\/circuitodejerez.com\/2023\/03\/09\/test-privados-moto3\/#primaryimage"},"thumbnailUrl":"https:\/\/circuitodejerez.com\/wp-content\/uploads\/2024\/01\/noticia_97-scaled.jpg","articleSection":["Noticias"],"inLanguage":"en-GB"},{"@type":"WebPage","@id":"https:\/\/circuitodejerez.com\/2023\/03\/09\/test-privados-moto3\/","url":"https:\/\/circuitodejerez.com\/2023\/03\/09\/test-privados-moto3\/","name":"Test privados Moto3 - Circuito de Jerez \u00c1ngel Nieto","isPartOf":{"@id":"https:\/\/circuitodejerez.com\/#website"},"primaryImageOfPage":{"@id":"https:\/\/circuitodejerez.com\/2023\/03\/09\/test-privados-moto3\/#primaryimage"},"image":{"@id":"https:\/\/circuitodejerez.com\/2023\/03\/09\/test-privados-moto3\/#primaryimage"},"thumbnailUrl":"https:\/\/circuitodejerez.com\/wp-content\/uploads\/2024\/01\/noticia_97-scaled.jpg","datePublished":"2023-03-09T18:38:49+00:00","dateModified":"2024-01-30T17:29:39+00:00","breadcrumb":{"@id":"https:\/\/circuitodejerez.com\/2023\/03\/09\/test-privados-moto3\/#breadcrumb"},"inLanguage":"en-GB","potentialAction":[{"@type":"ReadAction","target":["https:\/\/circuitodejerez.com\/2023\/03\/09\/test-privados-moto3\/"]}]},{"@type":"ImageObject","inLanguage":"en-GB","@id":"https:\/\/circuitodejerez.com\/2023\/03\/09\/test-privados-moto3\/#primaryimage","url":"https:\/\/circuitodejerez.com\/wp-content\/uploads\/2024\/01\/noticia_97-scaled.jpg","contentUrl":"https:\/\/circuitodejerez.com\/wp-content\/uploads\/2024\/01\/noticia_97-scaled.jpg","width":2560,"height":1706},{"@type":"BreadcrumbList","@id":"https:\/\/circuitodejerez.com\/2023\/03\/09\/test-privados-moto3\/#breadcrumb","itemListElement":[{"@type":"ListItem","position":1,"name":"Portada","item":"https:\/\/circuitodejerez.com\/"},{"@type":"ListItem","position":2,"name":"Test privados Moto3"}]},{"@type":"WebSite","@id":"https:\/\/circuitodejerez.com\/#website","url":"https:\/\/circuitodejerez.com\/","name":"Circuito de Jerez \u00c1ngel Nieto","description":"Circuito de Jerez \u00c1ngel Nieto","publisher":{"@id":"https:\/\/circuitodejerez.com\/#organization"},"potentialAction":[{"@type":"SearchAction","target":{"@type":"EntryPoint","urlTemplate":"https:\/\/circuitodejerez.com\/?s={search_term_string}"},"query-input":"required name=search_term_string"}],"inLanguage":"en-GB"},{"@type":"Organization","@id":"https:\/\/circuitodejerez.com\/#organization","name":"Circuito de Jerez \u00c1ngel Nieto","url":"https:\/\/circuitodejerez.com\/","logo":{"@type":"ImageObject","inLanguage":"en-GB","@id":"https:\/\/circuitodejerez.com\/#\/schema\/logo\/image\/","url":"https:\/\/circuitodejerez.com\/wp-content\/uploads\/2023\/06\/logo-circuito-jerez.png","contentUrl":"https:\/\/circuitodejerez.com\/wp-content\/uploads\/2023\/06\/logo-circuito-jerez.png","width":556,"height":142,"caption":"Circuito de Jerez \u00c1ngel Nieto"},"image":{"@id":"https:\/\/circuitodejerez.com\/#\/schema\/logo\/image\/"},"sameAs":["https:\/\/www.facebook.com\/circuitodejerezangelnieto\/","https:\/\/x.com\/circuitodejerez","https:\/\/www.instagram.com\/circuito_de_jerez\/?hl=es","https:\/\/www.youtube.com\/user\/cirjesa"]},{"@type":"Person","@id":"https:\/\/circuitodejerez.com\/#\/schema\/person\/7426c66afad35f522814eb06fb2e213a","name":"publyland","sameAs":["https:\/\/circuitoangelnieto.com"],"url":"https:\/\/circuitodejerez.com\/en\/author\/publyland\/"}]}},"_links":{"self":[{"href":"https:\/\/circuitodejerez.com\/en\/wp-json\/wp\/v2\/posts\/35825","targetHints":{"allow":["GET"]}}],"collection":[{"href":"https:\/\/circuitodejerez.com\/en\/wp-json\/wp\/v2\/posts"}],"about":[{"href":"https:\/\/circuitodejerez.com\/en\/wp-json\/wp\/v2\/types\/post"}],"author":[{"embeddable":true,"href":"https:\/\/circuitodejerez.com\/en\/wp-json\/wp\/v2\/users\/1"}],"replies":[{"embeddable":true,"href":"https:\/\/circuitodejerez.com\/en\/wp-json\/wp\/v2\/comments?post=35825"}],"version-history":[{"count":2,"href":"https:\/\/circuitodejerez.com\/en\/wp-json\/wp\/v2\/posts\/35825\/revisions"}],"predecessor-version":[{"id":35916,"href":"https:\/\/circuitodejerez.com\/en\/wp-json\/wp\/v2\/posts\/35825\/revisions\/35916"}],"wp:featuredmedia":[{"embeddable":true,"href":"https:\/\/circuitodejerez.com\/en\/wp-json\/wp\/v2\/media\/35826"}],"wp:attachment":[{"href":"https:\/\/circuitodejerez.com\/en\/wp-json\/wp\/v2\/media?parent=35825"}],"wp:term":[{"taxonomy":"category","embeddable":true,"href":"https:\/\/circuitodejerez.com\/en\/wp-json\/wp\/v2\/categories?post=35825"},{"taxonomy":"post_tag","embeddable":true,"href":"https:\/\/circuitodejerez.com\/en\/wp-json\/wp\/v2\/tags?post=35825"}],"curies":[{"name":"wp","href":"https:\/\/api.w.org\/{rel}","templated":true}]}}