{"id":35837,"date":"2023-03-06T19:44:52","date_gmt":"2023-03-06T18:44:52","guid":{"rendered":"https:\/\/circuitoangelnieto.com\/2024\/01\/25\/1er-dia-de-test-motoe\/"},"modified":"2024-01-30T18:33:25","modified_gmt":"2024-01-30T17:33:25","slug":"1er-dia-de-test-motoe","status":"publish","type":"post","link":"https:\/\/circuitodejerez.com\/en\/2023\/03\/06\/1er-dia-de-test-motoe\/","title":{"rendered":"1er d\u00eda de test MotoE"},"content":{"rendered":"<p><img loading=\"lazy\" decoding=\"async\" class=\"alignnone size-medium\" style=\"display: none;\" src=\"https:\/\/gestorapp.circuitoangelnieto.com\/\/uploads\/noticias\/noticia_101.jpg\" width=\"600\" height=\"409\" \/><\/p>\n<p><strong>Primer d\u00eda de test oficial MotoE con tiempo inestable y el italiano Luca Salvadori (Pramac MotoE) marcando el mejor crono del d\u00eda.<\/strong><\/p>\n<p><strong>6 de marzo de 2023.<\/strong><\/p>\n<p>Arrancaron hoy en el Circuito de Jerez-\u00c1ngel Nieto los primeros entrenamientos de pre temporada para el Campeonato del Mundo de MotoE.<\/p>\n<p>Unos ensayos oficiales de tres d\u00edas de duraci\u00f3n en los que los equipos y pilotos tendr\u00e1n la oportunidad de probar por primera vez la nueva moto del campeonato, la Ducati MotoE V21L que viene a sustituir a las Ego Corsa En\u00e9rgicas utilizadas hasta ahora. El principal cambio radica en el peso de estas monturas, que ha bajado en torno a los 20kg con respecto a las m\u00e1quinas de la pasada campa\u00f1a y en casi 40 kg desde la primera MotoE del 2019. Nuevas bieletas traseras, horquilla con m\u00e1s recorrido, sistema de refrigeraci\u00f3n l\u00edquida de la bater\u00eda, y freno trasero el\u00e9ctrico, son las principales novedades t\u00e9cnicas que presenta la Ducati MotoE que esta semana se pone en escena por primera vez.<\/p>\n<p>En este primer d\u00eda, la climatolog\u00eda no ha acompa\u00f1ado mucho con una jornada gris donde apareci\u00f3 la lluvia tanto antes del inicio del test como a lo largo del d\u00eda. Esto hizo que las sesiones se disputar\u00e1n con la pista h\u00fameda por lo que los pilotos tuvieron que extremar las precauciones a la hora de pilotar en estas circunstancias con el a\u00f1adido de hacerlo sobre una m\u00e1quina nueva totalmente desconocida a la que poco ten\u00edan que ir acostumbrando y adapt\u00e1ndose. En esas circunstancias, era el piloto suizo Randy Krummenacher el m\u00e1s r\u00e1pido de la primera sesi\u00f3n al marcar un crono de 1.58.847, con el piloto espa\u00f1ol Tito Rabat, debutante este a\u00f1o en la categor\u00eda, firmando el quinto mejor tiempo. Por su parte, Luca Salvadori se llevaba el gato al agua en la segunda manga con un registro de 1.55.522, siendo Matteo Ferrari y Jordi Torres los que se situaban a continuaci\u00f3n con, de nuevo Tito Rabat entre los m\u00e1s r\u00e1pidos al finalizar cuarto en la tanda. La tercera manga de la jornada se la adjudicaba el italiano Kevin Manfredi con 1.56.134, seguido de Jordi Torres y Matteo Ferrari. Por \u00faltimo, la cuarta manga programada de la jornada, se disputaba esta vez con una intensa lluvia, siendo el piloto suizo Randy Krummenacher el m\u00e1s r\u00e1pido parando el crono en 202.117. El espa\u00f1ol H\u00e9ctor Garzo era segundo (2.02.306) con Luca Salvadori en tercer lugar.<\/p>\n<p>Al final de la jornada, y tras las combinadas de las cuatro mangas, era el italiano del Pramac MotoE Luca Salvadori, el m\u00e1s r\u00e1pido de la jornada gracias al 1.55.522 que consegu\u00eda en la segunda manga. Matteo Ferrari del Gresini MotoE era segundo al final del d\u00eda con 1.55.710, firmando Kevin Manfredi (Ongetta Sic58) el tercer mejor crono de la jornada (1.56.134). El mejor espa\u00f1ol era Jordi Torres que acababa cuarto con un tiempo de 1.56.257, mientras H\u00e9ctor Garz\u00f3 y Tito Rabat conclu\u00edan en sexta y s\u00e9ptima posici\u00f3n respectivamente.<\/p>\n<p>Ma\u00f1ana martes, segundo d\u00eda de test oficial con los mismos horarios.<\/p>\n<p>Tribuna X-1 abierta al p\u00fablico.<\/p>\n<p><img loading=\"lazy\" decoding=\"async\" class=\"alignnone size-medium\" style=\"width: 100%;\" src=\"https:\/\/gestorapp.circuitoangelnieto.com\/\/uploads\/noticias\/noticia_destacada_101.jpg\" width=\"600\" height=\"409\" \/><\/p>","protected":false},"excerpt":{"rendered":"<p>Primer d\u00eda de test oficial MotoE con tiempo inestable y el italiano Luca Salvadori (Pramac MotoE) marcando el mejor crono<\/p>","protected":false},"author":1,"featured_media":35838,"comment_status":"closed","ping_status":"closed","sticky":false,"template":"","format":"standard","meta":{"footnotes":""},"categories":[2],"tags":[],"class_list":["post-35837","post","type-post","status-publish","format-standard","has-post-thumbnail","hentry","category-noticias"],"yoast_head":"<!-- This site is optimized with the Yoast SEO plugin v22.5 - https:\/\/yoast.com\/wordpress\/plugins\/seo\/ -->\n<title>1er d\u00eda de test MotoE - Circuito de Jerez \u00c1ngel Nieto<\/title>\n<meta name=\"robots\" content=\"index, follow, max-snippet:-1, max-image-preview:large, max-video-preview:-1\" \/>\n<link rel=\"canonical\" href=\"https:\/\/circuitodejerez.com\/en\/2023\/03\/06\/1er-dia-de-test-motoe\/\" \/>\n<meta property=\"og:locale\" content=\"en_GB\" \/>\n<meta property=\"og:type\" content=\"article\" \/>\n<meta property=\"og:title\" content=\"1er d\u00eda de test MotoE - Circuito de Jerez \u00c1ngel Nieto\" \/>\n<meta property=\"og:description\" content=\"Primer d\u00eda de test oficial MotoE con tiempo inestable y el italiano Luca Salvadori (Pramac MotoE) marcando el mejor crono\" \/>\n<meta property=\"og:url\" content=\"https:\/\/circuitodejerez.com\/en\/2023\/03\/06\/1er-dia-de-test-motoe\/\" \/>\n<meta property=\"og:site_name\" content=\"Circuito de Jerez \u00c1ngel Nieto\" \/>\n<meta property=\"article:publisher\" content=\"https:\/\/www.facebook.com\/circuitodejerezangelnieto\/\" \/>\n<meta property=\"article:published_time\" content=\"2023-03-06T18:44:52+00:00\" \/>\n<meta property=\"article:modified_time\" content=\"2024-01-30T17:33:25+00:00\" \/>\n<meta property=\"og:image\" content=\"https:\/\/circuitodejerez.com\/wp-content\/uploads\/2024\/01\/noticia_101-scaled.jpg\" \/>\n\t<meta property=\"og:image:width\" content=\"2560\" \/>\n\t<meta property=\"og:image:height\" content=\"1706\" \/>\n\t<meta property=\"og:image:type\" content=\"image\/jpeg\" \/>\n<meta name=\"author\" content=\"publyland\" \/>\n<meta name=\"twitter:card\" content=\"summary_large_image\" \/>\n<meta name=\"twitter:creator\" content=\"@circuitodejerez\" \/>\n<meta name=\"twitter:site\" content=\"@circuitodejerez\" \/>\n<meta name=\"twitter:label1\" content=\"Written by\" \/>\n\t<meta name=\"twitter:data1\" content=\"publyland\" \/>\n\t<meta name=\"twitter:label2\" content=\"Estimated reading time\" \/>\n\t<meta name=\"twitter:data2\" content=\"3 minutes\" \/>\n<script type=\"application\/ld+json\" class=\"yoast-schema-graph\">{\"@context\":\"https:\/\/schema.org\",\"@graph\":[{\"@type\":\"Article\",\"@id\":\"https:\/\/circuitodejerez.com\/2023\/03\/06\/1er-dia-de-test-motoe\/#article\",\"isPartOf\":{\"@id\":\"https:\/\/circuitodejerez.com\/2023\/03\/06\/1er-dia-de-test-motoe\/\"},\"author\":{\"name\":\"publyland\",\"@id\":\"https:\/\/circuitodejerez.com\/#\/schema\/person\/7426c66afad35f522814eb06fb2e213a\"},\"headline\":\"1er d\u00eda de test MotoE\",\"datePublished\":\"2023-03-06T18:44:52+00:00\",\"dateModified\":\"2024-01-30T17:33:25+00:00\",\"mainEntityOfPage\":{\"@id\":\"https:\/\/circuitodejerez.com\/2023\/03\/06\/1er-dia-de-test-motoe\/\"},\"wordCount\":549,\"publisher\":{\"@id\":\"https:\/\/circuitodejerez.com\/#organization\"},\"image\":{\"@id\":\"https:\/\/circuitodejerez.com\/2023\/03\/06\/1er-dia-de-test-motoe\/#primaryimage\"},\"thumbnailUrl\":\"https:\/\/circuitodejerez.com\/wp-content\/uploads\/2024\/01\/noticia_101-scaled.jpg\",\"articleSection\":[\"Noticias\"],\"inLanguage\":\"en-GB\"},{\"@type\":\"WebPage\",\"@id\":\"https:\/\/circuitodejerez.com\/2023\/03\/06\/1er-dia-de-test-motoe\/\",\"url\":\"https:\/\/circuitodejerez.com\/2023\/03\/06\/1er-dia-de-test-motoe\/\",\"name\":\"1er d\u00eda de test MotoE - Circuito de Jerez \u00c1ngel Nieto\",\"isPartOf\":{\"@id\":\"https:\/\/circuitodejerez.com\/#website\"},\"primaryImageOfPage\":{\"@id\":\"https:\/\/circuitodejerez.com\/2023\/03\/06\/1er-dia-de-test-motoe\/#primaryimage\"},\"image\":{\"@id\":\"https:\/\/circuitodejerez.com\/2023\/03\/06\/1er-dia-de-test-motoe\/#primaryimage\"},\"thumbnailUrl\":\"https:\/\/circuitodejerez.com\/wp-content\/uploads\/2024\/01\/noticia_101-scaled.jpg\",\"datePublished\":\"2023-03-06T18:44:52+00:00\",\"dateModified\":\"2024-01-30T17:33:25+00:00\",\"breadcrumb\":{\"@id\":\"https:\/\/circuitodejerez.com\/2023\/03\/06\/1er-dia-de-test-motoe\/#breadcrumb\"},\"inLanguage\":\"en-GB\",\"potentialAction\":[{\"@type\":\"ReadAction\",\"target\":[\"https:\/\/circuitodejerez.com\/2023\/03\/06\/1er-dia-de-test-motoe\/\"]}]},{\"@type\":\"ImageObject\",\"inLanguage\":\"en-GB\",\"@id\":\"https:\/\/circuitodejerez.com\/2023\/03\/06\/1er-dia-de-test-motoe\/#primaryimage\",\"url\":\"https:\/\/circuitodejerez.com\/wp-content\/uploads\/2024\/01\/noticia_101-scaled.jpg\",\"contentUrl\":\"https:\/\/circuitodejerez.com\/wp-content\/uploads\/2024\/01\/noticia_101-scaled.jpg\",\"width\":2560,\"height\":1706},{\"@type\":\"BreadcrumbList\",\"@id\":\"https:\/\/circuitodejerez.com\/2023\/03\/06\/1er-dia-de-test-motoe\/#breadcrumb\",\"itemListElement\":[{\"@type\":\"ListItem\",\"position\":1,\"name\":\"Portada\",\"item\":\"https:\/\/circuitodejerez.com\/\"},{\"@type\":\"ListItem\",\"position\":2,\"name\":\"1er d\u00eda de test MotoE\"}]},{\"@type\":\"WebSite\",\"@id\":\"https:\/\/circuitodejerez.com\/#website\",\"url\":\"https:\/\/circuitodejerez.com\/\",\"name\":\"Circuito de Jerez \u00c1ngel Nieto\",\"description\":\"Circuito de Jerez \u00c1ngel Nieto\",\"publisher\":{\"@id\":\"https:\/\/circuitodejerez.com\/#organization\"},\"potentialAction\":[{\"@type\":\"SearchAction\",\"target\":{\"@type\":\"EntryPoint\",\"urlTemplate\":\"https:\/\/circuitodejerez.com\/?s={search_term_string}\"},\"query-input\":\"required name=search_term_string\"}],\"inLanguage\":\"en-GB\"},{\"@type\":\"Organization\",\"@id\":\"https:\/\/circuitodejerez.com\/#organization\",\"name\":\"Circuito de Jerez \u00c1ngel Nieto\",\"url\":\"https:\/\/circuitodejerez.com\/\",\"logo\":{\"@type\":\"ImageObject\",\"inLanguage\":\"en-GB\",\"@id\":\"https:\/\/circuitodejerez.com\/#\/schema\/logo\/image\/\",\"url\":\"https:\/\/circuitodejerez.com\/wp-content\/uploads\/2023\/06\/logo-circuito-jerez.png\",\"contentUrl\":\"https:\/\/circuitodejerez.com\/wp-content\/uploads\/2023\/06\/logo-circuito-jerez.png\",\"width\":556,\"height\":142,\"caption\":\"Circuito de Jerez \u00c1ngel Nieto\"},\"image\":{\"@id\":\"https:\/\/circuitodejerez.com\/#\/schema\/logo\/image\/\"},\"sameAs\":[\"https:\/\/www.facebook.com\/circuitodejerezangelnieto\/\",\"https:\/\/x.com\/circuitodejerez\",\"https:\/\/www.instagram.com\/circuito_de_jerez\/?hl=es\",\"https:\/\/www.youtube.com\/user\/cirjesa\"]},{\"@type\":\"Person\",\"@id\":\"https:\/\/circuitodejerez.com\/#\/schema\/person\/7426c66afad35f522814eb06fb2e213a\",\"name\":\"publyland\",\"sameAs\":[\"https:\/\/circuitoangelnieto.com\"],\"url\":\"https:\/\/circuitodejerez.com\/en\/author\/publyland\/\"}]}<\/script>\n<!-- \/ Yoast SEO plugin. -->","yoast_head_json":{"title":"1er d\u00eda de test MotoE - Circuito de Jerez \u00c1ngel Nieto","robots":{"index":"index","follow":"follow","max-snippet":"max-snippet:-1","max-image-preview":"max-image-preview:large","max-video-preview":"max-video-preview:-1"},"canonical":"https:\/\/circuitodejerez.com\/en\/2023\/03\/06\/1er-dia-de-test-motoe\/","og_locale":"en_GB","og_type":"article","og_title":"1er d\u00eda de test MotoE - Circuito de Jerez \u00c1ngel Nieto","og_description":"Primer d\u00eda de test oficial MotoE con tiempo inestable y el italiano Luca Salvadori (Pramac MotoE) marcando el mejor crono","og_url":"https:\/\/circuitodejerez.com\/en\/2023\/03\/06\/1er-dia-de-test-motoe\/","og_site_name":"Circuito de Jerez \u00c1ngel Nieto","article_publisher":"https:\/\/www.facebook.com\/circuitodejerezangelnieto\/","article_published_time":"2023-03-06T18:44:52+00:00","article_modified_time":"2024-01-30T17:33:25+00:00","og_image":[{"width":2560,"height":1706,"url":"https:\/\/circuitodejerez.com\/wp-content\/uploads\/2024\/01\/noticia_101-scaled.jpg","type":"image\/jpeg"}],"author":"publyland","twitter_card":"summary_large_image","twitter_creator":"@circuitodejerez","twitter_site":"@circuitodejerez","twitter_misc":{"Written by":"publyland","Estimated reading time":"3 minutes"},"schema":{"@context":"https:\/\/schema.org","@graph":[{"@type":"Article","@id":"https:\/\/circuitodejerez.com\/2023\/03\/06\/1er-dia-de-test-motoe\/#article","isPartOf":{"@id":"https:\/\/circuitodejerez.com\/2023\/03\/06\/1er-dia-de-test-motoe\/"},"author":{"name":"publyland","@id":"https:\/\/circuitodejerez.com\/#\/schema\/person\/7426c66afad35f522814eb06fb2e213a"},"headline":"1er d\u00eda de test MotoE","datePublished":"2023-03-06T18:44:52+00:00","dateModified":"2024-01-30T17:33:25+00:00","mainEntityOfPage":{"@id":"https:\/\/circuitodejerez.com\/2023\/03\/06\/1er-dia-de-test-motoe\/"},"wordCount":549,"publisher":{"@id":"https:\/\/circuitodejerez.com\/#organization"},"image":{"@id":"https:\/\/circuitodejerez.com\/2023\/03\/06\/1er-dia-de-test-motoe\/#primaryimage"},"thumbnailUrl":"https:\/\/circuitodejerez.com\/wp-content\/uploads\/2024\/01\/noticia_101-scaled.jpg","articleSection":["Noticias"],"inLanguage":"en-GB"},{"@type":"WebPage","@id":"https:\/\/circuitodejerez.com\/2023\/03\/06\/1er-dia-de-test-motoe\/","url":"https:\/\/circuitodejerez.com\/2023\/03\/06\/1er-dia-de-test-motoe\/","name":"1er d\u00eda de test MotoE - Circuito de Jerez \u00c1ngel Nieto","isPartOf":{"@id":"https:\/\/circuitodejerez.com\/#website"},"primaryImageOfPage":{"@id":"https:\/\/circuitodejerez.com\/2023\/03\/06\/1er-dia-de-test-motoe\/#primaryimage"},"image":{"@id":"https:\/\/circuitodejerez.com\/2023\/03\/06\/1er-dia-de-test-motoe\/#primaryimage"},"thumbnailUrl":"https:\/\/circuitodejerez.com\/wp-content\/uploads\/2024\/01\/noticia_101-scaled.jpg","datePublished":"2023-03-06T18:44:52+00:00","dateModified":"2024-01-30T17:33:25+00:00","breadcrumb":{"@id":"https:\/\/circuitodejerez.com\/2023\/03\/06\/1er-dia-de-test-motoe\/#breadcrumb"},"inLanguage":"en-GB","potentialAction":[{"@type":"ReadAction","target":["https:\/\/circuitodejerez.com\/2023\/03\/06\/1er-dia-de-test-motoe\/"]}]},{"@type":"ImageObject","inLanguage":"en-GB","@id":"https:\/\/circuitodejerez.com\/2023\/03\/06\/1er-dia-de-test-motoe\/#primaryimage","url":"https:\/\/circuitodejerez.com\/wp-content\/uploads\/2024\/01\/noticia_101-scaled.jpg","contentUrl":"https:\/\/circuitodejerez.com\/wp-content\/uploads\/2024\/01\/noticia_101-scaled.jpg","width":2560,"height":1706},{"@type":"BreadcrumbList","@id":"https:\/\/circuitodejerez.com\/2023\/03\/06\/1er-dia-de-test-motoe\/#breadcrumb","itemListElement":[{"@type":"ListItem","position":1,"name":"Portada","item":"https:\/\/circuitodejerez.com\/"},{"@type":"ListItem","position":2,"name":"1er d\u00eda de test MotoE"}]},{"@type":"WebSite","@id":"https:\/\/circuitodejerez.com\/#website","url":"https:\/\/circuitodejerez.com\/","name":"Circuito de Jerez \u00c1ngel Nieto","description":"Circuito de Jerez \u00c1ngel Nieto","publisher":{"@id":"https:\/\/circuitodejerez.com\/#organization"},"potentialAction":[{"@type":"SearchAction","target":{"@type":"EntryPoint","urlTemplate":"https:\/\/circuitodejerez.com\/?s={search_term_string}"},"query-input":"required name=search_term_string"}],"inLanguage":"en-GB"},{"@type":"Organization","@id":"https:\/\/circuitodejerez.com\/#organization","name":"Circuito de Jerez \u00c1ngel Nieto","url":"https:\/\/circuitodejerez.com\/","logo":{"@type":"ImageObject","inLanguage":"en-GB","@id":"https:\/\/circuitodejerez.com\/#\/schema\/logo\/image\/","url":"https:\/\/circuitodejerez.com\/wp-content\/uploads\/2023\/06\/logo-circuito-jerez.png","contentUrl":"https:\/\/circuitodejerez.com\/wp-content\/uploads\/2023\/06\/logo-circuito-jerez.png","width":556,"height":142,"caption":"Circuito de Jerez \u00c1ngel Nieto"},"image":{"@id":"https:\/\/circuitodejerez.com\/#\/schema\/logo\/image\/"},"sameAs":["https:\/\/www.facebook.com\/circuitodejerezangelnieto\/","https:\/\/x.com\/circuitodejerez","https:\/\/www.instagram.com\/circuito_de_jerez\/?hl=es","https:\/\/www.youtube.com\/user\/cirjesa"]},{"@type":"Person","@id":"https:\/\/circuitodejerez.com\/#\/schema\/person\/7426c66afad35f522814eb06fb2e213a","name":"publyland","sameAs":["https:\/\/circuitoangelnieto.com"],"url":"https:\/\/circuitodejerez.com\/en\/author\/publyland\/"}]}},"_links":{"self":[{"href":"https:\/\/circuitodejerez.com\/en\/wp-json\/wp\/v2\/posts\/35837","targetHints":{"allow":["GET"]}}],"collection":[{"href":"https:\/\/circuitodejerez.com\/en\/wp-json\/wp\/v2\/posts"}],"about":[{"href":"https:\/\/circuitodejerez.com\/en\/wp-json\/wp\/v2\/types\/post"}],"author":[{"embeddable":true,"href":"https:\/\/circuitodejerez.com\/en\/wp-json\/wp\/v2\/users\/1"}],"replies":[{"embeddable":true,"href":"https:\/\/circuitodejerez.com\/en\/wp-json\/wp\/v2\/comments?post=35837"}],"version-history":[{"count":2,"href":"https:\/\/circuitodejerez.com\/en\/wp-json\/wp\/v2\/posts\/35837\/revisions"}],"predecessor-version":[{"id":35920,"href":"https:\/\/circuitodejerez.com\/en\/wp-json\/wp\/v2\/posts\/35837\/revisions\/35920"}],"wp:featuredmedia":[{"embeddable":true,"href":"https:\/\/circuitodejerez.com\/en\/wp-json\/wp\/v2\/media\/35838"}],"wp:attachment":[{"href":"https:\/\/circuitodejerez.com\/en\/wp-json\/wp\/v2\/media?parent=35837"}],"wp:term":[{"taxonomy":"category","embeddable":true,"href":"https:\/\/circuitodejerez.com\/en\/wp-json\/wp\/v2\/categories?post=35837"},{"taxonomy":"post_tag","embeddable":true,"href":"https:\/\/circuitodejerez.com\/en\/wp-json\/wp\/v2\/tags?post=35837"}],"curies":[{"name":"wp","href":"https:\/\/api.w.org\/{rel}","templated":true}]}}