{"id":35962,"date":"2023-10-25T19:59:32","date_gmt":"2023-10-25T17:59:32","guid":{"rendered":"https:\/\/circuitoangelnieto.com\/2024\/01\/30\/acuerdo-de-colaboracion\/"},"modified":"2024-01-30T20:02:34","modified_gmt":"2024-01-30T19:02:34","slug":"acuerdo-de-colaboracion","status":"publish","type":"post","link":"https:\/\/circuitodejerez.com\/en\/2023\/10\/25\/acuerdo-de-colaboracion\/","title":{"rendered":"Acuerdo de colaboraci\u00f3n"},"content":{"rendered":"<p><img loading=\"lazy\" decoding=\"async\" style=\"display:none;\" class=\"alignnone size-medium\" src=\"https:\/\/gestorapp.circuitoangelnieto.com\/\/uploads\/noticias\/noticia_57.jpg\" width=\"600\" height=\"409\" \/><\/p>\n<p><strong>25 de octubre de 2023. <\/strong>En el d\u00eda de hoy ten\u00eda lugar la cesi\u00f3n por parte del Grupo Nimo, responsables del concesionario Toyota Nimauto de Jerez al Circuito de Jerez-Angel Nieto, de los veh\u00edculos modelos Proace Verso familiar que se encargar\u00e1n de dar el servicio de movilidad por los caminos auxiliares de pista, a los fot\u00f3grafos durante la disputa este pr\u00f3ximo fin de semana de la \u00faltima prueba puntuable para el Campeonato del Mundo de Superbike, evento que retorna al circuito jerezano tras un a\u00f1o de ausencia.<\/p>\n<p>En la foto, Manuel Ben\u00edtez Rodriguez, del Departamento de Flotas de Nimauto, hace entrega de las llaves de los veh\u00edculos a Cayetano G\u00f3mez, &nbsp;gerente del circuito de Jerez.<\/p>\n<p>Esta cesi\u00f3n, es un primer paso dentro del marco de colaboraci\u00f3n que ambas entidades est\u00e1n manteniendo con vistas a toda la temporada 2024 y que se cerrar\u00e1 en breve.<\/p>\n<p><\/p>\n<p><img loading=\"lazy\" decoding=\"async\" style=\"width: 100%;\" class=\"alignnone size-medium\" src=\"https:\/\/gestorapp.circuitoangelnieto.com\/\/uploads\/noticias\/noticia_destacada_57.jpg\" width=\"600\" height=\"409\" \/><\/p>","protected":false},"excerpt":{"rendered":"<p>25 de octubre de 2023. En el d\u00eda de hoy ten\u00eda lugar la cesi\u00f3n por parte del Grupo Nimo, responsables<\/p>","protected":false},"author":1,"featured_media":35966,"comment_status":"closed","ping_status":"closed","sticky":false,"template":"","format":"standard","meta":{"footnotes":""},"categories":[2],"tags":[],"class_list":["post-35962","post","type-post","status-publish","format-standard","has-post-thumbnail","hentry","category-noticias"],"yoast_head":"<!-- This site is optimized with the Yoast SEO plugin v22.5 - https:\/\/yoast.com\/wordpress\/plugins\/seo\/ -->\n<title>Acuerdo de colaboraci\u00f3n - Circuito de Jerez \u00c1ngel Nieto<\/title>\n<meta name=\"robots\" content=\"index, follow, max-snippet:-1, max-image-preview:large, max-video-preview:-1\" \/>\n<link rel=\"canonical\" href=\"https:\/\/circuitodejerez.com\/en\/2023\/10\/25\/acuerdo-de-colaboracion\/\" \/>\n<meta property=\"og:locale\" content=\"en_GB\" \/>\n<meta property=\"og:type\" content=\"article\" \/>\n<meta property=\"og:title\" content=\"Acuerdo de colaboraci\u00f3n - Circuito de Jerez \u00c1ngel Nieto\" \/>\n<meta property=\"og:description\" content=\"25 de octubre de 2023. En el d\u00eda de hoy ten\u00eda lugar la cesi\u00f3n por parte del Grupo Nimo, responsables\" \/>\n<meta property=\"og:url\" content=\"https:\/\/circuitodejerez.com\/en\/2023\/10\/25\/acuerdo-de-colaboracion\/\" \/>\n<meta property=\"og:site_name\" content=\"Circuito de Jerez \u00c1ngel Nieto\" \/>\n<meta property=\"article:publisher\" content=\"https:\/\/www.facebook.com\/circuitodejerezangelnieto\/\" \/>\n<meta property=\"article:published_time\" content=\"2023-10-25T17:59:32+00:00\" \/>\n<meta property=\"article:modified_time\" content=\"2024-01-30T19:02:34+00:00\" \/>\n<meta property=\"og:image\" content=\"https:\/\/circuitodejerez.com\/wp-content\/uploads\/2024\/01\/noticia_57.jpg\" \/>\n\t<meta property=\"og:image:width\" content=\"500\" \/>\n\t<meta property=\"og:image:height\" content=\"400\" \/>\n\t<meta property=\"og:image:type\" content=\"image\/jpeg\" \/>\n<meta name=\"author\" content=\"publyland\" \/>\n<meta name=\"twitter:card\" content=\"summary_large_image\" \/>\n<meta name=\"twitter:creator\" content=\"@circuitodejerez\" \/>\n<meta name=\"twitter:site\" content=\"@circuitodejerez\" \/>\n<meta name=\"twitter:label1\" content=\"Written by\" \/>\n\t<meta name=\"twitter:data1\" content=\"publyland\" \/>\n\t<meta name=\"twitter:label2\" content=\"Estimated reading time\" \/>\n\t<meta name=\"twitter:data2\" content=\"1 minute\" \/>\n<script type=\"application\/ld+json\" class=\"yoast-schema-graph\">{\"@context\":\"https:\/\/schema.org\",\"@graph\":[{\"@type\":\"Article\",\"@id\":\"https:\/\/circuitodejerez.com\/2023\/10\/25\/acuerdo-de-colaboracion\/#article\",\"isPartOf\":{\"@id\":\"https:\/\/circuitodejerez.com\/2023\/10\/25\/acuerdo-de-colaboracion\/\"},\"author\":{\"name\":\"publyland\",\"@id\":\"https:\/\/circuitodejerez.com\/#\/schema\/person\/7426c66afad35f522814eb06fb2e213a\"},\"headline\":\"Acuerdo de colaboraci\u00f3n\",\"datePublished\":\"2023-10-25T17:59:32+00:00\",\"dateModified\":\"2024-01-30T19:02:34+00:00\",\"mainEntityOfPage\":{\"@id\":\"https:\/\/circuitodejerez.com\/2023\/10\/25\/acuerdo-de-colaboracion\/\"},\"wordCount\":160,\"publisher\":{\"@id\":\"https:\/\/circuitodejerez.com\/#organization\"},\"image\":{\"@id\":\"https:\/\/circuitodejerez.com\/2023\/10\/25\/acuerdo-de-colaboracion\/#primaryimage\"},\"thumbnailUrl\":\"https:\/\/circuitodejerez.com\/wp-content\/uploads\/2024\/01\/noticia_57.jpg\",\"articleSection\":[\"Noticias\"],\"inLanguage\":\"en-GB\"},{\"@type\":\"WebPage\",\"@id\":\"https:\/\/circuitodejerez.com\/2023\/10\/25\/acuerdo-de-colaboracion\/\",\"url\":\"https:\/\/circuitodejerez.com\/2023\/10\/25\/acuerdo-de-colaboracion\/\",\"name\":\"Acuerdo de colaboraci\u00f3n - Circuito de Jerez \u00c1ngel Nieto\",\"isPartOf\":{\"@id\":\"https:\/\/circuitodejerez.com\/#website\"},\"primaryImageOfPage\":{\"@id\":\"https:\/\/circuitodejerez.com\/2023\/10\/25\/acuerdo-de-colaboracion\/#primaryimage\"},\"image\":{\"@id\":\"https:\/\/circuitodejerez.com\/2023\/10\/25\/acuerdo-de-colaboracion\/#primaryimage\"},\"thumbnailUrl\":\"https:\/\/circuitodejerez.com\/wp-content\/uploads\/2024\/01\/noticia_57.jpg\",\"datePublished\":\"2023-10-25T17:59:32+00:00\",\"dateModified\":\"2024-01-30T19:02:34+00:00\",\"breadcrumb\":{\"@id\":\"https:\/\/circuitodejerez.com\/2023\/10\/25\/acuerdo-de-colaboracion\/#breadcrumb\"},\"inLanguage\":\"en-GB\",\"potentialAction\":[{\"@type\":\"ReadAction\",\"target\":[\"https:\/\/circuitodejerez.com\/2023\/10\/25\/acuerdo-de-colaboracion\/\"]}]},{\"@type\":\"ImageObject\",\"inLanguage\":\"en-GB\",\"@id\":\"https:\/\/circuitodejerez.com\/2023\/10\/25\/acuerdo-de-colaboracion\/#primaryimage\",\"url\":\"https:\/\/circuitodejerez.com\/wp-content\/uploads\/2024\/01\/noticia_57.jpg\",\"contentUrl\":\"https:\/\/circuitodejerez.com\/wp-content\/uploads\/2024\/01\/noticia_57.jpg\",\"width\":500,\"height\":400},{\"@type\":\"BreadcrumbList\",\"@id\":\"https:\/\/circuitodejerez.com\/2023\/10\/25\/acuerdo-de-colaboracion\/#breadcrumb\",\"itemListElement\":[{\"@type\":\"ListItem\",\"position\":1,\"name\":\"Portada\",\"item\":\"https:\/\/circuitodejerez.com\/\"},{\"@type\":\"ListItem\",\"position\":2,\"name\":\"Acuerdo de colaboraci\u00f3n\"}]},{\"@type\":\"WebSite\",\"@id\":\"https:\/\/circuitodejerez.com\/#website\",\"url\":\"https:\/\/circuitodejerez.com\/\",\"name\":\"Circuito de Jerez \u00c1ngel Nieto\",\"description\":\"Circuito de Jerez \u00c1ngel Nieto\",\"publisher\":{\"@id\":\"https:\/\/circuitodejerez.com\/#organization\"},\"potentialAction\":[{\"@type\":\"SearchAction\",\"target\":{\"@type\":\"EntryPoint\",\"urlTemplate\":\"https:\/\/circuitodejerez.com\/?s={search_term_string}\"},\"query-input\":\"required name=search_term_string\"}],\"inLanguage\":\"en-GB\"},{\"@type\":\"Organization\",\"@id\":\"https:\/\/circuitodejerez.com\/#organization\",\"name\":\"Circuito de Jerez \u00c1ngel Nieto\",\"url\":\"https:\/\/circuitodejerez.com\/\",\"logo\":{\"@type\":\"ImageObject\",\"inLanguage\":\"en-GB\",\"@id\":\"https:\/\/circuitodejerez.com\/#\/schema\/logo\/image\/\",\"url\":\"https:\/\/circuitodejerez.com\/wp-content\/uploads\/2023\/06\/logo-circuito-jerez.png\",\"contentUrl\":\"https:\/\/circuitodejerez.com\/wp-content\/uploads\/2023\/06\/logo-circuito-jerez.png\",\"width\":556,\"height\":142,\"caption\":\"Circuito de Jerez \u00c1ngel Nieto\"},\"image\":{\"@id\":\"https:\/\/circuitodejerez.com\/#\/schema\/logo\/image\/\"},\"sameAs\":[\"https:\/\/www.facebook.com\/circuitodejerezangelnieto\/\",\"https:\/\/x.com\/circuitodejerez\",\"https:\/\/www.instagram.com\/circuito_de_jerez\/?hl=es\",\"https:\/\/www.youtube.com\/user\/cirjesa\"]},{\"@type\":\"Person\",\"@id\":\"https:\/\/circuitodejerez.com\/#\/schema\/person\/7426c66afad35f522814eb06fb2e213a\",\"name\":\"publyland\",\"sameAs\":[\"https:\/\/circuitoangelnieto.com\"],\"url\":\"https:\/\/circuitodejerez.com\/en\/author\/publyland\/\"}]}<\/script>\n<!-- \/ Yoast SEO plugin. -->","yoast_head_json":{"title":"Acuerdo de colaboraci\u00f3n - Circuito de Jerez \u00c1ngel Nieto","robots":{"index":"index","follow":"follow","max-snippet":"max-snippet:-1","max-image-preview":"max-image-preview:large","max-video-preview":"max-video-preview:-1"},"canonical":"https:\/\/circuitodejerez.com\/en\/2023\/10\/25\/acuerdo-de-colaboracion\/","og_locale":"en_GB","og_type":"article","og_title":"Acuerdo de colaboraci\u00f3n - Circuito de Jerez \u00c1ngel Nieto","og_description":"25 de octubre de 2023. En el d\u00eda de hoy ten\u00eda lugar la cesi\u00f3n por parte del Grupo Nimo, responsables","og_url":"https:\/\/circuitodejerez.com\/en\/2023\/10\/25\/acuerdo-de-colaboracion\/","og_site_name":"Circuito de Jerez \u00c1ngel Nieto","article_publisher":"https:\/\/www.facebook.com\/circuitodejerezangelnieto\/","article_published_time":"2023-10-25T17:59:32+00:00","article_modified_time":"2024-01-30T19:02:34+00:00","og_image":[{"width":500,"height":400,"url":"https:\/\/circuitodejerez.com\/wp-content\/uploads\/2024\/01\/noticia_57.jpg","type":"image\/jpeg"}],"author":"publyland","twitter_card":"summary_large_image","twitter_creator":"@circuitodejerez","twitter_site":"@circuitodejerez","twitter_misc":{"Written by":"publyland","Estimated reading time":"1 minute"},"schema":{"@context":"https:\/\/schema.org","@graph":[{"@type":"Article","@id":"https:\/\/circuitodejerez.com\/2023\/10\/25\/acuerdo-de-colaboracion\/#article","isPartOf":{"@id":"https:\/\/circuitodejerez.com\/2023\/10\/25\/acuerdo-de-colaboracion\/"},"author":{"name":"publyland","@id":"https:\/\/circuitodejerez.com\/#\/schema\/person\/7426c66afad35f522814eb06fb2e213a"},"headline":"Acuerdo de colaboraci\u00f3n","datePublished":"2023-10-25T17:59:32+00:00","dateModified":"2024-01-30T19:02:34+00:00","mainEntityOfPage":{"@id":"https:\/\/circuitodejerez.com\/2023\/10\/25\/acuerdo-de-colaboracion\/"},"wordCount":160,"publisher":{"@id":"https:\/\/circuitodejerez.com\/#organization"},"image":{"@id":"https:\/\/circuitodejerez.com\/2023\/10\/25\/acuerdo-de-colaboracion\/#primaryimage"},"thumbnailUrl":"https:\/\/circuitodejerez.com\/wp-content\/uploads\/2024\/01\/noticia_57.jpg","articleSection":["Noticias"],"inLanguage":"en-GB"},{"@type":"WebPage","@id":"https:\/\/circuitodejerez.com\/2023\/10\/25\/acuerdo-de-colaboracion\/","url":"https:\/\/circuitodejerez.com\/2023\/10\/25\/acuerdo-de-colaboracion\/","name":"Acuerdo de colaboraci\u00f3n - Circuito de Jerez \u00c1ngel Nieto","isPartOf":{"@id":"https:\/\/circuitodejerez.com\/#website"},"primaryImageOfPage":{"@id":"https:\/\/circuitodejerez.com\/2023\/10\/25\/acuerdo-de-colaboracion\/#primaryimage"},"image":{"@id":"https:\/\/circuitodejerez.com\/2023\/10\/25\/acuerdo-de-colaboracion\/#primaryimage"},"thumbnailUrl":"https:\/\/circuitodejerez.com\/wp-content\/uploads\/2024\/01\/noticia_57.jpg","datePublished":"2023-10-25T17:59:32+00:00","dateModified":"2024-01-30T19:02:34+00:00","breadcrumb":{"@id":"https:\/\/circuitodejerez.com\/2023\/10\/25\/acuerdo-de-colaboracion\/#breadcrumb"},"inLanguage":"en-GB","potentialAction":[{"@type":"ReadAction","target":["https:\/\/circuitodejerez.com\/2023\/10\/25\/acuerdo-de-colaboracion\/"]}]},{"@type":"ImageObject","inLanguage":"en-GB","@id":"https:\/\/circuitodejerez.com\/2023\/10\/25\/acuerdo-de-colaboracion\/#primaryimage","url":"https:\/\/circuitodejerez.com\/wp-content\/uploads\/2024\/01\/noticia_57.jpg","contentUrl":"https:\/\/circuitodejerez.com\/wp-content\/uploads\/2024\/01\/noticia_57.jpg","width":500,"height":400},{"@type":"BreadcrumbList","@id":"https:\/\/circuitodejerez.com\/2023\/10\/25\/acuerdo-de-colaboracion\/#breadcrumb","itemListElement":[{"@type":"ListItem","position":1,"name":"Portada","item":"https:\/\/circuitodejerez.com\/"},{"@type":"ListItem","position":2,"name":"Acuerdo de colaboraci\u00f3n"}]},{"@type":"WebSite","@id":"https:\/\/circuitodejerez.com\/#website","url":"https:\/\/circuitodejerez.com\/","name":"Circuito de Jerez \u00c1ngel Nieto","description":"Circuito de Jerez \u00c1ngel Nieto","publisher":{"@id":"https:\/\/circuitodejerez.com\/#organization"},"potentialAction":[{"@type":"SearchAction","target":{"@type":"EntryPoint","urlTemplate":"https:\/\/circuitodejerez.com\/?s={search_term_string}"},"query-input":"required name=search_term_string"}],"inLanguage":"en-GB"},{"@type":"Organization","@id":"https:\/\/circuitodejerez.com\/#organization","name":"Circuito de Jerez \u00c1ngel Nieto","url":"https:\/\/circuitodejerez.com\/","logo":{"@type":"ImageObject","inLanguage":"en-GB","@id":"https:\/\/circuitodejerez.com\/#\/schema\/logo\/image\/","url":"https:\/\/circuitodejerez.com\/wp-content\/uploads\/2023\/06\/logo-circuito-jerez.png","contentUrl":"https:\/\/circuitodejerez.com\/wp-content\/uploads\/2023\/06\/logo-circuito-jerez.png","width":556,"height":142,"caption":"Circuito de Jerez \u00c1ngel Nieto"},"image":{"@id":"https:\/\/circuitodejerez.com\/#\/schema\/logo\/image\/"},"sameAs":["https:\/\/www.facebook.com\/circuitodejerezangelnieto\/","https:\/\/x.com\/circuitodejerez","https:\/\/www.instagram.com\/circuito_de_jerez\/?hl=es","https:\/\/www.youtube.com\/user\/cirjesa"]},{"@type":"Person","@id":"https:\/\/circuitodejerez.com\/#\/schema\/person\/7426c66afad35f522814eb06fb2e213a","name":"publyland","sameAs":["https:\/\/circuitoangelnieto.com"],"url":"https:\/\/circuitodejerez.com\/en\/author\/publyland\/"}]}},"_links":{"self":[{"href":"https:\/\/circuitodejerez.com\/en\/wp-json\/wp\/v2\/posts\/35962","targetHints":{"allow":["GET"]}}],"collection":[{"href":"https:\/\/circuitodejerez.com\/en\/wp-json\/wp\/v2\/posts"}],"about":[{"href":"https:\/\/circuitodejerez.com\/en\/wp-json\/wp\/v2\/types\/post"}],"author":[{"embeddable":true,"href":"https:\/\/circuitodejerez.com\/en\/wp-json\/wp\/v2\/users\/1"}],"replies":[{"embeddable":true,"href":"https:\/\/circuitodejerez.com\/en\/wp-json\/wp\/v2\/comments?post=35962"}],"version-history":[{"count":3,"href":"https:\/\/circuitodejerez.com\/en\/wp-json\/wp\/v2\/posts\/35962\/revisions"}],"predecessor-version":[{"id":35965,"href":"https:\/\/circuitodejerez.com\/en\/wp-json\/wp\/v2\/posts\/35962\/revisions\/35965"}],"wp:featuredmedia":[{"embeddable":true,"href":"https:\/\/circuitodejerez.com\/en\/wp-json\/wp\/v2\/media\/35966"}],"wp:attachment":[{"href":"https:\/\/circuitodejerez.com\/en\/wp-json\/wp\/v2\/media?parent=35962"}],"wp:term":[{"taxonomy":"category","embeddable":true,"href":"https:\/\/circuitodejerez.com\/en\/wp-json\/wp\/v2\/categories?post=35962"},{"taxonomy":"post_tag","embeddable":true,"href":"https:\/\/circuitodejerez.com\/en\/wp-json\/wp\/v2\/tags?post=35962"}],"curies":[{"name":"wp","href":"https:\/\/api.w.org\/{rel}","templated":true}]}}