{"id":38131,"date":"2025-03-11T12:57:13","date_gmt":"2025-03-11T11:57:13","guid":{"rendered":"https:\/\/circuitodejerez.com\/2025\/03\/11\/el-proximo-dia-14-se-abre-el-plazo-de-inscripcion-al-i-concurso-de-pintura-mural-circuito-de-jerez-angel-nieto\/"},"modified":"2025-03-11T13:11:11","modified_gmt":"2025-03-11T12:11:11","slug":"el-proximo-dia-14-se-abre-el-plazo-de-inscripcion-al-i-concurso-de-pintura-mural-circuito-de-jerez-angel-nieto","status":"publish","type":"post","link":"https:\/\/circuitodejerez.com\/en\/2025\/03\/11\/el-proximo-dia-14-se-abre-el-plazo-de-inscripcion-al-i-concurso-de-pintura-mural-circuito-de-jerez-angel-nieto\/","title":{"rendered":"Registration Opens on the 14th for the \u20181st Circuito de Jerez-\u00c1ngel Nieto Mural Painting Contest\u2019"},"content":{"rendered":"<p><img loading=\"lazy\" decoding=\"async\" style=\"display:none;\" class=\"alignnone size-medium\" src=\"https:\/\/gestorapp.circuitoangelnieto.com\/\/uploads\/noticias\/noticia_222.jpg\" width=\"600\" height=\"409\" \/>The contest offers significant prizes for the winning projects<\/p>\n<p><b>March 11, 2025<\/b>As part of the scheduled activities to commemorate the 40th Anniversary of the Circuito de Jerez-\u00c1ngel Nieto, included in the program presented to the press on February 18, the circuit is launching the \u20181st Mural Painting Contest\u2019 with the aim of transforming two concrete walls within the facility into artistic expression spaces.<\/p>\n<p>The main objectives of this contest are to promote participation, creativity, and artistic dissemination, offering urban artists specializing in mural painting the opportunity to showcase their work in a highly significant setting within the motorsports world. Given the media exposure of the Circuito de Jerez-\u00c1ngel Nieto, this initiative ensures notable visibility for the selected artworks. Another goal is to enhance and beautify specific areas of the circuit, adding artistic value and turning them into points of interest for visitors and motorsport fans.<\/p>\n<p>The contest is open to individuals or groups over 18 years old of any nationality. Participants must choose between two available options: \n- Option A refers to an exterior wall located along the auxiliary road near Turn 2, with a total surface area of 211.15 square meters. \n-Option B features an interior wall in the passageway leading to the main grandstand, with a total surface area of 50.75 square meters.&nbsp;<\/p>\n<p>The contest theme will focus on the Circuito de Jerez-\u00c1ngel Nieto and motorsport competitions over the past 40 years.<\/p>\n<p>The 1st Circuito de Jerez-\u00c1ngel Nieto Mural Painting Contest offers a cash prize of \u20ac3,000 for the winning project in Option A and \u20ac1,800 for Option B, with applicable taxes deducted from both amounts. A specialized jury appointed by the organizers will evaluate the submitted proposals and issue a final, non-appealable decision. If none of the submissions meet the required artistic quality, the jury reserves the right to declare the contest void. The results will be published on the official Circuito de Jerez-\u00c1ngel Nieto website, and winners will be notified via email.<\/p>\n<p>The submission period for proposals will be from March 14 to March 28, 2025, through an online form available on the Circuito de Jerez website. The official contest rules are available for consultation and download at the following link:<\/p>\n<p><b>Rules of the 1st Circuito de Jerez-\u00c1ngel Nieto Mural Painting Contest:<\/b><br \/><a target=\"_blank\" rel=\"nofollow\" href=\"https:\/\/circuitodejerez.com\/wp-content\/uploads\/2025\/03\/Bases-I-Concurso-Pintura-Mural-Circuito-de-Jerez-Angel-Nieto.pdf\" title=\"Link: https:\/\/circuitodejerez.com\/wp-content\/uploads\/2025\/03\/Bases-I-Concurso-Pintura-Mural-Circuito-de-Jerez-Angel-Nieto.pdf\">https:\/\/circuitodejerez.com\/wp-content\/uploads\/2025\/03\/Bases-I-Concurso-Pintura-Mural-Circuito-de-Je&#8230;<\/a><\/p>\n<p><\/p>","protected":false},"excerpt":{"rendered":"<p>The contest offers significant prizes for the winning projects<\/p>","protected":false},"author":1,"featured_media":38132,"comment_status":"closed","ping_status":"","sticky":false,"template":"","format":"standard","meta":{"footnotes":""},"categories":[2],"tags":[],"class_list":["post-38131","post","type-post","status-publish","format-standard","has-post-thumbnail","hentry","category-noticias"],"yoast_head":"<!-- This site is optimized with the Yoast SEO plugin v22.5 - https:\/\/yoast.com\/wordpress\/plugins\/seo\/ -->\n<title>El pr\u00f3ximo d\u00eda 14 se abre el plazo de inscripci\u00f3n al \u2018I Concurso de Pintura Mural Circuito de Jerez-\u00c1ngel Nieto\u2019 - Circuito de Jerez \u00c1ngel Nieto<\/title>\n<meta name=\"robots\" content=\"index, follow, max-snippet:-1, max-image-preview:large, max-video-preview:-1\" \/>\n<link rel=\"canonical\" href=\"https:\/\/circuitodejerez.com\/en\/2025\/03\/11\/el-proximo-dia-14-se-abre-el-plazo-de-inscripcion-al-i-concurso-de-pintura-mural-circuito-de-jerez-angel-nieto\/\" \/>\n<meta property=\"og:locale\" content=\"en_GB\" \/>\n<meta property=\"og:type\" content=\"article\" \/>\n<meta property=\"og:title\" content=\"El pr\u00f3ximo d\u00eda 14 se abre el plazo de inscripci\u00f3n al \u2018I Concurso de Pintura Mural Circuito de Jerez-\u00c1ngel Nieto\u2019 - Circuito de Jerez \u00c1ngel Nieto\" \/>\n<meta property=\"og:description\" content=\"El concurso est\u00e1 dotado con importantes premios para los proyectos ganadores 11 de marzo de 2025. En el marco de\" \/>\n<meta property=\"og:url\" content=\"https:\/\/circuitodejerez.com\/en\/2025\/03\/11\/el-proximo-dia-14-se-abre-el-plazo-de-inscripcion-al-i-concurso-de-pintura-mural-circuito-de-jerez-angel-nieto\/\" \/>\n<meta property=\"og:site_name\" content=\"Circuito de Jerez \u00c1ngel Nieto\" \/>\n<meta property=\"article:publisher\" content=\"https:\/\/www.facebook.com\/circuitodejerezangelnieto\/\" \/>\n<meta property=\"article:published_time\" content=\"2025-03-11T11:57:13+00:00\" \/>\n<meta property=\"article:modified_time\" content=\"2025-03-11T12:11:11+00:00\" \/>\n<meta property=\"og:image\" content=\"https:\/\/circuitodejerez.com\/wp-content\/uploads\/2025\/03\/noticia_222.jpg\" \/>\n\t<meta property=\"og:image:width\" content=\"500\" \/>\n\t<meta property=\"og:image:height\" content=\"400\" \/>\n\t<meta property=\"og:image:type\" content=\"image\/jpeg\" \/>\n<meta name=\"author\" content=\"publyland\" \/>\n<meta name=\"twitter:card\" content=\"summary_large_image\" \/>\n<meta name=\"twitter:creator\" content=\"@circuitodejerez\" \/>\n<meta name=\"twitter:site\" content=\"@circuitodejerez\" \/>\n<meta name=\"twitter:label1\" content=\"Written by\" \/>\n\t<meta name=\"twitter:data1\" content=\"publyland\" \/>\n\t<meta name=\"twitter:label2\" content=\"Estimated reading time\" \/>\n\t<meta name=\"twitter:data2\" content=\"2 minutes\" \/>\n<script type=\"application\/ld+json\" class=\"yoast-schema-graph\">{\"@context\":\"https:\/\/schema.org\",\"@graph\":[{\"@type\":\"Article\",\"@id\":\"https:\/\/circuitodejerez.com\/2025\/03\/11\/el-proximo-dia-14-se-abre-el-plazo-de-inscripcion-al-i-concurso-de-pintura-mural-circuito-de-jerez-angel-nieto\/#article\",\"isPartOf\":{\"@id\":\"https:\/\/circuitodejerez.com\/2025\/03\/11\/el-proximo-dia-14-se-abre-el-plazo-de-inscripcion-al-i-concurso-de-pintura-mural-circuito-de-jerez-angel-nieto\/\"},\"author\":{\"name\":\"publyland\",\"@id\":\"https:\/\/circuitodejerez.com\/#\/schema\/person\/7426c66afad35f522814eb06fb2e213a\"},\"headline\":\"El pr\u00f3ximo d\u00eda 14 se abre el plazo de inscripci\u00f3n al \u2018I Concurso de Pintura Mural Circuito de Jerez-\u00c1ngel Nieto\u2019\",\"datePublished\":\"2025-03-11T11:57:13+00:00\",\"dateModified\":\"2025-03-11T12:11:11+00:00\",\"mainEntityOfPage\":{\"@id\":\"https:\/\/circuitodejerez.com\/2025\/03\/11\/el-proximo-dia-14-se-abre-el-plazo-de-inscripcion-al-i-concurso-de-pintura-mural-circuito-de-jerez-angel-nieto\/\"},\"wordCount\":522,\"publisher\":{\"@id\":\"https:\/\/circuitodejerez.com\/#organization\"},\"image\":{\"@id\":\"https:\/\/circuitodejerez.com\/2025\/03\/11\/el-proximo-dia-14-se-abre-el-plazo-de-inscripcion-al-i-concurso-de-pintura-mural-circuito-de-jerez-angel-nieto\/#primaryimage\"},\"thumbnailUrl\":\"https:\/\/circuitodejerez.com\/wp-content\/uploads\/2025\/03\/noticia_222.jpg\",\"articleSection\":[\"Noticias\"],\"inLanguage\":\"en-GB\"},{\"@type\":\"WebPage\",\"@id\":\"https:\/\/circuitodejerez.com\/2025\/03\/11\/el-proximo-dia-14-se-abre-el-plazo-de-inscripcion-al-i-concurso-de-pintura-mural-circuito-de-jerez-angel-nieto\/\",\"url\":\"https:\/\/circuitodejerez.com\/2025\/03\/11\/el-proximo-dia-14-se-abre-el-plazo-de-inscripcion-al-i-concurso-de-pintura-mural-circuito-de-jerez-angel-nieto\/\",\"name\":\"El pr\u00f3ximo d\u00eda 14 se abre el plazo de inscripci\u00f3n al \u2018I Concurso de Pintura Mural Circuito de Jerez-\u00c1ngel Nieto\u2019 - Circuito de Jerez \u00c1ngel Nieto\",\"isPartOf\":{\"@id\":\"https:\/\/circuitodejerez.com\/#website\"},\"primaryImageOfPage\":{\"@id\":\"https:\/\/circuitodejerez.com\/2025\/03\/11\/el-proximo-dia-14-se-abre-el-plazo-de-inscripcion-al-i-concurso-de-pintura-mural-circuito-de-jerez-angel-nieto\/#primaryimage\"},\"image\":{\"@id\":\"https:\/\/circuitodejerez.com\/2025\/03\/11\/el-proximo-dia-14-se-abre-el-plazo-de-inscripcion-al-i-concurso-de-pintura-mural-circuito-de-jerez-angel-nieto\/#primaryimage\"},\"thumbnailUrl\":\"https:\/\/circuitodejerez.com\/wp-content\/uploads\/2025\/03\/noticia_222.jpg\",\"datePublished\":\"2025-03-11T11:57:13+00:00\",\"dateModified\":\"2025-03-11T12:11:11+00:00\",\"breadcrumb\":{\"@id\":\"https:\/\/circuitodejerez.com\/2025\/03\/11\/el-proximo-dia-14-se-abre-el-plazo-de-inscripcion-al-i-concurso-de-pintura-mural-circuito-de-jerez-angel-nieto\/#breadcrumb\"},\"inLanguage\":\"en-GB\",\"potentialAction\":[{\"@type\":\"ReadAction\",\"target\":[\"https:\/\/circuitodejerez.com\/2025\/03\/11\/el-proximo-dia-14-se-abre-el-plazo-de-inscripcion-al-i-concurso-de-pintura-mural-circuito-de-jerez-angel-nieto\/\"]}]},{\"@type\":\"ImageObject\",\"inLanguage\":\"en-GB\",\"@id\":\"https:\/\/circuitodejerez.com\/2025\/03\/11\/el-proximo-dia-14-se-abre-el-plazo-de-inscripcion-al-i-concurso-de-pintura-mural-circuito-de-jerez-angel-nieto\/#primaryimage\",\"url\":\"https:\/\/circuitodejerez.com\/wp-content\/uploads\/2025\/03\/noticia_222.jpg\",\"contentUrl\":\"https:\/\/circuitodejerez.com\/wp-content\/uploads\/2025\/03\/noticia_222.jpg\",\"width\":500,\"height\":400},{\"@type\":\"BreadcrumbList\",\"@id\":\"https:\/\/circuitodejerez.com\/2025\/03\/11\/el-proximo-dia-14-se-abre-el-plazo-de-inscripcion-al-i-concurso-de-pintura-mural-circuito-de-jerez-angel-nieto\/#breadcrumb\",\"itemListElement\":[{\"@type\":\"ListItem\",\"position\":1,\"name\":\"Portada\",\"item\":\"https:\/\/circuitodejerez.com\/\"},{\"@type\":\"ListItem\",\"position\":2,\"name\":\"El pr\u00f3ximo d\u00eda 14 se abre el plazo de inscripci\u00f3n al \u2018I Concurso de Pintura Mural Circuito de Jerez-\u00c1ngel Nieto\u2019\"}]},{\"@type\":\"WebSite\",\"@id\":\"https:\/\/circuitodejerez.com\/#website\",\"url\":\"https:\/\/circuitodejerez.com\/\",\"name\":\"Circuito de Jerez \u00c1ngel Nieto\",\"description\":\"Circuito de Jerez \u00c1ngel Nieto\",\"publisher\":{\"@id\":\"https:\/\/circuitodejerez.com\/#organization\"},\"potentialAction\":[{\"@type\":\"SearchAction\",\"target\":{\"@type\":\"EntryPoint\",\"urlTemplate\":\"https:\/\/circuitodejerez.com\/?s={search_term_string}\"},\"query-input\":\"required name=search_term_string\"}],\"inLanguage\":\"en-GB\"},{\"@type\":\"Organization\",\"@id\":\"https:\/\/circuitodejerez.com\/#organization\",\"name\":\"Circuito de Jerez \u00c1ngel Nieto\",\"url\":\"https:\/\/circuitodejerez.com\/\",\"logo\":{\"@type\":\"ImageObject\",\"inLanguage\":\"en-GB\",\"@id\":\"https:\/\/circuitodejerez.com\/#\/schema\/logo\/image\/\",\"url\":\"https:\/\/circuitodejerez.com\/wp-content\/uploads\/2023\/06\/logo-circuito-jerez.png\",\"contentUrl\":\"https:\/\/circuitodejerez.com\/wp-content\/uploads\/2023\/06\/logo-circuito-jerez.png\",\"width\":556,\"height\":142,\"caption\":\"Circuito de Jerez \u00c1ngel Nieto\"},\"image\":{\"@id\":\"https:\/\/circuitodejerez.com\/#\/schema\/logo\/image\/\"},\"sameAs\":[\"https:\/\/www.facebook.com\/circuitodejerezangelnieto\/\",\"https:\/\/x.com\/circuitodejerez\",\"https:\/\/www.instagram.com\/circuito_de_jerez\/?hl=es\",\"https:\/\/www.youtube.com\/user\/cirjesa\"]},{\"@type\":\"Person\",\"@id\":\"https:\/\/circuitodejerez.com\/#\/schema\/person\/7426c66afad35f522814eb06fb2e213a\",\"name\":\"publyland\",\"sameAs\":[\"https:\/\/circuitoangelnieto.com\"],\"url\":\"https:\/\/circuitodejerez.com\/en\/author\/publyland\/\"}]}<\/script>\n<!-- \/ Yoast SEO plugin. -->","yoast_head_json":{"title":"El pr\u00f3ximo d\u00eda 14 se abre el plazo de inscripci\u00f3n al \u2018I Concurso de Pintura Mural Circuito de Jerez-\u00c1ngel Nieto\u2019 - Circuito de Jerez \u00c1ngel Nieto","robots":{"index":"index","follow":"follow","max-snippet":"max-snippet:-1","max-image-preview":"max-image-preview:large","max-video-preview":"max-video-preview:-1"},"canonical":"https:\/\/circuitodejerez.com\/en\/2025\/03\/11\/el-proximo-dia-14-se-abre-el-plazo-de-inscripcion-al-i-concurso-de-pintura-mural-circuito-de-jerez-angel-nieto\/","og_locale":"en_GB","og_type":"article","og_title":"El pr\u00f3ximo d\u00eda 14 se abre el plazo de inscripci\u00f3n al \u2018I Concurso de Pintura Mural Circuito de Jerez-\u00c1ngel Nieto\u2019 - Circuito de Jerez \u00c1ngel Nieto","og_description":"El concurso est\u00e1 dotado con importantes premios para los proyectos ganadores 11 de marzo de 2025. En el marco de","og_url":"https:\/\/circuitodejerez.com\/en\/2025\/03\/11\/el-proximo-dia-14-se-abre-el-plazo-de-inscripcion-al-i-concurso-de-pintura-mural-circuito-de-jerez-angel-nieto\/","og_site_name":"Circuito de Jerez \u00c1ngel Nieto","article_publisher":"https:\/\/www.facebook.com\/circuitodejerezangelnieto\/","article_published_time":"2025-03-11T11:57:13+00:00","article_modified_time":"2025-03-11T12:11:11+00:00","og_image":[{"width":500,"height":400,"url":"https:\/\/circuitodejerez.com\/wp-content\/uploads\/2025\/03\/noticia_222.jpg","type":"image\/jpeg"}],"author":"publyland","twitter_card":"summary_large_image","twitter_creator":"@circuitodejerez","twitter_site":"@circuitodejerez","twitter_misc":{"Written by":"publyland","Estimated reading time":"2 minutes"},"schema":{"@context":"https:\/\/schema.org","@graph":[{"@type":"Article","@id":"https:\/\/circuitodejerez.com\/2025\/03\/11\/el-proximo-dia-14-se-abre-el-plazo-de-inscripcion-al-i-concurso-de-pintura-mural-circuito-de-jerez-angel-nieto\/#article","isPartOf":{"@id":"https:\/\/circuitodejerez.com\/2025\/03\/11\/el-proximo-dia-14-se-abre-el-plazo-de-inscripcion-al-i-concurso-de-pintura-mural-circuito-de-jerez-angel-nieto\/"},"author":{"name":"publyland","@id":"https:\/\/circuitodejerez.com\/#\/schema\/person\/7426c66afad35f522814eb06fb2e213a"},"headline":"El pr\u00f3ximo d\u00eda 14 se abre el plazo de inscripci\u00f3n al \u2018I Concurso de Pintura Mural Circuito de Jerez-\u00c1ngel Nieto\u2019","datePublished":"2025-03-11T11:57:13+00:00","dateModified":"2025-03-11T12:11:11+00:00","mainEntityOfPage":{"@id":"https:\/\/circuitodejerez.com\/2025\/03\/11\/el-proximo-dia-14-se-abre-el-plazo-de-inscripcion-al-i-concurso-de-pintura-mural-circuito-de-jerez-angel-nieto\/"},"wordCount":522,"publisher":{"@id":"https:\/\/circuitodejerez.com\/#organization"},"image":{"@id":"https:\/\/circuitodejerez.com\/2025\/03\/11\/el-proximo-dia-14-se-abre-el-plazo-de-inscripcion-al-i-concurso-de-pintura-mural-circuito-de-jerez-angel-nieto\/#primaryimage"},"thumbnailUrl":"https:\/\/circuitodejerez.com\/wp-content\/uploads\/2025\/03\/noticia_222.jpg","articleSection":["Noticias"],"inLanguage":"en-GB"},{"@type":"WebPage","@id":"https:\/\/circuitodejerez.com\/2025\/03\/11\/el-proximo-dia-14-se-abre-el-plazo-de-inscripcion-al-i-concurso-de-pintura-mural-circuito-de-jerez-angel-nieto\/","url":"https:\/\/circuitodejerez.com\/2025\/03\/11\/el-proximo-dia-14-se-abre-el-plazo-de-inscripcion-al-i-concurso-de-pintura-mural-circuito-de-jerez-angel-nieto\/","name":"El pr\u00f3ximo d\u00eda 14 se abre el plazo de inscripci\u00f3n al \u2018I Concurso de Pintura Mural Circuito de Jerez-\u00c1ngel Nieto\u2019 - Circuito de Jerez \u00c1ngel Nieto","isPartOf":{"@id":"https:\/\/circuitodejerez.com\/#website"},"primaryImageOfPage":{"@id":"https:\/\/circuitodejerez.com\/2025\/03\/11\/el-proximo-dia-14-se-abre-el-plazo-de-inscripcion-al-i-concurso-de-pintura-mural-circuito-de-jerez-angel-nieto\/#primaryimage"},"image":{"@id":"https:\/\/circuitodejerez.com\/2025\/03\/11\/el-proximo-dia-14-se-abre-el-plazo-de-inscripcion-al-i-concurso-de-pintura-mural-circuito-de-jerez-angel-nieto\/#primaryimage"},"thumbnailUrl":"https:\/\/circuitodejerez.com\/wp-content\/uploads\/2025\/03\/noticia_222.jpg","datePublished":"2025-03-11T11:57:13+00:00","dateModified":"2025-03-11T12:11:11+00:00","breadcrumb":{"@id":"https:\/\/circuitodejerez.com\/2025\/03\/11\/el-proximo-dia-14-se-abre-el-plazo-de-inscripcion-al-i-concurso-de-pintura-mural-circuito-de-jerez-angel-nieto\/#breadcrumb"},"inLanguage":"en-GB","potentialAction":[{"@type":"ReadAction","target":["https:\/\/circuitodejerez.com\/2025\/03\/11\/el-proximo-dia-14-se-abre-el-plazo-de-inscripcion-al-i-concurso-de-pintura-mural-circuito-de-jerez-angel-nieto\/"]}]},{"@type":"ImageObject","inLanguage":"en-GB","@id":"https:\/\/circuitodejerez.com\/2025\/03\/11\/el-proximo-dia-14-se-abre-el-plazo-de-inscripcion-al-i-concurso-de-pintura-mural-circuito-de-jerez-angel-nieto\/#primaryimage","url":"https:\/\/circuitodejerez.com\/wp-content\/uploads\/2025\/03\/noticia_222.jpg","contentUrl":"https:\/\/circuitodejerez.com\/wp-content\/uploads\/2025\/03\/noticia_222.jpg","width":500,"height":400},{"@type":"BreadcrumbList","@id":"https:\/\/circuitodejerez.com\/2025\/03\/11\/el-proximo-dia-14-se-abre-el-plazo-de-inscripcion-al-i-concurso-de-pintura-mural-circuito-de-jerez-angel-nieto\/#breadcrumb","itemListElement":[{"@type":"ListItem","position":1,"name":"Portada","item":"https:\/\/circuitodejerez.com\/"},{"@type":"ListItem","position":2,"name":"El pr\u00f3ximo d\u00eda 14 se abre el plazo de inscripci\u00f3n al \u2018I Concurso de Pintura Mural Circuito de Jerez-\u00c1ngel Nieto\u2019"}]},{"@type":"WebSite","@id":"https:\/\/circuitodejerez.com\/#website","url":"https:\/\/circuitodejerez.com\/","name":"Circuito de Jerez \u00c1ngel Nieto","description":"Circuito de Jerez \u00c1ngel Nieto","publisher":{"@id":"https:\/\/circuitodejerez.com\/#organization"},"potentialAction":[{"@type":"SearchAction","target":{"@type":"EntryPoint","urlTemplate":"https:\/\/circuitodejerez.com\/?s={search_term_string}"},"query-input":"required name=search_term_string"}],"inLanguage":"en-GB"},{"@type":"Organization","@id":"https:\/\/circuitodejerez.com\/#organization","name":"Circuito de Jerez \u00c1ngel Nieto","url":"https:\/\/circuitodejerez.com\/","logo":{"@type":"ImageObject","inLanguage":"en-GB","@id":"https:\/\/circuitodejerez.com\/#\/schema\/logo\/image\/","url":"https:\/\/circuitodejerez.com\/wp-content\/uploads\/2023\/06\/logo-circuito-jerez.png","contentUrl":"https:\/\/circuitodejerez.com\/wp-content\/uploads\/2023\/06\/logo-circuito-jerez.png","width":556,"height":142,"caption":"Circuito de Jerez \u00c1ngel Nieto"},"image":{"@id":"https:\/\/circuitodejerez.com\/#\/schema\/logo\/image\/"},"sameAs":["https:\/\/www.facebook.com\/circuitodejerezangelnieto\/","https:\/\/x.com\/circuitodejerez","https:\/\/www.instagram.com\/circuito_de_jerez\/?hl=es","https:\/\/www.youtube.com\/user\/cirjesa"]},{"@type":"Person","@id":"https:\/\/circuitodejerez.com\/#\/schema\/person\/7426c66afad35f522814eb06fb2e213a","name":"publyland","sameAs":["https:\/\/circuitoangelnieto.com"],"url":"https:\/\/circuitodejerez.com\/en\/author\/publyland\/"}]}},"_links":{"self":[{"href":"https:\/\/circuitodejerez.com\/en\/wp-json\/wp\/v2\/posts\/38131","targetHints":{"allow":["GET"]}}],"collection":[{"href":"https:\/\/circuitodejerez.com\/en\/wp-json\/wp\/v2\/posts"}],"about":[{"href":"https:\/\/circuitodejerez.com\/en\/wp-json\/wp\/v2\/types\/post"}],"author":[{"embeddable":true,"href":"https:\/\/circuitodejerez.com\/en\/wp-json\/wp\/v2\/users\/1"}],"replies":[{"embeddable":true,"href":"https:\/\/circuitodejerez.com\/en\/wp-json\/wp\/v2\/comments?post=38131"}],"version-history":[{"count":2,"href":"https:\/\/circuitodejerez.com\/en\/wp-json\/wp\/v2\/posts\/38131\/revisions"}],"predecessor-version":[{"id":38134,"href":"https:\/\/circuitodejerez.com\/en\/wp-json\/wp\/v2\/posts\/38131\/revisions\/38134"}],"wp:featuredmedia":[{"embeddable":true,"href":"https:\/\/circuitodejerez.com\/en\/wp-json\/wp\/v2\/media\/38132"}],"wp:attachment":[{"href":"https:\/\/circuitodejerez.com\/en\/wp-json\/wp\/v2\/media?parent=38131"}],"wp:term":[{"taxonomy":"category","embeddable":true,"href":"https:\/\/circuitodejerez.com\/en\/wp-json\/wp\/v2\/categories?post=38131"},{"taxonomy":"post_tag","embeddable":true,"href":"https:\/\/circuitodejerez.com\/en\/wp-json\/wp\/v2\/tags?post=38131"}],"curies":[{"name":"wp","href":"https:\/\/api.w.org\/{rel}","templated":true}]}}