{"id":38161,"date":"2025-03-25T14:47:38","date_gmt":"2025-03-25T13:47:38","guid":{"rendered":"https:\/\/circuitodejerez.com\/2025\/03\/25\/la-alcaldesa-destaca-el-incremento-previsto-de-asistentes-al-gran-premio-en-la-junta-local-de-seguridad-de-semana-santa-mundial-de-motociclismo-y-feria-del-caballo\/"},"modified":"2025-03-25T14:47:40","modified_gmt":"2025-03-25T13:47:40","slug":"la-alcaldesa-destaca-el-incremento-previsto-de-asistentes-al-gran-premio-en-la-junta-local-de-seguridad-de-semana-santa-mundial-de-motociclismo-y-feria-del-caballo","status":"publish","type":"post","link":"https:\/\/circuitodejerez.com\/en\/2025\/03\/25\/la-alcaldesa-destaca-el-incremento-previsto-de-asistentes-al-gran-premio-en-la-junta-local-de-seguridad-de-semana-santa-mundial-de-motociclismo-y-feria-del-caballo\/","title":{"rendered":"The Mayor Highlights the Expected Increase in Attendees at the Grand Prix During the Local Security Board Meeting for Holy Week, the Motorcycle World Championship, and the Horse Fair"},"content":{"rendered":"<p><img loading=\"lazy\" decoding=\"async\" style=\"display:none;\" class=\"alignnone size-medium\" src=\"https:\/\/gestorapp.circuitoangelnieto.com\/\/uploads\/noticias\/noticia_223.jpg\" width=\"600\" height=\"409\" \/>Mar\u00eda Jos\u00e9 Garc\u00eda-Pelayo has expressed her gratitude for \"the coordination between administrations to ensure an effective and timely response to incidents\" and has informed that this year, delays in access to the Circuit are expected, emphasizing the importance of arriving earlier to the circuit area.<\/p>\n<p>The City Council will set up a 2,000-space parking lot at the Cacharritos-Feria esplanade, with continuous shuttle bus lines to the Circuit. Additionally, Cirjesa will launch a new parking lot near the Circuit, with spaces going on sale in the coming days on the circuit's website.<\/p>\n<p><b>March 25, 2025<\/b> The Mayor of Jerez, Mar\u00eda Jos\u00e9 Garc\u00eda-Pelayo, presided over the Local Security Board for Holy Week, the Spanish Motorcycle Grand Prix, and the Horse Fair 2025, alongside Blanca Flores, the Government Deputy Representative, at the City Hall's plenary hall. Accompanying the mayor were Deputy Mayors Agust\u00edn Mu\u00f1oz, Jaime Espinar, and Jos\u00e9 Ignacio Mart\u00ednez, as well as delegates Francisco Zurita and Jos\u00e9 \u00c1ngel Aparicio.<\/p>\n<p>The session was attended by commanders from the Local Police, National Police, Civil Guard, Traffic Division, Fire Department, Civil Protection, Emergency Services 112, C\u00e1diz Provincial Council, and the Red Cross, along with the Union of Brotherhoods (regarding Holy Week) and representatives from the Circuito de Jerez (for the Motorcycle World Championship). After the Technical Table for Holy Week was held at the Local Police Headquarters, Technical Meetings for the Motorcycle World Championship and the Horse Fair will take place in the coming days to finalize operational plans agreed upon in the Security Board.<\/p>\n<p>The mayor thanked all the officials involved, stating: \n\"We appreciate the coordination between all administrations to resolve incidents in the most effective and immediate manner, thanks to the great professionalism of security forces and the technical teams of the various areas and entities involved.\"<\/p>\n<p>\u201cThese events almost overlap in terms of organization,\u201d Garc\u00eda-Pelayo pointed out. \n \"For example, the MotoGP festivities in the urban center will move to Alameda Vieja, as the seating stands will likely still be in the process of being dismantled.\"<\/p>\n<p>Discussions also covered security aspects for Holy Week in both urban and rural areas, as well as the Horse Fair's organization. However, the main focus was the Spanish Motorcycle Grand Prix (April 25-27), as traffic flow and accessibility are the biggest concerns.<\/p>\n<p>The Circuito de Jerez has a capacity of 85,000 spectators, and as of Monday, 60,740 tickets had been sold, compared to 44,868 at the same time last year\u2014an estimated increase of 15,000 to 18,000 more attendees.<\/p>\n<p><b><br \/><\/b><\/p>\n<p><b>Increased Attendance Expected \u2013 Arrive Earlier to the Circuit <\/b><\/p>\n<p>The mayor emphasized that all communication channels, including social media and the Circuit\u2019s official platforms, will be used to warn attendees about expected delays and encourage an early and staggered arrival.<\/p>\n<p>A new regulated parking lot will debut this year at the Circuit: \n- Previously, this area was an unorganized dirt lot with no marked spaces or emergency access. \n- Now, it has been properly structured into a paid parking lot, with proceeds covering Cirjesa's investment in the improvements.<br \/>Access will be managed by a company specializing in major events, such as Formula 1 and other Grand Prix events. The mayor explained: \n\"If we want a modern circuit, we need modern parking facilities, as seen in other top-tier circuits. This new regulated parking lot is a major improvement, and I thank the Civil Guard and Local Police for their efforts in managing this new challenge.\"<\/p>\n<p>The 6,000 parking spaces will be available for purchase via the Circuito de Jerez website. \n Reservations will be made through a link, where users can pay and receive a QR code for access. Backup spaces will also be reserved in case the free motorcycle parking (Lot C) fills up. \n- With these measures, there will be enough space to accommodate the additional 4,000 motorcycles and 4,000 vehicles expected this year.<\/p>\n<p>\u201cThe real challenge is not the parking capacity but the access roads. Travel time from the city center to the Circuit, which is normally 40 minutes, will be longer this year, so we urge attendees to arrive earlier and in a staggered manner.\u201d<\/p>\n<p>To ease congestion, the City Council will open a new 2,000-space parking lot for cars and RVs at Cacharritos-Feria and a secondary lot near Chap\u00edn Stadium. \n- From these locations, continuous shuttle buses will transport attendees to and from the Circuit.<\/p>\n<p>The mayor assured that road repairs due to recent March storms will be completed in time for the event. \n\"We will have all necessary police resources, including our upgraded Local Police drone unit, making this year\u2019s operation even more advanced.\"<\/p>\n<p>The mayor guaranteed that no healthcare resources will be diverted from other towns to handle these large events. \nThe Government Deputy Representative, Blanca Flores, highlighted the importance of coordination between law enforcement, the City Council, and the Circuit.&nbsp;<\/p>\n<p>For the Spanish Grand Prix, authorities expect 488,000 total vehicle movements and will deploy: \n- 700 National Police officers \n- 1,800 Civil Guard agents \n- 288 Civil Guard Traffic Division officers \n\nThis extensive security and logistics plan aims to ensure smooth operations during one of the biggest sporting events in Spain.<\/p>\n<p><\/p>","protected":false},"excerpt":{"rendered":"<p>Mar\u00eda Jos\u00e9 Garc\u00eda-Pelayo has expressed her gratitude for \"the coordination between administrations to ensure an effective and timely response<\/p>","protected":false},"author":1,"featured_media":38162,"comment_status":"closed","ping_status":"","sticky":false,"template":"","format":"standard","meta":{"footnotes":""},"categories":[2],"tags":[],"class_list":["post-38161","post","type-post","status-publish","format-standard","has-post-thumbnail","hentry","category-noticias"],"yoast_head":"<!-- This site is optimized with the Yoast SEO plugin v22.5 - https:\/\/yoast.com\/wordpress\/plugins\/seo\/ -->\n<title>La alcaldesa destaca el incremento previsto de asistentes al Gran Premio en la Junta Local de Seguridad de Semana Santa, Mundial de Motociclismo y Feria del Caballo - Circuito de Jerez \u00c1ngel Nieto<\/title>\n<meta name=\"robots\" content=\"index, follow, max-snippet:-1, max-image-preview:large, max-video-preview:-1\" \/>\n<link rel=\"canonical\" href=\"https:\/\/circuitodejerez.com\/en\/2025\/03\/25\/la-alcaldesa-destaca-el-incremento-previsto-de-asistentes-al-gran-premio-en-la-junta-local-de-seguridad-de-semana-santa-mundial-de-motociclismo-y-feria-del-caballo\/\" \/>\n<meta property=\"og:locale\" content=\"en_GB\" \/>\n<meta property=\"og:type\" content=\"article\" \/>\n<meta property=\"og:title\" content=\"La alcaldesa destaca el incremento previsto de asistentes al Gran Premio en la Junta Local de Seguridad de Semana Santa, Mundial de Motociclismo y Feria del Caballo - Circuito de Jerez \u00c1ngel Nieto\" \/>\n<meta property=\"og:description\" content=\"Mar\u00eda Jos\u00e9 Garc\u00eda-Pelayo ha agradecido \u201cla coordinaci\u00f3n entre las administraciones para coordinar los dispositivos de respuesta eficaz y en el\" \/>\n<meta property=\"og:url\" content=\"https:\/\/circuitodejerez.com\/en\/2025\/03\/25\/la-alcaldesa-destaca-el-incremento-previsto-de-asistentes-al-gran-premio-en-la-junta-local-de-seguridad-de-semana-santa-mundial-de-motociclismo-y-feria-del-caballo\/\" \/>\n<meta property=\"og:site_name\" content=\"Circuito de Jerez \u00c1ngel Nieto\" \/>\n<meta property=\"article:publisher\" content=\"https:\/\/www.facebook.com\/circuitodejerezangelnieto\/\" \/>\n<meta property=\"article:published_time\" content=\"2025-03-25T13:47:38+00:00\" \/>\n<meta property=\"article:modified_time\" content=\"2025-03-25T13:47:40+00:00\" \/>\n<meta property=\"og:image\" content=\"https:\/\/gestorapp.circuitoangelnieto.com\/\/uploads\/noticias\/noticia_223.jpg\" \/>\n<meta name=\"author\" content=\"publyland\" \/>\n<meta name=\"twitter:card\" content=\"summary_large_image\" \/>\n<meta name=\"twitter:creator\" content=\"@circuitodejerez\" \/>\n<meta name=\"twitter:site\" content=\"@circuitodejerez\" \/>\n<meta name=\"twitter:label1\" content=\"Written by\" \/>\n\t<meta name=\"twitter:data1\" content=\"publyland\" \/>\n\t<meta name=\"twitter:label2\" content=\"Estimated reading time\" \/>\n\t<meta name=\"twitter:data2\" content=\"7 minutes\" \/>\n<script type=\"application\/ld+json\" class=\"yoast-schema-graph\">{\"@context\":\"https:\/\/schema.org\",\"@graph\":[{\"@type\":\"Article\",\"@id\":\"https:\/\/circuitodejerez.com\/2025\/03\/25\/la-alcaldesa-destaca-el-incremento-previsto-de-asistentes-al-gran-premio-en-la-junta-local-de-seguridad-de-semana-santa-mundial-de-motociclismo-y-feria-del-caballo\/#article\",\"isPartOf\":{\"@id\":\"https:\/\/circuitodejerez.com\/2025\/03\/25\/la-alcaldesa-destaca-el-incremento-previsto-de-asistentes-al-gran-premio-en-la-junta-local-de-seguridad-de-semana-santa-mundial-de-motociclismo-y-feria-del-caballo\/\"},\"author\":{\"name\":\"publyland\",\"@id\":\"https:\/\/circuitodejerez.com\/#\/schema\/person\/7426c66afad35f522814eb06fb2e213a\"},\"headline\":\"La alcaldesa destaca el incremento previsto de asistentes al Gran Premio en la Junta Local de Seguridad de Semana Santa, Mundial de Motociclismo y Feria del Caballo\",\"datePublished\":\"2025-03-25T13:47:38+00:00\",\"dateModified\":\"2025-03-25T13:47:40+00:00\",\"mainEntityOfPage\":{\"@id\":\"https:\/\/circuitodejerez.com\/2025\/03\/25\/la-alcaldesa-destaca-el-incremento-previsto-de-asistentes-al-gran-premio-en-la-junta-local-de-seguridad-de-semana-santa-mundial-de-motociclismo-y-feria-del-caballo\/\"},\"wordCount\":1336,\"publisher\":{\"@id\":\"https:\/\/circuitodejerez.com\/#organization\"},\"image\":{\"@id\":\"https:\/\/circuitodejerez.com\/2025\/03\/25\/la-alcaldesa-destaca-el-incremento-previsto-de-asistentes-al-gran-premio-en-la-junta-local-de-seguridad-de-semana-santa-mundial-de-motociclismo-y-feria-del-caballo\/#primaryimage\"},\"thumbnailUrl\":\"https:\/\/circuitodejerez.com\/wp-content\/uploads\/2025\/03\/noticia_223.jpg\",\"articleSection\":[\"Noticias\"],\"inLanguage\":\"en-GB\"},{\"@type\":\"WebPage\",\"@id\":\"https:\/\/circuitodejerez.com\/2025\/03\/25\/la-alcaldesa-destaca-el-incremento-previsto-de-asistentes-al-gran-premio-en-la-junta-local-de-seguridad-de-semana-santa-mundial-de-motociclismo-y-feria-del-caballo\/\",\"url\":\"https:\/\/circuitodejerez.com\/2025\/03\/25\/la-alcaldesa-destaca-el-incremento-previsto-de-asistentes-al-gran-premio-en-la-junta-local-de-seguridad-de-semana-santa-mundial-de-motociclismo-y-feria-del-caballo\/\",\"name\":\"La alcaldesa destaca el incremento previsto de asistentes al Gran Premio en la Junta Local de Seguridad de Semana Santa, Mundial de Motociclismo y Feria del Caballo - Circuito de Jerez \u00c1ngel Nieto\",\"isPartOf\":{\"@id\":\"https:\/\/circuitodejerez.com\/#website\"},\"primaryImageOfPage\":{\"@id\":\"https:\/\/circuitodejerez.com\/2025\/03\/25\/la-alcaldesa-destaca-el-incremento-previsto-de-asistentes-al-gran-premio-en-la-junta-local-de-seguridad-de-semana-santa-mundial-de-motociclismo-y-feria-del-caballo\/#primaryimage\"},\"image\":{\"@id\":\"https:\/\/circuitodejerez.com\/2025\/03\/25\/la-alcaldesa-destaca-el-incremento-previsto-de-asistentes-al-gran-premio-en-la-junta-local-de-seguridad-de-semana-santa-mundial-de-motociclismo-y-feria-del-caballo\/#primaryimage\"},\"thumbnailUrl\":\"https:\/\/circuitodejerez.com\/wp-content\/uploads\/2025\/03\/noticia_223.jpg\",\"datePublished\":\"2025-03-25T13:47:38+00:00\",\"dateModified\":\"2025-03-25T13:47:40+00:00\",\"breadcrumb\":{\"@id\":\"https:\/\/circuitodejerez.com\/2025\/03\/25\/la-alcaldesa-destaca-el-incremento-previsto-de-asistentes-al-gran-premio-en-la-junta-local-de-seguridad-de-semana-santa-mundial-de-motociclismo-y-feria-del-caballo\/#breadcrumb\"},\"inLanguage\":\"en-GB\",\"potentialAction\":[{\"@type\":\"ReadAction\",\"target\":[\"https:\/\/circuitodejerez.com\/2025\/03\/25\/la-alcaldesa-destaca-el-incremento-previsto-de-asistentes-al-gran-premio-en-la-junta-local-de-seguridad-de-semana-santa-mundial-de-motociclismo-y-feria-del-caballo\/\"]}]},{\"@type\":\"ImageObject\",\"inLanguage\":\"en-GB\",\"@id\":\"https:\/\/circuitodejerez.com\/2025\/03\/25\/la-alcaldesa-destaca-el-incremento-previsto-de-asistentes-al-gran-premio-en-la-junta-local-de-seguridad-de-semana-santa-mundial-de-motociclismo-y-feria-del-caballo\/#primaryimage\",\"url\":\"https:\/\/circuitodejerez.com\/wp-content\/uploads\/2025\/03\/noticia_223.jpg\",\"contentUrl\":\"https:\/\/circuitodejerez.com\/wp-content\/uploads\/2025\/03\/noticia_223.jpg\",\"width\":500,\"height\":400},{\"@type\":\"BreadcrumbList\",\"@id\":\"https:\/\/circuitodejerez.com\/2025\/03\/25\/la-alcaldesa-destaca-el-incremento-previsto-de-asistentes-al-gran-premio-en-la-junta-local-de-seguridad-de-semana-santa-mundial-de-motociclismo-y-feria-del-caballo\/#breadcrumb\",\"itemListElement\":[{\"@type\":\"ListItem\",\"position\":1,\"name\":\"Portada\",\"item\":\"https:\/\/circuitodejerez.com\/\"},{\"@type\":\"ListItem\",\"position\":2,\"name\":\"La alcaldesa destaca el incremento previsto de asistentes al Gran Premio en la Junta Local de Seguridad de Semana Santa, Mundial de Motociclismo y Feria del Caballo\"}]},{\"@type\":\"WebSite\",\"@id\":\"https:\/\/circuitodejerez.com\/#website\",\"url\":\"https:\/\/circuitodejerez.com\/\",\"name\":\"Circuito de Jerez \u00c1ngel Nieto\",\"description\":\"Circuito de Jerez \u00c1ngel Nieto\",\"publisher\":{\"@id\":\"https:\/\/circuitodejerez.com\/#organization\"},\"potentialAction\":[{\"@type\":\"SearchAction\",\"target\":{\"@type\":\"EntryPoint\",\"urlTemplate\":\"https:\/\/circuitodejerez.com\/?s={search_term_string}\"},\"query-input\":\"required name=search_term_string\"}],\"inLanguage\":\"en-GB\"},{\"@type\":\"Organization\",\"@id\":\"https:\/\/circuitodejerez.com\/#organization\",\"name\":\"Circuito de Jerez \u00c1ngel Nieto\",\"url\":\"https:\/\/circuitodejerez.com\/\",\"logo\":{\"@type\":\"ImageObject\",\"inLanguage\":\"en-GB\",\"@id\":\"https:\/\/circuitodejerez.com\/#\/schema\/logo\/image\/\",\"url\":\"https:\/\/circuitodejerez.com\/wp-content\/uploads\/2023\/06\/logo-circuito-jerez.png\",\"contentUrl\":\"https:\/\/circuitodejerez.com\/wp-content\/uploads\/2023\/06\/logo-circuito-jerez.png\",\"width\":556,\"height\":142,\"caption\":\"Circuito de Jerez \u00c1ngel Nieto\"},\"image\":{\"@id\":\"https:\/\/circuitodejerez.com\/#\/schema\/logo\/image\/\"},\"sameAs\":[\"https:\/\/www.facebook.com\/circuitodejerezangelnieto\/\",\"https:\/\/x.com\/circuitodejerez\",\"https:\/\/www.instagram.com\/circuito_de_jerez\/?hl=es\",\"https:\/\/www.youtube.com\/user\/cirjesa\"]},{\"@type\":\"Person\",\"@id\":\"https:\/\/circuitodejerez.com\/#\/schema\/person\/7426c66afad35f522814eb06fb2e213a\",\"name\":\"publyland\",\"sameAs\":[\"https:\/\/circuitoangelnieto.com\"],\"url\":\"https:\/\/circuitodejerez.com\/en\/author\/publyland\/\"}]}<\/script>\n<!-- \/ Yoast SEO plugin. -->","yoast_head_json":{"title":"La alcaldesa destaca el incremento previsto de asistentes al Gran Premio en la Junta Local de Seguridad de Semana Santa, Mundial de Motociclismo y Feria del Caballo - Circuito de Jerez \u00c1ngel Nieto","robots":{"index":"index","follow":"follow","max-snippet":"max-snippet:-1","max-image-preview":"max-image-preview:large","max-video-preview":"max-video-preview:-1"},"canonical":"https:\/\/circuitodejerez.com\/en\/2025\/03\/25\/la-alcaldesa-destaca-el-incremento-previsto-de-asistentes-al-gran-premio-en-la-junta-local-de-seguridad-de-semana-santa-mundial-de-motociclismo-y-feria-del-caballo\/","og_locale":"en_GB","og_type":"article","og_title":"La alcaldesa destaca el incremento previsto de asistentes al Gran Premio en la Junta Local de Seguridad de Semana Santa, Mundial de Motociclismo y Feria del Caballo - Circuito de Jerez \u00c1ngel Nieto","og_description":"Mar\u00eda Jos\u00e9 Garc\u00eda-Pelayo ha agradecido \u201cla coordinaci\u00f3n entre las administraciones para coordinar los dispositivos de respuesta eficaz y en el","og_url":"https:\/\/circuitodejerez.com\/en\/2025\/03\/25\/la-alcaldesa-destaca-el-incremento-previsto-de-asistentes-al-gran-premio-en-la-junta-local-de-seguridad-de-semana-santa-mundial-de-motociclismo-y-feria-del-caballo\/","og_site_name":"Circuito de Jerez \u00c1ngel Nieto","article_publisher":"https:\/\/www.facebook.com\/circuitodejerezangelnieto\/","article_published_time":"2025-03-25T13:47:38+00:00","article_modified_time":"2025-03-25T13:47:40+00:00","og_image":[{"url":"https:\/\/gestorapp.circuitoangelnieto.com\/\/uploads\/noticias\/noticia_223.jpg"}],"author":"publyland","twitter_card":"summary_large_image","twitter_creator":"@circuitodejerez","twitter_site":"@circuitodejerez","twitter_misc":{"Written by":"publyland","Estimated reading time":"7 minutes"},"schema":{"@context":"https:\/\/schema.org","@graph":[{"@type":"Article","@id":"https:\/\/circuitodejerez.com\/2025\/03\/25\/la-alcaldesa-destaca-el-incremento-previsto-de-asistentes-al-gran-premio-en-la-junta-local-de-seguridad-de-semana-santa-mundial-de-motociclismo-y-feria-del-caballo\/#article","isPartOf":{"@id":"https:\/\/circuitodejerez.com\/2025\/03\/25\/la-alcaldesa-destaca-el-incremento-previsto-de-asistentes-al-gran-premio-en-la-junta-local-de-seguridad-de-semana-santa-mundial-de-motociclismo-y-feria-del-caballo\/"},"author":{"name":"publyland","@id":"https:\/\/circuitodejerez.com\/#\/schema\/person\/7426c66afad35f522814eb06fb2e213a"},"headline":"La alcaldesa destaca el incremento previsto de asistentes al Gran Premio en la Junta Local de Seguridad de Semana Santa, Mundial de Motociclismo y Feria del Caballo","datePublished":"2025-03-25T13:47:38+00:00","dateModified":"2025-03-25T13:47:40+00:00","mainEntityOfPage":{"@id":"https:\/\/circuitodejerez.com\/2025\/03\/25\/la-alcaldesa-destaca-el-incremento-previsto-de-asistentes-al-gran-premio-en-la-junta-local-de-seguridad-de-semana-santa-mundial-de-motociclismo-y-feria-del-caballo\/"},"wordCount":1336,"publisher":{"@id":"https:\/\/circuitodejerez.com\/#organization"},"image":{"@id":"https:\/\/circuitodejerez.com\/2025\/03\/25\/la-alcaldesa-destaca-el-incremento-previsto-de-asistentes-al-gran-premio-en-la-junta-local-de-seguridad-de-semana-santa-mundial-de-motociclismo-y-feria-del-caballo\/#primaryimage"},"thumbnailUrl":"https:\/\/circuitodejerez.com\/wp-content\/uploads\/2025\/03\/noticia_223.jpg","articleSection":["Noticias"],"inLanguage":"en-GB"},{"@type":"WebPage","@id":"https:\/\/circuitodejerez.com\/2025\/03\/25\/la-alcaldesa-destaca-el-incremento-previsto-de-asistentes-al-gran-premio-en-la-junta-local-de-seguridad-de-semana-santa-mundial-de-motociclismo-y-feria-del-caballo\/","url":"https:\/\/circuitodejerez.com\/2025\/03\/25\/la-alcaldesa-destaca-el-incremento-previsto-de-asistentes-al-gran-premio-en-la-junta-local-de-seguridad-de-semana-santa-mundial-de-motociclismo-y-feria-del-caballo\/","name":"La alcaldesa destaca el incremento previsto de asistentes al Gran Premio en la Junta Local de Seguridad de Semana Santa, Mundial de Motociclismo y Feria del Caballo - Circuito de Jerez \u00c1ngel Nieto","isPartOf":{"@id":"https:\/\/circuitodejerez.com\/#website"},"primaryImageOfPage":{"@id":"https:\/\/circuitodejerez.com\/2025\/03\/25\/la-alcaldesa-destaca-el-incremento-previsto-de-asistentes-al-gran-premio-en-la-junta-local-de-seguridad-de-semana-santa-mundial-de-motociclismo-y-feria-del-caballo\/#primaryimage"},"image":{"@id":"https:\/\/circuitodejerez.com\/2025\/03\/25\/la-alcaldesa-destaca-el-incremento-previsto-de-asistentes-al-gran-premio-en-la-junta-local-de-seguridad-de-semana-santa-mundial-de-motociclismo-y-feria-del-caballo\/#primaryimage"},"thumbnailUrl":"https:\/\/circuitodejerez.com\/wp-content\/uploads\/2025\/03\/noticia_223.jpg","datePublished":"2025-03-25T13:47:38+00:00","dateModified":"2025-03-25T13:47:40+00:00","breadcrumb":{"@id":"https:\/\/circuitodejerez.com\/2025\/03\/25\/la-alcaldesa-destaca-el-incremento-previsto-de-asistentes-al-gran-premio-en-la-junta-local-de-seguridad-de-semana-santa-mundial-de-motociclismo-y-feria-del-caballo\/#breadcrumb"},"inLanguage":"en-GB","potentialAction":[{"@type":"ReadAction","target":["https:\/\/circuitodejerez.com\/2025\/03\/25\/la-alcaldesa-destaca-el-incremento-previsto-de-asistentes-al-gran-premio-en-la-junta-local-de-seguridad-de-semana-santa-mundial-de-motociclismo-y-feria-del-caballo\/"]}]},{"@type":"ImageObject","inLanguage":"en-GB","@id":"https:\/\/circuitodejerez.com\/2025\/03\/25\/la-alcaldesa-destaca-el-incremento-previsto-de-asistentes-al-gran-premio-en-la-junta-local-de-seguridad-de-semana-santa-mundial-de-motociclismo-y-feria-del-caballo\/#primaryimage","url":"https:\/\/circuitodejerez.com\/wp-content\/uploads\/2025\/03\/noticia_223.jpg","contentUrl":"https:\/\/circuitodejerez.com\/wp-content\/uploads\/2025\/03\/noticia_223.jpg","width":500,"height":400},{"@type":"BreadcrumbList","@id":"https:\/\/circuitodejerez.com\/2025\/03\/25\/la-alcaldesa-destaca-el-incremento-previsto-de-asistentes-al-gran-premio-en-la-junta-local-de-seguridad-de-semana-santa-mundial-de-motociclismo-y-feria-del-caballo\/#breadcrumb","itemListElement":[{"@type":"ListItem","position":1,"name":"Portada","item":"https:\/\/circuitodejerez.com\/"},{"@type":"ListItem","position":2,"name":"La alcaldesa destaca el incremento previsto de asistentes al Gran Premio en la Junta Local de Seguridad de Semana Santa, Mundial de Motociclismo y Feria del Caballo"}]},{"@type":"WebSite","@id":"https:\/\/circuitodejerez.com\/#website","url":"https:\/\/circuitodejerez.com\/","name":"Circuito de Jerez \u00c1ngel Nieto","description":"Circuito de Jerez \u00c1ngel Nieto","publisher":{"@id":"https:\/\/circuitodejerez.com\/#organization"},"potentialAction":[{"@type":"SearchAction","target":{"@type":"EntryPoint","urlTemplate":"https:\/\/circuitodejerez.com\/?s={search_term_string}"},"query-input":"required name=search_term_string"}],"inLanguage":"en-GB"},{"@type":"Organization","@id":"https:\/\/circuitodejerez.com\/#organization","name":"Circuito de Jerez \u00c1ngel Nieto","url":"https:\/\/circuitodejerez.com\/","logo":{"@type":"ImageObject","inLanguage":"en-GB","@id":"https:\/\/circuitodejerez.com\/#\/schema\/logo\/image\/","url":"https:\/\/circuitodejerez.com\/wp-content\/uploads\/2023\/06\/logo-circuito-jerez.png","contentUrl":"https:\/\/circuitodejerez.com\/wp-content\/uploads\/2023\/06\/logo-circuito-jerez.png","width":556,"height":142,"caption":"Circuito de Jerez \u00c1ngel Nieto"},"image":{"@id":"https:\/\/circuitodejerez.com\/#\/schema\/logo\/image\/"},"sameAs":["https:\/\/www.facebook.com\/circuitodejerezangelnieto\/","https:\/\/x.com\/circuitodejerez","https:\/\/www.instagram.com\/circuito_de_jerez\/?hl=es","https:\/\/www.youtube.com\/user\/cirjesa"]},{"@type":"Person","@id":"https:\/\/circuitodejerez.com\/#\/schema\/person\/7426c66afad35f522814eb06fb2e213a","name":"publyland","sameAs":["https:\/\/circuitoangelnieto.com"],"url":"https:\/\/circuitodejerez.com\/en\/author\/publyland\/"}]}},"_links":{"self":[{"href":"https:\/\/circuitodejerez.com\/en\/wp-json\/wp\/v2\/posts\/38161","targetHints":{"allow":["GET"]}}],"collection":[{"href":"https:\/\/circuitodejerez.com\/en\/wp-json\/wp\/v2\/posts"}],"about":[{"href":"https:\/\/circuitodejerez.com\/en\/wp-json\/wp\/v2\/types\/post"}],"author":[{"embeddable":true,"href":"https:\/\/circuitodejerez.com\/en\/wp-json\/wp\/v2\/users\/1"}],"replies":[{"embeddable":true,"href":"https:\/\/circuitodejerez.com\/en\/wp-json\/wp\/v2\/comments?post=38161"}],"version-history":[{"count":1,"href":"https:\/\/circuitodejerez.com\/en\/wp-json\/wp\/v2\/posts\/38161\/revisions"}],"predecessor-version":[{"id":38163,"href":"https:\/\/circuitodejerez.com\/en\/wp-json\/wp\/v2\/posts\/38161\/revisions\/38163"}],"wp:featuredmedia":[{"embeddable":true,"href":"https:\/\/circuitodejerez.com\/en\/wp-json\/wp\/v2\/media\/38162"}],"wp:attachment":[{"href":"https:\/\/circuitodejerez.com\/en\/wp-json\/wp\/v2\/media?parent=38161"}],"wp:term":[{"taxonomy":"category","embeddable":true,"href":"https:\/\/circuitodejerez.com\/en\/wp-json\/wp\/v2\/categories?post=38161"},{"taxonomy":"post_tag","embeddable":true,"href":"https:\/\/circuitodejerez.com\/en\/wp-json\/wp\/v2\/tags?post=38161"}],"curies":[{"name":"wp","href":"https:\/\/api.w.org\/{rel}","templated":true}]}}