{"id":38192,"date":"2025-04-01T08:59:35","date_gmt":"2025-04-01T06:59:35","guid":{"rendered":"https:\/\/circuitodejerez.com\/2025\/04\/01\/jorge-martin-ana-carrasco-el-real-automovil-club-jerez-y-jaime-alguersuari-ganadores-de-los-vii-premios-del-motor-ciudad-de-jerez\/"},"modified":"2025-04-01T08:59:37","modified_gmt":"2025-04-01T06:59:37","slug":"jorge-martin-ana-carrasco-el-real-automovil-club-jerez-y-jaime-alguersuari-ganadores-de-los-vii-premios-del-motor-ciudad-de-jerez","status":"publish","type":"post","link":"https:\/\/circuitodejerez.com\/en\/2025\/04\/01\/jorge-martin-ana-carrasco-el-real-automovil-club-jerez-y-jaime-alguersuari-ganadores-de-los-vii-premios-del-motor-ciudad-de-jerez\/","title":{"rendered":"Jorge Mart\u00edn, Ana Carrasco, the Real Autom\u00f3vil Club Jerez, and Jaime Alguersuari, winners of the VII Motor Awards Ciudad de Jerez."},"content":{"rendered":"<p><img loading=\"lazy\" decoding=\"async\" style=\"display:none;\" class=\"alignnone size-medium\" src=\"https:\/\/gestorapp.circuitoangelnieto.com\/\/uploads\/noticias\/noticia_224.jpg\" width=\"600\" height=\"409\" \/>Mayor Mar\u00eda Jos\u00e9 Garc\u00eda-Pelayo has congratulated the jury for selecting these award winners because all of them \"have a direct connection with the Jerez-\u00c1ngel Nieto Circuit and our city.\"<\/p>\n<p><b>March 31, 2025.<\/b> The mayor of Jerez, Mar\u00eda Jos\u00e9 Garc\u00eda-Pelayo, has announced the winners selected by the jury of the VII Motor Awards Ciudad de Jerez 2024, which went to rider Jorge Mart\u00edn Almoguera, rider Ana Carrasco Gabarr\u00f3n, the Real Autom\u00f3vil Club Jerez, and entrepreneur Jaime Alguersuari Tortajada.<\/p>\n<p>The 2024 MotoGP World Champion, Jorge Mart\u00edn Almoguera, receives the award for sports, cultural, or business achievements related to the world of motorsport over the past year. Ana Carrasco Gabarr\u00f3n, the 2018 World Superbike SSP300 Champion and the 2024 Women's Motorcycle World Champion, has received the award for her career related to the world of motorsport. The Real Autom\u00f3vil Club de Jerez will receive the award for individual or collective contributions to the motorsport world of the city and\/or its contribution to the prestige of the Jerez-\u00c1ngel Nieto Circuit. Jaime Alguersuari Tortajada has been nominated for the honorary award, which recognizes individuals, groups, or companies that have stood out in promoting and projecting local, national, and international activities related to the motorsport world.&nbsp;<\/p>\n<p>The Mayor of Jerez, on behalf of the jury, has informed the awardees of their selection as laureates of the VI Motor Awards Ciudad de Jerez. The awards are scheduled to be presented on Thursday, April 24, the day before the start of the three-day MotoGP Spanish Grand Prix (April 25, 26, and 27).<\/p>\n<p>In an initial evaluation, the Mayor has congratulated the jury for selecting these awardees, as all of them have a direct connection with the Jerez-\u00c1ngel Nieto Circuit and our city. In particular, Mar\u00eda Jos\u00e9 Garc\u00eda-Pelayo expressed her satisfaction with the award given to the Real Autom\u00f3vil Club Jerez for its history and years of involvement in promoting motorsport in Jerez and the province of C\u00e1diz.<\/p>\n<p>Furthermore, both the mayor and the jury have acknowledged the achievements of the award-winning riders: Jorge Mart\u00edn Almoguera and Ana Carrasco Gabarr\u00f3n. The mayor wished MotoGP rider Jorge Mart\u00edn Almoguera a speedy recovery following the recent fracture of his left hand. The mayor also highlighted the accomplishments of rider Ana Carrasco Gabarr\u00f3n, a competitor who began her career by racing for the title in a field mostly made up of male riders.<\/p>\n<p>Regarding Jaime Alguersuari Tortajada, the jury has recognized his long career as a motorsport athlete, as well as his editorial projects in the communication and promotion of motorsport events.<\/p>\n<p>The Motor Awards Ciudad de Jerez cover four categories: sports, cultural, or business achievements related to the world of motorsport over the past year; the career of individuals or entities associated with motorsport; individual or collective contributions to the motorsport world of the city and\/or the contribution to the prestige of the Jerez-\u00c1ngel Nieto Circuit; and finally, another category recognizes, in an honorary manner, those individuals, groups, or companies that have stood out in the local, national, and international promotion and projection of various activities related to the world of motorsport.<\/p>\n<p>The members of the jury for the VII Motor Awards Ciudad de Jerez are Mayor Mar\u00eda Jos\u00e9 Garc\u00eda-Pelayo; the director of Cirjesa and vice president of the Local Motor Council, Agust\u00edn Mu\u00f1oz; the director of the Jerez-\u00c1ngel Nieto Circuit, Cayetano G\u00f3mez; members of the Local Council commission Jos\u00e9 Hermos\u00edn, Ildefonso S\u00e1nchez, Dolores Rosado, and Juan Antonio Castillo; journalist and author Jes\u00fas Ben\u00edtez; former rider and journalist Jaime Alguersuari; sports journalist \u00d3scar Langa; the founder of Racing Engineering (Spanish motorsport team), Alfonso de Orleans-Borb\u00f3n; and the president of the Association of Automobile Repairers of the Province of C\u00e1diz (ASORECA), F\u00e9lix Moreno.<\/p>\n<p><\/p>","protected":false},"excerpt":{"rendered":"<p>Mayor Mar\u00eda Jos\u00e9 Garc\u00eda-Pelayo has congratulated the jury for selecting these award winners because all of them \"share a...\"<\/p>","protected":false},"author":1,"featured_media":38193,"comment_status":"closed","ping_status":"","sticky":false,"template":"","format":"standard","meta":{"footnotes":""},"categories":[2],"tags":[],"class_list":["post-38192","post","type-post","status-publish","format-standard","has-post-thumbnail","hentry","category-noticias"],"yoast_head":"<!-- This site is optimized with the Yoast SEO plugin v22.5 - https:\/\/yoast.com\/wordpress\/plugins\/seo\/ -->\n<title>Jorge Mart\u00edn, Ana Carrasco, el Real Autom\u00f3vil Club Jerez y Jaime Alguersuari, ganadores de los VII Premios del Motor Ciudad de Jerez - Circuito de Jerez \u00c1ngel Nieto<\/title>\n<meta name=\"robots\" content=\"index, follow, max-snippet:-1, max-image-preview:large, max-video-preview:-1\" \/>\n<link rel=\"canonical\" href=\"https:\/\/circuitodejerez.com\/en\/2025\/04\/01\/jorge-martin-ana-carrasco-el-real-automovil-club-jerez-y-jaime-alguersuari-ganadores-de-los-vii-premios-del-motor-ciudad-de-jerez\/\" \/>\n<meta property=\"og:locale\" content=\"en_GB\" \/>\n<meta property=\"og:type\" content=\"article\" \/>\n<meta property=\"og:title\" content=\"Jorge Mart\u00edn, Ana Carrasco, el Real Autom\u00f3vil Club Jerez y Jaime Alguersuari, ganadores de los VII Premios del Motor Ciudad de Jerez - Circuito de Jerez \u00c1ngel Nieto\" \/>\n<meta property=\"og:description\" content=\"La alcaldesa Mar\u00eda Jos\u00e9 Garc\u00eda-Pelayo ha felicitado al jurado por la elecci\u00f3n de estos premiados porque todos ellos \u201cguardan un\" \/>\n<meta property=\"og:url\" content=\"https:\/\/circuitodejerez.com\/en\/2025\/04\/01\/jorge-martin-ana-carrasco-el-real-automovil-club-jerez-y-jaime-alguersuari-ganadores-de-los-vii-premios-del-motor-ciudad-de-jerez\/\" \/>\n<meta property=\"og:site_name\" content=\"Circuito de Jerez \u00c1ngel Nieto\" \/>\n<meta property=\"article:publisher\" content=\"https:\/\/www.facebook.com\/circuitodejerezangelnieto\/\" \/>\n<meta property=\"article:published_time\" content=\"2025-04-01T06:59:35+00:00\" \/>\n<meta property=\"article:modified_time\" content=\"2025-04-01T06:59:37+00:00\" \/>\n<meta property=\"og:image\" content=\"https:\/\/gestorapp.circuitoangelnieto.com\/\/uploads\/noticias\/noticia_224.jpg\" \/>\n<meta name=\"author\" content=\"publyland\" \/>\n<meta name=\"twitter:card\" content=\"summary_large_image\" \/>\n<meta name=\"twitter:creator\" content=\"@circuitodejerez\" \/>\n<meta name=\"twitter:site\" content=\"@circuitodejerez\" \/>\n<meta name=\"twitter:label1\" content=\"Written by\" \/>\n\t<meta name=\"twitter:data1\" content=\"publyland\" \/>\n\t<meta name=\"twitter:label2\" content=\"Estimated reading time\" \/>\n\t<meta name=\"twitter:data2\" content=\"4 minutes\" \/>\n<script type=\"application\/ld+json\" class=\"yoast-schema-graph\">{\"@context\":\"https:\/\/schema.org\",\"@graph\":[{\"@type\":\"Article\",\"@id\":\"https:\/\/circuitodejerez.com\/2025\/04\/01\/jorge-martin-ana-carrasco-el-real-automovil-club-jerez-y-jaime-alguersuari-ganadores-de-los-vii-premios-del-motor-ciudad-de-jerez\/#article\",\"isPartOf\":{\"@id\":\"https:\/\/circuitodejerez.com\/2025\/04\/01\/jorge-martin-ana-carrasco-el-real-automovil-club-jerez-y-jaime-alguersuari-ganadores-de-los-vii-premios-del-motor-ciudad-de-jerez\/\"},\"author\":{\"name\":\"publyland\",\"@id\":\"https:\/\/circuitodejerez.com\/#\/schema\/person\/7426c66afad35f522814eb06fb2e213a\"},\"headline\":\"Jorge Mart\u00edn, Ana Carrasco, el Real Autom\u00f3vil Club Jerez y Jaime Alguersuari, ganadores de los VII Premios del Motor Ciudad de Jerez\",\"datePublished\":\"2025-04-01T06:59:35+00:00\",\"dateModified\":\"2025-04-01T06:59:37+00:00\",\"mainEntityOfPage\":{\"@id\":\"https:\/\/circuitodejerez.com\/2025\/04\/01\/jorge-martin-ana-carrasco-el-real-automovil-club-jerez-y-jaime-alguersuari-ganadores-de-los-vii-premios-del-motor-ciudad-de-jerez\/\"},\"wordCount\":752,\"publisher\":{\"@id\":\"https:\/\/circuitodejerez.com\/#organization\"},\"image\":{\"@id\":\"https:\/\/circuitodejerez.com\/2025\/04\/01\/jorge-martin-ana-carrasco-el-real-automovil-club-jerez-y-jaime-alguersuari-ganadores-de-los-vii-premios-del-motor-ciudad-de-jerez\/#primaryimage\"},\"thumbnailUrl\":\"https:\/\/circuitodejerez.com\/wp-content\/uploads\/2025\/04\/noticia_224.jpg\",\"articleSection\":[\"Noticias\"],\"inLanguage\":\"en-GB\"},{\"@type\":\"WebPage\",\"@id\":\"https:\/\/circuitodejerez.com\/2025\/04\/01\/jorge-martin-ana-carrasco-el-real-automovil-club-jerez-y-jaime-alguersuari-ganadores-de-los-vii-premios-del-motor-ciudad-de-jerez\/\",\"url\":\"https:\/\/circuitodejerez.com\/2025\/04\/01\/jorge-martin-ana-carrasco-el-real-automovil-club-jerez-y-jaime-alguersuari-ganadores-de-los-vii-premios-del-motor-ciudad-de-jerez\/\",\"name\":\"Jorge Mart\u00edn, Ana Carrasco, el Real Autom\u00f3vil Club Jerez y Jaime Alguersuari, ganadores de los VII Premios del Motor Ciudad de Jerez - Circuito de Jerez \u00c1ngel Nieto\",\"isPartOf\":{\"@id\":\"https:\/\/circuitodejerez.com\/#website\"},\"primaryImageOfPage\":{\"@id\":\"https:\/\/circuitodejerez.com\/2025\/04\/01\/jorge-martin-ana-carrasco-el-real-automovil-club-jerez-y-jaime-alguersuari-ganadores-de-los-vii-premios-del-motor-ciudad-de-jerez\/#primaryimage\"},\"image\":{\"@id\":\"https:\/\/circuitodejerez.com\/2025\/04\/01\/jorge-martin-ana-carrasco-el-real-automovil-club-jerez-y-jaime-alguersuari-ganadores-de-los-vii-premios-del-motor-ciudad-de-jerez\/#primaryimage\"},\"thumbnailUrl\":\"https:\/\/circuitodejerez.com\/wp-content\/uploads\/2025\/04\/noticia_224.jpg\",\"datePublished\":\"2025-04-01T06:59:35+00:00\",\"dateModified\":\"2025-04-01T06:59:37+00:00\",\"breadcrumb\":{\"@id\":\"https:\/\/circuitodejerez.com\/2025\/04\/01\/jorge-martin-ana-carrasco-el-real-automovil-club-jerez-y-jaime-alguersuari-ganadores-de-los-vii-premios-del-motor-ciudad-de-jerez\/#breadcrumb\"},\"inLanguage\":\"en-GB\",\"potentialAction\":[{\"@type\":\"ReadAction\",\"target\":[\"https:\/\/circuitodejerez.com\/2025\/04\/01\/jorge-martin-ana-carrasco-el-real-automovil-club-jerez-y-jaime-alguersuari-ganadores-de-los-vii-premios-del-motor-ciudad-de-jerez\/\"]}]},{\"@type\":\"ImageObject\",\"inLanguage\":\"en-GB\",\"@id\":\"https:\/\/circuitodejerez.com\/2025\/04\/01\/jorge-martin-ana-carrasco-el-real-automovil-club-jerez-y-jaime-alguersuari-ganadores-de-los-vii-premios-del-motor-ciudad-de-jerez\/#primaryimage\",\"url\":\"https:\/\/circuitodejerez.com\/wp-content\/uploads\/2025\/04\/noticia_224.jpg\",\"contentUrl\":\"https:\/\/circuitodejerez.com\/wp-content\/uploads\/2025\/04\/noticia_224.jpg\",\"width\":500,\"height\":400},{\"@type\":\"BreadcrumbList\",\"@id\":\"https:\/\/circuitodejerez.com\/2025\/04\/01\/jorge-martin-ana-carrasco-el-real-automovil-club-jerez-y-jaime-alguersuari-ganadores-de-los-vii-premios-del-motor-ciudad-de-jerez\/#breadcrumb\",\"itemListElement\":[{\"@type\":\"ListItem\",\"position\":1,\"name\":\"Portada\",\"item\":\"https:\/\/circuitodejerez.com\/\"},{\"@type\":\"ListItem\",\"position\":2,\"name\":\"Jorge Mart\u00edn, Ana Carrasco, el Real Autom\u00f3vil Club Jerez y Jaime Alguersuari, ganadores de los VII Premios del Motor Ciudad de Jerez\"}]},{\"@type\":\"WebSite\",\"@id\":\"https:\/\/circuitodejerez.com\/#website\",\"url\":\"https:\/\/circuitodejerez.com\/\",\"name\":\"Circuito de Jerez \u00c1ngel Nieto\",\"description\":\"Circuito de Jerez \u00c1ngel Nieto\",\"publisher\":{\"@id\":\"https:\/\/circuitodejerez.com\/#organization\"},\"potentialAction\":[{\"@type\":\"SearchAction\",\"target\":{\"@type\":\"EntryPoint\",\"urlTemplate\":\"https:\/\/circuitodejerez.com\/?s={search_term_string}\"},\"query-input\":\"required name=search_term_string\"}],\"inLanguage\":\"en-GB\"},{\"@type\":\"Organization\",\"@id\":\"https:\/\/circuitodejerez.com\/#organization\",\"name\":\"Circuito de Jerez \u00c1ngel Nieto\",\"url\":\"https:\/\/circuitodejerez.com\/\",\"logo\":{\"@type\":\"ImageObject\",\"inLanguage\":\"en-GB\",\"@id\":\"https:\/\/circuitodejerez.com\/#\/schema\/logo\/image\/\",\"url\":\"https:\/\/circuitodejerez.com\/wp-content\/uploads\/2023\/06\/logo-circuito-jerez.png\",\"contentUrl\":\"https:\/\/circuitodejerez.com\/wp-content\/uploads\/2023\/06\/logo-circuito-jerez.png\",\"width\":556,\"height\":142,\"caption\":\"Circuito de Jerez \u00c1ngel Nieto\"},\"image\":{\"@id\":\"https:\/\/circuitodejerez.com\/#\/schema\/logo\/image\/\"},\"sameAs\":[\"https:\/\/www.facebook.com\/circuitodejerezangelnieto\/\",\"https:\/\/x.com\/circuitodejerez\",\"https:\/\/www.instagram.com\/circuito_de_jerez\/?hl=es\",\"https:\/\/www.youtube.com\/user\/cirjesa\"]},{\"@type\":\"Person\",\"@id\":\"https:\/\/circuitodejerez.com\/#\/schema\/person\/7426c66afad35f522814eb06fb2e213a\",\"name\":\"publyland\",\"sameAs\":[\"https:\/\/circuitoangelnieto.com\"],\"url\":\"https:\/\/circuitodejerez.com\/en\/author\/publyland\/\"}]}<\/script>\n<!-- \/ Yoast SEO plugin. -->","yoast_head_json":{"title":"Jorge Mart\u00edn, Ana Carrasco, el Real Autom\u00f3vil Club Jerez y Jaime Alguersuari, ganadores de los VII Premios del Motor Ciudad de Jerez - Circuito de Jerez \u00c1ngel Nieto","robots":{"index":"index","follow":"follow","max-snippet":"max-snippet:-1","max-image-preview":"max-image-preview:large","max-video-preview":"max-video-preview:-1"},"canonical":"https:\/\/circuitodejerez.com\/en\/2025\/04\/01\/jorge-martin-ana-carrasco-el-real-automovil-club-jerez-y-jaime-alguersuari-ganadores-de-los-vii-premios-del-motor-ciudad-de-jerez\/","og_locale":"en_GB","og_type":"article","og_title":"Jorge Mart\u00edn, Ana Carrasco, el Real Autom\u00f3vil Club Jerez y Jaime Alguersuari, ganadores de los VII Premios del Motor Ciudad de Jerez - Circuito de Jerez \u00c1ngel Nieto","og_description":"La alcaldesa Mar\u00eda Jos\u00e9 Garc\u00eda-Pelayo ha felicitado al jurado por la elecci\u00f3n de estos premiados porque todos ellos \u201cguardan un","og_url":"https:\/\/circuitodejerez.com\/en\/2025\/04\/01\/jorge-martin-ana-carrasco-el-real-automovil-club-jerez-y-jaime-alguersuari-ganadores-de-los-vii-premios-del-motor-ciudad-de-jerez\/","og_site_name":"Circuito de Jerez \u00c1ngel Nieto","article_publisher":"https:\/\/www.facebook.com\/circuitodejerezangelnieto\/","article_published_time":"2025-04-01T06:59:35+00:00","article_modified_time":"2025-04-01T06:59:37+00:00","og_image":[{"url":"https:\/\/gestorapp.circuitoangelnieto.com\/\/uploads\/noticias\/noticia_224.jpg"}],"author":"publyland","twitter_card":"summary_large_image","twitter_creator":"@circuitodejerez","twitter_site":"@circuitodejerez","twitter_misc":{"Written by":"publyland","Estimated reading time":"4 minutes"},"schema":{"@context":"https:\/\/schema.org","@graph":[{"@type":"Article","@id":"https:\/\/circuitodejerez.com\/2025\/04\/01\/jorge-martin-ana-carrasco-el-real-automovil-club-jerez-y-jaime-alguersuari-ganadores-de-los-vii-premios-del-motor-ciudad-de-jerez\/#article","isPartOf":{"@id":"https:\/\/circuitodejerez.com\/2025\/04\/01\/jorge-martin-ana-carrasco-el-real-automovil-club-jerez-y-jaime-alguersuari-ganadores-de-los-vii-premios-del-motor-ciudad-de-jerez\/"},"author":{"name":"publyland","@id":"https:\/\/circuitodejerez.com\/#\/schema\/person\/7426c66afad35f522814eb06fb2e213a"},"headline":"Jorge Mart\u00edn, Ana Carrasco, el Real Autom\u00f3vil Club Jerez y Jaime Alguersuari, ganadores de los VII Premios del Motor Ciudad de Jerez","datePublished":"2025-04-01T06:59:35+00:00","dateModified":"2025-04-01T06:59:37+00:00","mainEntityOfPage":{"@id":"https:\/\/circuitodejerez.com\/2025\/04\/01\/jorge-martin-ana-carrasco-el-real-automovil-club-jerez-y-jaime-alguersuari-ganadores-de-los-vii-premios-del-motor-ciudad-de-jerez\/"},"wordCount":752,"publisher":{"@id":"https:\/\/circuitodejerez.com\/#organization"},"image":{"@id":"https:\/\/circuitodejerez.com\/2025\/04\/01\/jorge-martin-ana-carrasco-el-real-automovil-club-jerez-y-jaime-alguersuari-ganadores-de-los-vii-premios-del-motor-ciudad-de-jerez\/#primaryimage"},"thumbnailUrl":"https:\/\/circuitodejerez.com\/wp-content\/uploads\/2025\/04\/noticia_224.jpg","articleSection":["Noticias"],"inLanguage":"en-GB"},{"@type":"WebPage","@id":"https:\/\/circuitodejerez.com\/2025\/04\/01\/jorge-martin-ana-carrasco-el-real-automovil-club-jerez-y-jaime-alguersuari-ganadores-de-los-vii-premios-del-motor-ciudad-de-jerez\/","url":"https:\/\/circuitodejerez.com\/2025\/04\/01\/jorge-martin-ana-carrasco-el-real-automovil-club-jerez-y-jaime-alguersuari-ganadores-de-los-vii-premios-del-motor-ciudad-de-jerez\/","name":"Jorge Mart\u00edn, Ana Carrasco, el Real Autom\u00f3vil Club Jerez y Jaime Alguersuari, ganadores de los VII Premios del Motor Ciudad de Jerez - Circuito de Jerez \u00c1ngel Nieto","isPartOf":{"@id":"https:\/\/circuitodejerez.com\/#website"},"primaryImageOfPage":{"@id":"https:\/\/circuitodejerez.com\/2025\/04\/01\/jorge-martin-ana-carrasco-el-real-automovil-club-jerez-y-jaime-alguersuari-ganadores-de-los-vii-premios-del-motor-ciudad-de-jerez\/#primaryimage"},"image":{"@id":"https:\/\/circuitodejerez.com\/2025\/04\/01\/jorge-martin-ana-carrasco-el-real-automovil-club-jerez-y-jaime-alguersuari-ganadores-de-los-vii-premios-del-motor-ciudad-de-jerez\/#primaryimage"},"thumbnailUrl":"https:\/\/circuitodejerez.com\/wp-content\/uploads\/2025\/04\/noticia_224.jpg","datePublished":"2025-04-01T06:59:35+00:00","dateModified":"2025-04-01T06:59:37+00:00","breadcrumb":{"@id":"https:\/\/circuitodejerez.com\/2025\/04\/01\/jorge-martin-ana-carrasco-el-real-automovil-club-jerez-y-jaime-alguersuari-ganadores-de-los-vii-premios-del-motor-ciudad-de-jerez\/#breadcrumb"},"inLanguage":"en-GB","potentialAction":[{"@type":"ReadAction","target":["https:\/\/circuitodejerez.com\/2025\/04\/01\/jorge-martin-ana-carrasco-el-real-automovil-club-jerez-y-jaime-alguersuari-ganadores-de-los-vii-premios-del-motor-ciudad-de-jerez\/"]}]},{"@type":"ImageObject","inLanguage":"en-GB","@id":"https:\/\/circuitodejerez.com\/2025\/04\/01\/jorge-martin-ana-carrasco-el-real-automovil-club-jerez-y-jaime-alguersuari-ganadores-de-los-vii-premios-del-motor-ciudad-de-jerez\/#primaryimage","url":"https:\/\/circuitodejerez.com\/wp-content\/uploads\/2025\/04\/noticia_224.jpg","contentUrl":"https:\/\/circuitodejerez.com\/wp-content\/uploads\/2025\/04\/noticia_224.jpg","width":500,"height":400},{"@type":"BreadcrumbList","@id":"https:\/\/circuitodejerez.com\/2025\/04\/01\/jorge-martin-ana-carrasco-el-real-automovil-club-jerez-y-jaime-alguersuari-ganadores-de-los-vii-premios-del-motor-ciudad-de-jerez\/#breadcrumb","itemListElement":[{"@type":"ListItem","position":1,"name":"Portada","item":"https:\/\/circuitodejerez.com\/"},{"@type":"ListItem","position":2,"name":"Jorge Mart\u00edn, Ana Carrasco, el Real Autom\u00f3vil Club Jerez y Jaime Alguersuari, ganadores de los VII Premios del Motor Ciudad de Jerez"}]},{"@type":"WebSite","@id":"https:\/\/circuitodejerez.com\/#website","url":"https:\/\/circuitodejerez.com\/","name":"Circuito de Jerez \u00c1ngel Nieto","description":"Circuito de Jerez \u00c1ngel Nieto","publisher":{"@id":"https:\/\/circuitodejerez.com\/#organization"},"potentialAction":[{"@type":"SearchAction","target":{"@type":"EntryPoint","urlTemplate":"https:\/\/circuitodejerez.com\/?s={search_term_string}"},"query-input":"required name=search_term_string"}],"inLanguage":"en-GB"},{"@type":"Organization","@id":"https:\/\/circuitodejerez.com\/#organization","name":"Circuito de Jerez \u00c1ngel Nieto","url":"https:\/\/circuitodejerez.com\/","logo":{"@type":"ImageObject","inLanguage":"en-GB","@id":"https:\/\/circuitodejerez.com\/#\/schema\/logo\/image\/","url":"https:\/\/circuitodejerez.com\/wp-content\/uploads\/2023\/06\/logo-circuito-jerez.png","contentUrl":"https:\/\/circuitodejerez.com\/wp-content\/uploads\/2023\/06\/logo-circuito-jerez.png","width":556,"height":142,"caption":"Circuito de Jerez \u00c1ngel Nieto"},"image":{"@id":"https:\/\/circuitodejerez.com\/#\/schema\/logo\/image\/"},"sameAs":["https:\/\/www.facebook.com\/circuitodejerezangelnieto\/","https:\/\/x.com\/circuitodejerez","https:\/\/www.instagram.com\/circuito_de_jerez\/?hl=es","https:\/\/www.youtube.com\/user\/cirjesa"]},{"@type":"Person","@id":"https:\/\/circuitodejerez.com\/#\/schema\/person\/7426c66afad35f522814eb06fb2e213a","name":"publyland","sameAs":["https:\/\/circuitoangelnieto.com"],"url":"https:\/\/circuitodejerez.com\/en\/author\/publyland\/"}]}},"_links":{"self":[{"href":"https:\/\/circuitodejerez.com\/en\/wp-json\/wp\/v2\/posts\/38192","targetHints":{"allow":["GET"]}}],"collection":[{"href":"https:\/\/circuitodejerez.com\/en\/wp-json\/wp\/v2\/posts"}],"about":[{"href":"https:\/\/circuitodejerez.com\/en\/wp-json\/wp\/v2\/types\/post"}],"author":[{"embeddable":true,"href":"https:\/\/circuitodejerez.com\/en\/wp-json\/wp\/v2\/users\/1"}],"replies":[{"embeddable":true,"href":"https:\/\/circuitodejerez.com\/en\/wp-json\/wp\/v2\/comments?post=38192"}],"version-history":[{"count":1,"href":"https:\/\/circuitodejerez.com\/en\/wp-json\/wp\/v2\/posts\/38192\/revisions"}],"predecessor-version":[{"id":38194,"href":"https:\/\/circuitodejerez.com\/en\/wp-json\/wp\/v2\/posts\/38192\/revisions\/38194"}],"wp:featuredmedia":[{"embeddable":true,"href":"https:\/\/circuitodejerez.com\/en\/wp-json\/wp\/v2\/media\/38193"}],"wp:attachment":[{"href":"https:\/\/circuitodejerez.com\/en\/wp-json\/wp\/v2\/media?parent=38192"}],"wp:term":[{"taxonomy":"category","embeddable":true,"href":"https:\/\/circuitodejerez.com\/en\/wp-json\/wp\/v2\/categories?post=38192"},{"taxonomy":"post_tag","embeddable":true,"href":"https:\/\/circuitodejerez.com\/en\/wp-json\/wp\/v2\/tags?post=38192"}],"curies":[{"name":"wp","href":"https:\/\/api.w.org\/{rel}","templated":true}]}}