{"id":38225,"date":"2025-04-05T11:11:37","date_gmt":"2025-04-05T09:11:37","guid":{"rendered":"https:\/\/circuitodejerez.com\/2025\/04\/05\/el-jerezano-francisco-castro-ramirez-y-el-madrileno-juan-carlos-gonzalez-gonzalez-ganadores-del-i-concurso-de-pintura-mural-circuito-de-jerez-angel-nieto\/"},"modified":"2025-04-05T11:52:51","modified_gmt":"2025-04-05T09:52:51","slug":"el-jerezano-francisco-castro-ramirez-y-el-madrileno-juan-carlos-gonzalez-gonzalez-ganadores-del-i-concurso-de-pintura-mural-circuito-de-jerez-angel-nieto","status":"publish","type":"post","link":"https:\/\/circuitodejerez.com\/en\/2025\/04\/05\/el-jerezano-francisco-castro-ramirez-y-el-madrileno-juan-carlos-gonzalez-gonzalez-ganadores-del-i-concurso-de-pintura-mural-circuito-de-jerez-angel-nieto\/","title":{"rendered":"The Jerez native Francisco Castro Ram\u00edrez and the Madrid resident Juan Carlos Gonz\u00e1lez Gonz\u00e1lez are the winners of the 'I Mural Painting Contest Circuito de Jerez-\u00c1ngel Nieto'."},"content":{"rendered":"<p><img loading=\"lazy\" decoding=\"async\" style=\"display:none;\" class=\"alignnone size-medium\" src=\"https:\/\/gestorapp.circuitoangelnieto.com\/\/uploads\/noticias\/noticia_228.jpg\" width=\"600\" height=\"409\" \/><\/p>\n<p><b>\"April 5, 2025.\" <\/b>The jury of the I Mural Painting Contest Circuito de Jerez \u00c1ngel Nieto 40th Anniversary, consisting of Cayetano G\u00f3mez, Managing Director of the Circuit, Jes\u00fas Benitez Corrales, Head of the 40th Anniversary Commissariat, Carmen Pina Lorente, Delegate of Citizen Participation and Youth of the Jerez City Council, Bernardo Palomo, Art Critic, and Ra\u00fal Zarzuela de la Calle, Head of the Communication Office of the Circuito de Jerez \u00c1ngel Nieto, met on Friday, April 4th, and unanimously decided to award the prizes of the \u2018I Mural Painting Contest,\u2019 one of the activities included in the 40th anniversary of the Circuito de Jerez, to the proposals presented by the Jerez native Francisco Castro Ram\u00edrez, who chose option \u2018A,\u2019 meaning the exterior wall along the auxiliary path at turn 2, with a surface area to decorate of 211.15 m\u00b2. Meanwhile, the second option outlined in the contest rules, known as option \u2018B,\u2019 involved a surface of 50.75 m\u00b2 on a wall in the access area to the grandstand at the finish line, where the winning proposal came from the Madrid-based artist Juan Carlos Gonz\u00e1lez Gonz\u00e1lez.<\/p>\n<p>Option \u2018A,\u2019 awarded with \u20ac3,000, has been won by the Jerez artist Francisco Castro for his project *\u2018Trazos de historia\u2019* (Traces of History), which commemorates the 40 years of the Circuito de Jerez by representing its evolution through pilots, vehicles, and iconic moments. His dynamic and immersive design is divided into three stages: the beginning, evolution, and present, using the lines of the track and representative colors for a smooth transition. It is a visual tribute to the history and legacy of motorsports in Jerez.&nbsp;<\/p>\n<p>For its part, option \u2018B,\u2019 awarded with \u20ac1,800, has been won by Juan Carlos Gonz\u00e1lez Gonz\u00e1lez with his sketch *\u2018Unidos por el motor\u2019* (United by Motors), which represents a vibrant tribute to the Circuito de Jerez, an iconic place that has witnessed the evolution of motorsports over time, according to the words of the artist himself. In his mural, he captures the essence of competition by bringing together legendary figures from the sport, representing different eras, disciplines, and vehicles.<\/p>\n<p>The winners were selected from the twelve proposals submitted during the open registration process from March 14 to 28. Nine of these opted for option B, while the remaining three chose option A.<br \/>The evaluation criteria for the works, among others, included originality, artistic quality, and creativity in the interpretation of the proposed theme.&nbsp;<\/p>\n<p>The I Mural Painting Contest Circuito de Jerez \u00c1ngel Nieto, part of the activities scheduled to commemorate the 40th anniversary of the Circuito de Jerez, aims to foster artistic creation and diffusion, providing urban artists specializing in mural painting the opportunity to showcase their work in a highly significant environment within the motorsports world. Given the media visibility of the Circuito de Jerez \u00c1ngel Nieto, this initiative ensures considerable exposure for the selected works, while also offering a space for expression to creators and young artists, allowing them to develop their art in an iconic location of the city. This promotes the integration of urban art into an innovative and unique context, beautifying specific areas of the Circuit and adding artistic value to them as points of interest for visitors and motorsport enthusiasts.&nbsp;<\/p>\n<p>With this initiative, the Circuito de Jerez reaffirms its commitment to culture, creativity, and the interaction between art and sport, solidifying its space as a reference not only in the motorsports world but also in the artistic and cultural spheres.<\/p>\n<p><img loading=\"lazy\" decoding=\"async\" style=\"width: 100%;\" class=\"alignnone size-medium\" src=\"https:\/\/gestorapp.circuitoangelnieto.com\/\/uploads\/noticias\/noticia_destacada_228.jpg\" width=\"600\" height=\"409\" \/><\/p>","protected":false},"excerpt":{"rendered":"<p>April 5, 2025. The jury of the I Mural Painting Contest Circuito de Jerez \u00c1ngel Nieto 40th Anniversary,<\/p>","protected":false},"author":1,"featured_media":38226,"comment_status":"closed","ping_status":"","sticky":false,"template":"","format":"standard","meta":{"footnotes":""},"categories":[2],"tags":[],"class_list":["post-38225","post","type-post","status-publish","format-standard","has-post-thumbnail","hentry","category-noticias"],"yoast_head":"<!-- This site is optimized with the Yoast SEO plugin v22.5 - https:\/\/yoast.com\/wordpress\/plugins\/seo\/ -->\n<title>El jerezano Francisco Castro Ram\u00edrez y el madrile\u00f1o Juan Carlos Gonz\u00e1lez Gonz\u00e1lez ganadores del &#039;I Concurso de Pintura Mural Circuito de Jerez- \u00c1ngel Nieto&#039; - Circuito de Jerez \u00c1ngel Nieto<\/title>\n<meta name=\"robots\" content=\"index, follow, max-snippet:-1, max-image-preview:large, max-video-preview:-1\" \/>\n<link rel=\"canonical\" href=\"https:\/\/circuitodejerez.com\/en\/2025\/04\/05\/el-jerezano-francisco-castro-ramirez-y-el-madrileno-juan-carlos-gonzalez-gonzalez-ganadores-del-i-concurso-de-pintura-mural-circuito-de-jerez-angel-nieto\/\" \/>\n<meta property=\"og:locale\" content=\"en_GB\" \/>\n<meta property=\"og:type\" content=\"article\" \/>\n<meta property=\"og:title\" content=\"El jerezano Francisco Castro Ram\u00edrez y el madrile\u00f1o Juan Carlos Gonz\u00e1lez Gonz\u00e1lez ganadores del &#039;I Concurso de Pintura Mural Circuito de Jerez- \u00c1ngel Nieto&#039; - Circuito de Jerez \u00c1ngel Nieto\" \/>\n<meta property=\"og:description\" content=\"5 de abril de 2025. El jurado del I Concurso de Pintura Mural Circuito de Jerez \u00c1ngel Nieto 40 Aniversario,\" \/>\n<meta property=\"og:url\" content=\"https:\/\/circuitodejerez.com\/en\/2025\/04\/05\/el-jerezano-francisco-castro-ramirez-y-el-madrileno-juan-carlos-gonzalez-gonzalez-ganadores-del-i-concurso-de-pintura-mural-circuito-de-jerez-angel-nieto\/\" \/>\n<meta property=\"og:site_name\" content=\"Circuito de Jerez \u00c1ngel Nieto\" \/>\n<meta property=\"article:publisher\" content=\"https:\/\/www.facebook.com\/circuitodejerezangelnieto\/\" \/>\n<meta property=\"article:published_time\" content=\"2025-04-05T09:11:37+00:00\" \/>\n<meta property=\"article:modified_time\" content=\"2025-04-05T09:52:51+00:00\" \/>\n<meta property=\"og:image\" content=\"https:\/\/circuitodejerez.com\/wp-content\/uploads\/2025\/04\/noticia_228.jpg\" \/>\n\t<meta property=\"og:image:width\" content=\"500\" \/>\n\t<meta property=\"og:image:height\" content=\"400\" \/>\n\t<meta property=\"og:image:type\" content=\"image\/jpeg\" \/>\n<meta name=\"author\" content=\"publyland\" \/>\n<meta name=\"twitter:card\" content=\"summary_large_image\" \/>\n<meta name=\"twitter:creator\" content=\"@circuitodejerez\" \/>\n<meta name=\"twitter:site\" content=\"@circuitodejerez\" \/>\n<meta name=\"twitter:label1\" content=\"Written by\" \/>\n\t<meta name=\"twitter:data1\" content=\"publyland\" \/>\n\t<meta name=\"twitter:label2\" content=\"Estimated reading time\" \/>\n\t<meta name=\"twitter:data2\" content=\"3 minutes\" \/>\n<script type=\"application\/ld+json\" class=\"yoast-schema-graph\">{\"@context\":\"https:\/\/schema.org\",\"@graph\":[{\"@type\":\"Article\",\"@id\":\"https:\/\/circuitodejerez.com\/2025\/04\/05\/el-jerezano-francisco-castro-ramirez-y-el-madrileno-juan-carlos-gonzalez-gonzalez-ganadores-del-i-concurso-de-pintura-mural-circuito-de-jerez-angel-nieto\/#article\",\"isPartOf\":{\"@id\":\"https:\/\/circuitodejerez.com\/2025\/04\/05\/el-jerezano-francisco-castro-ramirez-y-el-madrileno-juan-carlos-gonzalez-gonzalez-ganadores-del-i-concurso-de-pintura-mural-circuito-de-jerez-angel-nieto\/\"},\"author\":{\"name\":\"publyland\",\"@id\":\"https:\/\/circuitodejerez.com\/#\/schema\/person\/7426c66afad35f522814eb06fb2e213a\"},\"headline\":\"El jerezano Francisco Castro Ram\u00edrez y el madrile\u00f1o Juan Carlos Gonz\u00e1lez Gonz\u00e1lez ganadores del &#8216;I Concurso de Pintura Mural Circuito de Jerez- \u00c1ngel Nieto&#8217;\",\"datePublished\":\"2025-04-05T09:11:37+00:00\",\"dateModified\":\"2025-04-05T09:52:51+00:00\",\"mainEntityOfPage\":{\"@id\":\"https:\/\/circuitodejerez.com\/2025\/04\/05\/el-jerezano-francisco-castro-ramirez-y-el-madrileno-juan-carlos-gonzalez-gonzalez-ganadores-del-i-concurso-de-pintura-mural-circuito-de-jerez-angel-nieto\/\"},\"wordCount\":687,\"publisher\":{\"@id\":\"https:\/\/circuitodejerez.com\/#organization\"},\"image\":{\"@id\":\"https:\/\/circuitodejerez.com\/2025\/04\/05\/el-jerezano-francisco-castro-ramirez-y-el-madrileno-juan-carlos-gonzalez-gonzalez-ganadores-del-i-concurso-de-pintura-mural-circuito-de-jerez-angel-nieto\/#primaryimage\"},\"thumbnailUrl\":\"https:\/\/circuitodejerez.com\/wp-content\/uploads\/2025\/04\/noticia_228.jpg\",\"articleSection\":[\"Noticias\"],\"inLanguage\":\"en-GB\"},{\"@type\":\"WebPage\",\"@id\":\"https:\/\/circuitodejerez.com\/2025\/04\/05\/el-jerezano-francisco-castro-ramirez-y-el-madrileno-juan-carlos-gonzalez-gonzalez-ganadores-del-i-concurso-de-pintura-mural-circuito-de-jerez-angel-nieto\/\",\"url\":\"https:\/\/circuitodejerez.com\/2025\/04\/05\/el-jerezano-francisco-castro-ramirez-y-el-madrileno-juan-carlos-gonzalez-gonzalez-ganadores-del-i-concurso-de-pintura-mural-circuito-de-jerez-angel-nieto\/\",\"name\":\"El jerezano Francisco Castro Ram\u00edrez y el madrile\u00f1o Juan Carlos Gonz\u00e1lez Gonz\u00e1lez ganadores del 'I Concurso de Pintura Mural Circuito de Jerez- \u00c1ngel Nieto' - Circuito de Jerez \u00c1ngel Nieto\",\"isPartOf\":{\"@id\":\"https:\/\/circuitodejerez.com\/#website\"},\"primaryImageOfPage\":{\"@id\":\"https:\/\/circuitodejerez.com\/2025\/04\/05\/el-jerezano-francisco-castro-ramirez-y-el-madrileno-juan-carlos-gonzalez-gonzalez-ganadores-del-i-concurso-de-pintura-mural-circuito-de-jerez-angel-nieto\/#primaryimage\"},\"image\":{\"@id\":\"https:\/\/circuitodejerez.com\/2025\/04\/05\/el-jerezano-francisco-castro-ramirez-y-el-madrileno-juan-carlos-gonzalez-gonzalez-ganadores-del-i-concurso-de-pintura-mural-circuito-de-jerez-angel-nieto\/#primaryimage\"},\"thumbnailUrl\":\"https:\/\/circuitodejerez.com\/wp-content\/uploads\/2025\/04\/noticia_228.jpg\",\"datePublished\":\"2025-04-05T09:11:37+00:00\",\"dateModified\":\"2025-04-05T09:52:51+00:00\",\"breadcrumb\":{\"@id\":\"https:\/\/circuitodejerez.com\/2025\/04\/05\/el-jerezano-francisco-castro-ramirez-y-el-madrileno-juan-carlos-gonzalez-gonzalez-ganadores-del-i-concurso-de-pintura-mural-circuito-de-jerez-angel-nieto\/#breadcrumb\"},\"inLanguage\":\"en-GB\",\"potentialAction\":[{\"@type\":\"ReadAction\",\"target\":[\"https:\/\/circuitodejerez.com\/2025\/04\/05\/el-jerezano-francisco-castro-ramirez-y-el-madrileno-juan-carlos-gonzalez-gonzalez-ganadores-del-i-concurso-de-pintura-mural-circuito-de-jerez-angel-nieto\/\"]}]},{\"@type\":\"ImageObject\",\"inLanguage\":\"en-GB\",\"@id\":\"https:\/\/circuitodejerez.com\/2025\/04\/05\/el-jerezano-francisco-castro-ramirez-y-el-madrileno-juan-carlos-gonzalez-gonzalez-ganadores-del-i-concurso-de-pintura-mural-circuito-de-jerez-angel-nieto\/#primaryimage\",\"url\":\"https:\/\/circuitodejerez.com\/wp-content\/uploads\/2025\/04\/noticia_228.jpg\",\"contentUrl\":\"https:\/\/circuitodejerez.com\/wp-content\/uploads\/2025\/04\/noticia_228.jpg\",\"width\":500,\"height\":400},{\"@type\":\"BreadcrumbList\",\"@id\":\"https:\/\/circuitodejerez.com\/2025\/04\/05\/el-jerezano-francisco-castro-ramirez-y-el-madrileno-juan-carlos-gonzalez-gonzalez-ganadores-del-i-concurso-de-pintura-mural-circuito-de-jerez-angel-nieto\/#breadcrumb\",\"itemListElement\":[{\"@type\":\"ListItem\",\"position\":1,\"name\":\"Portada\",\"item\":\"https:\/\/circuitodejerez.com\/\"},{\"@type\":\"ListItem\",\"position\":2,\"name\":\"El jerezano Francisco Castro Ram\u00edrez y el madrile\u00f1o Juan Carlos Gonz\u00e1lez Gonz\u00e1lez ganadores del &#8216;I Concurso de Pintura Mural Circuito de Jerez- \u00c1ngel Nieto&#8217;\"}]},{\"@type\":\"WebSite\",\"@id\":\"https:\/\/circuitodejerez.com\/#website\",\"url\":\"https:\/\/circuitodejerez.com\/\",\"name\":\"Circuito de Jerez \u00c1ngel Nieto\",\"description\":\"Circuito de Jerez \u00c1ngel Nieto\",\"publisher\":{\"@id\":\"https:\/\/circuitodejerez.com\/#organization\"},\"potentialAction\":[{\"@type\":\"SearchAction\",\"target\":{\"@type\":\"EntryPoint\",\"urlTemplate\":\"https:\/\/circuitodejerez.com\/?s={search_term_string}\"},\"query-input\":\"required name=search_term_string\"}],\"inLanguage\":\"en-GB\"},{\"@type\":\"Organization\",\"@id\":\"https:\/\/circuitodejerez.com\/#organization\",\"name\":\"Circuito de Jerez \u00c1ngel Nieto\",\"url\":\"https:\/\/circuitodejerez.com\/\",\"logo\":{\"@type\":\"ImageObject\",\"inLanguage\":\"en-GB\",\"@id\":\"https:\/\/circuitodejerez.com\/#\/schema\/logo\/image\/\",\"url\":\"https:\/\/circuitodejerez.com\/wp-content\/uploads\/2023\/06\/logo-circuito-jerez.png\",\"contentUrl\":\"https:\/\/circuitodejerez.com\/wp-content\/uploads\/2023\/06\/logo-circuito-jerez.png\",\"width\":556,\"height\":142,\"caption\":\"Circuito de Jerez \u00c1ngel Nieto\"},\"image\":{\"@id\":\"https:\/\/circuitodejerez.com\/#\/schema\/logo\/image\/\"},\"sameAs\":[\"https:\/\/www.facebook.com\/circuitodejerezangelnieto\/\",\"https:\/\/x.com\/circuitodejerez\",\"https:\/\/www.instagram.com\/circuito_de_jerez\/?hl=es\",\"https:\/\/www.youtube.com\/user\/cirjesa\"]},{\"@type\":\"Person\",\"@id\":\"https:\/\/circuitodejerez.com\/#\/schema\/person\/7426c66afad35f522814eb06fb2e213a\",\"name\":\"publyland\",\"sameAs\":[\"https:\/\/circuitoangelnieto.com\"],\"url\":\"https:\/\/circuitodejerez.com\/en\/author\/publyland\/\"}]}<\/script>\n<!-- \/ Yoast SEO plugin. -->","yoast_head_json":{"title":"El jerezano Francisco Castro Ram\u00edrez y el madrile\u00f1o Juan Carlos Gonz\u00e1lez Gonz\u00e1lez ganadores del 'I Concurso de Pintura Mural Circuito de Jerez- \u00c1ngel Nieto' - Circuito de Jerez \u00c1ngel Nieto","robots":{"index":"index","follow":"follow","max-snippet":"max-snippet:-1","max-image-preview":"max-image-preview:large","max-video-preview":"max-video-preview:-1"},"canonical":"https:\/\/circuitodejerez.com\/en\/2025\/04\/05\/el-jerezano-francisco-castro-ramirez-y-el-madrileno-juan-carlos-gonzalez-gonzalez-ganadores-del-i-concurso-de-pintura-mural-circuito-de-jerez-angel-nieto\/","og_locale":"en_GB","og_type":"article","og_title":"El jerezano Francisco Castro Ram\u00edrez y el madrile\u00f1o Juan Carlos Gonz\u00e1lez Gonz\u00e1lez ganadores del 'I Concurso de Pintura Mural Circuito de Jerez- \u00c1ngel Nieto' - Circuito de Jerez \u00c1ngel Nieto","og_description":"5 de abril de 2025. El jurado del I Concurso de Pintura Mural Circuito de Jerez \u00c1ngel Nieto 40 Aniversario,","og_url":"https:\/\/circuitodejerez.com\/en\/2025\/04\/05\/el-jerezano-francisco-castro-ramirez-y-el-madrileno-juan-carlos-gonzalez-gonzalez-ganadores-del-i-concurso-de-pintura-mural-circuito-de-jerez-angel-nieto\/","og_site_name":"Circuito de Jerez \u00c1ngel Nieto","article_publisher":"https:\/\/www.facebook.com\/circuitodejerezangelnieto\/","article_published_time":"2025-04-05T09:11:37+00:00","article_modified_time":"2025-04-05T09:52:51+00:00","og_image":[{"width":500,"height":400,"url":"https:\/\/circuitodejerez.com\/wp-content\/uploads\/2025\/04\/noticia_228.jpg","type":"image\/jpeg"}],"author":"publyland","twitter_card":"summary_large_image","twitter_creator":"@circuitodejerez","twitter_site":"@circuitodejerez","twitter_misc":{"Written by":"publyland","Estimated reading time":"3 minutes"},"schema":{"@context":"https:\/\/schema.org","@graph":[{"@type":"Article","@id":"https:\/\/circuitodejerez.com\/2025\/04\/05\/el-jerezano-francisco-castro-ramirez-y-el-madrileno-juan-carlos-gonzalez-gonzalez-ganadores-del-i-concurso-de-pintura-mural-circuito-de-jerez-angel-nieto\/#article","isPartOf":{"@id":"https:\/\/circuitodejerez.com\/2025\/04\/05\/el-jerezano-francisco-castro-ramirez-y-el-madrileno-juan-carlos-gonzalez-gonzalez-ganadores-del-i-concurso-de-pintura-mural-circuito-de-jerez-angel-nieto\/"},"author":{"name":"publyland","@id":"https:\/\/circuitodejerez.com\/#\/schema\/person\/7426c66afad35f522814eb06fb2e213a"},"headline":"El jerezano Francisco Castro Ram\u00edrez y el madrile\u00f1o Juan Carlos Gonz\u00e1lez Gonz\u00e1lez ganadores del &#8216;I Concurso de Pintura Mural Circuito de Jerez- \u00c1ngel Nieto&#8217;","datePublished":"2025-04-05T09:11:37+00:00","dateModified":"2025-04-05T09:52:51+00:00","mainEntityOfPage":{"@id":"https:\/\/circuitodejerez.com\/2025\/04\/05\/el-jerezano-francisco-castro-ramirez-y-el-madrileno-juan-carlos-gonzalez-gonzalez-ganadores-del-i-concurso-de-pintura-mural-circuito-de-jerez-angel-nieto\/"},"wordCount":687,"publisher":{"@id":"https:\/\/circuitodejerez.com\/#organization"},"image":{"@id":"https:\/\/circuitodejerez.com\/2025\/04\/05\/el-jerezano-francisco-castro-ramirez-y-el-madrileno-juan-carlos-gonzalez-gonzalez-ganadores-del-i-concurso-de-pintura-mural-circuito-de-jerez-angel-nieto\/#primaryimage"},"thumbnailUrl":"https:\/\/circuitodejerez.com\/wp-content\/uploads\/2025\/04\/noticia_228.jpg","articleSection":["Noticias"],"inLanguage":"en-GB"},{"@type":"WebPage","@id":"https:\/\/circuitodejerez.com\/2025\/04\/05\/el-jerezano-francisco-castro-ramirez-y-el-madrileno-juan-carlos-gonzalez-gonzalez-ganadores-del-i-concurso-de-pintura-mural-circuito-de-jerez-angel-nieto\/","url":"https:\/\/circuitodejerez.com\/2025\/04\/05\/el-jerezano-francisco-castro-ramirez-y-el-madrileno-juan-carlos-gonzalez-gonzalez-ganadores-del-i-concurso-de-pintura-mural-circuito-de-jerez-angel-nieto\/","name":"El jerezano Francisco Castro Ram\u00edrez y el madrile\u00f1o Juan Carlos Gonz\u00e1lez Gonz\u00e1lez ganadores del 'I Concurso de Pintura Mural Circuito de Jerez- \u00c1ngel Nieto' - Circuito de Jerez \u00c1ngel Nieto","isPartOf":{"@id":"https:\/\/circuitodejerez.com\/#website"},"primaryImageOfPage":{"@id":"https:\/\/circuitodejerez.com\/2025\/04\/05\/el-jerezano-francisco-castro-ramirez-y-el-madrileno-juan-carlos-gonzalez-gonzalez-ganadores-del-i-concurso-de-pintura-mural-circuito-de-jerez-angel-nieto\/#primaryimage"},"image":{"@id":"https:\/\/circuitodejerez.com\/2025\/04\/05\/el-jerezano-francisco-castro-ramirez-y-el-madrileno-juan-carlos-gonzalez-gonzalez-ganadores-del-i-concurso-de-pintura-mural-circuito-de-jerez-angel-nieto\/#primaryimage"},"thumbnailUrl":"https:\/\/circuitodejerez.com\/wp-content\/uploads\/2025\/04\/noticia_228.jpg","datePublished":"2025-04-05T09:11:37+00:00","dateModified":"2025-04-05T09:52:51+00:00","breadcrumb":{"@id":"https:\/\/circuitodejerez.com\/2025\/04\/05\/el-jerezano-francisco-castro-ramirez-y-el-madrileno-juan-carlos-gonzalez-gonzalez-ganadores-del-i-concurso-de-pintura-mural-circuito-de-jerez-angel-nieto\/#breadcrumb"},"inLanguage":"en-GB","potentialAction":[{"@type":"ReadAction","target":["https:\/\/circuitodejerez.com\/2025\/04\/05\/el-jerezano-francisco-castro-ramirez-y-el-madrileno-juan-carlos-gonzalez-gonzalez-ganadores-del-i-concurso-de-pintura-mural-circuito-de-jerez-angel-nieto\/"]}]},{"@type":"ImageObject","inLanguage":"en-GB","@id":"https:\/\/circuitodejerez.com\/2025\/04\/05\/el-jerezano-francisco-castro-ramirez-y-el-madrileno-juan-carlos-gonzalez-gonzalez-ganadores-del-i-concurso-de-pintura-mural-circuito-de-jerez-angel-nieto\/#primaryimage","url":"https:\/\/circuitodejerez.com\/wp-content\/uploads\/2025\/04\/noticia_228.jpg","contentUrl":"https:\/\/circuitodejerez.com\/wp-content\/uploads\/2025\/04\/noticia_228.jpg","width":500,"height":400},{"@type":"BreadcrumbList","@id":"https:\/\/circuitodejerez.com\/2025\/04\/05\/el-jerezano-francisco-castro-ramirez-y-el-madrileno-juan-carlos-gonzalez-gonzalez-ganadores-del-i-concurso-de-pintura-mural-circuito-de-jerez-angel-nieto\/#breadcrumb","itemListElement":[{"@type":"ListItem","position":1,"name":"Portada","item":"https:\/\/circuitodejerez.com\/"},{"@type":"ListItem","position":2,"name":"El jerezano Francisco Castro Ram\u00edrez y el madrile\u00f1o Juan Carlos Gonz\u00e1lez Gonz\u00e1lez ganadores del &#8216;I Concurso de Pintura Mural Circuito de Jerez- \u00c1ngel Nieto&#8217;"}]},{"@type":"WebSite","@id":"https:\/\/circuitodejerez.com\/#website","url":"https:\/\/circuitodejerez.com\/","name":"Circuito de Jerez \u00c1ngel Nieto","description":"Circuito de Jerez \u00c1ngel Nieto","publisher":{"@id":"https:\/\/circuitodejerez.com\/#organization"},"potentialAction":[{"@type":"SearchAction","target":{"@type":"EntryPoint","urlTemplate":"https:\/\/circuitodejerez.com\/?s={search_term_string}"},"query-input":"required name=search_term_string"}],"inLanguage":"en-GB"},{"@type":"Organization","@id":"https:\/\/circuitodejerez.com\/#organization","name":"Circuito de Jerez \u00c1ngel Nieto","url":"https:\/\/circuitodejerez.com\/","logo":{"@type":"ImageObject","inLanguage":"en-GB","@id":"https:\/\/circuitodejerez.com\/#\/schema\/logo\/image\/","url":"https:\/\/circuitodejerez.com\/wp-content\/uploads\/2023\/06\/logo-circuito-jerez.png","contentUrl":"https:\/\/circuitodejerez.com\/wp-content\/uploads\/2023\/06\/logo-circuito-jerez.png","width":556,"height":142,"caption":"Circuito de Jerez \u00c1ngel Nieto"},"image":{"@id":"https:\/\/circuitodejerez.com\/#\/schema\/logo\/image\/"},"sameAs":["https:\/\/www.facebook.com\/circuitodejerezangelnieto\/","https:\/\/x.com\/circuitodejerez","https:\/\/www.instagram.com\/circuito_de_jerez\/?hl=es","https:\/\/www.youtube.com\/user\/cirjesa"]},{"@type":"Person","@id":"https:\/\/circuitodejerez.com\/#\/schema\/person\/7426c66afad35f522814eb06fb2e213a","name":"publyland","sameAs":["https:\/\/circuitoangelnieto.com"],"url":"https:\/\/circuitodejerez.com\/en\/author\/publyland\/"}]}},"_links":{"self":[{"href":"https:\/\/circuitodejerez.com\/en\/wp-json\/wp\/v2\/posts\/38225","targetHints":{"allow":["GET"]}}],"collection":[{"href":"https:\/\/circuitodejerez.com\/en\/wp-json\/wp\/v2\/posts"}],"about":[{"href":"https:\/\/circuitodejerez.com\/en\/wp-json\/wp\/v2\/types\/post"}],"author":[{"embeddable":true,"href":"https:\/\/circuitodejerez.com\/en\/wp-json\/wp\/v2\/users\/1"}],"replies":[{"embeddable":true,"href":"https:\/\/circuitodejerez.com\/en\/wp-json\/wp\/v2\/comments?post=38225"}],"version-history":[{"count":3,"href":"https:\/\/circuitodejerez.com\/en\/wp-json\/wp\/v2\/posts\/38225\/revisions"}],"predecessor-version":[{"id":38229,"href":"https:\/\/circuitodejerez.com\/en\/wp-json\/wp\/v2\/posts\/38225\/revisions\/38229"}],"wp:featuredmedia":[{"embeddable":true,"href":"https:\/\/circuitodejerez.com\/en\/wp-json\/wp\/v2\/media\/38226"}],"wp:attachment":[{"href":"https:\/\/circuitodejerez.com\/en\/wp-json\/wp\/v2\/media?parent=38225"}],"wp:term":[{"taxonomy":"category","embeddable":true,"href":"https:\/\/circuitodejerez.com\/en\/wp-json\/wp\/v2\/categories?post=38225"},{"taxonomy":"post_tag","embeddable":true,"href":"https:\/\/circuitodejerez.com\/en\/wp-json\/wp\/v2\/tags?post=38225"}],"curies":[{"name":"wp","href":"https:\/\/api.w.org\/{rel}","templated":true}]}}