{"id":38238,"date":"2025-04-06T15:28:24","date_gmt":"2025-04-06T13:28:24","guid":{"rendered":"https:\/\/circuitodejerez.com\/2025\/04\/06\/mas-de-6-000-aficionados-a-lo-largo-del-fin-de-semana-han-disfrutado-del-esbk-y-de-la-vuelta-a-las-competiciones-del-circuito-de-jerez-angel-nieto\/"},"modified":"2025-04-06T15:28:41","modified_gmt":"2025-04-06T13:28:41","slug":"mas-de-6-000-aficionados-a-lo-largo-del-fin-de-semana-han-disfrutado-del-esbk-y-de-la-vuelta-a-las-competiciones-del-circuito-de-jerez-angel-nieto","status":"publish","type":"post","link":"https:\/\/circuitodejerez.com\/en\/2025\/04\/06\/mas-de-6-000-aficionados-a-lo-largo-del-fin-de-semana-han-disfrutado-del-esbk-y-de-la-vuelta-a-las-competiciones-del-circuito-de-jerez-angel-nieto\/","title":{"rendered":"Over 6,000 fans enjoyed the ESBK and the return of competitions at the Jerez \u00c1ngel Nieto Circuit throughout the weekend."},"content":{"rendered":"<p><img loading=\"lazy\" decoding=\"async\" style=\"display:none;\" class=\"alignnone size-medium\" src=\"https:\/\/gestorapp.circuitoangelnieto.com\/\/uploads\/noticias\/noticia_230.jpg\" width=\"600\" height=\"409\" \/>The first event of the season came to a close with victories for Borja G\u00f3mez in Superbike, Eric Fern\u00e1ndez in Supersport NG, Juan Francisco Risue\u00f1o in Supersport 300, and David Real in the Yamaha R7 Cup.<\/p>\n<div>\n<p><b>In the smaller classes, Malaysian rider Qabil Irfan achieved a double victory in the ESBK Talent category, while Marcos Vinagre repeated his victory in Moto4.<\/b><\/p>\n<\/div>\n<div>\n<p><b>April 6, 2025. <\/b>The first scoring round of the ESBK \u2013 Spanish Superbike Championship \u2013 came to an end today at the Jerez \u00c1ngel Nieto Circuit, with a great atmosphere and over 6,000 spectators enjoying the event. The return of competitions to the Jerez track was accompanied by excellent weather, which helped make the racing spectacle even more thrilling. Today\u2019s races saw victories for Borja G\u00f3mez in Superbike, Eric Fern\u00e1ndez in Supersport NG, Juan Francisco Risue\u00f1o in Supersport 300, David Real in the Yamaha R7 Cup, Qabil Irfan in ESBK Talent, and Marcos Vinagre in Moto4.<\/p>\n<p>A great atmosphere among the fans throughout the weekend, and especially today, as they enjoyed live the six thrilling races scheduled, in addition to the Pit Lane Walk, where fans had the chance to get a close-up look at the motorcycles and some of the riders. This experience was warmly received in Jerez and proved to be very positive in both fostering enthusiasm among the public and giving visibility to the teams and their sponsors.<\/p>\n<p>Regarding the races, starting with the premier Superbike class, this was the only one that saw a red flag due to a rider's crash (Christophe Ponsson), so a new race was scheduled, this time with 7 laps. Borja G\u00f3mez, Rom\u00e1n Ramos, Steven Odendaal, and Ivo Lopes were the main contenders in this new \"sprint\" race, where the riders' strategies shifted significantly compared to the initial one. The final lap of this \"time attack\" race was heart-stopping, with four riders battling for the win. Odendaal became a key figure as he tried to pass G\u00f3mez in the final \"Jorge Lorenzo\" corner, but he ran wide, allowing Borja G\u00f3mez (Honda) to take the lead and secure the victory. Meanwhile, Ramos (Kawasaki) appeared to take advantage of the South African's mistake to secure a podium finish, but Odendaal managed to slipstream behind the Cantabrian and pass him on the straight before the finish line, claiming third place. Portuguese rider Ivo Lopes (BMW) finished in second. Odendaal ultimately left Jerez leading the championship. In Stock 1000, the victory went to Francisco Javier Palomeras.<\/p>\n<p>The battle for victory in the Supersport NG category was between Eric Fern\u00e1ndez (Ducati) and Andalusian rider Daniel Mu\u00f1oz, until Fern\u00e1ndez began to show remarkable consistency at the front in the final laps, leaving Mu\u00f1oz with no chance to challenge for the win. Mu\u00f1oz had to settle for second place as Fern\u00e1ndez secured his first victory of the season, just as he had ended the previous one at this same venue\u2014by winning the race and bidding farewell to Jerez until November with a double victory, thanks to his win yesterday. Meanwhile, the fight for the third podium spot was intense between Harry Khouri and Marcos Lude\u00f1a. Just when it seemed that Khouri would take the third place, a crash at turn 2 cleared the way for Lude\u00f1a, who secured third place. In the Superstock 600 class, the winner was Francisco Javier Ruiz.<\/p>\n<p>The morning started early with the first scheduled race at 9 a.m. for the Supersport 300 category, where a group of 5 riders\u2014Risue\u00f1o, Mar\u00edn, Ocete, Bernal, and Bl\u00e1zquez\u2014quickly broke away from the rest of the competitors, beginning a battle for the three podium spots. In a very tight finish with position changes throughout, it was ultimately Juan Francisco Risue\u00f1o who claimed victory, followed by Daniel Ocete in second and Tom\u00e1s Mar\u00edn in third, completing the podium.<\/p>\n<p>The new ESBK Talent category saw another head-to-head battle between Malaysian rider Qabil Irfan and Spaniard Izan Rodr\u00edguez, who pulled away from the rest of the riders to contest the victory. An exciting final lap decided the positions. Initially, it seemed that Rodr\u00edguez had the upper hand over Irfan, but in the last corners, his bike gave him several scares, which Irfan took advantage of to launch his attack and take the lead. Irfan held on to the first position until the checkered flag, securing the win. Izan Rodr\u00edguez finished second, while Andalusian rider Andr\u00e9s Garc\u00eda once again claimed third place on the podium. <\/p>\n<p>David Real in the Yamaha R7 Cup had no rival, securing his first double victory of the season. From the start, he set a strong pace that only Ra\u00fal Navarrete could follow, though Navarrete couldn't quite keep up with him. Meanwhile, a tight group of four riders, which eventually reduced to two (Hodei Mart\u00ednez and Paola Ramos), fought for the third spot on the podium. Hodei claimed the third place after drafting past Paola on the finish line. However, shortly after, it was communicated to him that he had lost the third spot due to unsportsmanlike conduct, which was given to Paola Ramos, who officially finished in third place. <\/p>\n<p>Finally, Marcos Vinagre in Moto4 secured another victory, adding to his win from yesterday. He was joined on the podium in Jerez by Jase Dill in second place and Chinese rider Shengbo Sun in third.<\/p>\n<p>The ESBK will return to visit us to close its season with the final scoring round scheduled in Jerez on November 8th and 9th.<\/p>\n<\/div>\n<p><\/p>\n<p><img loading=\"lazy\" decoding=\"async\" style=\"width: 100%;\" class=\"alignnone size-medium\" src=\"https:\/\/gestorapp.circuitoangelnieto.com\/\/uploads\/noticias\/noticia_destacada_230.jpg\" width=\"600\" height=\"409\" \/><\/p>","protected":false},"excerpt":{"rendered":"<p>The first event of the season concluded with victories for Borja G\u00f3mez in Superbike and Eric Fern\u00e1ndez in Supersport NG.<\/p>","protected":false},"author":1,"featured_media":38239,"comment_status":"closed","ping_status":"","sticky":false,"template":"","format":"standard","meta":{"footnotes":""},"categories":[2],"tags":[],"class_list":["post-38238","post","type-post","status-publish","format-standard","has-post-thumbnail","hentry","category-noticias"],"yoast_head":"<!-- This site is optimized with the Yoast SEO plugin v22.5 - https:\/\/yoast.com\/wordpress\/plugins\/seo\/ -->\n<title>M\u00e1s de 6.000 aficionados a lo largo del fin de semana han disfrutado del ESBK y de la vuelta a las competiciones del Circuito de Jerez \u00c1ngel Nieto - Circuito de Jerez \u00c1ngel Nieto<\/title>\n<meta name=\"robots\" content=\"index, follow, max-snippet:-1, max-image-preview:large, max-video-preview:-1\" \/>\n<link rel=\"canonical\" href=\"https:\/\/circuitodejerez.com\/en\/2025\/04\/06\/mas-de-6-000-aficionados-a-lo-largo-del-fin-de-semana-han-disfrutado-del-esbk-y-de-la-vuelta-a-las-competiciones-del-circuito-de-jerez-angel-nieto\/\" \/>\n<meta property=\"og:locale\" content=\"en_GB\" \/>\n<meta property=\"og:type\" content=\"article\" \/>\n<meta property=\"og:title\" content=\"M\u00e1s de 6.000 aficionados a lo largo del fin de semana han disfrutado del ESBK y de la vuelta a las competiciones del Circuito de Jerez \u00c1ngel Nieto - Circuito de Jerez \u00c1ngel Nieto\" \/>\n<meta property=\"og:description\" content=\"Punto final a la primera cita de la temporada con victorias para Borja G\u00f3mez en Superbike Eric Fern\u00e1ndez (Supersport NG),\" \/>\n<meta property=\"og:url\" content=\"https:\/\/circuitodejerez.com\/en\/2025\/04\/06\/mas-de-6-000-aficionados-a-lo-largo-del-fin-de-semana-han-disfrutado-del-esbk-y-de-la-vuelta-a-las-competiciones-del-circuito-de-jerez-angel-nieto\/\" \/>\n<meta property=\"og:site_name\" content=\"Circuito de Jerez \u00c1ngel Nieto\" \/>\n<meta property=\"article:publisher\" content=\"https:\/\/www.facebook.com\/circuitodejerezangelnieto\/\" \/>\n<meta property=\"article:published_time\" content=\"2025-04-06T13:28:24+00:00\" \/>\n<meta property=\"article:modified_time\" content=\"2025-04-06T13:28:41+00:00\" \/>\n<meta property=\"og:image\" content=\"https:\/\/circuitodejerez.com\/wp-content\/uploads\/2025\/04\/noticia_230.jpg\" \/>\n\t<meta property=\"og:image:width\" content=\"500\" \/>\n\t<meta property=\"og:image:height\" content=\"400\" \/>\n\t<meta property=\"og:image:type\" content=\"image\/jpeg\" \/>\n<meta name=\"author\" content=\"publyland\" \/>\n<meta name=\"twitter:card\" content=\"summary_large_image\" \/>\n<meta name=\"twitter:creator\" content=\"@circuitodejerez\" \/>\n<meta name=\"twitter:site\" content=\"@circuitodejerez\" \/>\n<meta name=\"twitter:label1\" content=\"Written by\" \/>\n\t<meta name=\"twitter:data1\" content=\"publyland\" \/>\n\t<meta name=\"twitter:label2\" content=\"Estimated reading time\" \/>\n\t<meta name=\"twitter:data2\" content=\"5 minutes\" \/>\n<script type=\"application\/ld+json\" class=\"yoast-schema-graph\">{\"@context\":\"https:\/\/schema.org\",\"@graph\":[{\"@type\":\"Article\",\"@id\":\"https:\/\/circuitodejerez.com\/2025\/04\/06\/mas-de-6-000-aficionados-a-lo-largo-del-fin-de-semana-han-disfrutado-del-esbk-y-de-la-vuelta-a-las-competiciones-del-circuito-de-jerez-angel-nieto\/#article\",\"isPartOf\":{\"@id\":\"https:\/\/circuitodejerez.com\/2025\/04\/06\/mas-de-6-000-aficionados-a-lo-largo-del-fin-de-semana-han-disfrutado-del-esbk-y-de-la-vuelta-a-las-competiciones-del-circuito-de-jerez-angel-nieto\/\"},\"author\":{\"name\":\"publyland\",\"@id\":\"https:\/\/circuitodejerez.com\/#\/schema\/person\/7426c66afad35f522814eb06fb2e213a\"},\"headline\":\"M\u00e1s de 6.000 aficionados a lo largo del fin de semana han disfrutado del ESBK y de la vuelta a las competiciones del Circuito de Jerez \u00c1ngel Nieto\",\"datePublished\":\"2025-04-06T13:28:24+00:00\",\"dateModified\":\"2025-04-06T13:28:41+00:00\",\"mainEntityOfPage\":{\"@id\":\"https:\/\/circuitodejerez.com\/2025\/04\/06\/mas-de-6-000-aficionados-a-lo-largo-del-fin-de-semana-han-disfrutado-del-esbk-y-de-la-vuelta-a-las-competiciones-del-circuito-de-jerez-angel-nieto\/\"},\"wordCount\":1045,\"publisher\":{\"@id\":\"https:\/\/circuitodejerez.com\/#organization\"},\"image\":{\"@id\":\"https:\/\/circuitodejerez.com\/2025\/04\/06\/mas-de-6-000-aficionados-a-lo-largo-del-fin-de-semana-han-disfrutado-del-esbk-y-de-la-vuelta-a-las-competiciones-del-circuito-de-jerez-angel-nieto\/#primaryimage\"},\"thumbnailUrl\":\"https:\/\/circuitodejerez.com\/wp-content\/uploads\/2025\/04\/noticia_230.jpg\",\"articleSection\":[\"Noticias\"],\"inLanguage\":\"en-GB\"},{\"@type\":\"WebPage\",\"@id\":\"https:\/\/circuitodejerez.com\/2025\/04\/06\/mas-de-6-000-aficionados-a-lo-largo-del-fin-de-semana-han-disfrutado-del-esbk-y-de-la-vuelta-a-las-competiciones-del-circuito-de-jerez-angel-nieto\/\",\"url\":\"https:\/\/circuitodejerez.com\/2025\/04\/06\/mas-de-6-000-aficionados-a-lo-largo-del-fin-de-semana-han-disfrutado-del-esbk-y-de-la-vuelta-a-las-competiciones-del-circuito-de-jerez-angel-nieto\/\",\"name\":\"M\u00e1s de 6.000 aficionados a lo largo del fin de semana han disfrutado del ESBK y de la vuelta a las competiciones del Circuito de Jerez \u00c1ngel Nieto - Circuito de Jerez \u00c1ngel Nieto\",\"isPartOf\":{\"@id\":\"https:\/\/circuitodejerez.com\/#website\"},\"primaryImageOfPage\":{\"@id\":\"https:\/\/circuitodejerez.com\/2025\/04\/06\/mas-de-6-000-aficionados-a-lo-largo-del-fin-de-semana-han-disfrutado-del-esbk-y-de-la-vuelta-a-las-competiciones-del-circuito-de-jerez-angel-nieto\/#primaryimage\"},\"image\":{\"@id\":\"https:\/\/circuitodejerez.com\/2025\/04\/06\/mas-de-6-000-aficionados-a-lo-largo-del-fin-de-semana-han-disfrutado-del-esbk-y-de-la-vuelta-a-las-competiciones-del-circuito-de-jerez-angel-nieto\/#primaryimage\"},\"thumbnailUrl\":\"https:\/\/circuitodejerez.com\/wp-content\/uploads\/2025\/04\/noticia_230.jpg\",\"datePublished\":\"2025-04-06T13:28:24+00:00\",\"dateModified\":\"2025-04-06T13:28:41+00:00\",\"breadcrumb\":{\"@id\":\"https:\/\/circuitodejerez.com\/2025\/04\/06\/mas-de-6-000-aficionados-a-lo-largo-del-fin-de-semana-han-disfrutado-del-esbk-y-de-la-vuelta-a-las-competiciones-del-circuito-de-jerez-angel-nieto\/#breadcrumb\"},\"inLanguage\":\"en-GB\",\"potentialAction\":[{\"@type\":\"ReadAction\",\"target\":[\"https:\/\/circuitodejerez.com\/2025\/04\/06\/mas-de-6-000-aficionados-a-lo-largo-del-fin-de-semana-han-disfrutado-del-esbk-y-de-la-vuelta-a-las-competiciones-del-circuito-de-jerez-angel-nieto\/\"]}]},{\"@type\":\"ImageObject\",\"inLanguage\":\"en-GB\",\"@id\":\"https:\/\/circuitodejerez.com\/2025\/04\/06\/mas-de-6-000-aficionados-a-lo-largo-del-fin-de-semana-han-disfrutado-del-esbk-y-de-la-vuelta-a-las-competiciones-del-circuito-de-jerez-angel-nieto\/#primaryimage\",\"url\":\"https:\/\/circuitodejerez.com\/wp-content\/uploads\/2025\/04\/noticia_230.jpg\",\"contentUrl\":\"https:\/\/circuitodejerez.com\/wp-content\/uploads\/2025\/04\/noticia_230.jpg\",\"width\":500,\"height\":400},{\"@type\":\"BreadcrumbList\",\"@id\":\"https:\/\/circuitodejerez.com\/2025\/04\/06\/mas-de-6-000-aficionados-a-lo-largo-del-fin-de-semana-han-disfrutado-del-esbk-y-de-la-vuelta-a-las-competiciones-del-circuito-de-jerez-angel-nieto\/#breadcrumb\",\"itemListElement\":[{\"@type\":\"ListItem\",\"position\":1,\"name\":\"Portada\",\"item\":\"https:\/\/circuitodejerez.com\/\"},{\"@type\":\"ListItem\",\"position\":2,\"name\":\"M\u00e1s de 6.000 aficionados a lo largo del fin de semana han disfrutado del ESBK y de la vuelta a las competiciones del Circuito de Jerez \u00c1ngel Nieto\"}]},{\"@type\":\"WebSite\",\"@id\":\"https:\/\/circuitodejerez.com\/#website\",\"url\":\"https:\/\/circuitodejerez.com\/\",\"name\":\"Circuito de Jerez \u00c1ngel Nieto\",\"description\":\"Circuito de Jerez \u00c1ngel Nieto\",\"publisher\":{\"@id\":\"https:\/\/circuitodejerez.com\/#organization\"},\"potentialAction\":[{\"@type\":\"SearchAction\",\"target\":{\"@type\":\"EntryPoint\",\"urlTemplate\":\"https:\/\/circuitodejerez.com\/?s={search_term_string}\"},\"query-input\":\"required name=search_term_string\"}],\"inLanguage\":\"en-GB\"},{\"@type\":\"Organization\",\"@id\":\"https:\/\/circuitodejerez.com\/#organization\",\"name\":\"Circuito de Jerez \u00c1ngel Nieto\",\"url\":\"https:\/\/circuitodejerez.com\/\",\"logo\":{\"@type\":\"ImageObject\",\"inLanguage\":\"en-GB\",\"@id\":\"https:\/\/circuitodejerez.com\/#\/schema\/logo\/image\/\",\"url\":\"https:\/\/circuitodejerez.com\/wp-content\/uploads\/2023\/06\/logo-circuito-jerez.png\",\"contentUrl\":\"https:\/\/circuitodejerez.com\/wp-content\/uploads\/2023\/06\/logo-circuito-jerez.png\",\"width\":556,\"height\":142,\"caption\":\"Circuito de Jerez \u00c1ngel Nieto\"},\"image\":{\"@id\":\"https:\/\/circuitodejerez.com\/#\/schema\/logo\/image\/\"},\"sameAs\":[\"https:\/\/www.facebook.com\/circuitodejerezangelnieto\/\",\"https:\/\/x.com\/circuitodejerez\",\"https:\/\/www.instagram.com\/circuito_de_jerez\/?hl=es\",\"https:\/\/www.youtube.com\/user\/cirjesa\"]},{\"@type\":\"Person\",\"@id\":\"https:\/\/circuitodejerez.com\/#\/schema\/person\/7426c66afad35f522814eb06fb2e213a\",\"name\":\"publyland\",\"sameAs\":[\"https:\/\/circuitoangelnieto.com\"],\"url\":\"https:\/\/circuitodejerez.com\/en\/author\/publyland\/\"}]}<\/script>\n<!-- \/ Yoast SEO plugin. -->","yoast_head_json":{"title":"M\u00e1s de 6.000 aficionados a lo largo del fin de semana han disfrutado del ESBK y de la vuelta a las competiciones del Circuito de Jerez \u00c1ngel Nieto - Circuito de Jerez \u00c1ngel Nieto","robots":{"index":"index","follow":"follow","max-snippet":"max-snippet:-1","max-image-preview":"max-image-preview:large","max-video-preview":"max-video-preview:-1"},"canonical":"https:\/\/circuitodejerez.com\/en\/2025\/04\/06\/mas-de-6-000-aficionados-a-lo-largo-del-fin-de-semana-han-disfrutado-del-esbk-y-de-la-vuelta-a-las-competiciones-del-circuito-de-jerez-angel-nieto\/","og_locale":"en_GB","og_type":"article","og_title":"M\u00e1s de 6.000 aficionados a lo largo del fin de semana han disfrutado del ESBK y de la vuelta a las competiciones del Circuito de Jerez \u00c1ngel Nieto - Circuito de Jerez \u00c1ngel Nieto","og_description":"Punto final a la primera cita de la temporada con victorias para Borja G\u00f3mez en Superbike Eric Fern\u00e1ndez (Supersport NG),","og_url":"https:\/\/circuitodejerez.com\/en\/2025\/04\/06\/mas-de-6-000-aficionados-a-lo-largo-del-fin-de-semana-han-disfrutado-del-esbk-y-de-la-vuelta-a-las-competiciones-del-circuito-de-jerez-angel-nieto\/","og_site_name":"Circuito de Jerez \u00c1ngel Nieto","article_publisher":"https:\/\/www.facebook.com\/circuitodejerezangelnieto\/","article_published_time":"2025-04-06T13:28:24+00:00","article_modified_time":"2025-04-06T13:28:41+00:00","og_image":[{"width":500,"height":400,"url":"https:\/\/circuitodejerez.com\/wp-content\/uploads\/2025\/04\/noticia_230.jpg","type":"image\/jpeg"}],"author":"publyland","twitter_card":"summary_large_image","twitter_creator":"@circuitodejerez","twitter_site":"@circuitodejerez","twitter_misc":{"Written by":"publyland","Estimated reading time":"5 minutes"},"schema":{"@context":"https:\/\/schema.org","@graph":[{"@type":"Article","@id":"https:\/\/circuitodejerez.com\/2025\/04\/06\/mas-de-6-000-aficionados-a-lo-largo-del-fin-de-semana-han-disfrutado-del-esbk-y-de-la-vuelta-a-las-competiciones-del-circuito-de-jerez-angel-nieto\/#article","isPartOf":{"@id":"https:\/\/circuitodejerez.com\/2025\/04\/06\/mas-de-6-000-aficionados-a-lo-largo-del-fin-de-semana-han-disfrutado-del-esbk-y-de-la-vuelta-a-las-competiciones-del-circuito-de-jerez-angel-nieto\/"},"author":{"name":"publyland","@id":"https:\/\/circuitodejerez.com\/#\/schema\/person\/7426c66afad35f522814eb06fb2e213a"},"headline":"M\u00e1s de 6.000 aficionados a lo largo del fin de semana han disfrutado del ESBK y de la vuelta a las competiciones del Circuito de Jerez \u00c1ngel Nieto","datePublished":"2025-04-06T13:28:24+00:00","dateModified":"2025-04-06T13:28:41+00:00","mainEntityOfPage":{"@id":"https:\/\/circuitodejerez.com\/2025\/04\/06\/mas-de-6-000-aficionados-a-lo-largo-del-fin-de-semana-han-disfrutado-del-esbk-y-de-la-vuelta-a-las-competiciones-del-circuito-de-jerez-angel-nieto\/"},"wordCount":1045,"publisher":{"@id":"https:\/\/circuitodejerez.com\/#organization"},"image":{"@id":"https:\/\/circuitodejerez.com\/2025\/04\/06\/mas-de-6-000-aficionados-a-lo-largo-del-fin-de-semana-han-disfrutado-del-esbk-y-de-la-vuelta-a-las-competiciones-del-circuito-de-jerez-angel-nieto\/#primaryimage"},"thumbnailUrl":"https:\/\/circuitodejerez.com\/wp-content\/uploads\/2025\/04\/noticia_230.jpg","articleSection":["Noticias"],"inLanguage":"en-GB"},{"@type":"WebPage","@id":"https:\/\/circuitodejerez.com\/2025\/04\/06\/mas-de-6-000-aficionados-a-lo-largo-del-fin-de-semana-han-disfrutado-del-esbk-y-de-la-vuelta-a-las-competiciones-del-circuito-de-jerez-angel-nieto\/","url":"https:\/\/circuitodejerez.com\/2025\/04\/06\/mas-de-6-000-aficionados-a-lo-largo-del-fin-de-semana-han-disfrutado-del-esbk-y-de-la-vuelta-a-las-competiciones-del-circuito-de-jerez-angel-nieto\/","name":"M\u00e1s de 6.000 aficionados a lo largo del fin de semana han disfrutado del ESBK y de la vuelta a las competiciones del Circuito de Jerez \u00c1ngel Nieto - Circuito de Jerez \u00c1ngel Nieto","isPartOf":{"@id":"https:\/\/circuitodejerez.com\/#website"},"primaryImageOfPage":{"@id":"https:\/\/circuitodejerez.com\/2025\/04\/06\/mas-de-6-000-aficionados-a-lo-largo-del-fin-de-semana-han-disfrutado-del-esbk-y-de-la-vuelta-a-las-competiciones-del-circuito-de-jerez-angel-nieto\/#primaryimage"},"image":{"@id":"https:\/\/circuitodejerez.com\/2025\/04\/06\/mas-de-6-000-aficionados-a-lo-largo-del-fin-de-semana-han-disfrutado-del-esbk-y-de-la-vuelta-a-las-competiciones-del-circuito-de-jerez-angel-nieto\/#primaryimage"},"thumbnailUrl":"https:\/\/circuitodejerez.com\/wp-content\/uploads\/2025\/04\/noticia_230.jpg","datePublished":"2025-04-06T13:28:24+00:00","dateModified":"2025-04-06T13:28:41+00:00","breadcrumb":{"@id":"https:\/\/circuitodejerez.com\/2025\/04\/06\/mas-de-6-000-aficionados-a-lo-largo-del-fin-de-semana-han-disfrutado-del-esbk-y-de-la-vuelta-a-las-competiciones-del-circuito-de-jerez-angel-nieto\/#breadcrumb"},"inLanguage":"en-GB","potentialAction":[{"@type":"ReadAction","target":["https:\/\/circuitodejerez.com\/2025\/04\/06\/mas-de-6-000-aficionados-a-lo-largo-del-fin-de-semana-han-disfrutado-del-esbk-y-de-la-vuelta-a-las-competiciones-del-circuito-de-jerez-angel-nieto\/"]}]},{"@type":"ImageObject","inLanguage":"en-GB","@id":"https:\/\/circuitodejerez.com\/2025\/04\/06\/mas-de-6-000-aficionados-a-lo-largo-del-fin-de-semana-han-disfrutado-del-esbk-y-de-la-vuelta-a-las-competiciones-del-circuito-de-jerez-angel-nieto\/#primaryimage","url":"https:\/\/circuitodejerez.com\/wp-content\/uploads\/2025\/04\/noticia_230.jpg","contentUrl":"https:\/\/circuitodejerez.com\/wp-content\/uploads\/2025\/04\/noticia_230.jpg","width":500,"height":400},{"@type":"BreadcrumbList","@id":"https:\/\/circuitodejerez.com\/2025\/04\/06\/mas-de-6-000-aficionados-a-lo-largo-del-fin-de-semana-han-disfrutado-del-esbk-y-de-la-vuelta-a-las-competiciones-del-circuito-de-jerez-angel-nieto\/#breadcrumb","itemListElement":[{"@type":"ListItem","position":1,"name":"Portada","item":"https:\/\/circuitodejerez.com\/"},{"@type":"ListItem","position":2,"name":"M\u00e1s de 6.000 aficionados a lo largo del fin de semana han disfrutado del ESBK y de la vuelta a las competiciones del Circuito de Jerez \u00c1ngel Nieto"}]},{"@type":"WebSite","@id":"https:\/\/circuitodejerez.com\/#website","url":"https:\/\/circuitodejerez.com\/","name":"Circuito de Jerez \u00c1ngel Nieto","description":"Circuito de Jerez \u00c1ngel Nieto","publisher":{"@id":"https:\/\/circuitodejerez.com\/#organization"},"potentialAction":[{"@type":"SearchAction","target":{"@type":"EntryPoint","urlTemplate":"https:\/\/circuitodejerez.com\/?s={search_term_string}"},"query-input":"required name=search_term_string"}],"inLanguage":"en-GB"},{"@type":"Organization","@id":"https:\/\/circuitodejerez.com\/#organization","name":"Circuito de Jerez \u00c1ngel Nieto","url":"https:\/\/circuitodejerez.com\/","logo":{"@type":"ImageObject","inLanguage":"en-GB","@id":"https:\/\/circuitodejerez.com\/#\/schema\/logo\/image\/","url":"https:\/\/circuitodejerez.com\/wp-content\/uploads\/2023\/06\/logo-circuito-jerez.png","contentUrl":"https:\/\/circuitodejerez.com\/wp-content\/uploads\/2023\/06\/logo-circuito-jerez.png","width":556,"height":142,"caption":"Circuito de Jerez \u00c1ngel Nieto"},"image":{"@id":"https:\/\/circuitodejerez.com\/#\/schema\/logo\/image\/"},"sameAs":["https:\/\/www.facebook.com\/circuitodejerezangelnieto\/","https:\/\/x.com\/circuitodejerez","https:\/\/www.instagram.com\/circuito_de_jerez\/?hl=es","https:\/\/www.youtube.com\/user\/cirjesa"]},{"@type":"Person","@id":"https:\/\/circuitodejerez.com\/#\/schema\/person\/7426c66afad35f522814eb06fb2e213a","name":"publyland","sameAs":["https:\/\/circuitoangelnieto.com"],"url":"https:\/\/circuitodejerez.com\/en\/author\/publyland\/"}]}},"_links":{"self":[{"href":"https:\/\/circuitodejerez.com\/en\/wp-json\/wp\/v2\/posts\/38238","targetHints":{"allow":["GET"]}}],"collection":[{"href":"https:\/\/circuitodejerez.com\/en\/wp-json\/wp\/v2\/posts"}],"about":[{"href":"https:\/\/circuitodejerez.com\/en\/wp-json\/wp\/v2\/types\/post"}],"author":[{"embeddable":true,"href":"https:\/\/circuitodejerez.com\/en\/wp-json\/wp\/v2\/users\/1"}],"replies":[{"embeddable":true,"href":"https:\/\/circuitodejerez.com\/en\/wp-json\/wp\/v2\/comments?post=38238"}],"version-history":[{"count":2,"href":"https:\/\/circuitodejerez.com\/en\/wp-json\/wp\/v2\/posts\/38238\/revisions"}],"predecessor-version":[{"id":38241,"href":"https:\/\/circuitodejerez.com\/en\/wp-json\/wp\/v2\/posts\/38238\/revisions\/38241"}],"wp:featuredmedia":[{"embeddable":true,"href":"https:\/\/circuitodejerez.com\/en\/wp-json\/wp\/v2\/media\/38239"}],"wp:attachment":[{"href":"https:\/\/circuitodejerez.com\/en\/wp-json\/wp\/v2\/media?parent=38238"}],"wp:term":[{"taxonomy":"category","embeddable":true,"href":"https:\/\/circuitodejerez.com\/en\/wp-json\/wp\/v2\/categories?post=38238"},{"taxonomy":"post_tag","embeddable":true,"href":"https:\/\/circuitodejerez.com\/en\/wp-json\/wp\/v2\/tags?post=38238"}],"curies":[{"name":"wp","href":"https:\/\/api.w.org\/{rel}","templated":true}]}}