{"id":38665,"date":"2025-06-26T10:04:31","date_gmt":"2025-06-26T08:04:31","guid":{"rendered":"https:\/\/circuitodejerez.com\/2025\/06\/26\/en-septiembre-jerez-celebra-a-lo-grande-el-40o-aniversario-de-su-circuito-con-una-espectacular-concentracion-de-clasicos-de-automovilismo-de-los-anos-80-y-un-gran-encuentro-motero\/"},"modified":"2025-06-26T10:05:15","modified_gmt":"2025-06-26T08:05:15","slug":"en-septiembre-jerez-celebra-a-lo-grande-el-40o-aniversario-de-su-circuito-con-una-espectacular-concentracion-de-clasicos-de-automovilismo-de-los-anos-80-y-un-gran-encuentro-motero","status":"publish","type":"post","link":"https:\/\/circuitodejerez.com\/en\/2025\/06\/26\/en-septiembre-jerez-celebra-a-lo-grande-el-40o-aniversario-de-su-circuito-con-una-espectacular-concentracion-de-clasicos-de-automovilismo-de-los-anos-80-y-un-gran-encuentro-motero\/","title":{"rendered":"En septiembre, Jerez celebra a lo grande el 40\u00ba Aniversario de su circuito con una espectacular Concentraci\u00f3n de Cl\u00e1sicos de automovilismo de los a\u00f1os 80 y un \u2018Gran Encuentro Motero\u2019"},"content":{"rendered":"<p><img loading=\"lazy\" decoding=\"async\" style=\"display:none;\" class=\"alignnone size-medium\" src=\"https:\/\/gestorapp.circuitoangelnieto.com\/\/uploads\/noticias\/noticia_251.jpg\" width=\"600\" height=\"409\" \/><\/p>\n<p><b>26 de junio de 2025. <\/b>Dentro de las actividades enmarcadas en el programa del 40 aniversario del Circuito de Jerez-\u00c1ngel Nieto, en septiembre los d\u00edas 20 y 21 se celebrar\u00e1 una espectacular Concentraci\u00f3n de Coches Cl\u00e1sicos y Superdeportivos, que tendr\u00e1 lugar del 19 al 21 de septiembre en distintos escenarios de la ciudad, con epicentro en el Parque Gonz\u00e1lez Hontoria. Una semana m\u00e1s tarde, concretamente el s\u00e1bado d\u00eda 27, le tocar\u00e1 el turno a las dos ruedas con un \u2018Gran Encuentro Motero\u2019 que contar\u00e1 con un atractivo programa de actividades que har\u00e1n las delicias de los aficionados a las motocicletas.<\/p>\n<p><b><u>Concentraci\u00f3n de Cl\u00e1sicos<\/u><\/b><\/p>\n<p>Durante tres d\u00edas, Jerez revivir\u00e1 la esencia de los a\u00f1os 80 con un completo programa que incluye desfiles tanto en la ciudad como en el propio circuito, concursos de belleza automovil\u00edstica, conciertos de m\u00fasica con grandes artistas de los a\u00f1os 80, exposiciones, mercadillo del motor y una participaci\u00f3n hist\u00f3rica: los pilotos que compitieron en la primera carrera del circuito en 1985 desfilar\u00e1n por el centro de la ciudad en veh\u00edculos descapotables, rindiendo homenaje al legado deportivo del trazado jerezano. En el Circuito, el domingo est\u00e1 previsto que los participantes en esta concentraci\u00f3n puedan disfrutar de las carreras del Racing &amp; Weekend de las categor\u00edas de F4, Eurocup y Copa Porsche Ib\u00e9rica, pasear por el paddock y disfrutar la experiencia del Pit-Lane Walk, adem\u00e1s de poder realizar vueltas Vips tras las carreras para finalizar un fin de semana inolvidable.&nbsp;<\/p>\n<p>Una cita \u00fanica para los amantes del motor y la nostalgia. Este evento ser\u00e1 una oportunidad irrepetible para los amantes del motor cl\u00e1sico, los fan\u00e1ticos de la competici\u00f3n y el p\u00fablico general que quiera disfrutar de una experiencia completa, vibrante y con sabor a los 80. Jerez se viste de gala para homenajear a su circuito, sus coches y su historia.<\/p>\n<p><b><a target=\"_blank\" rel=\"nofollow\" href=\"https:\/\/circuitodejerez.com\/en\/2025\/09\/20\/concentracion-de-clasicos-del-automovilismo-40-aniversario-circuito-de-jerez-angel-nieto-gran-fiesta-ochentera\/\">Programa del evento<\/a><\/b><\/p>\n<p><b><u>Gran Encuentro Motero<\/u><\/b><br \/><b>Jerez rugir\u00e1 con el Gran Encuentro Motero del 40\u00ba Aniversario del Circuito<\/b><\/p>\n<p>En el marco de las celebraciones por el 40\u00ba aniversario del Circuito de Jerez-\u00c1ngel Nieto, la ciudad acoger\u00e1 el pr\u00f3ximo 27 de septiembre un espectacular Encuentro Motero que reunir\u00e1 a clubes, aficionados y amantes de las dos ruedas en una jornada inolvidable.<\/p>\n<p>El evento comenzar\u00e1 a las 09:00 h en el Circuito de Jerez, donde los participantes realizar\u00e1n una vuelta controlada por la m\u00edtica pista internacional. A continuaci\u00f3n, una caravana motera encabezada por la bandera oficial del 40 aniversario y los estandartes de los clubes inscritos recorrer\u00e1 el trayecto hasta el Parque Gonz\u00e1lez Hontoria, donde se ubicar\u00e1 la gran Fan Zone del evento.<\/p>\n<p><b>Un homenaje motero con esp\u00edritu de comunidad<\/b><\/p>\n<p>El Consejo Local del Motor de Jerez ha cursado invitaciones a todos los clubes moteros de la regi\u00f3n. Aquellos que confirmen su participaci\u00f3n recibir\u00e1n una placa conmemorativa personalizada como agradecimiento, entregada sobre el escenario principal de la Fan Zone. Adem\u00e1s, los asistentes recibir\u00e1n una braga de cuello conmemorativa del 40\u00ba Aniversario al finalizar la vuelta al circuito.<\/p>\n<p><b>Fan Zone con adrenalina, m\u00fasica y exhibiciones<\/b><\/p>\n<p>La Fan Zone, ubicada en la zona de atracciones del Parque Gonz\u00e1lez Hontoria, contar\u00e1 con:<br \/>\u2022  Escenario para presentaciones y actuaciones musicales.<br \/>\u2022  Zona de bares y restauraci\u00f3n con Food Trucks.<br \/>\u2022  Photocall conmemorativo del evento.<br \/>\u2022  Exhibiciones moteras a cargo de la Escuela Infantil del Circuito y los siempre espectaculares pilotos de Stunt.<br \/>\u2022  Y como broche de oro: un gran concierto a las 21:00 h de un artista internacional, cuyo nombre se revelar\u00e1 pr\u00f3ximamente.<\/p>\n<p><b>Una cita imprescindible para el mundo motero<\/b><\/p>\n<p>Con este primer Gran Encuentro Motero, Jerez reafirma su compromiso con el motor y la comunidad motera. Una jornada que promete emoci\u00f3n, compa\u00f1erismo y pasi\u00f3n por las dos ruedas.<\/p>\n<p><a target=\"_blank\" rel=\"nofollow\" href=\"https:\/\/circuitodejerez.com\/en\/2025\/09\/27\/gran-encuentro-motero-40-aniversario\/\">Programa del evento<\/a><\/p>\n<p><\/p>\n<p><img loading=\"lazy\" decoding=\"async\" style=\"width: 100%;\" class=\"alignnone size-medium\" src=\"https:\/\/gestorapp.circuitoangelnieto.com\/\/uploads\/noticias\/noticia_destacada_251.jpg\" width=\"600\" height=\"409\" \/><\/p>","protected":false},"excerpt":{"rendered":"<p>26 de junio de 2025. Dentro de las actividades enmarcadas en el programa del 40 aniversario del Circuito de Jerez-\u00c1ngel<\/p>","protected":false},"author":1,"featured_media":38666,"comment_status":"closed","ping_status":"","sticky":false,"template":"","format":"standard","meta":{"footnotes":""},"categories":[2],"tags":[],"class_list":["post-38665","post","type-post","status-publish","format-standard","has-post-thumbnail","hentry","category-noticias"],"yoast_head":"<!-- This site is optimized with the Yoast SEO plugin v22.5 - https:\/\/yoast.com\/wordpress\/plugins\/seo\/ -->\n<title>En septiembre, Jerez celebra a lo grande el 40\u00ba Aniversario de su circuito con una espectacular Concentraci\u00f3n de Cl\u00e1sicos de automovilismo de los a\u00f1os 80 y un \u2018Gran Encuentro Motero\u2019 - Circuito de Jerez \u00c1ngel Nieto<\/title>\n<meta name=\"robots\" content=\"index, follow, max-snippet:-1, max-image-preview:large, max-video-preview:-1\" \/>\n<link rel=\"canonical\" href=\"https:\/\/circuitodejerez.com\/en\/2025\/06\/26\/en-septiembre-jerez-celebra-a-lo-grande-el-40o-aniversario-de-su-circuito-con-una-espectacular-concentracion-de-clasicos-de-automovilismo-de-los-anos-80-y-un-gran-encuentro-motero\/\" \/>\n<meta property=\"og:locale\" content=\"en_GB\" \/>\n<meta property=\"og:type\" content=\"article\" \/>\n<meta property=\"og:title\" content=\"En septiembre, Jerez celebra a lo grande el 40\u00ba Aniversario de su circuito con una espectacular Concentraci\u00f3n de Cl\u00e1sicos de automovilismo de los a\u00f1os 80 y un \u2018Gran Encuentro Motero\u2019 - Circuito de Jerez \u00c1ngel Nieto\" \/>\n<meta property=\"og:description\" content=\"26 de junio de 2025. Dentro de las actividades enmarcadas en el programa del 40 aniversario del Circuito de Jerez-\u00c1ngel\" \/>\n<meta property=\"og:url\" content=\"https:\/\/circuitodejerez.com\/en\/2025\/06\/26\/en-septiembre-jerez-celebra-a-lo-grande-el-40o-aniversario-de-su-circuito-con-una-espectacular-concentracion-de-clasicos-de-automovilismo-de-los-anos-80-y-un-gran-encuentro-motero\/\" \/>\n<meta property=\"og:site_name\" content=\"Circuito de Jerez \u00c1ngel Nieto\" \/>\n<meta property=\"article:publisher\" content=\"https:\/\/www.facebook.com\/circuitodejerezangelnieto\/\" \/>\n<meta property=\"article:published_time\" content=\"2025-06-26T08:04:31+00:00\" \/>\n<meta property=\"article:modified_time\" content=\"2025-06-26T08:05:15+00:00\" \/>\n<meta property=\"og:image\" content=\"https:\/\/circuitodejerez.com\/wp-content\/uploads\/2025\/06\/noticia_251.jpg\" \/>\n\t<meta property=\"og:image:width\" content=\"500\" \/>\n\t<meta property=\"og:image:height\" content=\"400\" \/>\n\t<meta property=\"og:image:type\" content=\"image\/jpeg\" \/>\n<meta name=\"author\" content=\"publyland\" \/>\n<meta name=\"twitter:card\" content=\"summary_large_image\" \/>\n<meta name=\"twitter:creator\" content=\"@circuitodejerez\" \/>\n<meta name=\"twitter:site\" content=\"@circuitodejerez\" \/>\n<meta name=\"twitter:label1\" content=\"Written by\" \/>\n\t<meta name=\"twitter:data1\" content=\"publyland\" \/>\n\t<meta name=\"twitter:label2\" content=\"Estimated reading time\" \/>\n\t<meta name=\"twitter:data2\" content=\"3 minutes\" \/>\n<script type=\"application\/ld+json\" class=\"yoast-schema-graph\">{\"@context\":\"https:\/\/schema.org\",\"@graph\":[{\"@type\":\"Article\",\"@id\":\"https:\/\/circuitodejerez.com\/2025\/06\/26\/en-septiembre-jerez-celebra-a-lo-grande-el-40o-aniversario-de-su-circuito-con-una-espectacular-concentracion-de-clasicos-de-automovilismo-de-los-anos-80-y-un-gran-encuentro-motero\/#article\",\"isPartOf\":{\"@id\":\"https:\/\/circuitodejerez.com\/2025\/06\/26\/en-septiembre-jerez-celebra-a-lo-grande-el-40o-aniversario-de-su-circuito-con-una-espectacular-concentracion-de-clasicos-de-automovilismo-de-los-anos-80-y-un-gran-encuentro-motero\/\"},\"author\":{\"name\":\"publyland\",\"@id\":\"https:\/\/circuitodejerez.com\/#\/schema\/person\/7426c66afad35f522814eb06fb2e213a\"},\"headline\":\"En septiembre, Jerez celebra a lo grande el 40\u00ba Aniversario de su circuito con una espectacular Concentraci\u00f3n de Cl\u00e1sicos de automovilismo de los a\u00f1os 80 y un \u2018Gran Encuentro Motero\u2019\",\"datePublished\":\"2025-06-26T08:04:31+00:00\",\"dateModified\":\"2025-06-26T08:05:15+00:00\",\"mainEntityOfPage\":{\"@id\":\"https:\/\/circuitodejerez.com\/2025\/06\/26\/en-septiembre-jerez-celebra-a-lo-grande-el-40o-aniversario-de-su-circuito-con-una-espectacular-concentracion-de-clasicos-de-automovilismo-de-los-anos-80-y-un-gran-encuentro-motero\/\"},\"wordCount\":664,\"publisher\":{\"@id\":\"https:\/\/circuitodejerez.com\/#organization\"},\"image\":{\"@id\":\"https:\/\/circuitodejerez.com\/2025\/06\/26\/en-septiembre-jerez-celebra-a-lo-grande-el-40o-aniversario-de-su-circuito-con-una-espectacular-concentracion-de-clasicos-de-automovilismo-de-los-anos-80-y-un-gran-encuentro-motero\/#primaryimage\"},\"thumbnailUrl\":\"https:\/\/circuitodejerez.com\/wp-content\/uploads\/2025\/06\/noticia_251.jpg\",\"articleSection\":[\"Noticias\"],\"inLanguage\":\"en-GB\"},{\"@type\":\"WebPage\",\"@id\":\"https:\/\/circuitodejerez.com\/2025\/06\/26\/en-septiembre-jerez-celebra-a-lo-grande-el-40o-aniversario-de-su-circuito-con-una-espectacular-concentracion-de-clasicos-de-automovilismo-de-los-anos-80-y-un-gran-encuentro-motero\/\",\"url\":\"https:\/\/circuitodejerez.com\/2025\/06\/26\/en-septiembre-jerez-celebra-a-lo-grande-el-40o-aniversario-de-su-circuito-con-una-espectacular-concentracion-de-clasicos-de-automovilismo-de-los-anos-80-y-un-gran-encuentro-motero\/\",\"name\":\"En septiembre, Jerez celebra a lo grande el 40\u00ba Aniversario de su circuito con una espectacular Concentraci\u00f3n de Cl\u00e1sicos de automovilismo de los a\u00f1os 80 y un \u2018Gran Encuentro Motero\u2019 - Circuito de Jerez \u00c1ngel Nieto\",\"isPartOf\":{\"@id\":\"https:\/\/circuitodejerez.com\/#website\"},\"primaryImageOfPage\":{\"@id\":\"https:\/\/circuitodejerez.com\/2025\/06\/26\/en-septiembre-jerez-celebra-a-lo-grande-el-40o-aniversario-de-su-circuito-con-una-espectacular-concentracion-de-clasicos-de-automovilismo-de-los-anos-80-y-un-gran-encuentro-motero\/#primaryimage\"},\"image\":{\"@id\":\"https:\/\/circuitodejerez.com\/2025\/06\/26\/en-septiembre-jerez-celebra-a-lo-grande-el-40o-aniversario-de-su-circuito-con-una-espectacular-concentracion-de-clasicos-de-automovilismo-de-los-anos-80-y-un-gran-encuentro-motero\/#primaryimage\"},\"thumbnailUrl\":\"https:\/\/circuitodejerez.com\/wp-content\/uploads\/2025\/06\/noticia_251.jpg\",\"datePublished\":\"2025-06-26T08:04:31+00:00\",\"dateModified\":\"2025-06-26T08:05:15+00:00\",\"breadcrumb\":{\"@id\":\"https:\/\/circuitodejerez.com\/2025\/06\/26\/en-septiembre-jerez-celebra-a-lo-grande-el-40o-aniversario-de-su-circuito-con-una-espectacular-concentracion-de-clasicos-de-automovilismo-de-los-anos-80-y-un-gran-encuentro-motero\/#breadcrumb\"},\"inLanguage\":\"en-GB\",\"potentialAction\":[{\"@type\":\"ReadAction\",\"target\":[\"https:\/\/circuitodejerez.com\/2025\/06\/26\/en-septiembre-jerez-celebra-a-lo-grande-el-40o-aniversario-de-su-circuito-con-una-espectacular-concentracion-de-clasicos-de-automovilismo-de-los-anos-80-y-un-gran-encuentro-motero\/\"]}]},{\"@type\":\"ImageObject\",\"inLanguage\":\"en-GB\",\"@id\":\"https:\/\/circuitodejerez.com\/2025\/06\/26\/en-septiembre-jerez-celebra-a-lo-grande-el-40o-aniversario-de-su-circuito-con-una-espectacular-concentracion-de-clasicos-de-automovilismo-de-los-anos-80-y-un-gran-encuentro-motero\/#primaryimage\",\"url\":\"https:\/\/circuitodejerez.com\/wp-content\/uploads\/2025\/06\/noticia_251.jpg\",\"contentUrl\":\"https:\/\/circuitodejerez.com\/wp-content\/uploads\/2025\/06\/noticia_251.jpg\",\"width\":500,\"height\":400},{\"@type\":\"BreadcrumbList\",\"@id\":\"https:\/\/circuitodejerez.com\/2025\/06\/26\/en-septiembre-jerez-celebra-a-lo-grande-el-40o-aniversario-de-su-circuito-con-una-espectacular-concentracion-de-clasicos-de-automovilismo-de-los-anos-80-y-un-gran-encuentro-motero\/#breadcrumb\",\"itemListElement\":[{\"@type\":\"ListItem\",\"position\":1,\"name\":\"Portada\",\"item\":\"https:\/\/circuitodejerez.com\/\"},{\"@type\":\"ListItem\",\"position\":2,\"name\":\"En septiembre, Jerez celebra a lo grande el 40\u00ba Aniversario de su circuito con una espectacular Concentraci\u00f3n de Cl\u00e1sicos de automovilismo de los a\u00f1os 80 y un \u2018Gran Encuentro Motero\u2019\"}]},{\"@type\":\"WebSite\",\"@id\":\"https:\/\/circuitodejerez.com\/#website\",\"url\":\"https:\/\/circuitodejerez.com\/\",\"name\":\"Circuito de Jerez \u00c1ngel Nieto\",\"description\":\"Circuito de Jerez \u00c1ngel Nieto\",\"publisher\":{\"@id\":\"https:\/\/circuitodejerez.com\/#organization\"},\"potentialAction\":[{\"@type\":\"SearchAction\",\"target\":{\"@type\":\"EntryPoint\",\"urlTemplate\":\"https:\/\/circuitodejerez.com\/?s={search_term_string}\"},\"query-input\":\"required name=search_term_string\"}],\"inLanguage\":\"en-GB\"},{\"@type\":\"Organization\",\"@id\":\"https:\/\/circuitodejerez.com\/#organization\",\"name\":\"Circuito de Jerez \u00c1ngel Nieto\",\"url\":\"https:\/\/circuitodejerez.com\/\",\"logo\":{\"@type\":\"ImageObject\",\"inLanguage\":\"en-GB\",\"@id\":\"https:\/\/circuitodejerez.com\/#\/schema\/logo\/image\/\",\"url\":\"https:\/\/circuitodejerez.com\/wp-content\/uploads\/2023\/06\/logo-circuito-jerez.png\",\"contentUrl\":\"https:\/\/circuitodejerez.com\/wp-content\/uploads\/2023\/06\/logo-circuito-jerez.png\",\"width\":556,\"height\":142,\"caption\":\"Circuito de Jerez \u00c1ngel Nieto\"},\"image\":{\"@id\":\"https:\/\/circuitodejerez.com\/#\/schema\/logo\/image\/\"},\"sameAs\":[\"https:\/\/www.facebook.com\/circuitodejerezangelnieto\/\",\"https:\/\/x.com\/circuitodejerez\",\"https:\/\/www.instagram.com\/circuito_de_jerez\/?hl=es\",\"https:\/\/www.youtube.com\/user\/cirjesa\"]},{\"@type\":\"Person\",\"@id\":\"https:\/\/circuitodejerez.com\/#\/schema\/person\/7426c66afad35f522814eb06fb2e213a\",\"name\":\"publyland\",\"sameAs\":[\"https:\/\/circuitoangelnieto.com\"],\"url\":\"https:\/\/circuitodejerez.com\/en\/author\/publyland\/\"}]}<\/script>\n<!-- \/ Yoast SEO plugin. -->","yoast_head_json":{"title":"En septiembre, Jerez celebra a lo grande el 40\u00ba Aniversario de su circuito con una espectacular Concentraci\u00f3n de Cl\u00e1sicos de automovilismo de los a\u00f1os 80 y un \u2018Gran Encuentro Motero\u2019 - Circuito de Jerez \u00c1ngel Nieto","robots":{"index":"index","follow":"follow","max-snippet":"max-snippet:-1","max-image-preview":"max-image-preview:large","max-video-preview":"max-video-preview:-1"},"canonical":"https:\/\/circuitodejerez.com\/en\/2025\/06\/26\/en-septiembre-jerez-celebra-a-lo-grande-el-40o-aniversario-de-su-circuito-con-una-espectacular-concentracion-de-clasicos-de-automovilismo-de-los-anos-80-y-un-gran-encuentro-motero\/","og_locale":"en_GB","og_type":"article","og_title":"En septiembre, Jerez celebra a lo grande el 40\u00ba Aniversario de su circuito con una espectacular Concentraci\u00f3n de Cl\u00e1sicos de automovilismo de los a\u00f1os 80 y un \u2018Gran Encuentro Motero\u2019 - Circuito de Jerez \u00c1ngel Nieto","og_description":"26 de junio de 2025. Dentro de las actividades enmarcadas en el programa del 40 aniversario del Circuito de Jerez-\u00c1ngel","og_url":"https:\/\/circuitodejerez.com\/en\/2025\/06\/26\/en-septiembre-jerez-celebra-a-lo-grande-el-40o-aniversario-de-su-circuito-con-una-espectacular-concentracion-de-clasicos-de-automovilismo-de-los-anos-80-y-un-gran-encuentro-motero\/","og_site_name":"Circuito de Jerez \u00c1ngel Nieto","article_publisher":"https:\/\/www.facebook.com\/circuitodejerezangelnieto\/","article_published_time":"2025-06-26T08:04:31+00:00","article_modified_time":"2025-06-26T08:05:15+00:00","og_image":[{"width":500,"height":400,"url":"https:\/\/circuitodejerez.com\/wp-content\/uploads\/2025\/06\/noticia_251.jpg","type":"image\/jpeg"}],"author":"publyland","twitter_card":"summary_large_image","twitter_creator":"@circuitodejerez","twitter_site":"@circuitodejerez","twitter_misc":{"Written by":"publyland","Estimated reading time":"3 minutes"},"schema":{"@context":"https:\/\/schema.org","@graph":[{"@type":"Article","@id":"https:\/\/circuitodejerez.com\/2025\/06\/26\/en-septiembre-jerez-celebra-a-lo-grande-el-40o-aniversario-de-su-circuito-con-una-espectacular-concentracion-de-clasicos-de-automovilismo-de-los-anos-80-y-un-gran-encuentro-motero\/#article","isPartOf":{"@id":"https:\/\/circuitodejerez.com\/2025\/06\/26\/en-septiembre-jerez-celebra-a-lo-grande-el-40o-aniversario-de-su-circuito-con-una-espectacular-concentracion-de-clasicos-de-automovilismo-de-los-anos-80-y-un-gran-encuentro-motero\/"},"author":{"name":"publyland","@id":"https:\/\/circuitodejerez.com\/#\/schema\/person\/7426c66afad35f522814eb06fb2e213a"},"headline":"En septiembre, Jerez celebra a lo grande el 40\u00ba Aniversario de su circuito con una espectacular Concentraci\u00f3n de Cl\u00e1sicos de automovilismo de los a\u00f1os 80 y un \u2018Gran Encuentro Motero\u2019","datePublished":"2025-06-26T08:04:31+00:00","dateModified":"2025-06-26T08:05:15+00:00","mainEntityOfPage":{"@id":"https:\/\/circuitodejerez.com\/2025\/06\/26\/en-septiembre-jerez-celebra-a-lo-grande-el-40o-aniversario-de-su-circuito-con-una-espectacular-concentracion-de-clasicos-de-automovilismo-de-los-anos-80-y-un-gran-encuentro-motero\/"},"wordCount":664,"publisher":{"@id":"https:\/\/circuitodejerez.com\/#organization"},"image":{"@id":"https:\/\/circuitodejerez.com\/2025\/06\/26\/en-septiembre-jerez-celebra-a-lo-grande-el-40o-aniversario-de-su-circuito-con-una-espectacular-concentracion-de-clasicos-de-automovilismo-de-los-anos-80-y-un-gran-encuentro-motero\/#primaryimage"},"thumbnailUrl":"https:\/\/circuitodejerez.com\/wp-content\/uploads\/2025\/06\/noticia_251.jpg","articleSection":["Noticias"],"inLanguage":"en-GB"},{"@type":"WebPage","@id":"https:\/\/circuitodejerez.com\/2025\/06\/26\/en-septiembre-jerez-celebra-a-lo-grande-el-40o-aniversario-de-su-circuito-con-una-espectacular-concentracion-de-clasicos-de-automovilismo-de-los-anos-80-y-un-gran-encuentro-motero\/","url":"https:\/\/circuitodejerez.com\/2025\/06\/26\/en-septiembre-jerez-celebra-a-lo-grande-el-40o-aniversario-de-su-circuito-con-una-espectacular-concentracion-de-clasicos-de-automovilismo-de-los-anos-80-y-un-gran-encuentro-motero\/","name":"En septiembre, Jerez celebra a lo grande el 40\u00ba Aniversario de su circuito con una espectacular Concentraci\u00f3n de Cl\u00e1sicos de automovilismo de los a\u00f1os 80 y un \u2018Gran Encuentro Motero\u2019 - Circuito de Jerez \u00c1ngel Nieto","isPartOf":{"@id":"https:\/\/circuitodejerez.com\/#website"},"primaryImageOfPage":{"@id":"https:\/\/circuitodejerez.com\/2025\/06\/26\/en-septiembre-jerez-celebra-a-lo-grande-el-40o-aniversario-de-su-circuito-con-una-espectacular-concentracion-de-clasicos-de-automovilismo-de-los-anos-80-y-un-gran-encuentro-motero\/#primaryimage"},"image":{"@id":"https:\/\/circuitodejerez.com\/2025\/06\/26\/en-septiembre-jerez-celebra-a-lo-grande-el-40o-aniversario-de-su-circuito-con-una-espectacular-concentracion-de-clasicos-de-automovilismo-de-los-anos-80-y-un-gran-encuentro-motero\/#primaryimage"},"thumbnailUrl":"https:\/\/circuitodejerez.com\/wp-content\/uploads\/2025\/06\/noticia_251.jpg","datePublished":"2025-06-26T08:04:31+00:00","dateModified":"2025-06-26T08:05:15+00:00","breadcrumb":{"@id":"https:\/\/circuitodejerez.com\/2025\/06\/26\/en-septiembre-jerez-celebra-a-lo-grande-el-40o-aniversario-de-su-circuito-con-una-espectacular-concentracion-de-clasicos-de-automovilismo-de-los-anos-80-y-un-gran-encuentro-motero\/#breadcrumb"},"inLanguage":"en-GB","potentialAction":[{"@type":"ReadAction","target":["https:\/\/circuitodejerez.com\/2025\/06\/26\/en-septiembre-jerez-celebra-a-lo-grande-el-40o-aniversario-de-su-circuito-con-una-espectacular-concentracion-de-clasicos-de-automovilismo-de-los-anos-80-y-un-gran-encuentro-motero\/"]}]},{"@type":"ImageObject","inLanguage":"en-GB","@id":"https:\/\/circuitodejerez.com\/2025\/06\/26\/en-septiembre-jerez-celebra-a-lo-grande-el-40o-aniversario-de-su-circuito-con-una-espectacular-concentracion-de-clasicos-de-automovilismo-de-los-anos-80-y-un-gran-encuentro-motero\/#primaryimage","url":"https:\/\/circuitodejerez.com\/wp-content\/uploads\/2025\/06\/noticia_251.jpg","contentUrl":"https:\/\/circuitodejerez.com\/wp-content\/uploads\/2025\/06\/noticia_251.jpg","width":500,"height":400},{"@type":"BreadcrumbList","@id":"https:\/\/circuitodejerez.com\/2025\/06\/26\/en-septiembre-jerez-celebra-a-lo-grande-el-40o-aniversario-de-su-circuito-con-una-espectacular-concentracion-de-clasicos-de-automovilismo-de-los-anos-80-y-un-gran-encuentro-motero\/#breadcrumb","itemListElement":[{"@type":"ListItem","position":1,"name":"Portada","item":"https:\/\/circuitodejerez.com\/"},{"@type":"ListItem","position":2,"name":"En septiembre, Jerez celebra a lo grande el 40\u00ba Aniversario de su circuito con una espectacular Concentraci\u00f3n de Cl\u00e1sicos de automovilismo de los a\u00f1os 80 y un \u2018Gran Encuentro Motero\u2019"}]},{"@type":"WebSite","@id":"https:\/\/circuitodejerez.com\/#website","url":"https:\/\/circuitodejerez.com\/","name":"Circuito de Jerez \u00c1ngel Nieto","description":"Circuito de Jerez \u00c1ngel Nieto","publisher":{"@id":"https:\/\/circuitodejerez.com\/#organization"},"potentialAction":[{"@type":"SearchAction","target":{"@type":"EntryPoint","urlTemplate":"https:\/\/circuitodejerez.com\/?s={search_term_string}"},"query-input":"required name=search_term_string"}],"inLanguage":"en-GB"},{"@type":"Organization","@id":"https:\/\/circuitodejerez.com\/#organization","name":"Circuito de Jerez \u00c1ngel Nieto","url":"https:\/\/circuitodejerez.com\/","logo":{"@type":"ImageObject","inLanguage":"en-GB","@id":"https:\/\/circuitodejerez.com\/#\/schema\/logo\/image\/","url":"https:\/\/circuitodejerez.com\/wp-content\/uploads\/2023\/06\/logo-circuito-jerez.png","contentUrl":"https:\/\/circuitodejerez.com\/wp-content\/uploads\/2023\/06\/logo-circuito-jerez.png","width":556,"height":142,"caption":"Circuito de Jerez \u00c1ngel Nieto"},"image":{"@id":"https:\/\/circuitodejerez.com\/#\/schema\/logo\/image\/"},"sameAs":["https:\/\/www.facebook.com\/circuitodejerezangelnieto\/","https:\/\/x.com\/circuitodejerez","https:\/\/www.instagram.com\/circuito_de_jerez\/?hl=es","https:\/\/www.youtube.com\/user\/cirjesa"]},{"@type":"Person","@id":"https:\/\/circuitodejerez.com\/#\/schema\/person\/7426c66afad35f522814eb06fb2e213a","name":"publyland","sameAs":["https:\/\/circuitoangelnieto.com"],"url":"https:\/\/circuitodejerez.com\/en\/author\/publyland\/"}]}},"_links":{"self":[{"href":"https:\/\/circuitodejerez.com\/en\/wp-json\/wp\/v2\/posts\/38665","targetHints":{"allow":["GET"]}}],"collection":[{"href":"https:\/\/circuitodejerez.com\/en\/wp-json\/wp\/v2\/posts"}],"about":[{"href":"https:\/\/circuitodejerez.com\/en\/wp-json\/wp\/v2\/types\/post"}],"author":[{"embeddable":true,"href":"https:\/\/circuitodejerez.com\/en\/wp-json\/wp\/v2\/users\/1"}],"replies":[{"embeddable":true,"href":"https:\/\/circuitodejerez.com\/en\/wp-json\/wp\/v2\/comments?post=38665"}],"version-history":[{"count":2,"href":"https:\/\/circuitodejerez.com\/en\/wp-json\/wp\/v2\/posts\/38665\/revisions"}],"predecessor-version":[{"id":38668,"href":"https:\/\/circuitodejerez.com\/en\/wp-json\/wp\/v2\/posts\/38665\/revisions\/38668"}],"wp:featuredmedia":[{"embeddable":true,"href":"https:\/\/circuitodejerez.com\/en\/wp-json\/wp\/v2\/media\/38666"}],"wp:attachment":[{"href":"https:\/\/circuitodejerez.com\/en\/wp-json\/wp\/v2\/media?parent=38665"}],"wp:term":[{"taxonomy":"category","embeddable":true,"href":"https:\/\/circuitodejerez.com\/en\/wp-json\/wp\/v2\/categories?post=38665"},{"taxonomy":"post_tag","embeddable":true,"href":"https:\/\/circuitodejerez.com\/en\/wp-json\/wp\/v2\/tags?post=38665"}],"curies":[{"name":"wp","href":"https:\/\/api.w.org\/{rel}","templated":true}]}}