{"id":38676,"date":"2025-07-14T11:37:55","date_gmt":"2025-07-14T09:37:55","guid":{"rendered":"https:\/\/circuitodejerez.com\/2025\/07\/14\/la-seguridad-una-prioridad-compartida\/"},"modified":"2025-07-14T11:39:27","modified_gmt":"2025-07-14T09:39:27","slug":"la-seguridad-una-prioridad-compartida","status":"publish","type":"post","link":"https:\/\/circuitodejerez.com\/en\/2025\/07\/14\/la-seguridad-una-prioridad-compartida\/","title":{"rendered":"La seguridad, una prioridad compartida"},"content":{"rendered":"<p><img loading=\"lazy\" decoding=\"async\" style=\"display:none;\" class=\"alignnone size-medium\" src=\"https:\/\/gestorapp.circuitoangelnieto.com\/\/uploads\/noticias\/noticia_254.jpg\" width=\"600\" height=\"409\" \/>El piloto de Ducati Lenovo Pecco Bagnaia reflexiona sobre la seguridad en los circuitos antiguos poniendo de ejemplo a Jerez como circuito pionero en el trabajo en pos de la seguridad<\/p>\n<p>14 de julio de 2025. Pecco Bagnaia, campe\u00f3n del Mundo de MotoGP en 2022 y 2023, lo expresa con claridad. Es una reflexi\u00f3n realizada ayer en el Gran Premio de Alemania que pone en valor el trabajo que venimos realizando desde el Circuito de Jerez-\u00c1ngel Nieto para adaptarnos a la propia evoluci\u00f3n de la tecnolog\u00eda en MotoGP. Llevamos varios a\u00f1os implementando mejoras en seguridad ampliando zonas de escape, protecciones y mejorando cada detalle que nos permita ofrecer un entorno m\u00e1s seguro. Trabajamos d\u00eda a d\u00eda para que pilotos, equipos y aficionados puedan disfrutar de este deporte con las m\u00e1ximas garant\u00edas posibles.<\/p>\n<p>Pecco Bagnaia: \u2018\u2019Es cierto que cada vez estamos aumentando m\u00e1s la velocidad, las motos son m\u00e1s r\u00e1pidas y los circuitos se mantienen inalterados, entonces es dif\u00edcil estar siempre ah\u00ed al l\u00edmite al nivel de seguridad. Es verdad que est\u00e1n trabajando mucho y est\u00e1n tratando de gestionarlo mejor en Jerez que es el circuito donde es m\u00e1s f\u00e1cil llegar al muro y si hacen lo mismo en el resto de los circuitos m\u00e1s antiguos, creo que nos permitir\u00e1 sentirnos a\u00fan m\u00e1s seguros\u2019\u2019. <\/p>","protected":false},"excerpt":{"rendered":"<p>El piloto de Ducati Lenovo Pecco Bagnaia reflexiona sobre la seguridad en los circuitos antiguos poniendo de ejemplo a Jerez<\/p>","protected":false},"author":1,"featured_media":38677,"comment_status":"closed","ping_status":"","sticky":false,"template":"","format":"standard","meta":{"footnotes":""},"categories":[2],"tags":[],"class_list":["post-38676","post","type-post","status-publish","format-standard","has-post-thumbnail","hentry","category-noticias"],"yoast_head":"<!-- This site is optimized with the Yoast SEO plugin v22.5 - https:\/\/yoast.com\/wordpress\/plugins\/seo\/ -->\n<title>La seguridad, una prioridad compartida - Circuito de Jerez \u00c1ngel Nieto<\/title>\n<meta name=\"robots\" content=\"index, follow, max-snippet:-1, max-image-preview:large, max-video-preview:-1\" \/>\n<link rel=\"canonical\" href=\"https:\/\/circuitodejerez.com\/en\/2025\/07\/14\/la-seguridad-una-prioridad-compartida\/\" \/>\n<meta property=\"og:locale\" content=\"en_GB\" \/>\n<meta property=\"og:type\" content=\"article\" \/>\n<meta property=\"og:title\" content=\"La seguridad, una prioridad compartida - Circuito de Jerez \u00c1ngel Nieto\" \/>\n<meta property=\"og:description\" content=\"El piloto de Ducati Lenovo Pecco Bagnaia reflexiona sobre la seguridad en los circuitos antiguos poniendo de ejemplo a Jerez\" \/>\n<meta property=\"og:url\" content=\"https:\/\/circuitodejerez.com\/en\/2025\/07\/14\/la-seguridad-una-prioridad-compartida\/\" \/>\n<meta property=\"og:site_name\" content=\"Circuito de Jerez \u00c1ngel Nieto\" \/>\n<meta property=\"article:publisher\" content=\"https:\/\/www.facebook.com\/circuitodejerezangelnieto\/\" \/>\n<meta property=\"article:published_time\" content=\"2025-07-14T09:37:55+00:00\" \/>\n<meta property=\"article:modified_time\" content=\"2025-07-14T09:39:27+00:00\" \/>\n<meta property=\"og:image\" content=\"https:\/\/circuitodejerez.com\/wp-content\/uploads\/2025\/07\/noticia_254.jpg\" \/>\n\t<meta property=\"og:image:width\" content=\"1080\" \/>\n\t<meta property=\"og:image:height\" content=\"1080\" \/>\n\t<meta property=\"og:image:type\" content=\"image\/jpeg\" \/>\n<meta name=\"author\" content=\"publyland\" \/>\n<meta name=\"twitter:card\" content=\"summary_large_image\" \/>\n<meta name=\"twitter:creator\" content=\"@circuitodejerez\" \/>\n<meta name=\"twitter:site\" content=\"@circuitodejerez\" \/>\n<meta name=\"twitter:label1\" content=\"Written by\" \/>\n\t<meta name=\"twitter:data1\" content=\"publyland\" \/>\n\t<meta name=\"twitter:label2\" content=\"Estimated reading time\" \/>\n\t<meta name=\"twitter:data2\" content=\"1 minute\" \/>\n<script type=\"application\/ld+json\" class=\"yoast-schema-graph\">{\"@context\":\"https:\/\/schema.org\",\"@graph\":[{\"@type\":\"Article\",\"@id\":\"https:\/\/circuitodejerez.com\/2025\/07\/14\/la-seguridad-una-prioridad-compartida\/#article\",\"isPartOf\":{\"@id\":\"https:\/\/circuitodejerez.com\/2025\/07\/14\/la-seguridad-una-prioridad-compartida\/\"},\"author\":{\"name\":\"publyland\",\"@id\":\"https:\/\/circuitodejerez.com\/#\/schema\/person\/7426c66afad35f522814eb06fb2e213a\"},\"headline\":\"La seguridad, una prioridad compartida\",\"datePublished\":\"2025-07-14T09:37:55+00:00\",\"dateModified\":\"2025-07-14T09:39:27+00:00\",\"mainEntityOfPage\":{\"@id\":\"https:\/\/circuitodejerez.com\/2025\/07\/14\/la-seguridad-una-prioridad-compartida\/\"},\"wordCount\":237,\"publisher\":{\"@id\":\"https:\/\/circuitodejerez.com\/#organization\"},\"image\":{\"@id\":\"https:\/\/circuitodejerez.com\/2025\/07\/14\/la-seguridad-una-prioridad-compartida\/#primaryimage\"},\"thumbnailUrl\":\"https:\/\/circuitodejerez.com\/wp-content\/uploads\/2025\/07\/noticia_254.jpg\",\"articleSection\":[\"Noticias\"],\"inLanguage\":\"en-GB\"},{\"@type\":\"WebPage\",\"@id\":\"https:\/\/circuitodejerez.com\/2025\/07\/14\/la-seguridad-una-prioridad-compartida\/\",\"url\":\"https:\/\/circuitodejerez.com\/2025\/07\/14\/la-seguridad-una-prioridad-compartida\/\",\"name\":\"La seguridad, una prioridad compartida - Circuito de Jerez \u00c1ngel Nieto\",\"isPartOf\":{\"@id\":\"https:\/\/circuitodejerez.com\/#website\"},\"primaryImageOfPage\":{\"@id\":\"https:\/\/circuitodejerez.com\/2025\/07\/14\/la-seguridad-una-prioridad-compartida\/#primaryimage\"},\"image\":{\"@id\":\"https:\/\/circuitodejerez.com\/2025\/07\/14\/la-seguridad-una-prioridad-compartida\/#primaryimage\"},\"thumbnailUrl\":\"https:\/\/circuitodejerez.com\/wp-content\/uploads\/2025\/07\/noticia_254.jpg\",\"datePublished\":\"2025-07-14T09:37:55+00:00\",\"dateModified\":\"2025-07-14T09:39:27+00:00\",\"breadcrumb\":{\"@id\":\"https:\/\/circuitodejerez.com\/2025\/07\/14\/la-seguridad-una-prioridad-compartida\/#breadcrumb\"},\"inLanguage\":\"en-GB\",\"potentialAction\":[{\"@type\":\"ReadAction\",\"target\":[\"https:\/\/circuitodejerez.com\/2025\/07\/14\/la-seguridad-una-prioridad-compartida\/\"]}]},{\"@type\":\"ImageObject\",\"inLanguage\":\"en-GB\",\"@id\":\"https:\/\/circuitodejerez.com\/2025\/07\/14\/la-seguridad-una-prioridad-compartida\/#primaryimage\",\"url\":\"https:\/\/circuitodejerez.com\/wp-content\/uploads\/2025\/07\/noticia_254.jpg\",\"contentUrl\":\"https:\/\/circuitodejerez.com\/wp-content\/uploads\/2025\/07\/noticia_254.jpg\",\"width\":1080,\"height\":1080},{\"@type\":\"BreadcrumbList\",\"@id\":\"https:\/\/circuitodejerez.com\/2025\/07\/14\/la-seguridad-una-prioridad-compartida\/#breadcrumb\",\"itemListElement\":[{\"@type\":\"ListItem\",\"position\":1,\"name\":\"Portada\",\"item\":\"https:\/\/circuitodejerez.com\/\"},{\"@type\":\"ListItem\",\"position\":2,\"name\":\"La seguridad, una prioridad compartida\"}]},{\"@type\":\"WebSite\",\"@id\":\"https:\/\/circuitodejerez.com\/#website\",\"url\":\"https:\/\/circuitodejerez.com\/\",\"name\":\"Circuito de Jerez \u00c1ngel Nieto\",\"description\":\"Circuito de Jerez \u00c1ngel Nieto\",\"publisher\":{\"@id\":\"https:\/\/circuitodejerez.com\/#organization\"},\"potentialAction\":[{\"@type\":\"SearchAction\",\"target\":{\"@type\":\"EntryPoint\",\"urlTemplate\":\"https:\/\/circuitodejerez.com\/?s={search_term_string}\"},\"query-input\":\"required name=search_term_string\"}],\"inLanguage\":\"en-GB\"},{\"@type\":\"Organization\",\"@id\":\"https:\/\/circuitodejerez.com\/#organization\",\"name\":\"Circuito de Jerez \u00c1ngel Nieto\",\"url\":\"https:\/\/circuitodejerez.com\/\",\"logo\":{\"@type\":\"ImageObject\",\"inLanguage\":\"en-GB\",\"@id\":\"https:\/\/circuitodejerez.com\/#\/schema\/logo\/image\/\",\"url\":\"https:\/\/circuitodejerez.com\/wp-content\/uploads\/2023\/06\/logo-circuito-jerez.png\",\"contentUrl\":\"https:\/\/circuitodejerez.com\/wp-content\/uploads\/2023\/06\/logo-circuito-jerez.png\",\"width\":556,\"height\":142,\"caption\":\"Circuito de Jerez \u00c1ngel Nieto\"},\"image\":{\"@id\":\"https:\/\/circuitodejerez.com\/#\/schema\/logo\/image\/\"},\"sameAs\":[\"https:\/\/www.facebook.com\/circuitodejerezangelnieto\/\",\"https:\/\/x.com\/circuitodejerez\",\"https:\/\/www.instagram.com\/circuito_de_jerez\/?hl=es\",\"https:\/\/www.youtube.com\/user\/cirjesa\"]},{\"@type\":\"Person\",\"@id\":\"https:\/\/circuitodejerez.com\/#\/schema\/person\/7426c66afad35f522814eb06fb2e213a\",\"name\":\"publyland\",\"sameAs\":[\"https:\/\/circuitoangelnieto.com\"],\"url\":\"https:\/\/circuitodejerez.com\/en\/author\/publyland\/\"}]}<\/script>\n<!-- \/ Yoast SEO plugin. -->","yoast_head_json":{"title":"La seguridad, una prioridad compartida - Circuito de Jerez \u00c1ngel Nieto","robots":{"index":"index","follow":"follow","max-snippet":"max-snippet:-1","max-image-preview":"max-image-preview:large","max-video-preview":"max-video-preview:-1"},"canonical":"https:\/\/circuitodejerez.com\/en\/2025\/07\/14\/la-seguridad-una-prioridad-compartida\/","og_locale":"en_GB","og_type":"article","og_title":"La seguridad, una prioridad compartida - Circuito de Jerez \u00c1ngel Nieto","og_description":"El piloto de Ducati Lenovo Pecco Bagnaia reflexiona sobre la seguridad en los circuitos antiguos poniendo de ejemplo a Jerez","og_url":"https:\/\/circuitodejerez.com\/en\/2025\/07\/14\/la-seguridad-una-prioridad-compartida\/","og_site_name":"Circuito de Jerez \u00c1ngel Nieto","article_publisher":"https:\/\/www.facebook.com\/circuitodejerezangelnieto\/","article_published_time":"2025-07-14T09:37:55+00:00","article_modified_time":"2025-07-14T09:39:27+00:00","og_image":[{"width":1080,"height":1080,"url":"https:\/\/circuitodejerez.com\/wp-content\/uploads\/2025\/07\/noticia_254.jpg","type":"image\/jpeg"}],"author":"publyland","twitter_card":"summary_large_image","twitter_creator":"@circuitodejerez","twitter_site":"@circuitodejerez","twitter_misc":{"Written by":"publyland","Estimated reading time":"1 minute"},"schema":{"@context":"https:\/\/schema.org","@graph":[{"@type":"Article","@id":"https:\/\/circuitodejerez.com\/2025\/07\/14\/la-seguridad-una-prioridad-compartida\/#article","isPartOf":{"@id":"https:\/\/circuitodejerez.com\/2025\/07\/14\/la-seguridad-una-prioridad-compartida\/"},"author":{"name":"publyland","@id":"https:\/\/circuitodejerez.com\/#\/schema\/person\/7426c66afad35f522814eb06fb2e213a"},"headline":"La seguridad, una prioridad compartida","datePublished":"2025-07-14T09:37:55+00:00","dateModified":"2025-07-14T09:39:27+00:00","mainEntityOfPage":{"@id":"https:\/\/circuitodejerez.com\/2025\/07\/14\/la-seguridad-una-prioridad-compartida\/"},"wordCount":237,"publisher":{"@id":"https:\/\/circuitodejerez.com\/#organization"},"image":{"@id":"https:\/\/circuitodejerez.com\/2025\/07\/14\/la-seguridad-una-prioridad-compartida\/#primaryimage"},"thumbnailUrl":"https:\/\/circuitodejerez.com\/wp-content\/uploads\/2025\/07\/noticia_254.jpg","articleSection":["Noticias"],"inLanguage":"en-GB"},{"@type":"WebPage","@id":"https:\/\/circuitodejerez.com\/2025\/07\/14\/la-seguridad-una-prioridad-compartida\/","url":"https:\/\/circuitodejerez.com\/2025\/07\/14\/la-seguridad-una-prioridad-compartida\/","name":"La seguridad, una prioridad compartida - Circuito de Jerez \u00c1ngel Nieto","isPartOf":{"@id":"https:\/\/circuitodejerez.com\/#website"},"primaryImageOfPage":{"@id":"https:\/\/circuitodejerez.com\/2025\/07\/14\/la-seguridad-una-prioridad-compartida\/#primaryimage"},"image":{"@id":"https:\/\/circuitodejerez.com\/2025\/07\/14\/la-seguridad-una-prioridad-compartida\/#primaryimage"},"thumbnailUrl":"https:\/\/circuitodejerez.com\/wp-content\/uploads\/2025\/07\/noticia_254.jpg","datePublished":"2025-07-14T09:37:55+00:00","dateModified":"2025-07-14T09:39:27+00:00","breadcrumb":{"@id":"https:\/\/circuitodejerez.com\/2025\/07\/14\/la-seguridad-una-prioridad-compartida\/#breadcrumb"},"inLanguage":"en-GB","potentialAction":[{"@type":"ReadAction","target":["https:\/\/circuitodejerez.com\/2025\/07\/14\/la-seguridad-una-prioridad-compartida\/"]}]},{"@type":"ImageObject","inLanguage":"en-GB","@id":"https:\/\/circuitodejerez.com\/2025\/07\/14\/la-seguridad-una-prioridad-compartida\/#primaryimage","url":"https:\/\/circuitodejerez.com\/wp-content\/uploads\/2025\/07\/noticia_254.jpg","contentUrl":"https:\/\/circuitodejerez.com\/wp-content\/uploads\/2025\/07\/noticia_254.jpg","width":1080,"height":1080},{"@type":"BreadcrumbList","@id":"https:\/\/circuitodejerez.com\/2025\/07\/14\/la-seguridad-una-prioridad-compartida\/#breadcrumb","itemListElement":[{"@type":"ListItem","position":1,"name":"Portada","item":"https:\/\/circuitodejerez.com\/"},{"@type":"ListItem","position":2,"name":"La seguridad, una prioridad compartida"}]},{"@type":"WebSite","@id":"https:\/\/circuitodejerez.com\/#website","url":"https:\/\/circuitodejerez.com\/","name":"Circuito de Jerez \u00c1ngel Nieto","description":"Circuito de Jerez \u00c1ngel Nieto","publisher":{"@id":"https:\/\/circuitodejerez.com\/#organization"},"potentialAction":[{"@type":"SearchAction","target":{"@type":"EntryPoint","urlTemplate":"https:\/\/circuitodejerez.com\/?s={search_term_string}"},"query-input":"required name=search_term_string"}],"inLanguage":"en-GB"},{"@type":"Organization","@id":"https:\/\/circuitodejerez.com\/#organization","name":"Circuito de Jerez \u00c1ngel Nieto","url":"https:\/\/circuitodejerez.com\/","logo":{"@type":"ImageObject","inLanguage":"en-GB","@id":"https:\/\/circuitodejerez.com\/#\/schema\/logo\/image\/","url":"https:\/\/circuitodejerez.com\/wp-content\/uploads\/2023\/06\/logo-circuito-jerez.png","contentUrl":"https:\/\/circuitodejerez.com\/wp-content\/uploads\/2023\/06\/logo-circuito-jerez.png","width":556,"height":142,"caption":"Circuito de Jerez \u00c1ngel Nieto"},"image":{"@id":"https:\/\/circuitodejerez.com\/#\/schema\/logo\/image\/"},"sameAs":["https:\/\/www.facebook.com\/circuitodejerezangelnieto\/","https:\/\/x.com\/circuitodejerez","https:\/\/www.instagram.com\/circuito_de_jerez\/?hl=es","https:\/\/www.youtube.com\/user\/cirjesa"]},{"@type":"Person","@id":"https:\/\/circuitodejerez.com\/#\/schema\/person\/7426c66afad35f522814eb06fb2e213a","name":"publyland","sameAs":["https:\/\/circuitoangelnieto.com"],"url":"https:\/\/circuitodejerez.com\/en\/author\/publyland\/"}]}},"_links":{"self":[{"href":"https:\/\/circuitodejerez.com\/en\/wp-json\/wp\/v2\/posts\/38676","targetHints":{"allow":["GET"]}}],"collection":[{"href":"https:\/\/circuitodejerez.com\/en\/wp-json\/wp\/v2\/posts"}],"about":[{"href":"https:\/\/circuitodejerez.com\/en\/wp-json\/wp\/v2\/types\/post"}],"author":[{"embeddable":true,"href":"https:\/\/circuitodejerez.com\/en\/wp-json\/wp\/v2\/users\/1"}],"replies":[{"embeddable":true,"href":"https:\/\/circuitodejerez.com\/en\/wp-json\/wp\/v2\/comments?post=38676"}],"version-history":[{"count":2,"href":"https:\/\/circuitodejerez.com\/en\/wp-json\/wp\/v2\/posts\/38676\/revisions"}],"predecessor-version":[{"id":38679,"href":"https:\/\/circuitodejerez.com\/en\/wp-json\/wp\/v2\/posts\/38676\/revisions\/38679"}],"wp:featuredmedia":[{"embeddable":true,"href":"https:\/\/circuitodejerez.com\/en\/wp-json\/wp\/v2\/media\/38677"}],"wp:attachment":[{"href":"https:\/\/circuitodejerez.com\/en\/wp-json\/wp\/v2\/media?parent=38676"}],"wp:term":[{"taxonomy":"category","embeddable":true,"href":"https:\/\/circuitodejerez.com\/en\/wp-json\/wp\/v2\/categories?post=38676"},{"taxonomy":"post_tag","embeddable":true,"href":"https:\/\/circuitodejerez.com\/en\/wp-json\/wp\/v2\/tags?post=38676"}],"curies":[{"name":"wp","href":"https:\/\/api.w.org\/{rel}","templated":true}]}}