{"id":38718,"date":"2025-07-31T11:50:05","date_gmt":"2025-07-31T09:50:05","guid":{"rendered":"https:\/\/circuitodejerez.com\/2025\/07\/31\/jerez-de-nuevo-final-del-campeonato-del-mundo-de-superbike-en-2026\/"},"modified":"2025-07-31T11:51:37","modified_gmt":"2025-07-31T09:51:37","slug":"jerez-de-nuevo-final-del-campeonato-del-mundo-de-superbike-en-2026","status":"publish","type":"post","link":"https:\/\/circuitodejerez.com\/en\/2025\/07\/31\/jerez-de-nuevo-final-del-campeonato-del-mundo-de-superbike-en-2026\/","title":{"rendered":"Jerez, de nuevo final del Campeonato del Mundo de Superbike en 2026"},"content":{"rendered":"<p><img loading=\"lazy\" decoding=\"async\" style=\"display:none;\" class=\"alignnone size-medium\" src=\"https:\/\/gestorapp.circuitoangelnieto.com\/\/uploads\/noticias\/noticia_256.jpg\" width=\"600\" height=\"409\" \/>El Spanish Round se disputar\u00e1 del 16 al 18 de octubre<\/p>\n<p><b>31 de julio de 2025<\/b>. Al igual que hiciera la semana pasada MotoGP desvelando su calendario de grandes premios 2026, hoy hac\u00eda lo propio el WorldSBK publicando el que ser\u00e1 su calendario de temporada de carreras 2026.<\/p>\n<p>El calendario estar\u00e1 compuesto por un total de 12 eventos repartidos a lo largo del mundo, siendo la cita jerezana la que de nuevo ponga fin a la temporada los d\u00edas 16 al 18 de octubre con una emocionante prueba final que a buen seguro har\u00e1 las delicias de los espectadores y donde estar\u00e1n presentes las categor\u00edas: WorldSBK, WorldSSP y WorldSPB (nueva categor\u00eda que reemplaza a la clase WorldSSP300).<\/p>\n<p><b>El Calendario WorldSBK 2026 ser\u00e1 el siguiente:<\/b><\/p>\n<p>20-22 febrero-Australia-Circuito de Phillip Island<br \/>27-29 marzo-Portugal-Autodromo Internacional do Algarve<br \/>17-19 abril-Holanda-TT Circuit Assen<br \/>1-3 mayo-Hungria-Balaton Park Circuit<br \/>15-17 mayo-Rep Checa-Autodromo de Most<br \/>29-31 mayo-Espa\u00f1a-Motorland Arag\u00f3n<br \/>12-14 junio-Italia-Misano World Circuit-Marco Simoncelli<br \/>10-12 julio-Reino Unido-Donington Park<br \/>4-6 septiembre-Francia-Circuito Nevers Magny Cours<br \/>25-27 septiembre-Italia-circuito de Cremona<br \/>9-11 octubre-Portugal-Circuito de Estoril<br \/><b><u>16-18 octubre-Espa\u00f1a-Circuito de Jerez-\u00c1ngel Nieto<\/u><\/b><\/p>","protected":false},"excerpt":{"rendered":"<p>El Spanish Round se disputar\u00e1 del 16 al 18 de octubre 31 de julio de 2025. Al igual que hiciera<\/p>","protected":false},"author":1,"featured_media":38719,"comment_status":"closed","ping_status":"","sticky":false,"template":"","format":"standard","meta":{"footnotes":""},"categories":[2],"tags":[],"class_list":["post-38718","post","type-post","status-publish","format-standard","has-post-thumbnail","hentry","category-noticias"],"yoast_head":"<!-- This site is optimized with the Yoast SEO plugin v22.5 - https:\/\/yoast.com\/wordpress\/plugins\/seo\/ -->\n<title>Jerez, de nuevo final del Campeonato del Mundo de Superbike en 2026 - Circuito de Jerez \u00c1ngel Nieto<\/title>\n<meta name=\"robots\" content=\"index, follow, max-snippet:-1, max-image-preview:large, max-video-preview:-1\" \/>\n<link rel=\"canonical\" href=\"https:\/\/circuitodejerez.com\/en\/2025\/07\/31\/jerez-de-nuevo-final-del-campeonato-del-mundo-de-superbike-en-2026\/\" \/>\n<meta property=\"og:locale\" content=\"en_GB\" \/>\n<meta property=\"og:type\" content=\"article\" \/>\n<meta property=\"og:title\" content=\"Jerez, de nuevo final del Campeonato del Mundo de Superbike en 2026 - Circuito de Jerez \u00c1ngel Nieto\" \/>\n<meta property=\"og:description\" content=\"El Spanish Round se disputar\u00e1 del 16 al 18 de octubre 31 de julio de 2025. Al igual que hiciera\" \/>\n<meta property=\"og:url\" content=\"https:\/\/circuitodejerez.com\/en\/2025\/07\/31\/jerez-de-nuevo-final-del-campeonato-del-mundo-de-superbike-en-2026\/\" \/>\n<meta property=\"og:site_name\" content=\"Circuito de Jerez \u00c1ngel Nieto\" \/>\n<meta property=\"article:publisher\" content=\"https:\/\/www.facebook.com\/circuitodejerezangelnieto\/\" \/>\n<meta property=\"article:published_time\" content=\"2025-07-31T09:50:05+00:00\" \/>\n<meta property=\"article:modified_time\" content=\"2025-07-31T09:51:37+00:00\" \/>\n<meta property=\"og:image\" content=\"https:\/\/circuitodejerez.com\/wp-content\/uploads\/2025\/07\/noticia_256.jpg\" \/>\n\t<meta property=\"og:image:width\" content=\"1080\" \/>\n\t<meta property=\"og:image:height\" content=\"1080\" \/>\n\t<meta property=\"og:image:type\" content=\"image\/jpeg\" \/>\n<meta name=\"author\" content=\"publyland\" \/>\n<meta name=\"twitter:card\" content=\"summary_large_image\" \/>\n<meta name=\"twitter:creator\" content=\"@circuitodejerez\" \/>\n<meta name=\"twitter:site\" content=\"@circuitodejerez\" \/>\n<meta name=\"twitter:label1\" content=\"Written by\" \/>\n\t<meta name=\"twitter:data1\" content=\"publyland\" \/>\n\t<meta name=\"twitter:label2\" content=\"Estimated reading time\" \/>\n\t<meta name=\"twitter:data2\" content=\"1 minute\" \/>\n<script type=\"application\/ld+json\" class=\"yoast-schema-graph\">{\"@context\":\"https:\/\/schema.org\",\"@graph\":[{\"@type\":\"Article\",\"@id\":\"https:\/\/circuitodejerez.com\/2025\/07\/31\/jerez-de-nuevo-final-del-campeonato-del-mundo-de-superbike-en-2026\/#article\",\"isPartOf\":{\"@id\":\"https:\/\/circuitodejerez.com\/2025\/07\/31\/jerez-de-nuevo-final-del-campeonato-del-mundo-de-superbike-en-2026\/\"},\"author\":{\"name\":\"publyland\",\"@id\":\"https:\/\/circuitodejerez.com\/#\/schema\/person\/7426c66afad35f522814eb06fb2e213a\"},\"headline\":\"Jerez, de nuevo final del Campeonato del Mundo de Superbike en 2026\",\"datePublished\":\"2025-07-31T09:50:05+00:00\",\"dateModified\":\"2025-07-31T09:51:37+00:00\",\"mainEntityOfPage\":{\"@id\":\"https:\/\/circuitodejerez.com\/2025\/07\/31\/jerez-de-nuevo-final-del-campeonato-del-mundo-de-superbike-en-2026\/\"},\"wordCount\":187,\"publisher\":{\"@id\":\"https:\/\/circuitodejerez.com\/#organization\"},\"image\":{\"@id\":\"https:\/\/circuitodejerez.com\/2025\/07\/31\/jerez-de-nuevo-final-del-campeonato-del-mundo-de-superbike-en-2026\/#primaryimage\"},\"thumbnailUrl\":\"https:\/\/circuitodejerez.com\/wp-content\/uploads\/2025\/07\/noticia_256.jpg\",\"articleSection\":[\"Noticias\"],\"inLanguage\":\"en-GB\"},{\"@type\":\"WebPage\",\"@id\":\"https:\/\/circuitodejerez.com\/2025\/07\/31\/jerez-de-nuevo-final-del-campeonato-del-mundo-de-superbike-en-2026\/\",\"url\":\"https:\/\/circuitodejerez.com\/2025\/07\/31\/jerez-de-nuevo-final-del-campeonato-del-mundo-de-superbike-en-2026\/\",\"name\":\"Jerez, de nuevo final del Campeonato del Mundo de Superbike en 2026 - Circuito de Jerez \u00c1ngel Nieto\",\"isPartOf\":{\"@id\":\"https:\/\/circuitodejerez.com\/#website\"},\"primaryImageOfPage\":{\"@id\":\"https:\/\/circuitodejerez.com\/2025\/07\/31\/jerez-de-nuevo-final-del-campeonato-del-mundo-de-superbike-en-2026\/#primaryimage\"},\"image\":{\"@id\":\"https:\/\/circuitodejerez.com\/2025\/07\/31\/jerez-de-nuevo-final-del-campeonato-del-mundo-de-superbike-en-2026\/#primaryimage\"},\"thumbnailUrl\":\"https:\/\/circuitodejerez.com\/wp-content\/uploads\/2025\/07\/noticia_256.jpg\",\"datePublished\":\"2025-07-31T09:50:05+00:00\",\"dateModified\":\"2025-07-31T09:51:37+00:00\",\"breadcrumb\":{\"@id\":\"https:\/\/circuitodejerez.com\/2025\/07\/31\/jerez-de-nuevo-final-del-campeonato-del-mundo-de-superbike-en-2026\/#breadcrumb\"},\"inLanguage\":\"en-GB\",\"potentialAction\":[{\"@type\":\"ReadAction\",\"target\":[\"https:\/\/circuitodejerez.com\/2025\/07\/31\/jerez-de-nuevo-final-del-campeonato-del-mundo-de-superbike-en-2026\/\"]}]},{\"@type\":\"ImageObject\",\"inLanguage\":\"en-GB\",\"@id\":\"https:\/\/circuitodejerez.com\/2025\/07\/31\/jerez-de-nuevo-final-del-campeonato-del-mundo-de-superbike-en-2026\/#primaryimage\",\"url\":\"https:\/\/circuitodejerez.com\/wp-content\/uploads\/2025\/07\/noticia_256.jpg\",\"contentUrl\":\"https:\/\/circuitodejerez.com\/wp-content\/uploads\/2025\/07\/noticia_256.jpg\",\"width\":1080,\"height\":1080},{\"@type\":\"BreadcrumbList\",\"@id\":\"https:\/\/circuitodejerez.com\/2025\/07\/31\/jerez-de-nuevo-final-del-campeonato-del-mundo-de-superbike-en-2026\/#breadcrumb\",\"itemListElement\":[{\"@type\":\"ListItem\",\"position\":1,\"name\":\"Portada\",\"item\":\"https:\/\/circuitodejerez.com\/\"},{\"@type\":\"ListItem\",\"position\":2,\"name\":\"Jerez, de nuevo final del Campeonato del Mundo de Superbike en 2026\"}]},{\"@type\":\"WebSite\",\"@id\":\"https:\/\/circuitodejerez.com\/#website\",\"url\":\"https:\/\/circuitodejerez.com\/\",\"name\":\"Circuito de Jerez \u00c1ngel Nieto\",\"description\":\"Circuito de Jerez \u00c1ngel Nieto\",\"publisher\":{\"@id\":\"https:\/\/circuitodejerez.com\/#organization\"},\"potentialAction\":[{\"@type\":\"SearchAction\",\"target\":{\"@type\":\"EntryPoint\",\"urlTemplate\":\"https:\/\/circuitodejerez.com\/?s={search_term_string}\"},\"query-input\":\"required name=search_term_string\"}],\"inLanguage\":\"en-GB\"},{\"@type\":\"Organization\",\"@id\":\"https:\/\/circuitodejerez.com\/#organization\",\"name\":\"Circuito de Jerez \u00c1ngel Nieto\",\"url\":\"https:\/\/circuitodejerez.com\/\",\"logo\":{\"@type\":\"ImageObject\",\"inLanguage\":\"en-GB\",\"@id\":\"https:\/\/circuitodejerez.com\/#\/schema\/logo\/image\/\",\"url\":\"https:\/\/circuitodejerez.com\/wp-content\/uploads\/2023\/06\/logo-circuito-jerez.png\",\"contentUrl\":\"https:\/\/circuitodejerez.com\/wp-content\/uploads\/2023\/06\/logo-circuito-jerez.png\",\"width\":556,\"height\":142,\"caption\":\"Circuito de Jerez \u00c1ngel Nieto\"},\"image\":{\"@id\":\"https:\/\/circuitodejerez.com\/#\/schema\/logo\/image\/\"},\"sameAs\":[\"https:\/\/www.facebook.com\/circuitodejerezangelnieto\/\",\"https:\/\/x.com\/circuitodejerez\",\"https:\/\/www.instagram.com\/circuito_de_jerez\/?hl=es\",\"https:\/\/www.youtube.com\/user\/cirjesa\"]},{\"@type\":\"Person\",\"@id\":\"https:\/\/circuitodejerez.com\/#\/schema\/person\/7426c66afad35f522814eb06fb2e213a\",\"name\":\"publyland\",\"sameAs\":[\"https:\/\/circuitoangelnieto.com\"],\"url\":\"https:\/\/circuitodejerez.com\/en\/author\/publyland\/\"}]}<\/script>\n<!-- \/ Yoast SEO plugin. -->","yoast_head_json":{"title":"Jerez, de nuevo final del Campeonato del Mundo de Superbike en 2026 - Circuito de Jerez \u00c1ngel Nieto","robots":{"index":"index","follow":"follow","max-snippet":"max-snippet:-1","max-image-preview":"max-image-preview:large","max-video-preview":"max-video-preview:-1"},"canonical":"https:\/\/circuitodejerez.com\/en\/2025\/07\/31\/jerez-de-nuevo-final-del-campeonato-del-mundo-de-superbike-en-2026\/","og_locale":"en_GB","og_type":"article","og_title":"Jerez, de nuevo final del Campeonato del Mundo de Superbike en 2026 - Circuito de Jerez \u00c1ngel Nieto","og_description":"El Spanish Round se disputar\u00e1 del 16 al 18 de octubre 31 de julio de 2025. Al igual que hiciera","og_url":"https:\/\/circuitodejerez.com\/en\/2025\/07\/31\/jerez-de-nuevo-final-del-campeonato-del-mundo-de-superbike-en-2026\/","og_site_name":"Circuito de Jerez \u00c1ngel Nieto","article_publisher":"https:\/\/www.facebook.com\/circuitodejerezangelnieto\/","article_published_time":"2025-07-31T09:50:05+00:00","article_modified_time":"2025-07-31T09:51:37+00:00","og_image":[{"width":1080,"height":1080,"url":"https:\/\/circuitodejerez.com\/wp-content\/uploads\/2025\/07\/noticia_256.jpg","type":"image\/jpeg"}],"author":"publyland","twitter_card":"summary_large_image","twitter_creator":"@circuitodejerez","twitter_site":"@circuitodejerez","twitter_misc":{"Written by":"publyland","Estimated reading time":"1 minute"},"schema":{"@context":"https:\/\/schema.org","@graph":[{"@type":"Article","@id":"https:\/\/circuitodejerez.com\/2025\/07\/31\/jerez-de-nuevo-final-del-campeonato-del-mundo-de-superbike-en-2026\/#article","isPartOf":{"@id":"https:\/\/circuitodejerez.com\/2025\/07\/31\/jerez-de-nuevo-final-del-campeonato-del-mundo-de-superbike-en-2026\/"},"author":{"name":"publyland","@id":"https:\/\/circuitodejerez.com\/#\/schema\/person\/7426c66afad35f522814eb06fb2e213a"},"headline":"Jerez, de nuevo final del Campeonato del Mundo de Superbike en 2026","datePublished":"2025-07-31T09:50:05+00:00","dateModified":"2025-07-31T09:51:37+00:00","mainEntityOfPage":{"@id":"https:\/\/circuitodejerez.com\/2025\/07\/31\/jerez-de-nuevo-final-del-campeonato-del-mundo-de-superbike-en-2026\/"},"wordCount":187,"publisher":{"@id":"https:\/\/circuitodejerez.com\/#organization"},"image":{"@id":"https:\/\/circuitodejerez.com\/2025\/07\/31\/jerez-de-nuevo-final-del-campeonato-del-mundo-de-superbike-en-2026\/#primaryimage"},"thumbnailUrl":"https:\/\/circuitodejerez.com\/wp-content\/uploads\/2025\/07\/noticia_256.jpg","articleSection":["Noticias"],"inLanguage":"en-GB"},{"@type":"WebPage","@id":"https:\/\/circuitodejerez.com\/2025\/07\/31\/jerez-de-nuevo-final-del-campeonato-del-mundo-de-superbike-en-2026\/","url":"https:\/\/circuitodejerez.com\/2025\/07\/31\/jerez-de-nuevo-final-del-campeonato-del-mundo-de-superbike-en-2026\/","name":"Jerez, de nuevo final del Campeonato del Mundo de Superbike en 2026 - Circuito de Jerez \u00c1ngel Nieto","isPartOf":{"@id":"https:\/\/circuitodejerez.com\/#website"},"primaryImageOfPage":{"@id":"https:\/\/circuitodejerez.com\/2025\/07\/31\/jerez-de-nuevo-final-del-campeonato-del-mundo-de-superbike-en-2026\/#primaryimage"},"image":{"@id":"https:\/\/circuitodejerez.com\/2025\/07\/31\/jerez-de-nuevo-final-del-campeonato-del-mundo-de-superbike-en-2026\/#primaryimage"},"thumbnailUrl":"https:\/\/circuitodejerez.com\/wp-content\/uploads\/2025\/07\/noticia_256.jpg","datePublished":"2025-07-31T09:50:05+00:00","dateModified":"2025-07-31T09:51:37+00:00","breadcrumb":{"@id":"https:\/\/circuitodejerez.com\/2025\/07\/31\/jerez-de-nuevo-final-del-campeonato-del-mundo-de-superbike-en-2026\/#breadcrumb"},"inLanguage":"en-GB","potentialAction":[{"@type":"ReadAction","target":["https:\/\/circuitodejerez.com\/2025\/07\/31\/jerez-de-nuevo-final-del-campeonato-del-mundo-de-superbike-en-2026\/"]}]},{"@type":"ImageObject","inLanguage":"en-GB","@id":"https:\/\/circuitodejerez.com\/2025\/07\/31\/jerez-de-nuevo-final-del-campeonato-del-mundo-de-superbike-en-2026\/#primaryimage","url":"https:\/\/circuitodejerez.com\/wp-content\/uploads\/2025\/07\/noticia_256.jpg","contentUrl":"https:\/\/circuitodejerez.com\/wp-content\/uploads\/2025\/07\/noticia_256.jpg","width":1080,"height":1080},{"@type":"BreadcrumbList","@id":"https:\/\/circuitodejerez.com\/2025\/07\/31\/jerez-de-nuevo-final-del-campeonato-del-mundo-de-superbike-en-2026\/#breadcrumb","itemListElement":[{"@type":"ListItem","position":1,"name":"Portada","item":"https:\/\/circuitodejerez.com\/"},{"@type":"ListItem","position":2,"name":"Jerez, de nuevo final del Campeonato del Mundo de Superbike en 2026"}]},{"@type":"WebSite","@id":"https:\/\/circuitodejerez.com\/#website","url":"https:\/\/circuitodejerez.com\/","name":"Circuito de Jerez \u00c1ngel Nieto","description":"Circuito de Jerez \u00c1ngel Nieto","publisher":{"@id":"https:\/\/circuitodejerez.com\/#organization"},"potentialAction":[{"@type":"SearchAction","target":{"@type":"EntryPoint","urlTemplate":"https:\/\/circuitodejerez.com\/?s={search_term_string}"},"query-input":"required name=search_term_string"}],"inLanguage":"en-GB"},{"@type":"Organization","@id":"https:\/\/circuitodejerez.com\/#organization","name":"Circuito de Jerez \u00c1ngel Nieto","url":"https:\/\/circuitodejerez.com\/","logo":{"@type":"ImageObject","inLanguage":"en-GB","@id":"https:\/\/circuitodejerez.com\/#\/schema\/logo\/image\/","url":"https:\/\/circuitodejerez.com\/wp-content\/uploads\/2023\/06\/logo-circuito-jerez.png","contentUrl":"https:\/\/circuitodejerez.com\/wp-content\/uploads\/2023\/06\/logo-circuito-jerez.png","width":556,"height":142,"caption":"Circuito de Jerez \u00c1ngel Nieto"},"image":{"@id":"https:\/\/circuitodejerez.com\/#\/schema\/logo\/image\/"},"sameAs":["https:\/\/www.facebook.com\/circuitodejerezangelnieto\/","https:\/\/x.com\/circuitodejerez","https:\/\/www.instagram.com\/circuito_de_jerez\/?hl=es","https:\/\/www.youtube.com\/user\/cirjesa"]},{"@type":"Person","@id":"https:\/\/circuitodejerez.com\/#\/schema\/person\/7426c66afad35f522814eb06fb2e213a","name":"publyland","sameAs":["https:\/\/circuitoangelnieto.com"],"url":"https:\/\/circuitodejerez.com\/en\/author\/publyland\/"}]}},"_links":{"self":[{"href":"https:\/\/circuitodejerez.com\/en\/wp-json\/wp\/v2\/posts\/38718","targetHints":{"allow":["GET"]}}],"collection":[{"href":"https:\/\/circuitodejerez.com\/en\/wp-json\/wp\/v2\/posts"}],"about":[{"href":"https:\/\/circuitodejerez.com\/en\/wp-json\/wp\/v2\/types\/post"}],"author":[{"embeddable":true,"href":"https:\/\/circuitodejerez.com\/en\/wp-json\/wp\/v2\/users\/1"}],"replies":[{"embeddable":true,"href":"https:\/\/circuitodejerez.com\/en\/wp-json\/wp\/v2\/comments?post=38718"}],"version-history":[{"count":2,"href":"https:\/\/circuitodejerez.com\/en\/wp-json\/wp\/v2\/posts\/38718\/revisions"}],"predecessor-version":[{"id":38721,"href":"https:\/\/circuitodejerez.com\/en\/wp-json\/wp\/v2\/posts\/38718\/revisions\/38721"}],"wp:featuredmedia":[{"embeddable":true,"href":"https:\/\/circuitodejerez.com\/en\/wp-json\/wp\/v2\/media\/38719"}],"wp:attachment":[{"href":"https:\/\/circuitodejerez.com\/en\/wp-json\/wp\/v2\/media?parent=38718"}],"wp:term":[{"taxonomy":"category","embeddable":true,"href":"https:\/\/circuitodejerez.com\/en\/wp-json\/wp\/v2\/categories?post=38718"},{"taxonomy":"post_tag","embeddable":true,"href":"https:\/\/circuitodejerez.com\/en\/wp-json\/wp\/v2\/tags?post=38718"}],"curies":[{"name":"wp","href":"https:\/\/api.w.org\/{rel}","templated":true}]}}