{"id":38750,"date":"2025-09-03T09:03:10","date_gmt":"2025-09-03T07:03:10","guid":{"rendered":"https:\/\/circuitodejerez.com\/2025\/09\/03\/las-i-jornadas-de-formacion-de-mujer-y-motor-permiten-conocer-las-experiencias-de-las-mujeres-pioneras-en-el-mundo-del-motor\/"},"modified":"2025-09-03T09:12:56","modified_gmt":"2025-09-03T07:12:56","slug":"las-i-jornadas-de-formacion-de-mujer-y-motor-permiten-conocer-las-experiencias-de-las-mujeres-pioneras-en-el-mundo-del-motor","status":"publish","type":"post","link":"https:\/\/circuitodejerez.com\/en\/2025\/09\/03\/las-i-jornadas-de-formacion-de-mujer-y-motor-permiten-conocer-las-experiencias-de-las-mujeres-pioneras-en-el-mundo-del-motor\/","title":{"rendered":"Las I Jornadas de Formaci\u00f3n de Mujer y Motor permiten conocer las experiencias de las mujeres pioneras en el mundo del motor"},"content":{"rendered":"<p><img loading=\"lazy\" decoding=\"async\" style=\"display:none;\" class=\"alignnone size-medium\" src=\"https:\/\/gestorapp.circuitoangelnieto.com\/\/uploads\/noticias\/noticia_258.jpg\" width=\"600\" height=\"409\" \/>Susana S\u00e1nchez se\u00f1ala que estas jornadas de la FAA y del Circuito de Jerez-\u00c1ngel Nieto \u201cva a dar luz a las ni\u00f1as que quieren llegar al mundo del motor\u201d<\/p>\n<p><b>2 de septiembre 2025.<\/b> La teniente de alcaldesa de Igualdad, Susana S\u00e1nchez, acompa\u00f1ada de la delegada de Participaci\u00f3n Ciudadana, Carmen Pina, y del presidente de la Federaci\u00f3n Andaluza de Automovilismo (FAA), Manuel Alonso, ha inaugurado las I Jornadas de Formaci\u00f3n y Motor que ha contado con la presencia de la piloto internacional Cristina Guti\u00e9rrez, y de numerosas mujeres ponentes vinculadas profesionalmente al motor en un acto que ha sido conducido por el piloto y periodista Carlos Sedano ante un auditorio lleno en Los Claustros de Santo Domingo. <\/p>\n<p>Estas jornadas est\u00e1n organizadas por la Federaci\u00f3n Andaluza del Motor y se circunscriben dentro de la programaci\u00f3n de actividades del 40 aniversario del Circuito de Jerez-\u00c1ngel Nieto, entidad que ha colaborado en la organizaci\u00f3n y en la que ha participado el director gerente de Cirjesa, Cayetano G\u00f3mez, y de Siente Motor de Manuel Gil.<\/p>\n<p>Las jornadas han acogido conferencias, mesas redondas y talleres con la presencia de mujeres piloto-copilotos, ingenieras, periodistas, comisarias, todas ellas referentes de la en el mundo del motor. En las jornadas se han abordado las principales barreras que las mujeres han encontrado en el deporte del motor. Las ponentes han expuesto c\u00f3mo ha cambiado el panorama del automovilismo para las mujeres, con una reflexi\u00f3n sobre el futuro de la mujer en el automovilismo de Andaluc\u00eda y la integraci\u00f3n de pol\u00edticas de igualdad dentro de la competici\u00f3n.<\/p>\n<p>Susana S\u00e1nchez ha agradecido, en nombre de la alcaldesa, la presencia en Jerez de la campeona Cristina Guti\u00e9rrez y de todas las ponentes de las jornadas. &#8220;Es un orgullo para Jerez, Capital del Motor y candidata a Capital Europea de la Cultura, celebrar el 40 aniversario del Circuito de Jerez-\u00c1ngel Nieto con unas jornadas como \u00e9stas porque nos enorgullecen como ciudad; vienen a demostrar que hay un Jerez valiente que se abre camino en un mundo complicado como es el del motor\u201d.<\/p>\n<p>Las mujeres ponentes \u201cnos van a contar sus experiencias, van a dar luz a las ni\u00f1as para que vean que es posible con esfuerzo llegar al mundo del motor. Ten\u00edamos que dar visibilidad a un gran n\u00famero de mujeres que trabajan en los medios de comunicaci\u00f3n del motor, que son pilotos y copilotos, ingenieras, comisarias, una realidad que se desconoce much\u00edsimo. Estamos seguros que las jornadas van a ser un \u00e9xito. Estamos convencidos que el pr\u00f3ximo a\u00f1o puede haber una segunda edici\u00f3n\u201d, ha comentado.<\/p>\n<p>Cristina Guti\u00e9rrez se ha presentado dando las gracias a los organizadores y al Ayuntamiento de Jerez por poder participar en estas jornadas. Ha confesado que no conoce el Circuito de Jerez. &#8220;Estoy encantada de estar en Jerez porque me est\u00e1n tratando como mi segunda ciudad ya, soy de Burgos, y aqu\u00ed me siento como en casa. Volver\u00e9 seguro. Tengo ganas de venir al circuito&#8221;, ha anunciado. <\/p>\n<p>Sobre las jornadas ha dicho que \u201ccon nuestra experiencia podemos inspirar a las generaciones nuevas o a las que est\u00e1n ya. Hoy en d\u00eda es necesario visibilizar mucho el papel de la mujer en el mundo del motor; que se sepa que estamos aqu\u00ed, que podemos hacer las cosas bien a nivel profesional. Soy la \u00fanica que tiene un contrato profesional en el automovilismo, en el Rally Dakar. Por eso es necesario que otras mujeres vean que es posible y real&#8221;, ha afirmado.<\/p>\n<p>Manuel Alonso ha se\u00f1alado con datos la presencia de la mujer andaluza en el mundo del motor y la labor que realiza la comisi\u00f3n de mujer y motor de la Federaci\u00f3n Andaluza de Automovilismo para la integraci\u00f3n de la mujer en este mundo del motor. \u201cEn el automovilismo no hay discriminaci\u00f3n, no hay una carrera para mujeres y otra para hombre. Si una mujer gana una carrera la gana. Hay un 30% de mujeres que participan como copilotos en el c\u00f3mputo general y como copilotos oficiales ya estamos por encima del 35% en algunas pruebas.  Sin embargo, como el caso de Cristina cuesta que la mujer se decida a dar ese paso como piloto\u201d, ha comentado el presidente de la FAA.<\/p>","protected":false},"excerpt":{"rendered":"<p>Susana S\u00e1nchez se\u00f1ala que estas jornadas de la FAA y del Circuito de Jerez-\u00c1ngel Nieto \u201cva a dar luz a<\/p>","protected":false},"author":1,"featured_media":38752,"comment_status":"closed","ping_status":"","sticky":false,"template":"","format":"standard","meta":{"footnotes":""},"categories":[2],"tags":[],"class_list":["post-38750","post","type-post","status-publish","format-standard","has-post-thumbnail","hentry","category-noticias"],"yoast_head":"<!-- This site is optimized with the Yoast SEO plugin v22.5 - https:\/\/yoast.com\/wordpress\/plugins\/seo\/ -->\n<title>Las I Jornadas de Formaci\u00f3n de Mujer y Motor permiten conocer las experiencias de las mujeres pioneras en el mundo del motor - Circuito de Jerez \u00c1ngel Nieto<\/title>\n<meta name=\"robots\" content=\"index, follow, max-snippet:-1, max-image-preview:large, max-video-preview:-1\" \/>\n<link rel=\"canonical\" href=\"https:\/\/circuitodejerez.com\/en\/2025\/09\/03\/las-i-jornadas-de-formacion-de-mujer-y-motor-permiten-conocer-las-experiencias-de-las-mujeres-pioneras-en-el-mundo-del-motor\/\" \/>\n<meta property=\"og:locale\" content=\"en_GB\" \/>\n<meta property=\"og:type\" content=\"article\" \/>\n<meta property=\"og:title\" content=\"Las I Jornadas de Formaci\u00f3n de Mujer y Motor permiten conocer las experiencias de las mujeres pioneras en el mundo del motor - Circuito de Jerez \u00c1ngel Nieto\" \/>\n<meta property=\"og:description\" content=\"Susana S\u00e1nchez se\u00f1ala que estas jornadas de la FAA y del Circuito de Jerez-\u00c1ngel Nieto \u201cva a dar luz a\" \/>\n<meta property=\"og:url\" content=\"https:\/\/circuitodejerez.com\/en\/2025\/09\/03\/las-i-jornadas-de-formacion-de-mujer-y-motor-permiten-conocer-las-experiencias-de-las-mujeres-pioneras-en-el-mundo-del-motor\/\" \/>\n<meta property=\"og:site_name\" content=\"Circuito de Jerez \u00c1ngel Nieto\" \/>\n<meta property=\"article:publisher\" content=\"https:\/\/www.facebook.com\/circuitodejerezangelnieto\/\" \/>\n<meta property=\"article:published_time\" content=\"2025-09-03T07:03:10+00:00\" \/>\n<meta property=\"article:modified_time\" content=\"2025-09-03T07:12:56+00:00\" \/>\n<meta property=\"og:image\" content=\"https:\/\/gestorapp.circuitoangelnieto.com\/\/uploads\/noticias\/noticia_258.jpg\" \/>\n<meta name=\"author\" content=\"publyland\" \/>\n<meta name=\"twitter:card\" content=\"summary_large_image\" \/>\n<meta name=\"twitter:creator\" content=\"@circuitodejerez\" \/>\n<meta name=\"twitter:site\" content=\"@circuitodejerez\" \/>\n<meta name=\"twitter:label1\" content=\"Written by\" \/>\n\t<meta name=\"twitter:data1\" content=\"publyland\" \/>\n\t<meta name=\"twitter:label2\" content=\"Estimated reading time\" \/>\n\t<meta name=\"twitter:data2\" content=\"4 minutes\" \/>\n<script type=\"application\/ld+json\" class=\"yoast-schema-graph\">{\"@context\":\"https:\/\/schema.org\",\"@graph\":[{\"@type\":\"Article\",\"@id\":\"https:\/\/circuitodejerez.com\/2025\/09\/03\/las-i-jornadas-de-formacion-de-mujer-y-motor-permiten-conocer-las-experiencias-de-las-mujeres-pioneras-en-el-mundo-del-motor\/#article\",\"isPartOf\":{\"@id\":\"https:\/\/circuitodejerez.com\/2025\/09\/03\/las-i-jornadas-de-formacion-de-mujer-y-motor-permiten-conocer-las-experiencias-de-las-mujeres-pioneras-en-el-mundo-del-motor\/\"},\"author\":{\"name\":\"publyland\",\"@id\":\"https:\/\/circuitodejerez.com\/#\/schema\/person\/7426c66afad35f522814eb06fb2e213a\"},\"headline\":\"Las I Jornadas de Formaci\u00f3n de Mujer y Motor permiten conocer las experiencias de las mujeres pioneras en el mundo del motor\",\"datePublished\":\"2025-09-03T07:03:10+00:00\",\"dateModified\":\"2025-09-03T07:12:56+00:00\",\"mainEntityOfPage\":{\"@id\":\"https:\/\/circuitodejerez.com\/2025\/09\/03\/las-i-jornadas-de-formacion-de-mujer-y-motor-permiten-conocer-las-experiencias-de-las-mujeres-pioneras-en-el-mundo-del-motor\/\"},\"wordCount\":752,\"publisher\":{\"@id\":\"https:\/\/circuitodejerez.com\/#organization\"},\"image\":{\"@id\":\"https:\/\/circuitodejerez.com\/2025\/09\/03\/las-i-jornadas-de-formacion-de-mujer-y-motor-permiten-conocer-las-experiencias-de-las-mujeres-pioneras-en-el-mundo-del-motor\/#primaryimage\"},\"thumbnailUrl\":\"https:\/\/circuitodejerez.com\/wp-content\/uploads\/2025\/09\/noticia_258.jpg\",\"articleSection\":[\"Noticias\"],\"inLanguage\":\"en-GB\"},{\"@type\":\"WebPage\",\"@id\":\"https:\/\/circuitodejerez.com\/2025\/09\/03\/las-i-jornadas-de-formacion-de-mujer-y-motor-permiten-conocer-las-experiencias-de-las-mujeres-pioneras-en-el-mundo-del-motor\/\",\"url\":\"https:\/\/circuitodejerez.com\/2025\/09\/03\/las-i-jornadas-de-formacion-de-mujer-y-motor-permiten-conocer-las-experiencias-de-las-mujeres-pioneras-en-el-mundo-del-motor\/\",\"name\":\"Las I Jornadas de Formaci\u00f3n de Mujer y Motor permiten conocer las experiencias de las mujeres pioneras en el mundo del motor - Circuito de Jerez \u00c1ngel Nieto\",\"isPartOf\":{\"@id\":\"https:\/\/circuitodejerez.com\/#website\"},\"primaryImageOfPage\":{\"@id\":\"https:\/\/circuitodejerez.com\/2025\/09\/03\/las-i-jornadas-de-formacion-de-mujer-y-motor-permiten-conocer-las-experiencias-de-las-mujeres-pioneras-en-el-mundo-del-motor\/#primaryimage\"},\"image\":{\"@id\":\"https:\/\/circuitodejerez.com\/2025\/09\/03\/las-i-jornadas-de-formacion-de-mujer-y-motor-permiten-conocer-las-experiencias-de-las-mujeres-pioneras-en-el-mundo-del-motor\/#primaryimage\"},\"thumbnailUrl\":\"https:\/\/circuitodejerez.com\/wp-content\/uploads\/2025\/09\/noticia_258.jpg\",\"datePublished\":\"2025-09-03T07:03:10+00:00\",\"dateModified\":\"2025-09-03T07:12:56+00:00\",\"breadcrumb\":{\"@id\":\"https:\/\/circuitodejerez.com\/2025\/09\/03\/las-i-jornadas-de-formacion-de-mujer-y-motor-permiten-conocer-las-experiencias-de-las-mujeres-pioneras-en-el-mundo-del-motor\/#breadcrumb\"},\"inLanguage\":\"en-GB\",\"potentialAction\":[{\"@type\":\"ReadAction\",\"target\":[\"https:\/\/circuitodejerez.com\/2025\/09\/03\/las-i-jornadas-de-formacion-de-mujer-y-motor-permiten-conocer-las-experiencias-de-las-mujeres-pioneras-en-el-mundo-del-motor\/\"]}]},{\"@type\":\"ImageObject\",\"inLanguage\":\"en-GB\",\"@id\":\"https:\/\/circuitodejerez.com\/2025\/09\/03\/las-i-jornadas-de-formacion-de-mujer-y-motor-permiten-conocer-las-experiencias-de-las-mujeres-pioneras-en-el-mundo-del-motor\/#primaryimage\",\"url\":\"https:\/\/circuitodejerez.com\/wp-content\/uploads\/2025\/09\/noticia_258.jpg\",\"contentUrl\":\"https:\/\/circuitodejerez.com\/wp-content\/uploads\/2025\/09\/noticia_258.jpg\",\"width\":500,\"height\":400},{\"@type\":\"BreadcrumbList\",\"@id\":\"https:\/\/circuitodejerez.com\/2025\/09\/03\/las-i-jornadas-de-formacion-de-mujer-y-motor-permiten-conocer-las-experiencias-de-las-mujeres-pioneras-en-el-mundo-del-motor\/#breadcrumb\",\"itemListElement\":[{\"@type\":\"ListItem\",\"position\":1,\"name\":\"Portada\",\"item\":\"https:\/\/circuitodejerez.com\/\"},{\"@type\":\"ListItem\",\"position\":2,\"name\":\"Las I Jornadas de Formaci\u00f3n de Mujer y Motor permiten conocer las experiencias de las mujeres pioneras en el mundo del motor\"}]},{\"@type\":\"WebSite\",\"@id\":\"https:\/\/circuitodejerez.com\/#website\",\"url\":\"https:\/\/circuitodejerez.com\/\",\"name\":\"Circuito de Jerez \u00c1ngel Nieto\",\"description\":\"Circuito de Jerez \u00c1ngel Nieto\",\"publisher\":{\"@id\":\"https:\/\/circuitodejerez.com\/#organization\"},\"potentialAction\":[{\"@type\":\"SearchAction\",\"target\":{\"@type\":\"EntryPoint\",\"urlTemplate\":\"https:\/\/circuitodejerez.com\/?s={search_term_string}\"},\"query-input\":\"required name=search_term_string\"}],\"inLanguage\":\"en-GB\"},{\"@type\":\"Organization\",\"@id\":\"https:\/\/circuitodejerez.com\/#organization\",\"name\":\"Circuito de Jerez \u00c1ngel Nieto\",\"url\":\"https:\/\/circuitodejerez.com\/\",\"logo\":{\"@type\":\"ImageObject\",\"inLanguage\":\"en-GB\",\"@id\":\"https:\/\/circuitodejerez.com\/#\/schema\/logo\/image\/\",\"url\":\"https:\/\/circuitodejerez.com\/wp-content\/uploads\/2023\/06\/logo-circuito-jerez.png\",\"contentUrl\":\"https:\/\/circuitodejerez.com\/wp-content\/uploads\/2023\/06\/logo-circuito-jerez.png\",\"width\":556,\"height\":142,\"caption\":\"Circuito de Jerez \u00c1ngel Nieto\"},\"image\":{\"@id\":\"https:\/\/circuitodejerez.com\/#\/schema\/logo\/image\/\"},\"sameAs\":[\"https:\/\/www.facebook.com\/circuitodejerezangelnieto\/\",\"https:\/\/x.com\/circuitodejerez\",\"https:\/\/www.instagram.com\/circuito_de_jerez\/?hl=es\",\"https:\/\/www.youtube.com\/user\/cirjesa\"]},{\"@type\":\"Person\",\"@id\":\"https:\/\/circuitodejerez.com\/#\/schema\/person\/7426c66afad35f522814eb06fb2e213a\",\"name\":\"publyland\",\"sameAs\":[\"https:\/\/circuitoangelnieto.com\"],\"url\":\"https:\/\/circuitodejerez.com\/en\/author\/publyland\/\"}]}<\/script>\n<!-- \/ Yoast SEO plugin. -->","yoast_head_json":{"title":"Las I Jornadas de Formaci\u00f3n de Mujer y Motor permiten conocer las experiencias de las mujeres pioneras en el mundo del motor - Circuito de Jerez \u00c1ngel Nieto","robots":{"index":"index","follow":"follow","max-snippet":"max-snippet:-1","max-image-preview":"max-image-preview:large","max-video-preview":"max-video-preview:-1"},"canonical":"https:\/\/circuitodejerez.com\/en\/2025\/09\/03\/las-i-jornadas-de-formacion-de-mujer-y-motor-permiten-conocer-las-experiencias-de-las-mujeres-pioneras-en-el-mundo-del-motor\/","og_locale":"en_GB","og_type":"article","og_title":"Las I Jornadas de Formaci\u00f3n de Mujer y Motor permiten conocer las experiencias de las mujeres pioneras en el mundo del motor - Circuito de Jerez \u00c1ngel Nieto","og_description":"Susana S\u00e1nchez se\u00f1ala que estas jornadas de la FAA y del Circuito de Jerez-\u00c1ngel Nieto \u201cva a dar luz a","og_url":"https:\/\/circuitodejerez.com\/en\/2025\/09\/03\/las-i-jornadas-de-formacion-de-mujer-y-motor-permiten-conocer-las-experiencias-de-las-mujeres-pioneras-en-el-mundo-del-motor\/","og_site_name":"Circuito de Jerez \u00c1ngel Nieto","article_publisher":"https:\/\/www.facebook.com\/circuitodejerezangelnieto\/","article_published_time":"2025-09-03T07:03:10+00:00","article_modified_time":"2025-09-03T07:12:56+00:00","og_image":[{"url":"https:\/\/gestorapp.circuitoangelnieto.com\/\/uploads\/noticias\/noticia_258.jpg"}],"author":"publyland","twitter_card":"summary_large_image","twitter_creator":"@circuitodejerez","twitter_site":"@circuitodejerez","twitter_misc":{"Written by":"publyland","Estimated reading time":"4 minutes"},"schema":{"@context":"https:\/\/schema.org","@graph":[{"@type":"Article","@id":"https:\/\/circuitodejerez.com\/2025\/09\/03\/las-i-jornadas-de-formacion-de-mujer-y-motor-permiten-conocer-las-experiencias-de-las-mujeres-pioneras-en-el-mundo-del-motor\/#article","isPartOf":{"@id":"https:\/\/circuitodejerez.com\/2025\/09\/03\/las-i-jornadas-de-formacion-de-mujer-y-motor-permiten-conocer-las-experiencias-de-las-mujeres-pioneras-en-el-mundo-del-motor\/"},"author":{"name":"publyland","@id":"https:\/\/circuitodejerez.com\/#\/schema\/person\/7426c66afad35f522814eb06fb2e213a"},"headline":"Las I Jornadas de Formaci\u00f3n de Mujer y Motor permiten conocer las experiencias de las mujeres pioneras en el mundo del motor","datePublished":"2025-09-03T07:03:10+00:00","dateModified":"2025-09-03T07:12:56+00:00","mainEntityOfPage":{"@id":"https:\/\/circuitodejerez.com\/2025\/09\/03\/las-i-jornadas-de-formacion-de-mujer-y-motor-permiten-conocer-las-experiencias-de-las-mujeres-pioneras-en-el-mundo-del-motor\/"},"wordCount":752,"publisher":{"@id":"https:\/\/circuitodejerez.com\/#organization"},"image":{"@id":"https:\/\/circuitodejerez.com\/2025\/09\/03\/las-i-jornadas-de-formacion-de-mujer-y-motor-permiten-conocer-las-experiencias-de-las-mujeres-pioneras-en-el-mundo-del-motor\/#primaryimage"},"thumbnailUrl":"https:\/\/circuitodejerez.com\/wp-content\/uploads\/2025\/09\/noticia_258.jpg","articleSection":["Noticias"],"inLanguage":"en-GB"},{"@type":"WebPage","@id":"https:\/\/circuitodejerez.com\/2025\/09\/03\/las-i-jornadas-de-formacion-de-mujer-y-motor-permiten-conocer-las-experiencias-de-las-mujeres-pioneras-en-el-mundo-del-motor\/","url":"https:\/\/circuitodejerez.com\/2025\/09\/03\/las-i-jornadas-de-formacion-de-mujer-y-motor-permiten-conocer-las-experiencias-de-las-mujeres-pioneras-en-el-mundo-del-motor\/","name":"Las I Jornadas de Formaci\u00f3n de Mujer y Motor permiten conocer las experiencias de las mujeres pioneras en el mundo del motor - Circuito de Jerez \u00c1ngel Nieto","isPartOf":{"@id":"https:\/\/circuitodejerez.com\/#website"},"primaryImageOfPage":{"@id":"https:\/\/circuitodejerez.com\/2025\/09\/03\/las-i-jornadas-de-formacion-de-mujer-y-motor-permiten-conocer-las-experiencias-de-las-mujeres-pioneras-en-el-mundo-del-motor\/#primaryimage"},"image":{"@id":"https:\/\/circuitodejerez.com\/2025\/09\/03\/las-i-jornadas-de-formacion-de-mujer-y-motor-permiten-conocer-las-experiencias-de-las-mujeres-pioneras-en-el-mundo-del-motor\/#primaryimage"},"thumbnailUrl":"https:\/\/circuitodejerez.com\/wp-content\/uploads\/2025\/09\/noticia_258.jpg","datePublished":"2025-09-03T07:03:10+00:00","dateModified":"2025-09-03T07:12:56+00:00","breadcrumb":{"@id":"https:\/\/circuitodejerez.com\/2025\/09\/03\/las-i-jornadas-de-formacion-de-mujer-y-motor-permiten-conocer-las-experiencias-de-las-mujeres-pioneras-en-el-mundo-del-motor\/#breadcrumb"},"inLanguage":"en-GB","potentialAction":[{"@type":"ReadAction","target":["https:\/\/circuitodejerez.com\/2025\/09\/03\/las-i-jornadas-de-formacion-de-mujer-y-motor-permiten-conocer-las-experiencias-de-las-mujeres-pioneras-en-el-mundo-del-motor\/"]}]},{"@type":"ImageObject","inLanguage":"en-GB","@id":"https:\/\/circuitodejerez.com\/2025\/09\/03\/las-i-jornadas-de-formacion-de-mujer-y-motor-permiten-conocer-las-experiencias-de-las-mujeres-pioneras-en-el-mundo-del-motor\/#primaryimage","url":"https:\/\/circuitodejerez.com\/wp-content\/uploads\/2025\/09\/noticia_258.jpg","contentUrl":"https:\/\/circuitodejerez.com\/wp-content\/uploads\/2025\/09\/noticia_258.jpg","width":500,"height":400},{"@type":"BreadcrumbList","@id":"https:\/\/circuitodejerez.com\/2025\/09\/03\/las-i-jornadas-de-formacion-de-mujer-y-motor-permiten-conocer-las-experiencias-de-las-mujeres-pioneras-en-el-mundo-del-motor\/#breadcrumb","itemListElement":[{"@type":"ListItem","position":1,"name":"Portada","item":"https:\/\/circuitodejerez.com\/"},{"@type":"ListItem","position":2,"name":"Las I Jornadas de Formaci\u00f3n de Mujer y Motor permiten conocer las experiencias de las mujeres pioneras en el mundo del motor"}]},{"@type":"WebSite","@id":"https:\/\/circuitodejerez.com\/#website","url":"https:\/\/circuitodejerez.com\/","name":"Circuito de Jerez \u00c1ngel Nieto","description":"Circuito de Jerez \u00c1ngel Nieto","publisher":{"@id":"https:\/\/circuitodejerez.com\/#organization"},"potentialAction":[{"@type":"SearchAction","target":{"@type":"EntryPoint","urlTemplate":"https:\/\/circuitodejerez.com\/?s={search_term_string}"},"query-input":"required name=search_term_string"}],"inLanguage":"en-GB"},{"@type":"Organization","@id":"https:\/\/circuitodejerez.com\/#organization","name":"Circuito de Jerez \u00c1ngel Nieto","url":"https:\/\/circuitodejerez.com\/","logo":{"@type":"ImageObject","inLanguage":"en-GB","@id":"https:\/\/circuitodejerez.com\/#\/schema\/logo\/image\/","url":"https:\/\/circuitodejerez.com\/wp-content\/uploads\/2023\/06\/logo-circuito-jerez.png","contentUrl":"https:\/\/circuitodejerez.com\/wp-content\/uploads\/2023\/06\/logo-circuito-jerez.png","width":556,"height":142,"caption":"Circuito de Jerez \u00c1ngel Nieto"},"image":{"@id":"https:\/\/circuitodejerez.com\/#\/schema\/logo\/image\/"},"sameAs":["https:\/\/www.facebook.com\/circuitodejerezangelnieto\/","https:\/\/x.com\/circuitodejerez","https:\/\/www.instagram.com\/circuito_de_jerez\/?hl=es","https:\/\/www.youtube.com\/user\/cirjesa"]},{"@type":"Person","@id":"https:\/\/circuitodejerez.com\/#\/schema\/person\/7426c66afad35f522814eb06fb2e213a","name":"publyland","sameAs":["https:\/\/circuitoangelnieto.com"],"url":"https:\/\/circuitodejerez.com\/en\/author\/publyland\/"}]}},"_links":{"self":[{"href":"https:\/\/circuitodejerez.com\/en\/wp-json\/wp\/v2\/posts\/38750","targetHints":{"allow":["GET"]}}],"collection":[{"href":"https:\/\/circuitodejerez.com\/en\/wp-json\/wp\/v2\/posts"}],"about":[{"href":"https:\/\/circuitodejerez.com\/en\/wp-json\/wp\/v2\/types\/post"}],"author":[{"embeddable":true,"href":"https:\/\/circuitodejerez.com\/en\/wp-json\/wp\/v2\/users\/1"}],"replies":[{"embeddable":true,"href":"https:\/\/circuitodejerez.com\/en\/wp-json\/wp\/v2\/comments?post=38750"}],"version-history":[{"count":1,"href":"https:\/\/circuitodejerez.com\/en\/wp-json\/wp\/v2\/posts\/38750\/revisions"}],"predecessor-version":[{"id":38751,"href":"https:\/\/circuitodejerez.com\/en\/wp-json\/wp\/v2\/posts\/38750\/revisions\/38751"}],"wp:featuredmedia":[{"embeddable":true,"href":"https:\/\/circuitodejerez.com\/en\/wp-json\/wp\/v2\/media\/38752"}],"wp:attachment":[{"href":"https:\/\/circuitodejerez.com\/en\/wp-json\/wp\/v2\/media?parent=38750"}],"wp:term":[{"taxonomy":"category","embeddable":true,"href":"https:\/\/circuitodejerez.com\/en\/wp-json\/wp\/v2\/categories?post=38750"},{"taxonomy":"post_tag","embeddable":true,"href":"https:\/\/circuitodejerez.com\/en\/wp-json\/wp\/v2\/tags?post=38750"}],"curies":[{"name":"wp","href":"https:\/\/api.w.org\/{rel}","templated":true}]}}