{"id":38804,"date":"2025-09-17T13:30:23","date_gmt":"2025-09-17T11:30:23","guid":{"rendered":"https:\/\/circuitodejerez.com\/2025\/09\/17\/el-circuito-de-jerez-celebra-un-fin-de-semana-unico-con-motor-y-ocio-para-todos\/"},"modified":"2025-09-17T13:30:32","modified_gmt":"2025-09-17T11:30:32","slug":"el-circuito-de-jerez-celebra-un-fin-de-semana-unico-con-motor-y-ocio-para-todos","status":"publish","type":"post","link":"https:\/\/circuitodejerez.com\/en\/2025\/09\/17\/el-circuito-de-jerez-celebra-un-fin-de-semana-unico-con-motor-y-ocio-para-todos\/","title":{"rendered":"El Circuito de Jerez celebra un fin de semana \u00fanico con motor y ocio para todos"},"content":{"rendered":"<p><img loading=\"lazy\" decoding=\"async\" style=\"display:none;\" class=\"alignnone size-medium\" src=\"https:\/\/gestorapp.circuitoangelnieto.com\/\/uploads\/noticias\/noticia_260.JPG\" width=\"600\" height=\"409\" \/><\/p>\n<p><b>17 de septiembre de 2025.<\/b> El Circuito de Jerez-\u00c1ngel Nieto se prepara para un evento memorable este pr\u00f3ximo fin de semana, fusionando la pasi\u00f3n por el motor con un festival de ocio y entretenimiento para celebrar el 40 aniversario del circuito. Este fin de semana, la adrenalina de las carreras se unir\u00e1 a una gran fiesta en un evento dise\u00f1ado para toda la familia.<\/p>\n<p><b>Una gran fiesta para celebrar 40 a\u00f1os de historia<\/b><\/p>\n<p>Fuera de la pista, concretamente en el paddock secundario, el ambiente festivo ser\u00e1 el protagonista en la jornada del s\u00e1bado d\u00eda 20. Y es que para conmemorar las cuatro d\u00e9cadas de historia del circuito, se ha preparado un amplio programa de actividades l\u00fadicas. Los asistentes podr\u00e1n disfrutar de una gran concentraci\u00f3n de coches cl\u00e1sicos, una Fan Zone con actividades varias, Food trucks para todos los gustos y animaciones musicales que pondr\u00e1n el ambiente a las instalaciones.<\/p>\n<p>El broche de oro al fin de semana lo pondr\u00e1n los conciertos de m\u00fasica, que arrancar\u00e1n a partir de las 17:30 horas y revivir\u00e1n lo mejor de la m\u00fasica ochentera. El evento es la oportunidad perfecta para que los amantes del motor y del ocio compartan una experiencia inolvidable. El horario de conciertos ser\u00e1 el siguiente: Toreros Muertos (17.30 h), los Rebeldes (18.45 h), Rafa S\u00e1nchez (20.00 h) y la Frontera (21.40 h).<\/p>\n<p>Recordamos que todas estas actividades del d\u00eda 20 tienen un coste para el p\u00fablico de solo 10\u20ac, los ni\u00f1os de 0 a 14 a\u00f1os acceden gratuitamente.<\/p>\n<p><b>El mejor automovilismo nacional e internacional en pista<\/b><\/p>\n<p>Por otra parte, en el asfalto, la acci\u00f3n no se detiene. El circuito acoger\u00e1 la quinta prueba de la temporada del Campeonato de Espa\u00f1a de F4, junto a otras emocionantes categor\u00edas como la Eurocup-3, el TCR Spain, el Campeonato de Espa\u00f1a de GT y la GR Cup. La lucha por los t\u00edtulos en estas competiciones promete carreras vibrantes y duelos directos que mantendr\u00e1n a los aficionados al borde de sus asientos. Recordamos que el domingo el acceso del p\u00fablico a las competiciones es gratuito.<\/p>\n<p><b>El Campeonato de Espa\u00f1a de F4 llega a Jerez<\/b><\/p>\n<p>El Circuito de Jerez-\u00c1ngel Nieto se prepara para recibir la quinta ronda de la temporada 2025 del Campeonato de Espa\u00f1a de F4. El emocionante campeonato de monoplazas, una de las principales series para j\u00f3venes talentos del automovilismo, contin\u00faa su batalla por el t\u00edtulo este fin de semana, del 19 al 21 de septiembre con 38 pilotos en pista, todo un r\u00e9cord de participaci\u00f3n.<\/p>\n<p>En la cima de la clasificaci\u00f3n se encuentra el piloto belga Thomas Strauven, que ha demostrado un dominio notable a lo largo de la temporada. Sin embargo, su liderazgo est\u00e1 bajo la presi\u00f3n de pilotos como Jan Przyrowski y Ren\u00e9 Lammers, que se sit\u00faan en segundo y tercer lugar respectivamente, prometiendo una lucha intensa en la pista jerezana. El campeonato ha pasado ya por circuitos ic\u00f3nicos como Motorland, Navarra, Portim\u00e3o y Paul Ricard, dejando resultados muy ajustados y sorpresas.<\/p>\n<p>Se espera que las carreras en Jerez sean cruciales para el desenlace del campeonato, con la presi\u00f3n aumentando a medida que la temporada se acerca a su recta final con las citas de Valencia en octubre y Barcelona, en noviembre, como \u00faltimas de la temporada.&nbsp;<\/p>\n<p>Los aficionados podr\u00e1n seguir de cerca la acci\u00f3n y ver c\u00f3mo se desarrolla esta emocionante contienda. Recordamos que el s\u00e1bado, la fiesta del 40 aniversario del circuito incluir\u00e1 una amplia variedad de actividades en el paddock con concentraci\u00f3n de cl\u00e1sicos, Fan Zone con animaciones musicales, barras de bar, Food Trucks, Dj\u2019s y conciertos de m\u00fasica ochentera a cargo de Toreros Muertos, Los Rebeldes, La Frontera y Rafa S\u00e1nchez de la Uni\u00f3n, conciertos que arrancar\u00e1n a partir de las 17.30 horas con el siguiente orden: Toreros Muertos, Los Rebeldes, Rafa S\u00e1nchez y la Frontera.  <\/p>\n<p><b>La Eurocup-3 se adue\u00f1a del asfalto de Jerez<\/b><\/p>\n<p>Junto a los F4, el p\u00fablico podr\u00e1 deleitarse tambi\u00e9n con otra de las categor\u00edas de monoplazas incluidas en el meeting, la Eurocup-3 que disputar\u00e1 la s\u00e9ptima y pen\u00faltima ronda de la temporada 2025 de un certamen internacional que a lo largo de estos meses previos ha visitado circuitos como Red Bull Ring, Portimao, Paul Ricard, Monza, Assen y Spa. Este campeonato, conocido por su alta competitividad y por ser una cantera de futuros talentos del automovilismo y un paso por encima para aquellos que arrancan en la F4, se acerca a su cl\u00edmax con una batalla por el t\u00edtulo que est\u00e1 al rojo vivo.<\/p>\n<p>El actual l\u00edder del campeonato, el italiano Mattia Colnaghi, llega a Jerez con una s\u00f3lida ventaja en la clasificaci\u00f3n. Sin embargo, no puede confiarse. Sus compatriotas Valerio Rinicella y Ernesto Rivera se mantienen en segunda y tercera posici\u00f3n, respectivamente, a la caza de cualquier oportunidad para recortar puntos y llevar la lucha hasta la \u00faltima carrera.<\/p>\n<p>Las carreras en Jerez ser\u00e1n decisivas para definir a los contendientes finales al t\u00edtulo. La presi\u00f3n es m\u00e1xima y cada punto cuenta. Los aficionados que se acerquen al circuito jerezano ser\u00e1n testigos de un fin de semana lleno de adrenalina y duelos en pista.<\/p>\n<p><b>El TCR Spain llega a Jerez en un final de temporada trepidante<\/b><\/p>\n<p>El Circuito de Jerez-\u00c1ngel Nieto ser\u00e1 el escenario de la pen\u00faltima cita del TCR Spain este pr\u00f3ximo fin de semana. El campeonato nacional de turismos se prepara para una ronda decisiva en la que la lucha por el t\u00edtulo est\u00e1 m\u00e1s abierta que nunca.<\/p>\n<p>Tras cuatro emocionantes rondas en Barcelona, Motorland y Valencia, la clasificaci\u00f3n general es muy ajustada. Mike Halder llega a la cita andaluza como l\u00edder, demostrando un ritmo imparable a lo largo de la temporada. Sin embargo, su ventaja es m\u00ednima sobre \u00c8ric Gen\u00e9, que ocupa la segunda posici\u00f3n y se presenta como el principal rival en la lucha por el t\u00edtulo.<\/p>\n<p><b>Los superdeportivos del Campeonato de Espa\u00f1a de GT llegan a Jerez<\/b><\/p>\n<p>Otra de las categor\u00edas inmersas en este meeting automovil\u00edstico es el Campeonato de Espa\u00f1a de G.T que acoge en Jerez la cuarta ronda de la temporada. Con una parrilla de potentes superdeportivos, el campeonato promete un espect\u00e1culo \u00fanico en la pista jerezana.<br \/>Tras las pruebas en Motorland, Navarra y Portim\u00e3o, la dupla formada por Borja Garc\u00eda y Alejandro Barambio llega a Jerez en una posici\u00f3n de gran fuerza, consolid\u00e1ndose como l\u00edderes del campeonato. Sin embargo, no pueden relajarse, ya que la pareja de Carlos Vieira y Miguel Lobo, en la segunda posici\u00f3n, les sigue de cerca y luchar\u00e1 por cada punto para recortar la distancia.<\/p>\n<p><b>GR Cup<\/b><\/p>\n<p>La copa monomarca de Toyota, ha demostrado ser una de las series m\u00e1s competidas del panorama nacional, se prepara para una cita crucial en Jerez, cuarta de la temporada en la que la lucha por el campeonato est\u00e1 m\u00e1s ajustada que nunca.<br \/>La clasificaci\u00f3n general muestra una intensa batalla en la cima. Marco Aguilera lidera con 106 puntos, pero su ventaja es m\u00ednima, con Daniel Losada pis\u00e1ndole los talones con 105 puntos y Marcos de Diego muy cerca, en tercera posici\u00f3n, con 101. Esto garantiza que las carreras en Jerez ser\u00e1n clave para definir a los principales contendientes para las \u00faltimas pruebas del calendario.<\/p>","protected":false},"excerpt":{"rendered":"<p>17 de septiembre de 2025. El Circuito de Jerez-\u00c1ngel Nieto se prepara para un evento memorable este pr\u00f3ximo fin de<\/p>","protected":false},"author":1,"featured_media":38805,"comment_status":"closed","ping_status":"","sticky":false,"template":"","format":"standard","meta":{"footnotes":""},"categories":[2],"tags":[],"class_list":["post-38804","post","type-post","status-publish","format-standard","has-post-thumbnail","hentry","category-noticias"],"yoast_head":"<!-- This site is optimized with the Yoast SEO plugin v22.5 - https:\/\/yoast.com\/wordpress\/plugins\/seo\/ -->\n<title>El Circuito de Jerez celebra un fin de semana \u00fanico con motor y ocio para todos - Circuito de Jerez \u00c1ngel Nieto<\/title>\n<meta name=\"robots\" content=\"index, follow, max-snippet:-1, max-image-preview:large, max-video-preview:-1\" \/>\n<link rel=\"canonical\" href=\"https:\/\/circuitodejerez.com\/en\/2025\/09\/17\/el-circuito-de-jerez-celebra-un-fin-de-semana-unico-con-motor-y-ocio-para-todos\/\" \/>\n<meta property=\"og:locale\" content=\"en_GB\" \/>\n<meta property=\"og:type\" content=\"article\" \/>\n<meta property=\"og:title\" content=\"El Circuito de Jerez celebra un fin de semana \u00fanico con motor y ocio para todos - Circuito de Jerez \u00c1ngel Nieto\" \/>\n<meta property=\"og:description\" content=\"17 de septiembre de 2025. El Circuito de Jerez-\u00c1ngel Nieto se prepara para un evento memorable este pr\u00f3ximo fin de\" \/>\n<meta property=\"og:url\" content=\"https:\/\/circuitodejerez.com\/en\/2025\/09\/17\/el-circuito-de-jerez-celebra-un-fin-de-semana-unico-con-motor-y-ocio-para-todos\/\" \/>\n<meta property=\"og:site_name\" content=\"Circuito de Jerez \u00c1ngel Nieto\" \/>\n<meta property=\"article:publisher\" content=\"https:\/\/www.facebook.com\/circuitodejerezangelnieto\/\" \/>\n<meta property=\"article:published_time\" content=\"2025-09-17T11:30:23+00:00\" \/>\n<meta property=\"article:modified_time\" content=\"2025-09-17T11:30:32+00:00\" \/>\n<meta property=\"og:image\" content=\"https:\/\/gestorapp.circuitoangelnieto.com\/\/uploads\/noticias\/noticia_260.JPG\" \/>\n<meta name=\"author\" content=\"publyland\" \/>\n<meta name=\"twitter:card\" content=\"summary_large_image\" \/>\n<meta name=\"twitter:creator\" content=\"@circuitodejerez\" \/>\n<meta name=\"twitter:site\" content=\"@circuitodejerez\" \/>\n<meta name=\"twitter:label1\" content=\"Written by\" \/>\n\t<meta name=\"twitter:data1\" content=\"publyland\" \/>\n\t<meta name=\"twitter:label2\" content=\"Estimated reading time\" \/>\n\t<meta name=\"twitter:data2\" content=\"6 minutes\" \/>\n<script type=\"application\/ld+json\" class=\"yoast-schema-graph\">{\"@context\":\"https:\/\/schema.org\",\"@graph\":[{\"@type\":\"Article\",\"@id\":\"https:\/\/circuitodejerez.com\/2025\/09\/17\/el-circuito-de-jerez-celebra-un-fin-de-semana-unico-con-motor-y-ocio-para-todos\/#article\",\"isPartOf\":{\"@id\":\"https:\/\/circuitodejerez.com\/2025\/09\/17\/el-circuito-de-jerez-celebra-un-fin-de-semana-unico-con-motor-y-ocio-para-todos\/\"},\"author\":{\"name\":\"publyland\",\"@id\":\"https:\/\/circuitodejerez.com\/#\/schema\/person\/7426c66afad35f522814eb06fb2e213a\"},\"headline\":\"El Circuito de Jerez celebra un fin de semana \u00fanico con motor y ocio para todos\",\"datePublished\":\"2025-09-17T11:30:23+00:00\",\"dateModified\":\"2025-09-17T11:30:32+00:00\",\"mainEntityOfPage\":{\"@id\":\"https:\/\/circuitodejerez.com\/2025\/09\/17\/el-circuito-de-jerez-celebra-un-fin-de-semana-unico-con-motor-y-ocio-para-todos\/\"},\"wordCount\":1275,\"publisher\":{\"@id\":\"https:\/\/circuitodejerez.com\/#organization\"},\"image\":{\"@id\":\"https:\/\/circuitodejerez.com\/2025\/09\/17\/el-circuito-de-jerez-celebra-un-fin-de-semana-unico-con-motor-y-ocio-para-todos\/#primaryimage\"},\"thumbnailUrl\":\"https:\/\/circuitodejerez.com\/wp-content\/uploads\/2025\/09\/noticia_260-scaled.jpg\",\"articleSection\":[\"Noticias\"],\"inLanguage\":\"en-GB\"},{\"@type\":\"WebPage\",\"@id\":\"https:\/\/circuitodejerez.com\/2025\/09\/17\/el-circuito-de-jerez-celebra-un-fin-de-semana-unico-con-motor-y-ocio-para-todos\/\",\"url\":\"https:\/\/circuitodejerez.com\/2025\/09\/17\/el-circuito-de-jerez-celebra-un-fin-de-semana-unico-con-motor-y-ocio-para-todos\/\",\"name\":\"El Circuito de Jerez celebra un fin de semana \u00fanico con motor y ocio para todos - Circuito de Jerez \u00c1ngel Nieto\",\"isPartOf\":{\"@id\":\"https:\/\/circuitodejerez.com\/#website\"},\"primaryImageOfPage\":{\"@id\":\"https:\/\/circuitodejerez.com\/2025\/09\/17\/el-circuito-de-jerez-celebra-un-fin-de-semana-unico-con-motor-y-ocio-para-todos\/#primaryimage\"},\"image\":{\"@id\":\"https:\/\/circuitodejerez.com\/2025\/09\/17\/el-circuito-de-jerez-celebra-un-fin-de-semana-unico-con-motor-y-ocio-para-todos\/#primaryimage\"},\"thumbnailUrl\":\"https:\/\/circuitodejerez.com\/wp-content\/uploads\/2025\/09\/noticia_260-scaled.jpg\",\"datePublished\":\"2025-09-17T11:30:23+00:00\",\"dateModified\":\"2025-09-17T11:30:32+00:00\",\"breadcrumb\":{\"@id\":\"https:\/\/circuitodejerez.com\/2025\/09\/17\/el-circuito-de-jerez-celebra-un-fin-de-semana-unico-con-motor-y-ocio-para-todos\/#breadcrumb\"},\"inLanguage\":\"en-GB\",\"potentialAction\":[{\"@type\":\"ReadAction\",\"target\":[\"https:\/\/circuitodejerez.com\/2025\/09\/17\/el-circuito-de-jerez-celebra-un-fin-de-semana-unico-con-motor-y-ocio-para-todos\/\"]}]},{\"@type\":\"ImageObject\",\"inLanguage\":\"en-GB\",\"@id\":\"https:\/\/circuitodejerez.com\/2025\/09\/17\/el-circuito-de-jerez-celebra-un-fin-de-semana-unico-con-motor-y-ocio-para-todos\/#primaryimage\",\"url\":\"https:\/\/circuitodejerez.com\/wp-content\/uploads\/2025\/09\/noticia_260-scaled.jpg\",\"contentUrl\":\"https:\/\/circuitodejerez.com\/wp-content\/uploads\/2025\/09\/noticia_260-scaled.jpg\",\"width\":2560,\"height\":2560},{\"@type\":\"BreadcrumbList\",\"@id\":\"https:\/\/circuitodejerez.com\/2025\/09\/17\/el-circuito-de-jerez-celebra-un-fin-de-semana-unico-con-motor-y-ocio-para-todos\/#breadcrumb\",\"itemListElement\":[{\"@type\":\"ListItem\",\"position\":1,\"name\":\"Portada\",\"item\":\"https:\/\/circuitodejerez.com\/\"},{\"@type\":\"ListItem\",\"position\":2,\"name\":\"El Circuito de Jerez celebra un fin de semana \u00fanico con motor y ocio para todos\"}]},{\"@type\":\"WebSite\",\"@id\":\"https:\/\/circuitodejerez.com\/#website\",\"url\":\"https:\/\/circuitodejerez.com\/\",\"name\":\"Circuito de Jerez \u00c1ngel Nieto\",\"description\":\"Circuito de Jerez \u00c1ngel Nieto\",\"publisher\":{\"@id\":\"https:\/\/circuitodejerez.com\/#organization\"},\"potentialAction\":[{\"@type\":\"SearchAction\",\"target\":{\"@type\":\"EntryPoint\",\"urlTemplate\":\"https:\/\/circuitodejerez.com\/?s={search_term_string}\"},\"query-input\":\"required name=search_term_string\"}],\"inLanguage\":\"en-GB\"},{\"@type\":\"Organization\",\"@id\":\"https:\/\/circuitodejerez.com\/#organization\",\"name\":\"Circuito de Jerez \u00c1ngel Nieto\",\"url\":\"https:\/\/circuitodejerez.com\/\",\"logo\":{\"@type\":\"ImageObject\",\"inLanguage\":\"en-GB\",\"@id\":\"https:\/\/circuitodejerez.com\/#\/schema\/logo\/image\/\",\"url\":\"https:\/\/circuitodejerez.com\/wp-content\/uploads\/2023\/06\/logo-circuito-jerez.png\",\"contentUrl\":\"https:\/\/circuitodejerez.com\/wp-content\/uploads\/2023\/06\/logo-circuito-jerez.png\",\"width\":556,\"height\":142,\"caption\":\"Circuito de Jerez \u00c1ngel Nieto\"},\"image\":{\"@id\":\"https:\/\/circuitodejerez.com\/#\/schema\/logo\/image\/\"},\"sameAs\":[\"https:\/\/www.facebook.com\/circuitodejerezangelnieto\/\",\"https:\/\/x.com\/circuitodejerez\",\"https:\/\/www.instagram.com\/circuito_de_jerez\/?hl=es\",\"https:\/\/www.youtube.com\/user\/cirjesa\"]},{\"@type\":\"Person\",\"@id\":\"https:\/\/circuitodejerez.com\/#\/schema\/person\/7426c66afad35f522814eb06fb2e213a\",\"name\":\"publyland\",\"sameAs\":[\"https:\/\/circuitoangelnieto.com\"],\"url\":\"https:\/\/circuitodejerez.com\/en\/author\/publyland\/\"}]}<\/script>\n<!-- \/ Yoast SEO plugin. -->","yoast_head_json":{"title":"El Circuito de Jerez celebra un fin de semana \u00fanico con motor y ocio para todos - Circuito de Jerez \u00c1ngel Nieto","robots":{"index":"index","follow":"follow","max-snippet":"max-snippet:-1","max-image-preview":"max-image-preview:large","max-video-preview":"max-video-preview:-1"},"canonical":"https:\/\/circuitodejerez.com\/en\/2025\/09\/17\/el-circuito-de-jerez-celebra-un-fin-de-semana-unico-con-motor-y-ocio-para-todos\/","og_locale":"en_GB","og_type":"article","og_title":"El Circuito de Jerez celebra un fin de semana \u00fanico con motor y ocio para todos - Circuito de Jerez \u00c1ngel Nieto","og_description":"17 de septiembre de 2025. El Circuito de Jerez-\u00c1ngel Nieto se prepara para un evento memorable este pr\u00f3ximo fin de","og_url":"https:\/\/circuitodejerez.com\/en\/2025\/09\/17\/el-circuito-de-jerez-celebra-un-fin-de-semana-unico-con-motor-y-ocio-para-todos\/","og_site_name":"Circuito de Jerez \u00c1ngel Nieto","article_publisher":"https:\/\/www.facebook.com\/circuitodejerezangelnieto\/","article_published_time":"2025-09-17T11:30:23+00:00","article_modified_time":"2025-09-17T11:30:32+00:00","og_image":[{"url":"https:\/\/gestorapp.circuitoangelnieto.com\/\/uploads\/noticias\/noticia_260.JPG"}],"author":"publyland","twitter_card":"summary_large_image","twitter_creator":"@circuitodejerez","twitter_site":"@circuitodejerez","twitter_misc":{"Written by":"publyland","Estimated reading time":"6 minutes"},"schema":{"@context":"https:\/\/schema.org","@graph":[{"@type":"Article","@id":"https:\/\/circuitodejerez.com\/2025\/09\/17\/el-circuito-de-jerez-celebra-un-fin-de-semana-unico-con-motor-y-ocio-para-todos\/#article","isPartOf":{"@id":"https:\/\/circuitodejerez.com\/2025\/09\/17\/el-circuito-de-jerez-celebra-un-fin-de-semana-unico-con-motor-y-ocio-para-todos\/"},"author":{"name":"publyland","@id":"https:\/\/circuitodejerez.com\/#\/schema\/person\/7426c66afad35f522814eb06fb2e213a"},"headline":"El Circuito de Jerez celebra un fin de semana \u00fanico con motor y ocio para todos","datePublished":"2025-09-17T11:30:23+00:00","dateModified":"2025-09-17T11:30:32+00:00","mainEntityOfPage":{"@id":"https:\/\/circuitodejerez.com\/2025\/09\/17\/el-circuito-de-jerez-celebra-un-fin-de-semana-unico-con-motor-y-ocio-para-todos\/"},"wordCount":1275,"publisher":{"@id":"https:\/\/circuitodejerez.com\/#organization"},"image":{"@id":"https:\/\/circuitodejerez.com\/2025\/09\/17\/el-circuito-de-jerez-celebra-un-fin-de-semana-unico-con-motor-y-ocio-para-todos\/#primaryimage"},"thumbnailUrl":"https:\/\/circuitodejerez.com\/wp-content\/uploads\/2025\/09\/noticia_260-scaled.jpg","articleSection":["Noticias"],"inLanguage":"en-GB"},{"@type":"WebPage","@id":"https:\/\/circuitodejerez.com\/2025\/09\/17\/el-circuito-de-jerez-celebra-un-fin-de-semana-unico-con-motor-y-ocio-para-todos\/","url":"https:\/\/circuitodejerez.com\/2025\/09\/17\/el-circuito-de-jerez-celebra-un-fin-de-semana-unico-con-motor-y-ocio-para-todos\/","name":"El Circuito de Jerez celebra un fin de semana \u00fanico con motor y ocio para todos - Circuito de Jerez \u00c1ngel Nieto","isPartOf":{"@id":"https:\/\/circuitodejerez.com\/#website"},"primaryImageOfPage":{"@id":"https:\/\/circuitodejerez.com\/2025\/09\/17\/el-circuito-de-jerez-celebra-un-fin-de-semana-unico-con-motor-y-ocio-para-todos\/#primaryimage"},"image":{"@id":"https:\/\/circuitodejerez.com\/2025\/09\/17\/el-circuito-de-jerez-celebra-un-fin-de-semana-unico-con-motor-y-ocio-para-todos\/#primaryimage"},"thumbnailUrl":"https:\/\/circuitodejerez.com\/wp-content\/uploads\/2025\/09\/noticia_260-scaled.jpg","datePublished":"2025-09-17T11:30:23+00:00","dateModified":"2025-09-17T11:30:32+00:00","breadcrumb":{"@id":"https:\/\/circuitodejerez.com\/2025\/09\/17\/el-circuito-de-jerez-celebra-un-fin-de-semana-unico-con-motor-y-ocio-para-todos\/#breadcrumb"},"inLanguage":"en-GB","potentialAction":[{"@type":"ReadAction","target":["https:\/\/circuitodejerez.com\/2025\/09\/17\/el-circuito-de-jerez-celebra-un-fin-de-semana-unico-con-motor-y-ocio-para-todos\/"]}]},{"@type":"ImageObject","inLanguage":"en-GB","@id":"https:\/\/circuitodejerez.com\/2025\/09\/17\/el-circuito-de-jerez-celebra-un-fin-de-semana-unico-con-motor-y-ocio-para-todos\/#primaryimage","url":"https:\/\/circuitodejerez.com\/wp-content\/uploads\/2025\/09\/noticia_260-scaled.jpg","contentUrl":"https:\/\/circuitodejerez.com\/wp-content\/uploads\/2025\/09\/noticia_260-scaled.jpg","width":2560,"height":2560},{"@type":"BreadcrumbList","@id":"https:\/\/circuitodejerez.com\/2025\/09\/17\/el-circuito-de-jerez-celebra-un-fin-de-semana-unico-con-motor-y-ocio-para-todos\/#breadcrumb","itemListElement":[{"@type":"ListItem","position":1,"name":"Portada","item":"https:\/\/circuitodejerez.com\/"},{"@type":"ListItem","position":2,"name":"El Circuito de Jerez celebra un fin de semana \u00fanico con motor y ocio para todos"}]},{"@type":"WebSite","@id":"https:\/\/circuitodejerez.com\/#website","url":"https:\/\/circuitodejerez.com\/","name":"Circuito de Jerez \u00c1ngel Nieto","description":"Circuito de Jerez \u00c1ngel Nieto","publisher":{"@id":"https:\/\/circuitodejerez.com\/#organization"},"potentialAction":[{"@type":"SearchAction","target":{"@type":"EntryPoint","urlTemplate":"https:\/\/circuitodejerez.com\/?s={search_term_string}"},"query-input":"required name=search_term_string"}],"inLanguage":"en-GB"},{"@type":"Organization","@id":"https:\/\/circuitodejerez.com\/#organization","name":"Circuito de Jerez \u00c1ngel Nieto","url":"https:\/\/circuitodejerez.com\/","logo":{"@type":"ImageObject","inLanguage":"en-GB","@id":"https:\/\/circuitodejerez.com\/#\/schema\/logo\/image\/","url":"https:\/\/circuitodejerez.com\/wp-content\/uploads\/2023\/06\/logo-circuito-jerez.png","contentUrl":"https:\/\/circuitodejerez.com\/wp-content\/uploads\/2023\/06\/logo-circuito-jerez.png","width":556,"height":142,"caption":"Circuito de Jerez \u00c1ngel Nieto"},"image":{"@id":"https:\/\/circuitodejerez.com\/#\/schema\/logo\/image\/"},"sameAs":["https:\/\/www.facebook.com\/circuitodejerezangelnieto\/","https:\/\/x.com\/circuitodejerez","https:\/\/www.instagram.com\/circuito_de_jerez\/?hl=es","https:\/\/www.youtube.com\/user\/cirjesa"]},{"@type":"Person","@id":"https:\/\/circuitodejerez.com\/#\/schema\/person\/7426c66afad35f522814eb06fb2e213a","name":"publyland","sameAs":["https:\/\/circuitoangelnieto.com"],"url":"https:\/\/circuitodejerez.com\/en\/author\/publyland\/"}]}},"_links":{"self":[{"href":"https:\/\/circuitodejerez.com\/en\/wp-json\/wp\/v2\/posts\/38804","targetHints":{"allow":["GET"]}}],"collection":[{"href":"https:\/\/circuitodejerez.com\/en\/wp-json\/wp\/v2\/posts"}],"about":[{"href":"https:\/\/circuitodejerez.com\/en\/wp-json\/wp\/v2\/types\/post"}],"author":[{"embeddable":true,"href":"https:\/\/circuitodejerez.com\/en\/wp-json\/wp\/v2\/users\/1"}],"replies":[{"embeddable":true,"href":"https:\/\/circuitodejerez.com\/en\/wp-json\/wp\/v2\/comments?post=38804"}],"version-history":[{"count":1,"href":"https:\/\/circuitodejerez.com\/en\/wp-json\/wp\/v2\/posts\/38804\/revisions"}],"predecessor-version":[{"id":38806,"href":"https:\/\/circuitodejerez.com\/en\/wp-json\/wp\/v2\/posts\/38804\/revisions\/38806"}],"wp:featuredmedia":[{"embeddable":true,"href":"https:\/\/circuitodejerez.com\/en\/wp-json\/wp\/v2\/media\/38805"}],"wp:attachment":[{"href":"https:\/\/circuitodejerez.com\/en\/wp-json\/wp\/v2\/media?parent=38804"}],"wp:term":[{"taxonomy":"category","embeddable":true,"href":"https:\/\/circuitodejerez.com\/en\/wp-json\/wp\/v2\/categories?post=38804"},{"taxonomy":"post_tag","embeddable":true,"href":"https:\/\/circuitodejerez.com\/en\/wp-json\/wp\/v2\/tags?post=38804"}],"curies":[{"name":"wp","href":"https:\/\/api.w.org\/{rel}","templated":true}]}}