{"id":38862,"date":"2025-10-03T13:18:42","date_gmt":"2025-10-03T11:18:42","guid":{"rendered":"https:\/\/circuitodejerez.com\/2025\/10\/03\/presentada-en-el-circuito-de-jerez-la-i-carrera-solidaria-rotary-que-se-disputara-el-proximo-11-de-octubre\/"},"modified":"2025-10-03T13:18:44","modified_gmt":"2025-10-03T11:18:44","slug":"presentada-en-el-circuito-de-jerez-la-i-carrera-solidaria-rotary-que-se-disputara-el-proximo-11-de-octubre","status":"publish","type":"post","link":"https:\/\/circuitodejerez.com\/en\/2025\/10\/03\/presentada-en-el-circuito-de-jerez-la-i-carrera-solidaria-rotary-que-se-disputara-el-proximo-11-de-octubre\/","title":{"rendered":"Presentada en el Circuito de Jerez, la I Carrera Solidaria Rotary que se disputar\u00e1 el pr\u00f3ximo 11 de octubre"},"content":{"rendered":"<p><img loading=\"lazy\" decoding=\"async\" style=\"display:none;\" class=\"alignnone size-medium\" src=\"https:\/\/gestorapp.circuitoangelnieto.com\/\/uploads\/noticias\/noticia_266.jpg\" width=\"600\" height=\"409\" \/><\/p>\n<p><b>2 de octubre de 2025.<\/b> Hoy ten\u00eda lugar en la Sala de Conferencias del Circuito de Jerez, la presentaci\u00f3n de la \u2018I Carrera Solidaria Rotary\u2019 de atletismo que se desarrollar\u00e1 en estas instalaciones el pr\u00f3ximo d\u00eda 11 de octubre a las 18 horas.<\/p>\n<p>Tom\u00e1s Sampalo, Delegado de Salud y Deporte del Ayuntamiento de Jerez, junto a Daniel Atienza y Jos\u00e9 Saura, presidente y director de proyectos del Rotary Club Costa de la Luz, y Alejandro P\u00e9rez de la organizaci\u00f3n Runnink, llevaban a cabo la presentaci\u00f3n de la prueba.<\/p>\n<p>Se trata de una iniciativa deportiva y social impulsada por el Club Rotary Costa de la Luz que busca, por un lado, promover la inclusi\u00f3n y la concienciaci\u00f3n en torno a la diversidad funcional. Y por otro, recaudar fondos para apoyar la labor de Proyecto Hombre y la puesta en marcha de una acci\u00f3n deportiva para la inclusi\u00f3n de las personas con diversidad funcional.<\/p>\n<p>Es una carrera popular abierta a toda la ciudadan\u00eda tanto a personas con diversidad funcional como a aquellas sin ella. Las inscripciones pueden realizarse en la web: <a target=\"_blank\" rel=\"nofollow\" href=\"http:\/\/www.runnink.com\">www.runnink.com<\/a>  &nbsp;  Club Rotary Costa Luz.<\/p>\n<p>El precio por dorsal 12 euros carrera 2 vueltas y 6 euros marcha solidaria <\/p>\n<p><\/p>","protected":false},"excerpt":{"rendered":"<p>2 de octubre de 2025. Hoy ten\u00eda lugar en la Sala de Conferencias del Circuito de Jerez, la presentaci\u00f3n de<\/p>","protected":false},"author":1,"featured_media":38863,"comment_status":"closed","ping_status":"","sticky":false,"template":"","format":"standard","meta":{"footnotes":""},"categories":[2],"tags":[],"class_list":["post-38862","post","type-post","status-publish","format-standard","has-post-thumbnail","hentry","category-noticias"],"yoast_head":"<!-- This site is optimized with the Yoast SEO plugin v22.5 - https:\/\/yoast.com\/wordpress\/plugins\/seo\/ -->\n<title>Presentada en el Circuito de Jerez, la I Carrera Solidaria Rotary que se disputar\u00e1 el pr\u00f3ximo 11 de octubre - Circuito de Jerez \u00c1ngel Nieto<\/title>\n<meta name=\"robots\" content=\"index, follow, max-snippet:-1, max-image-preview:large, max-video-preview:-1\" \/>\n<link rel=\"canonical\" href=\"https:\/\/circuitodejerez.com\/en\/2025\/10\/03\/presentada-en-el-circuito-de-jerez-la-i-carrera-solidaria-rotary-que-se-disputara-el-proximo-11-de-octubre\/\" \/>\n<meta property=\"og:locale\" content=\"en_GB\" \/>\n<meta property=\"og:type\" content=\"article\" \/>\n<meta property=\"og:title\" content=\"Presentada en el Circuito de Jerez, la I Carrera Solidaria Rotary que se disputar\u00e1 el pr\u00f3ximo 11 de octubre - Circuito de Jerez \u00c1ngel Nieto\" \/>\n<meta property=\"og:description\" content=\"2 de octubre de 2025. Hoy ten\u00eda lugar en la Sala de Conferencias del Circuito de Jerez, la presentaci\u00f3n de\" \/>\n<meta property=\"og:url\" content=\"https:\/\/circuitodejerez.com\/en\/2025\/10\/03\/presentada-en-el-circuito-de-jerez-la-i-carrera-solidaria-rotary-que-se-disputara-el-proximo-11-de-octubre\/\" \/>\n<meta property=\"og:site_name\" content=\"Circuito de Jerez \u00c1ngel Nieto\" \/>\n<meta property=\"article:publisher\" content=\"https:\/\/www.facebook.com\/circuitodejerezangelnieto\/\" \/>\n<meta property=\"article:published_time\" content=\"2025-10-03T11:18:42+00:00\" \/>\n<meta property=\"article:modified_time\" content=\"2025-10-03T11:18:44+00:00\" \/>\n<meta property=\"og:image\" content=\"https:\/\/gestorapp.circuitoangelnieto.com\/\/uploads\/noticias\/noticia_266.jpg\" \/>\n<meta name=\"author\" content=\"publyland\" \/>\n<meta name=\"twitter:card\" content=\"summary_large_image\" \/>\n<meta name=\"twitter:creator\" content=\"@circuitodejerez\" \/>\n<meta name=\"twitter:site\" content=\"@circuitodejerez\" \/>\n<meta name=\"twitter:label1\" content=\"Written by\" \/>\n\t<meta name=\"twitter:data1\" content=\"publyland\" \/>\n\t<meta name=\"twitter:label2\" content=\"Estimated reading time\" \/>\n\t<meta name=\"twitter:data2\" content=\"1 minute\" \/>\n<script type=\"application\/ld+json\" class=\"yoast-schema-graph\">{\"@context\":\"https:\/\/schema.org\",\"@graph\":[{\"@type\":\"Article\",\"@id\":\"https:\/\/circuitodejerez.com\/2025\/10\/03\/presentada-en-el-circuito-de-jerez-la-i-carrera-solidaria-rotary-que-se-disputara-el-proximo-11-de-octubre\/#article\",\"isPartOf\":{\"@id\":\"https:\/\/circuitodejerez.com\/2025\/10\/03\/presentada-en-el-circuito-de-jerez-la-i-carrera-solidaria-rotary-que-se-disputara-el-proximo-11-de-octubre\/\"},\"author\":{\"name\":\"publyland\",\"@id\":\"https:\/\/circuitodejerez.com\/#\/schema\/person\/7426c66afad35f522814eb06fb2e213a\"},\"headline\":\"Presentada en el Circuito de Jerez, la I Carrera Solidaria Rotary que se disputar\u00e1 el pr\u00f3ximo 11 de octubre\",\"datePublished\":\"2025-10-03T11:18:42+00:00\",\"dateModified\":\"2025-10-03T11:18:44+00:00\",\"mainEntityOfPage\":{\"@id\":\"https:\/\/circuitodejerez.com\/2025\/10\/03\/presentada-en-el-circuito-de-jerez-la-i-carrera-solidaria-rotary-que-se-disputara-el-proximo-11-de-octubre\/\"},\"wordCount\":226,\"publisher\":{\"@id\":\"https:\/\/circuitodejerez.com\/#organization\"},\"image\":{\"@id\":\"https:\/\/circuitodejerez.com\/2025\/10\/03\/presentada-en-el-circuito-de-jerez-la-i-carrera-solidaria-rotary-que-se-disputara-el-proximo-11-de-octubre\/#primaryimage\"},\"thumbnailUrl\":\"https:\/\/circuitodejerez.com\/wp-content\/uploads\/2025\/10\/noticia_266.jpg\",\"articleSection\":[\"Noticias\"],\"inLanguage\":\"en-GB\"},{\"@type\":\"WebPage\",\"@id\":\"https:\/\/circuitodejerez.com\/2025\/10\/03\/presentada-en-el-circuito-de-jerez-la-i-carrera-solidaria-rotary-que-se-disputara-el-proximo-11-de-octubre\/\",\"url\":\"https:\/\/circuitodejerez.com\/2025\/10\/03\/presentada-en-el-circuito-de-jerez-la-i-carrera-solidaria-rotary-que-se-disputara-el-proximo-11-de-octubre\/\",\"name\":\"Presentada en el Circuito de Jerez, la I Carrera Solidaria Rotary que se disputar\u00e1 el pr\u00f3ximo 11 de octubre - Circuito de Jerez \u00c1ngel Nieto\",\"isPartOf\":{\"@id\":\"https:\/\/circuitodejerez.com\/#website\"},\"primaryImageOfPage\":{\"@id\":\"https:\/\/circuitodejerez.com\/2025\/10\/03\/presentada-en-el-circuito-de-jerez-la-i-carrera-solidaria-rotary-que-se-disputara-el-proximo-11-de-octubre\/#primaryimage\"},\"image\":{\"@id\":\"https:\/\/circuitodejerez.com\/2025\/10\/03\/presentada-en-el-circuito-de-jerez-la-i-carrera-solidaria-rotary-que-se-disputara-el-proximo-11-de-octubre\/#primaryimage\"},\"thumbnailUrl\":\"https:\/\/circuitodejerez.com\/wp-content\/uploads\/2025\/10\/noticia_266.jpg\",\"datePublished\":\"2025-10-03T11:18:42+00:00\",\"dateModified\":\"2025-10-03T11:18:44+00:00\",\"breadcrumb\":{\"@id\":\"https:\/\/circuitodejerez.com\/2025\/10\/03\/presentada-en-el-circuito-de-jerez-la-i-carrera-solidaria-rotary-que-se-disputara-el-proximo-11-de-octubre\/#breadcrumb\"},\"inLanguage\":\"en-GB\",\"potentialAction\":[{\"@type\":\"ReadAction\",\"target\":[\"https:\/\/circuitodejerez.com\/2025\/10\/03\/presentada-en-el-circuito-de-jerez-la-i-carrera-solidaria-rotary-que-se-disputara-el-proximo-11-de-octubre\/\"]}]},{\"@type\":\"ImageObject\",\"inLanguage\":\"en-GB\",\"@id\":\"https:\/\/circuitodejerez.com\/2025\/10\/03\/presentada-en-el-circuito-de-jerez-la-i-carrera-solidaria-rotary-que-se-disputara-el-proximo-11-de-octubre\/#primaryimage\",\"url\":\"https:\/\/circuitodejerez.com\/wp-content\/uploads\/2025\/10\/noticia_266.jpg\",\"contentUrl\":\"https:\/\/circuitodejerez.com\/wp-content\/uploads\/2025\/10\/noticia_266.jpg\",\"width\":500,\"height\":400},{\"@type\":\"BreadcrumbList\",\"@id\":\"https:\/\/circuitodejerez.com\/2025\/10\/03\/presentada-en-el-circuito-de-jerez-la-i-carrera-solidaria-rotary-que-se-disputara-el-proximo-11-de-octubre\/#breadcrumb\",\"itemListElement\":[{\"@type\":\"ListItem\",\"position\":1,\"name\":\"Portada\",\"item\":\"https:\/\/circuitodejerez.com\/\"},{\"@type\":\"ListItem\",\"position\":2,\"name\":\"Presentada en el Circuito de Jerez, la I Carrera Solidaria Rotary que se disputar\u00e1 el pr\u00f3ximo 11 de octubre\"}]},{\"@type\":\"WebSite\",\"@id\":\"https:\/\/circuitodejerez.com\/#website\",\"url\":\"https:\/\/circuitodejerez.com\/\",\"name\":\"Circuito de Jerez \u00c1ngel Nieto\",\"description\":\"Circuito de Jerez \u00c1ngel Nieto\",\"publisher\":{\"@id\":\"https:\/\/circuitodejerez.com\/#organization\"},\"potentialAction\":[{\"@type\":\"SearchAction\",\"target\":{\"@type\":\"EntryPoint\",\"urlTemplate\":\"https:\/\/circuitodejerez.com\/?s={search_term_string}\"},\"query-input\":\"required name=search_term_string\"}],\"inLanguage\":\"en-GB\"},{\"@type\":\"Organization\",\"@id\":\"https:\/\/circuitodejerez.com\/#organization\",\"name\":\"Circuito de Jerez \u00c1ngel Nieto\",\"url\":\"https:\/\/circuitodejerez.com\/\",\"logo\":{\"@type\":\"ImageObject\",\"inLanguage\":\"en-GB\",\"@id\":\"https:\/\/circuitodejerez.com\/#\/schema\/logo\/image\/\",\"url\":\"https:\/\/circuitodejerez.com\/wp-content\/uploads\/2023\/06\/logo-circuito-jerez.png\",\"contentUrl\":\"https:\/\/circuitodejerez.com\/wp-content\/uploads\/2023\/06\/logo-circuito-jerez.png\",\"width\":556,\"height\":142,\"caption\":\"Circuito de Jerez \u00c1ngel Nieto\"},\"image\":{\"@id\":\"https:\/\/circuitodejerez.com\/#\/schema\/logo\/image\/\"},\"sameAs\":[\"https:\/\/www.facebook.com\/circuitodejerezangelnieto\/\",\"https:\/\/x.com\/circuitodejerez\",\"https:\/\/www.instagram.com\/circuito_de_jerez\/?hl=es\",\"https:\/\/www.youtube.com\/user\/cirjesa\"]},{\"@type\":\"Person\",\"@id\":\"https:\/\/circuitodejerez.com\/#\/schema\/person\/7426c66afad35f522814eb06fb2e213a\",\"name\":\"publyland\",\"sameAs\":[\"https:\/\/circuitoangelnieto.com\"],\"url\":\"https:\/\/circuitodejerez.com\/en\/author\/publyland\/\"}]}<\/script>\n<!-- \/ Yoast SEO plugin. -->","yoast_head_json":{"title":"Presentada en el Circuito de Jerez, la I Carrera Solidaria Rotary que se disputar\u00e1 el pr\u00f3ximo 11 de octubre - Circuito de Jerez \u00c1ngel Nieto","robots":{"index":"index","follow":"follow","max-snippet":"max-snippet:-1","max-image-preview":"max-image-preview:large","max-video-preview":"max-video-preview:-1"},"canonical":"https:\/\/circuitodejerez.com\/en\/2025\/10\/03\/presentada-en-el-circuito-de-jerez-la-i-carrera-solidaria-rotary-que-se-disputara-el-proximo-11-de-octubre\/","og_locale":"en_GB","og_type":"article","og_title":"Presentada en el Circuito de Jerez, la I Carrera Solidaria Rotary que se disputar\u00e1 el pr\u00f3ximo 11 de octubre - Circuito de Jerez \u00c1ngel Nieto","og_description":"2 de octubre de 2025. Hoy ten\u00eda lugar en la Sala de Conferencias del Circuito de Jerez, la presentaci\u00f3n de","og_url":"https:\/\/circuitodejerez.com\/en\/2025\/10\/03\/presentada-en-el-circuito-de-jerez-la-i-carrera-solidaria-rotary-que-se-disputara-el-proximo-11-de-octubre\/","og_site_name":"Circuito de Jerez \u00c1ngel Nieto","article_publisher":"https:\/\/www.facebook.com\/circuitodejerezangelnieto\/","article_published_time":"2025-10-03T11:18:42+00:00","article_modified_time":"2025-10-03T11:18:44+00:00","og_image":[{"url":"https:\/\/gestorapp.circuitoangelnieto.com\/\/uploads\/noticias\/noticia_266.jpg"}],"author":"publyland","twitter_card":"summary_large_image","twitter_creator":"@circuitodejerez","twitter_site":"@circuitodejerez","twitter_misc":{"Written by":"publyland","Estimated reading time":"1 minute"},"schema":{"@context":"https:\/\/schema.org","@graph":[{"@type":"Article","@id":"https:\/\/circuitodejerez.com\/2025\/10\/03\/presentada-en-el-circuito-de-jerez-la-i-carrera-solidaria-rotary-que-se-disputara-el-proximo-11-de-octubre\/#article","isPartOf":{"@id":"https:\/\/circuitodejerez.com\/2025\/10\/03\/presentada-en-el-circuito-de-jerez-la-i-carrera-solidaria-rotary-que-se-disputara-el-proximo-11-de-octubre\/"},"author":{"name":"publyland","@id":"https:\/\/circuitodejerez.com\/#\/schema\/person\/7426c66afad35f522814eb06fb2e213a"},"headline":"Presentada en el Circuito de Jerez, la I Carrera Solidaria Rotary que se disputar\u00e1 el pr\u00f3ximo 11 de octubre","datePublished":"2025-10-03T11:18:42+00:00","dateModified":"2025-10-03T11:18:44+00:00","mainEntityOfPage":{"@id":"https:\/\/circuitodejerez.com\/2025\/10\/03\/presentada-en-el-circuito-de-jerez-la-i-carrera-solidaria-rotary-que-se-disputara-el-proximo-11-de-octubre\/"},"wordCount":226,"publisher":{"@id":"https:\/\/circuitodejerez.com\/#organization"},"image":{"@id":"https:\/\/circuitodejerez.com\/2025\/10\/03\/presentada-en-el-circuito-de-jerez-la-i-carrera-solidaria-rotary-que-se-disputara-el-proximo-11-de-octubre\/#primaryimage"},"thumbnailUrl":"https:\/\/circuitodejerez.com\/wp-content\/uploads\/2025\/10\/noticia_266.jpg","articleSection":["Noticias"],"inLanguage":"en-GB"},{"@type":"WebPage","@id":"https:\/\/circuitodejerez.com\/2025\/10\/03\/presentada-en-el-circuito-de-jerez-la-i-carrera-solidaria-rotary-que-se-disputara-el-proximo-11-de-octubre\/","url":"https:\/\/circuitodejerez.com\/2025\/10\/03\/presentada-en-el-circuito-de-jerez-la-i-carrera-solidaria-rotary-que-se-disputara-el-proximo-11-de-octubre\/","name":"Presentada en el Circuito de Jerez, la I Carrera Solidaria Rotary que se disputar\u00e1 el pr\u00f3ximo 11 de octubre - Circuito de Jerez \u00c1ngel Nieto","isPartOf":{"@id":"https:\/\/circuitodejerez.com\/#website"},"primaryImageOfPage":{"@id":"https:\/\/circuitodejerez.com\/2025\/10\/03\/presentada-en-el-circuito-de-jerez-la-i-carrera-solidaria-rotary-que-se-disputara-el-proximo-11-de-octubre\/#primaryimage"},"image":{"@id":"https:\/\/circuitodejerez.com\/2025\/10\/03\/presentada-en-el-circuito-de-jerez-la-i-carrera-solidaria-rotary-que-se-disputara-el-proximo-11-de-octubre\/#primaryimage"},"thumbnailUrl":"https:\/\/circuitodejerez.com\/wp-content\/uploads\/2025\/10\/noticia_266.jpg","datePublished":"2025-10-03T11:18:42+00:00","dateModified":"2025-10-03T11:18:44+00:00","breadcrumb":{"@id":"https:\/\/circuitodejerez.com\/2025\/10\/03\/presentada-en-el-circuito-de-jerez-la-i-carrera-solidaria-rotary-que-se-disputara-el-proximo-11-de-octubre\/#breadcrumb"},"inLanguage":"en-GB","potentialAction":[{"@type":"ReadAction","target":["https:\/\/circuitodejerez.com\/2025\/10\/03\/presentada-en-el-circuito-de-jerez-la-i-carrera-solidaria-rotary-que-se-disputara-el-proximo-11-de-octubre\/"]}]},{"@type":"ImageObject","inLanguage":"en-GB","@id":"https:\/\/circuitodejerez.com\/2025\/10\/03\/presentada-en-el-circuito-de-jerez-la-i-carrera-solidaria-rotary-que-se-disputara-el-proximo-11-de-octubre\/#primaryimage","url":"https:\/\/circuitodejerez.com\/wp-content\/uploads\/2025\/10\/noticia_266.jpg","contentUrl":"https:\/\/circuitodejerez.com\/wp-content\/uploads\/2025\/10\/noticia_266.jpg","width":500,"height":400},{"@type":"BreadcrumbList","@id":"https:\/\/circuitodejerez.com\/2025\/10\/03\/presentada-en-el-circuito-de-jerez-la-i-carrera-solidaria-rotary-que-se-disputara-el-proximo-11-de-octubre\/#breadcrumb","itemListElement":[{"@type":"ListItem","position":1,"name":"Portada","item":"https:\/\/circuitodejerez.com\/"},{"@type":"ListItem","position":2,"name":"Presentada en el Circuito de Jerez, la I Carrera Solidaria Rotary que se disputar\u00e1 el pr\u00f3ximo 11 de octubre"}]},{"@type":"WebSite","@id":"https:\/\/circuitodejerez.com\/#website","url":"https:\/\/circuitodejerez.com\/","name":"Circuito de Jerez \u00c1ngel Nieto","description":"Circuito de Jerez \u00c1ngel Nieto","publisher":{"@id":"https:\/\/circuitodejerez.com\/#organization"},"potentialAction":[{"@type":"SearchAction","target":{"@type":"EntryPoint","urlTemplate":"https:\/\/circuitodejerez.com\/?s={search_term_string}"},"query-input":"required name=search_term_string"}],"inLanguage":"en-GB"},{"@type":"Organization","@id":"https:\/\/circuitodejerez.com\/#organization","name":"Circuito de Jerez \u00c1ngel Nieto","url":"https:\/\/circuitodejerez.com\/","logo":{"@type":"ImageObject","inLanguage":"en-GB","@id":"https:\/\/circuitodejerez.com\/#\/schema\/logo\/image\/","url":"https:\/\/circuitodejerez.com\/wp-content\/uploads\/2023\/06\/logo-circuito-jerez.png","contentUrl":"https:\/\/circuitodejerez.com\/wp-content\/uploads\/2023\/06\/logo-circuito-jerez.png","width":556,"height":142,"caption":"Circuito de Jerez \u00c1ngel Nieto"},"image":{"@id":"https:\/\/circuitodejerez.com\/#\/schema\/logo\/image\/"},"sameAs":["https:\/\/www.facebook.com\/circuitodejerezangelnieto\/","https:\/\/x.com\/circuitodejerez","https:\/\/www.instagram.com\/circuito_de_jerez\/?hl=es","https:\/\/www.youtube.com\/user\/cirjesa"]},{"@type":"Person","@id":"https:\/\/circuitodejerez.com\/#\/schema\/person\/7426c66afad35f522814eb06fb2e213a","name":"publyland","sameAs":["https:\/\/circuitoangelnieto.com"],"url":"https:\/\/circuitodejerez.com\/en\/author\/publyland\/"}]}},"_links":{"self":[{"href":"https:\/\/circuitodejerez.com\/en\/wp-json\/wp\/v2\/posts\/38862","targetHints":{"allow":["GET"]}}],"collection":[{"href":"https:\/\/circuitodejerez.com\/en\/wp-json\/wp\/v2\/posts"}],"about":[{"href":"https:\/\/circuitodejerez.com\/en\/wp-json\/wp\/v2\/types\/post"}],"author":[{"embeddable":true,"href":"https:\/\/circuitodejerez.com\/en\/wp-json\/wp\/v2\/users\/1"}],"replies":[{"embeddable":true,"href":"https:\/\/circuitodejerez.com\/en\/wp-json\/wp\/v2\/comments?post=38862"}],"version-history":[{"count":1,"href":"https:\/\/circuitodejerez.com\/en\/wp-json\/wp\/v2\/posts\/38862\/revisions"}],"predecessor-version":[{"id":38864,"href":"https:\/\/circuitodejerez.com\/en\/wp-json\/wp\/v2\/posts\/38862\/revisions\/38864"}],"wp:featuredmedia":[{"embeddable":true,"href":"https:\/\/circuitodejerez.com\/en\/wp-json\/wp\/v2\/media\/38863"}],"wp:attachment":[{"href":"https:\/\/circuitodejerez.com\/en\/wp-json\/wp\/v2\/media?parent=38862"}],"wp:term":[{"taxonomy":"category","embeddable":true,"href":"https:\/\/circuitodejerez.com\/en\/wp-json\/wp\/v2\/categories?post=38862"},{"taxonomy":"post_tag","embeddable":true,"href":"https:\/\/circuitodejerez.com\/en\/wp-json\/wp\/v2\/tags?post=38862"}],"curies":[{"name":"wp","href":"https:\/\/api.w.org\/{rel}","templated":true}]}}