{"id":38874,"date":"2025-10-07T14:31:24","date_gmt":"2025-10-07T12:31:24","guid":{"rendered":"https:\/\/circuitodejerez.com\/2025\/10\/07\/test-post-temporada-de-f3-en-jerez\/"},"modified":"2025-10-09T08:44:33","modified_gmt":"2025-10-09T06:44:33","slug":"test-post-temporada-de-f3-en-jerez","status":"publish","type":"post","link":"https:\/\/circuitodejerez.com\/en\/2025\/10\/07\/test-post-temporada-de-f3-en-jerez\/","title":{"rendered":"Test post temporada de F3 en Jerez"},"content":{"rendered":"<p><img loading=\"lazy\" decoding=\"async\" style=\"display:none;\" class=\"alignnone size-medium\" src=\"https:\/\/gestorapp.circuitoangelnieto.com\/\/uploads\/noticias\/noticia_269.jpg\" width=\"600\" height=\"409\" \/><\/p>\n<p><b>7 de octubre de 2025.<\/b> Aunque el certamen de Formula 3 lleg\u00f3 a su fin el pasado mes de septiembre tras disputarse un total de diez eventos, la categor\u00eda internacional de monoplazas retoma la acci\u00f3n en pista con los primeros entrenamientos de la pretemporada.<\/p>\n<p>Y es que hoy el circuito de Jerez-\u00c1ngel Nieto era la sede de dos d\u00edas de test post temporada para los equipos involucrados en este certamen, que han tenido la oportunidad de comenzar sus preparativos para 2026 con dos jornadas de entrenamientos privados.<\/p>\n<p>Tanto hoy como ma\u00f1ana, las jornadas est\u00e1n divididas en dos sesiones, siendo la de hoy en horario de 9 a 12 de la ma\u00f1ana y de 14 a 17 horas de la tarde, mientras que la sesi\u00f3n de ma\u00f1ana mi\u00e9rcoles, \u00faltima de estos test, est\u00e1 fijada de 9 a 12 y de 13 a 16 horas.<\/p>\n<p>30 pilotos tomar\u00e1n parte en estas jornadas de entrenamientos, siendo 17 los que repiten en la categor\u00eda ya que han participado anteriormente, mientras 13 de ellos har\u00e1n su debut a bordo de estos monoplazas de F3. En total, 18 pa\u00edses diferentes est\u00e1n representados en este test, siendo Noah Stromsted, que finaliz\u00f3 sexto en el campeonato, el piloto presente que m\u00e1s alto finaliz\u00f3 en la general en 2025. A ello se suma la presencia del piloto Yevan David que es el primer piloto de Sri Lanka en competir en la F3, mientras la presencia espa\u00f1ola est\u00e1 representada por Bruno del Pino que competir\u00e1 en estas jornadas en el equipo Van Amersfoort Racing.<\/p>\n<p>El mejor tiempo de la sesi\u00f3n matinal lo marcaba Alessandro Giusti con 1.30.732.<\/p>\n<p><b>Tiempos sesi\u00f3n de ma\u00f1ana: <\/b>1.-Alessandro Giusti 1.30.732 2.-Freddie Slater 1.30.943 3.-Mattia Colnaghi 1.31.036 4.-Jesse Carrasquedo 1.31.087 5.-Tuukka Taponen 1.31.143\u2026.22.-Bruno del Pino 1.32.177<\/p>\n<p><b>Tiempos sesi\u00f3n de tarde: <\/b>Tuukka Taponen 1.31.980 2.-Alessandro Giusti 1.32.101 3.-Gerrard Xie 1.32.195&#8230;&#8230;&#8230;&#8230;&#8230;..18.-Bruno del Pino 1.32.688.<\/p>\n<p>En la combinada de la jornada, sum\u00e1ndo la primera sesi\u00f3n y la segunda el mejor tiempo del d\u00eda lo establec\u00eda Alessandro Giusti con 1.30.732, seguido de Freddie Slater 1.30.943 y Mattia Colnaghi 1.31.037.<\/p>\n<p>En el segundo d\u00eda, de nuevo 30 pilotos en pista para completar las dos sesiones en las que se fijaba la jornada. La primera de ellas que arrancaba a las 9 de la ma\u00f1ana para concluir a las 12, mientras la segunda daba inicio a las 13 horas para concluir a las 16.00.<\/p>\n<p>El mejor tiempo de la sesi\u00f3n matinal lo marcaba el estadounidense Ugo Ugochukwu con 1.30.012, seguido del mejicano Ernesto Rivera que paraba el crono en 1.30.209. Tercer mejor tiempo para Freddie Slater con 1.30.315. Por su parte, el \u00fanico piloto espa\u00f1ol presente, Bruno del Pino, daba hoy un paso importante en la clasificaci\u00f3n con respecto a la jornada de ayer, finalizando en esta primera tanda el doce con un tiempo de 1.30.722 que mejoraba pr\u00e1cticamente dos segundos con respecto su mejor tiempo de ayer.<\/p>\n<p><b>Tiempos sesi\u00f3n de ma\u00f1ana:<\/b> 1.-Alessandro Giusti 1.30.732 2.-Freddie Slater 1.30.943 3.-Mattia Colnaghi 1.31.036 4.-Jesse Carrasquedo 1.31.087 5.-Tuukka Taponen 1.31.143\u2026.22.-Bruno del Pino 1.32.177..<\/p>\n<p>En la sesi\u00f3n de tarde, era el mejicano Ernesto Rivera con 1.30.605 el m\u00e1s r\u00e1pido seguido de Ugochukwu con 1.30.890 y Jin Nakamura, tercero con 1.31.253. El piloto espa\u00f1ol Bruno del Pino finalizaba en la 21\u00ba posici\u00f3n. En la combinada de la jornada Ugo Ugochukwu se erigi\u00f3 en el m\u00e1s r\u00e1pido del d\u00eda con el registro que marc\u00f3 durante la sesi\u00f3n de la ma\u00f1ana, a la postre, el m\u00e1s r\u00e1pido de la jornada.<\/p>\n<p><\/p>\n<\/p>\n<p><img loading=\"lazy\" decoding=\"async\" style=\"width: 100%;\" class=\"alignnone size-medium\" src=\"https:\/\/gestorapp.circuitoangelnieto.com\/\/uploads\/noticias\/noticia_destacada_269.jpg\" width=\"600\" height=\"409\" \/><\/p>","protected":false},"excerpt":{"rendered":"<p>7 de octubre de 2025. Aunque el certamen de Formula 3 lleg\u00f3 a su fin el pasado mes de septiembre<\/p>","protected":false},"author":1,"featured_media":38875,"comment_status":"closed","ping_status":"","sticky":false,"template":"","format":"standard","meta":{"footnotes":""},"categories":[2],"tags":[],"class_list":["post-38874","post","type-post","status-publish","format-standard","has-post-thumbnail","hentry","category-noticias"],"yoast_head":"<!-- This site is optimized with the Yoast SEO plugin v22.5 - https:\/\/yoast.com\/wordpress\/plugins\/seo\/ -->\n<title>Test post temporada de F3 en Jerez - Circuito de Jerez \u00c1ngel Nieto<\/title>\n<meta name=\"robots\" content=\"index, follow, max-snippet:-1, max-image-preview:large, max-video-preview:-1\" \/>\n<link rel=\"canonical\" href=\"https:\/\/circuitodejerez.com\/en\/2025\/10\/07\/test-post-temporada-de-f3-en-jerez\/\" \/>\n<meta property=\"og:locale\" content=\"en_GB\" \/>\n<meta property=\"og:type\" content=\"article\" \/>\n<meta property=\"og:title\" content=\"Test post temporada de F3 en Jerez - Circuito de Jerez \u00c1ngel Nieto\" \/>\n<meta property=\"og:description\" content=\"7 de octubre de 2025. Aunque el certamen de Formula 3 lleg\u00f3 a su fin el pasado mes de septiembre\" \/>\n<meta property=\"og:url\" content=\"https:\/\/circuitodejerez.com\/en\/2025\/10\/07\/test-post-temporada-de-f3-en-jerez\/\" \/>\n<meta property=\"og:site_name\" content=\"Circuito de Jerez \u00c1ngel Nieto\" \/>\n<meta property=\"article:publisher\" content=\"https:\/\/www.facebook.com\/circuitodejerezangelnieto\/\" \/>\n<meta property=\"article:published_time\" content=\"2025-10-07T12:31:24+00:00\" \/>\n<meta property=\"article:modified_time\" content=\"2025-10-09T06:44:33+00:00\" \/>\n<meta property=\"og:image\" content=\"https:\/\/circuitodejerez.com\/wp-content\/uploads\/2025\/10\/noticia_269.jpg\" \/>\n\t<meta property=\"og:image:width\" content=\"2017\" \/>\n\t<meta property=\"og:image:height\" content=\"2017\" \/>\n\t<meta property=\"og:image:type\" content=\"image\/jpeg\" \/>\n<meta name=\"author\" content=\"publyland\" \/>\n<meta name=\"twitter:card\" content=\"summary_large_image\" \/>\n<meta name=\"twitter:creator\" content=\"@circuitodejerez\" \/>\n<meta name=\"twitter:site\" content=\"@circuitodejerez\" \/>\n<meta name=\"twitter:label1\" content=\"Written by\" \/>\n\t<meta name=\"twitter:data1\" content=\"publyland\" \/>\n\t<meta name=\"twitter:label2\" content=\"Estimated reading time\" \/>\n\t<meta name=\"twitter:data2\" content=\"3 minutes\" \/>\n<script type=\"application\/ld+json\" class=\"yoast-schema-graph\">{\"@context\":\"https:\/\/schema.org\",\"@graph\":[{\"@type\":\"Article\",\"@id\":\"https:\/\/circuitodejerez.com\/2025\/10\/07\/test-post-temporada-de-f3-en-jerez\/#article\",\"isPartOf\":{\"@id\":\"https:\/\/circuitodejerez.com\/2025\/10\/07\/test-post-temporada-de-f3-en-jerez\/\"},\"author\":{\"name\":\"publyland\",\"@id\":\"https:\/\/circuitodejerez.com\/#\/schema\/person\/7426c66afad35f522814eb06fb2e213a\"},\"headline\":\"Test post temporada de F3 en Jerez\",\"datePublished\":\"2025-10-07T12:31:24+00:00\",\"dateModified\":\"2025-10-09T06:44:33+00:00\",\"mainEntityOfPage\":{\"@id\":\"https:\/\/circuitodejerez.com\/2025\/10\/07\/test-post-temporada-de-f3-en-jerez\/\"},\"wordCount\":575,\"publisher\":{\"@id\":\"https:\/\/circuitodejerez.com\/#organization\"},\"image\":{\"@id\":\"https:\/\/circuitodejerez.com\/2025\/10\/07\/test-post-temporada-de-f3-en-jerez\/#primaryimage\"},\"thumbnailUrl\":\"https:\/\/circuitodejerez.com\/wp-content\/uploads\/2025\/10\/noticia_269.jpg\",\"articleSection\":[\"Noticias\"],\"inLanguage\":\"en-GB\"},{\"@type\":\"WebPage\",\"@id\":\"https:\/\/circuitodejerez.com\/2025\/10\/07\/test-post-temporada-de-f3-en-jerez\/\",\"url\":\"https:\/\/circuitodejerez.com\/2025\/10\/07\/test-post-temporada-de-f3-en-jerez\/\",\"name\":\"Test post temporada de F3 en Jerez - Circuito de Jerez \u00c1ngel Nieto\",\"isPartOf\":{\"@id\":\"https:\/\/circuitodejerez.com\/#website\"},\"primaryImageOfPage\":{\"@id\":\"https:\/\/circuitodejerez.com\/2025\/10\/07\/test-post-temporada-de-f3-en-jerez\/#primaryimage\"},\"image\":{\"@id\":\"https:\/\/circuitodejerez.com\/2025\/10\/07\/test-post-temporada-de-f3-en-jerez\/#primaryimage\"},\"thumbnailUrl\":\"https:\/\/circuitodejerez.com\/wp-content\/uploads\/2025\/10\/noticia_269.jpg\",\"datePublished\":\"2025-10-07T12:31:24+00:00\",\"dateModified\":\"2025-10-09T06:44:33+00:00\",\"breadcrumb\":{\"@id\":\"https:\/\/circuitodejerez.com\/2025\/10\/07\/test-post-temporada-de-f3-en-jerez\/#breadcrumb\"},\"inLanguage\":\"en-GB\",\"potentialAction\":[{\"@type\":\"ReadAction\",\"target\":[\"https:\/\/circuitodejerez.com\/2025\/10\/07\/test-post-temporada-de-f3-en-jerez\/\"]}]},{\"@type\":\"ImageObject\",\"inLanguage\":\"en-GB\",\"@id\":\"https:\/\/circuitodejerez.com\/2025\/10\/07\/test-post-temporada-de-f3-en-jerez\/#primaryimage\",\"url\":\"https:\/\/circuitodejerez.com\/wp-content\/uploads\/2025\/10\/noticia_269.jpg\",\"contentUrl\":\"https:\/\/circuitodejerez.com\/wp-content\/uploads\/2025\/10\/noticia_269.jpg\",\"width\":2017,\"height\":2017},{\"@type\":\"BreadcrumbList\",\"@id\":\"https:\/\/circuitodejerez.com\/2025\/10\/07\/test-post-temporada-de-f3-en-jerez\/#breadcrumb\",\"itemListElement\":[{\"@type\":\"ListItem\",\"position\":1,\"name\":\"Portada\",\"item\":\"https:\/\/circuitodejerez.com\/\"},{\"@type\":\"ListItem\",\"position\":2,\"name\":\"Test post temporada de F3 en Jerez\"}]},{\"@type\":\"WebSite\",\"@id\":\"https:\/\/circuitodejerez.com\/#website\",\"url\":\"https:\/\/circuitodejerez.com\/\",\"name\":\"Circuito de Jerez \u00c1ngel Nieto\",\"description\":\"Circuito de Jerez \u00c1ngel Nieto\",\"publisher\":{\"@id\":\"https:\/\/circuitodejerez.com\/#organization\"},\"potentialAction\":[{\"@type\":\"SearchAction\",\"target\":{\"@type\":\"EntryPoint\",\"urlTemplate\":\"https:\/\/circuitodejerez.com\/?s={search_term_string}\"},\"query-input\":\"required name=search_term_string\"}],\"inLanguage\":\"en-GB\"},{\"@type\":\"Organization\",\"@id\":\"https:\/\/circuitodejerez.com\/#organization\",\"name\":\"Circuito de Jerez \u00c1ngel Nieto\",\"url\":\"https:\/\/circuitodejerez.com\/\",\"logo\":{\"@type\":\"ImageObject\",\"inLanguage\":\"en-GB\",\"@id\":\"https:\/\/circuitodejerez.com\/#\/schema\/logo\/image\/\",\"url\":\"https:\/\/circuitodejerez.com\/wp-content\/uploads\/2023\/06\/logo-circuito-jerez.png\",\"contentUrl\":\"https:\/\/circuitodejerez.com\/wp-content\/uploads\/2023\/06\/logo-circuito-jerez.png\",\"width\":556,\"height\":142,\"caption\":\"Circuito de Jerez \u00c1ngel Nieto\"},\"image\":{\"@id\":\"https:\/\/circuitodejerez.com\/#\/schema\/logo\/image\/\"},\"sameAs\":[\"https:\/\/www.facebook.com\/circuitodejerezangelnieto\/\",\"https:\/\/x.com\/circuitodejerez\",\"https:\/\/www.instagram.com\/circuito_de_jerez\/?hl=es\",\"https:\/\/www.youtube.com\/user\/cirjesa\"]},{\"@type\":\"Person\",\"@id\":\"https:\/\/circuitodejerez.com\/#\/schema\/person\/7426c66afad35f522814eb06fb2e213a\",\"name\":\"publyland\",\"sameAs\":[\"https:\/\/circuitoangelnieto.com\"],\"url\":\"https:\/\/circuitodejerez.com\/en\/author\/publyland\/\"}]}<\/script>\n<!-- \/ Yoast SEO plugin. -->","yoast_head_json":{"title":"Test post temporada de F3 en Jerez - Circuito de Jerez \u00c1ngel Nieto","robots":{"index":"index","follow":"follow","max-snippet":"max-snippet:-1","max-image-preview":"max-image-preview:large","max-video-preview":"max-video-preview:-1"},"canonical":"https:\/\/circuitodejerez.com\/en\/2025\/10\/07\/test-post-temporada-de-f3-en-jerez\/","og_locale":"en_GB","og_type":"article","og_title":"Test post temporada de F3 en Jerez - Circuito de Jerez \u00c1ngel Nieto","og_description":"7 de octubre de 2025. Aunque el certamen de Formula 3 lleg\u00f3 a su fin el pasado mes de septiembre","og_url":"https:\/\/circuitodejerez.com\/en\/2025\/10\/07\/test-post-temporada-de-f3-en-jerez\/","og_site_name":"Circuito de Jerez \u00c1ngel Nieto","article_publisher":"https:\/\/www.facebook.com\/circuitodejerezangelnieto\/","article_published_time":"2025-10-07T12:31:24+00:00","article_modified_time":"2025-10-09T06:44:33+00:00","og_image":[{"width":2017,"height":2017,"url":"https:\/\/circuitodejerez.com\/wp-content\/uploads\/2025\/10\/noticia_269.jpg","type":"image\/jpeg"}],"author":"publyland","twitter_card":"summary_large_image","twitter_creator":"@circuitodejerez","twitter_site":"@circuitodejerez","twitter_misc":{"Written by":"publyland","Estimated reading time":"3 minutes"},"schema":{"@context":"https:\/\/schema.org","@graph":[{"@type":"Article","@id":"https:\/\/circuitodejerez.com\/2025\/10\/07\/test-post-temporada-de-f3-en-jerez\/#article","isPartOf":{"@id":"https:\/\/circuitodejerez.com\/2025\/10\/07\/test-post-temporada-de-f3-en-jerez\/"},"author":{"name":"publyland","@id":"https:\/\/circuitodejerez.com\/#\/schema\/person\/7426c66afad35f522814eb06fb2e213a"},"headline":"Test post temporada de F3 en Jerez","datePublished":"2025-10-07T12:31:24+00:00","dateModified":"2025-10-09T06:44:33+00:00","mainEntityOfPage":{"@id":"https:\/\/circuitodejerez.com\/2025\/10\/07\/test-post-temporada-de-f3-en-jerez\/"},"wordCount":575,"publisher":{"@id":"https:\/\/circuitodejerez.com\/#organization"},"image":{"@id":"https:\/\/circuitodejerez.com\/2025\/10\/07\/test-post-temporada-de-f3-en-jerez\/#primaryimage"},"thumbnailUrl":"https:\/\/circuitodejerez.com\/wp-content\/uploads\/2025\/10\/noticia_269.jpg","articleSection":["Noticias"],"inLanguage":"en-GB"},{"@type":"WebPage","@id":"https:\/\/circuitodejerez.com\/2025\/10\/07\/test-post-temporada-de-f3-en-jerez\/","url":"https:\/\/circuitodejerez.com\/2025\/10\/07\/test-post-temporada-de-f3-en-jerez\/","name":"Test post temporada de F3 en Jerez - Circuito de Jerez \u00c1ngel Nieto","isPartOf":{"@id":"https:\/\/circuitodejerez.com\/#website"},"primaryImageOfPage":{"@id":"https:\/\/circuitodejerez.com\/2025\/10\/07\/test-post-temporada-de-f3-en-jerez\/#primaryimage"},"image":{"@id":"https:\/\/circuitodejerez.com\/2025\/10\/07\/test-post-temporada-de-f3-en-jerez\/#primaryimage"},"thumbnailUrl":"https:\/\/circuitodejerez.com\/wp-content\/uploads\/2025\/10\/noticia_269.jpg","datePublished":"2025-10-07T12:31:24+00:00","dateModified":"2025-10-09T06:44:33+00:00","breadcrumb":{"@id":"https:\/\/circuitodejerez.com\/2025\/10\/07\/test-post-temporada-de-f3-en-jerez\/#breadcrumb"},"inLanguage":"en-GB","potentialAction":[{"@type":"ReadAction","target":["https:\/\/circuitodejerez.com\/2025\/10\/07\/test-post-temporada-de-f3-en-jerez\/"]}]},{"@type":"ImageObject","inLanguage":"en-GB","@id":"https:\/\/circuitodejerez.com\/2025\/10\/07\/test-post-temporada-de-f3-en-jerez\/#primaryimage","url":"https:\/\/circuitodejerez.com\/wp-content\/uploads\/2025\/10\/noticia_269.jpg","contentUrl":"https:\/\/circuitodejerez.com\/wp-content\/uploads\/2025\/10\/noticia_269.jpg","width":2017,"height":2017},{"@type":"BreadcrumbList","@id":"https:\/\/circuitodejerez.com\/2025\/10\/07\/test-post-temporada-de-f3-en-jerez\/#breadcrumb","itemListElement":[{"@type":"ListItem","position":1,"name":"Portada","item":"https:\/\/circuitodejerez.com\/"},{"@type":"ListItem","position":2,"name":"Test post temporada de F3 en Jerez"}]},{"@type":"WebSite","@id":"https:\/\/circuitodejerez.com\/#website","url":"https:\/\/circuitodejerez.com\/","name":"Circuito de Jerez \u00c1ngel Nieto","description":"Circuito de Jerez \u00c1ngel Nieto","publisher":{"@id":"https:\/\/circuitodejerez.com\/#organization"},"potentialAction":[{"@type":"SearchAction","target":{"@type":"EntryPoint","urlTemplate":"https:\/\/circuitodejerez.com\/?s={search_term_string}"},"query-input":"required name=search_term_string"}],"inLanguage":"en-GB"},{"@type":"Organization","@id":"https:\/\/circuitodejerez.com\/#organization","name":"Circuito de Jerez \u00c1ngel Nieto","url":"https:\/\/circuitodejerez.com\/","logo":{"@type":"ImageObject","inLanguage":"en-GB","@id":"https:\/\/circuitodejerez.com\/#\/schema\/logo\/image\/","url":"https:\/\/circuitodejerez.com\/wp-content\/uploads\/2023\/06\/logo-circuito-jerez.png","contentUrl":"https:\/\/circuitodejerez.com\/wp-content\/uploads\/2023\/06\/logo-circuito-jerez.png","width":556,"height":142,"caption":"Circuito de Jerez \u00c1ngel Nieto"},"image":{"@id":"https:\/\/circuitodejerez.com\/#\/schema\/logo\/image\/"},"sameAs":["https:\/\/www.facebook.com\/circuitodejerezangelnieto\/","https:\/\/x.com\/circuitodejerez","https:\/\/www.instagram.com\/circuito_de_jerez\/?hl=es","https:\/\/www.youtube.com\/user\/cirjesa"]},{"@type":"Person","@id":"https:\/\/circuitodejerez.com\/#\/schema\/person\/7426c66afad35f522814eb06fb2e213a","name":"publyland","sameAs":["https:\/\/circuitoangelnieto.com"],"url":"https:\/\/circuitodejerez.com\/en\/author\/publyland\/"}]}},"_links":{"self":[{"href":"https:\/\/circuitodejerez.com\/en\/wp-json\/wp\/v2\/posts\/38874","targetHints":{"allow":["GET"]}}],"collection":[{"href":"https:\/\/circuitodejerez.com\/en\/wp-json\/wp\/v2\/posts"}],"about":[{"href":"https:\/\/circuitodejerez.com\/en\/wp-json\/wp\/v2\/types\/post"}],"author":[{"embeddable":true,"href":"https:\/\/circuitodejerez.com\/en\/wp-json\/wp\/v2\/users\/1"}],"replies":[{"embeddable":true,"href":"https:\/\/circuitodejerez.com\/en\/wp-json\/wp\/v2\/comments?post=38874"}],"version-history":[{"count":5,"href":"https:\/\/circuitodejerez.com\/en\/wp-json\/wp\/v2\/posts\/38874\/revisions"}],"predecessor-version":[{"id":38880,"href":"https:\/\/circuitodejerez.com\/en\/wp-json\/wp\/v2\/posts\/38874\/revisions\/38880"}],"wp:featuredmedia":[{"embeddable":true,"href":"https:\/\/circuitodejerez.com\/en\/wp-json\/wp\/v2\/media\/38875"}],"wp:attachment":[{"href":"https:\/\/circuitodejerez.com\/en\/wp-json\/wp\/v2\/media?parent=38874"}],"wp:term":[{"taxonomy":"category","embeddable":true,"href":"https:\/\/circuitodejerez.com\/en\/wp-json\/wp\/v2\/categories?post=38874"},{"taxonomy":"post_tag","embeddable":true,"href":"https:\/\/circuitodejerez.com\/en\/wp-json\/wp\/v2\/tags?post=38874"}],"curies":[{"name":"wp","href":"https:\/\/api.w.org\/{rel}","templated":true}]}}