{"id":38947,"date":"2025-10-21T15:03:48","date_gmt":"2025-10-21T13:03:48","guid":{"rendered":"https:\/\/circuitodejerez.com\/2025\/10\/21\/el-circuito-de-jerez-angel-nieto-acoge-los-primeros-entrenamientos-post-temporada\/"},"modified":"2025-10-22T20:16:11","modified_gmt":"2025-10-22T18:16:11","slug":"el-circuito-de-jerez-angel-nieto-acoge-los-primeros-entrenamientos-post-temporada","status":"publish","type":"post","link":"https:\/\/circuitodejerez.com\/en\/2025\/10\/21\/el-circuito-de-jerez-angel-nieto-acoge-los-primeros-entrenamientos-post-temporada\/","title":{"rendered":"El Circuito de Jerez-\u00c1ngel Nieto acoge los primeros entrenamientos post temporada"},"content":{"rendered":"<p><img loading=\"lazy\" decoding=\"async\" style=\"display:none;\" class=\"alignnone size-medium\" src=\"https:\/\/gestorapp.circuitoangelnieto.com\/\/uploads\/noticias\/noticia_278.jpg\" width=\"600\" height=\"409\" \/>Iker Lecuona en Ducati y Xavi Vierge en Yamaha, han sido algunas de las novedades de la jornada<\/p>\n<p>21 de octubre de 2025. Dos d\u00edas despu\u00e9s de terminar la temporada 2025 del WorldSBK, algunos de los equipos participantes, han alargado su estancia en el Circuito de Jerez-\u00c1ngel Nieto para llevar a cabo dos jornadas de entrenamientos con las vistas puestas ya en la temporada 2026.<\/p>\n<p>En esta jornada se han podido ver algunas de las novedades anunciadas, entre ellas el debut del piloto espa\u00f1ol Iker Lecuona en el Ducati Aruba con la moto que hasta ahora fuera de Alvaro Bautista. Esta prueba marcar\u00e1 su primera toma de contacto con el equipo oficial Ducati y con el nuevo modelo de la Panigale V4 R 2026, una evoluci\u00f3n que tanto \u00e9l como Bulega desarrollar\u00e1n durante el invierno. Su hasta el domingo compa\u00f1ero en las filas en el HRC WorldSBK Team, Xavi Vierge tambi\u00e9n debutaba en su nuevo equipo, el Pata Maxus Yamaha a lomos de la Yamaha que ha dejado vacante Jonathan Rea. <\/p>\n<p>Novedad tambi\u00e9n en el GYTR GRT Yamaha Racing Team con la incorporaci\u00f3n del Campe\u00f3n del Mundo de Supersport Stefano Manzi, que sustituye al suizo Dominique Aegerter. Por su parte, en BMW tras la marcha del campe\u00f3n Toprak Razgatlioglu a MotoGP es Michael Van Der Mark, hasta ahora piloto oficial, quien tiene nuevo rol en el equipo como piloto probador en espera de que los pilotos oficiales para 2026, el portugu\u00e9s Miguel Oliveira (contractualmente ligado a\u00fan a MotoGP) y Danilo Petrucci lesionado, se incorporen en pr\u00f3ximos entrenamientos. En total, 17 pilotos, algunos tambi\u00e9n de la categor\u00eda de Supersport, han estado presentes hoy en Jerez en una jornada en la que aparec\u00eda una t\u00edmida lluvia que dejaba el asfalto h\u00famedo por momentos.<\/p>\n<p>Los aficionados pueden seguir el desarrollo de estos entrenamientos desde la tribuna X1.<\/p>\n<p>Tiempos de hoy: Nicolo Bulega (Ducati) 1.38.027 2.-Xavi Vierge (Yamaha) 1.39.137 3.-Stefano Manzi (Yamaha) 1.39.349 4.-Bahattin Sofuoglu (Yamaha) 1.39.433 5.-Andrea Locatelli (Yamaha) 1.39.479 6.-Michael Van Der Mark (BMW) 1.39.492 7.-Iker Lecuona (Ducati) 1.39.520 8.-Garret Gerlof (Kawasaki) 1.39.689 9.-Remy Gardner (Yamaha) 1.39.695 10.-Ryan Vickers (Honda) 1.39.979&#8230;&#8230;&#8230;&#8230;.<\/p>\n<p><b>Segundo d\u00eda<\/b><\/p>\n<p>9 pilotos han tomado parte en el segundo y \u00faltimo d\u00eda de test, de entre los que destacaba Bulega que marc\u00f3 el tiempo m\u00e1s r\u00e1pido con un registro de 1.37.587 por debajo de su  mejor tiempo de carrera en la prueba Sprint del pasado domingo. Iker Lecuona, su nuevo compa\u00f1ero de equipo fue segundo con 1.38.444. Tercer mejor tiempo para Alex Lowes con Bimota by Kawasaki Racing Team y un crono de 1.38.756, seguido de Michael Van Der Mark con 1.38.998. Quinto mejor tiempo para Axel Bassani con 1.39.050.<\/p>\n<p><img loading=\"lazy\" decoding=\"async\" style=\"width: 100%;\" class=\"alignnone size-medium\" src=\"https:\/\/gestorapp.circuitoangelnieto.com\/\/uploads\/noticias\/noticia_destacada_278.jpg\" width=\"600\" height=\"409\" \/><\/p>","protected":false},"excerpt":{"rendered":"<p>Iker Lecuona en Ducati y Xavi Vierge en Yamaha, han sido algunas de las novedades de la jornada 21 de<\/p>","protected":false},"author":1,"featured_media":38948,"comment_status":"closed","ping_status":"","sticky":false,"template":"","format":"standard","meta":{"footnotes":""},"categories":[2],"tags":[],"class_list":["post-38947","post","type-post","status-publish","format-standard","has-post-thumbnail","hentry","category-noticias"],"yoast_head":"<!-- This site is optimized with the Yoast SEO plugin v22.5 - https:\/\/yoast.com\/wordpress\/plugins\/seo\/ -->\n<title>El Circuito de Jerez-\u00c1ngel Nieto acoge los primeros entrenamientos post temporada - Circuito de Jerez \u00c1ngel Nieto<\/title>\n<meta name=\"robots\" content=\"index, follow, max-snippet:-1, max-image-preview:large, max-video-preview:-1\" \/>\n<link rel=\"canonical\" href=\"https:\/\/circuitodejerez.com\/en\/2025\/10\/21\/el-circuito-de-jerez-angel-nieto-acoge-los-primeros-entrenamientos-post-temporada\/\" \/>\n<meta property=\"og:locale\" content=\"en_GB\" \/>\n<meta property=\"og:type\" content=\"article\" \/>\n<meta property=\"og:title\" content=\"El Circuito de Jerez-\u00c1ngel Nieto acoge los primeros entrenamientos post temporada - Circuito de Jerez \u00c1ngel Nieto\" \/>\n<meta property=\"og:description\" content=\"Iker Lecuona en Ducati y Xavi Vierge en Yamaha, han sido algunas de las novedades de la jornada 21 de\" \/>\n<meta property=\"og:url\" content=\"https:\/\/circuitodejerez.com\/en\/2025\/10\/21\/el-circuito-de-jerez-angel-nieto-acoge-los-primeros-entrenamientos-post-temporada\/\" \/>\n<meta property=\"og:site_name\" content=\"Circuito de Jerez \u00c1ngel Nieto\" \/>\n<meta property=\"article:publisher\" content=\"https:\/\/www.facebook.com\/circuitodejerezangelnieto\/\" \/>\n<meta property=\"article:published_time\" content=\"2025-10-21T13:03:48+00:00\" \/>\n<meta property=\"article:modified_time\" content=\"2025-10-22T18:16:11+00:00\" \/>\n<meta property=\"og:image\" content=\"https:\/\/circuitodejerez.com\/wp-content\/uploads\/2025\/10\/noticia_278-scaled.jpg\" \/>\n\t<meta property=\"og:image:width\" content=\"2476\" \/>\n\t<meta property=\"og:image:height\" content=\"2560\" \/>\n\t<meta property=\"og:image:type\" content=\"image\/jpeg\" \/>\n<meta name=\"author\" content=\"publyland\" \/>\n<meta name=\"twitter:card\" content=\"summary_large_image\" \/>\n<meta name=\"twitter:creator\" content=\"@circuitodejerez\" \/>\n<meta name=\"twitter:site\" content=\"@circuitodejerez\" \/>\n<meta name=\"twitter:label1\" content=\"Written by\" \/>\n\t<meta name=\"twitter:data1\" content=\"publyland\" \/>\n\t<meta name=\"twitter:label2\" content=\"Estimated reading time\" \/>\n\t<meta name=\"twitter:data2\" content=\"2 minutes\" \/>\n<script type=\"application\/ld+json\" class=\"yoast-schema-graph\">{\"@context\":\"https:\/\/schema.org\",\"@graph\":[{\"@type\":\"Article\",\"@id\":\"https:\/\/circuitodejerez.com\/2025\/10\/21\/el-circuito-de-jerez-angel-nieto-acoge-los-primeros-entrenamientos-post-temporada\/#article\",\"isPartOf\":{\"@id\":\"https:\/\/circuitodejerez.com\/2025\/10\/21\/el-circuito-de-jerez-angel-nieto-acoge-los-primeros-entrenamientos-post-temporada\/\"},\"author\":{\"name\":\"publyland\",\"@id\":\"https:\/\/circuitodejerez.com\/#\/schema\/person\/7426c66afad35f522814eb06fb2e213a\"},\"headline\":\"El Circuito de Jerez-\u00c1ngel Nieto acoge los primeros entrenamientos post temporada\",\"datePublished\":\"2025-10-21T13:03:48+00:00\",\"dateModified\":\"2025-10-22T18:16:11+00:00\",\"mainEntityOfPage\":{\"@id\":\"https:\/\/circuitodejerez.com\/2025\/10\/21\/el-circuito-de-jerez-angel-nieto-acoge-los-primeros-entrenamientos-post-temporada\/\"},\"wordCount\":454,\"publisher\":{\"@id\":\"https:\/\/circuitodejerez.com\/#organization\"},\"image\":{\"@id\":\"https:\/\/circuitodejerez.com\/2025\/10\/21\/el-circuito-de-jerez-angel-nieto-acoge-los-primeros-entrenamientos-post-temporada\/#primaryimage\"},\"thumbnailUrl\":\"https:\/\/circuitodejerez.com\/wp-content\/uploads\/2025\/10\/noticia_278-scaled.jpg\",\"articleSection\":[\"Noticias\"],\"inLanguage\":\"en-GB\"},{\"@type\":\"WebPage\",\"@id\":\"https:\/\/circuitodejerez.com\/2025\/10\/21\/el-circuito-de-jerez-angel-nieto-acoge-los-primeros-entrenamientos-post-temporada\/\",\"url\":\"https:\/\/circuitodejerez.com\/2025\/10\/21\/el-circuito-de-jerez-angel-nieto-acoge-los-primeros-entrenamientos-post-temporada\/\",\"name\":\"El Circuito de Jerez-\u00c1ngel Nieto acoge los primeros entrenamientos post temporada - Circuito de Jerez \u00c1ngel Nieto\",\"isPartOf\":{\"@id\":\"https:\/\/circuitodejerez.com\/#website\"},\"primaryImageOfPage\":{\"@id\":\"https:\/\/circuitodejerez.com\/2025\/10\/21\/el-circuito-de-jerez-angel-nieto-acoge-los-primeros-entrenamientos-post-temporada\/#primaryimage\"},\"image\":{\"@id\":\"https:\/\/circuitodejerez.com\/2025\/10\/21\/el-circuito-de-jerez-angel-nieto-acoge-los-primeros-entrenamientos-post-temporada\/#primaryimage\"},\"thumbnailUrl\":\"https:\/\/circuitodejerez.com\/wp-content\/uploads\/2025\/10\/noticia_278-scaled.jpg\",\"datePublished\":\"2025-10-21T13:03:48+00:00\",\"dateModified\":\"2025-10-22T18:16:11+00:00\",\"breadcrumb\":{\"@id\":\"https:\/\/circuitodejerez.com\/2025\/10\/21\/el-circuito-de-jerez-angel-nieto-acoge-los-primeros-entrenamientos-post-temporada\/#breadcrumb\"},\"inLanguage\":\"en-GB\",\"potentialAction\":[{\"@type\":\"ReadAction\",\"target\":[\"https:\/\/circuitodejerez.com\/2025\/10\/21\/el-circuito-de-jerez-angel-nieto-acoge-los-primeros-entrenamientos-post-temporada\/\"]}]},{\"@type\":\"ImageObject\",\"inLanguage\":\"en-GB\",\"@id\":\"https:\/\/circuitodejerez.com\/2025\/10\/21\/el-circuito-de-jerez-angel-nieto-acoge-los-primeros-entrenamientos-post-temporada\/#primaryimage\",\"url\":\"https:\/\/circuitodejerez.com\/wp-content\/uploads\/2025\/10\/noticia_278-scaled.jpg\",\"contentUrl\":\"https:\/\/circuitodejerez.com\/wp-content\/uploads\/2025\/10\/noticia_278-scaled.jpg\",\"width\":2476,\"height\":2560},{\"@type\":\"BreadcrumbList\",\"@id\":\"https:\/\/circuitodejerez.com\/2025\/10\/21\/el-circuito-de-jerez-angel-nieto-acoge-los-primeros-entrenamientos-post-temporada\/#breadcrumb\",\"itemListElement\":[{\"@type\":\"ListItem\",\"position\":1,\"name\":\"Portada\",\"item\":\"https:\/\/circuitodejerez.com\/\"},{\"@type\":\"ListItem\",\"position\":2,\"name\":\"El Circuito de Jerez-\u00c1ngel Nieto acoge los primeros entrenamientos post temporada\"}]},{\"@type\":\"WebSite\",\"@id\":\"https:\/\/circuitodejerez.com\/#website\",\"url\":\"https:\/\/circuitodejerez.com\/\",\"name\":\"Circuito de Jerez \u00c1ngel Nieto\",\"description\":\"Circuito de Jerez \u00c1ngel Nieto\",\"publisher\":{\"@id\":\"https:\/\/circuitodejerez.com\/#organization\"},\"potentialAction\":[{\"@type\":\"SearchAction\",\"target\":{\"@type\":\"EntryPoint\",\"urlTemplate\":\"https:\/\/circuitodejerez.com\/?s={search_term_string}\"},\"query-input\":\"required name=search_term_string\"}],\"inLanguage\":\"en-GB\"},{\"@type\":\"Organization\",\"@id\":\"https:\/\/circuitodejerez.com\/#organization\",\"name\":\"Circuito de Jerez \u00c1ngel Nieto\",\"url\":\"https:\/\/circuitodejerez.com\/\",\"logo\":{\"@type\":\"ImageObject\",\"inLanguage\":\"en-GB\",\"@id\":\"https:\/\/circuitodejerez.com\/#\/schema\/logo\/image\/\",\"url\":\"https:\/\/circuitodejerez.com\/wp-content\/uploads\/2023\/06\/logo-circuito-jerez.png\",\"contentUrl\":\"https:\/\/circuitodejerez.com\/wp-content\/uploads\/2023\/06\/logo-circuito-jerez.png\",\"width\":556,\"height\":142,\"caption\":\"Circuito de Jerez \u00c1ngel Nieto\"},\"image\":{\"@id\":\"https:\/\/circuitodejerez.com\/#\/schema\/logo\/image\/\"},\"sameAs\":[\"https:\/\/www.facebook.com\/circuitodejerezangelnieto\/\",\"https:\/\/x.com\/circuitodejerez\",\"https:\/\/www.instagram.com\/circuito_de_jerez\/?hl=es\",\"https:\/\/www.youtube.com\/user\/cirjesa\"]},{\"@type\":\"Person\",\"@id\":\"https:\/\/circuitodejerez.com\/#\/schema\/person\/7426c66afad35f522814eb06fb2e213a\",\"name\":\"publyland\",\"sameAs\":[\"https:\/\/circuitoangelnieto.com\"],\"url\":\"https:\/\/circuitodejerez.com\/en\/author\/publyland\/\"}]}<\/script>\n<!-- \/ Yoast SEO plugin. -->","yoast_head_json":{"title":"El Circuito de Jerez-\u00c1ngel Nieto acoge los primeros entrenamientos post temporada - Circuito de Jerez \u00c1ngel Nieto","robots":{"index":"index","follow":"follow","max-snippet":"max-snippet:-1","max-image-preview":"max-image-preview:large","max-video-preview":"max-video-preview:-1"},"canonical":"https:\/\/circuitodejerez.com\/en\/2025\/10\/21\/el-circuito-de-jerez-angel-nieto-acoge-los-primeros-entrenamientos-post-temporada\/","og_locale":"en_GB","og_type":"article","og_title":"El Circuito de Jerez-\u00c1ngel Nieto acoge los primeros entrenamientos post temporada - Circuito de Jerez \u00c1ngel Nieto","og_description":"Iker Lecuona en Ducati y Xavi Vierge en Yamaha, han sido algunas de las novedades de la jornada 21 de","og_url":"https:\/\/circuitodejerez.com\/en\/2025\/10\/21\/el-circuito-de-jerez-angel-nieto-acoge-los-primeros-entrenamientos-post-temporada\/","og_site_name":"Circuito de Jerez \u00c1ngel Nieto","article_publisher":"https:\/\/www.facebook.com\/circuitodejerezangelnieto\/","article_published_time":"2025-10-21T13:03:48+00:00","article_modified_time":"2025-10-22T18:16:11+00:00","og_image":[{"width":2476,"height":2560,"url":"https:\/\/circuitodejerez.com\/wp-content\/uploads\/2025\/10\/noticia_278-scaled.jpg","type":"image\/jpeg"}],"author":"publyland","twitter_card":"summary_large_image","twitter_creator":"@circuitodejerez","twitter_site":"@circuitodejerez","twitter_misc":{"Written by":"publyland","Estimated reading time":"2 minutes"},"schema":{"@context":"https:\/\/schema.org","@graph":[{"@type":"Article","@id":"https:\/\/circuitodejerez.com\/2025\/10\/21\/el-circuito-de-jerez-angel-nieto-acoge-los-primeros-entrenamientos-post-temporada\/#article","isPartOf":{"@id":"https:\/\/circuitodejerez.com\/2025\/10\/21\/el-circuito-de-jerez-angel-nieto-acoge-los-primeros-entrenamientos-post-temporada\/"},"author":{"name":"publyland","@id":"https:\/\/circuitodejerez.com\/#\/schema\/person\/7426c66afad35f522814eb06fb2e213a"},"headline":"El Circuito de Jerez-\u00c1ngel Nieto acoge los primeros entrenamientos post temporada","datePublished":"2025-10-21T13:03:48+00:00","dateModified":"2025-10-22T18:16:11+00:00","mainEntityOfPage":{"@id":"https:\/\/circuitodejerez.com\/2025\/10\/21\/el-circuito-de-jerez-angel-nieto-acoge-los-primeros-entrenamientos-post-temporada\/"},"wordCount":454,"publisher":{"@id":"https:\/\/circuitodejerez.com\/#organization"},"image":{"@id":"https:\/\/circuitodejerez.com\/2025\/10\/21\/el-circuito-de-jerez-angel-nieto-acoge-los-primeros-entrenamientos-post-temporada\/#primaryimage"},"thumbnailUrl":"https:\/\/circuitodejerez.com\/wp-content\/uploads\/2025\/10\/noticia_278-scaled.jpg","articleSection":["Noticias"],"inLanguage":"en-GB"},{"@type":"WebPage","@id":"https:\/\/circuitodejerez.com\/2025\/10\/21\/el-circuito-de-jerez-angel-nieto-acoge-los-primeros-entrenamientos-post-temporada\/","url":"https:\/\/circuitodejerez.com\/2025\/10\/21\/el-circuito-de-jerez-angel-nieto-acoge-los-primeros-entrenamientos-post-temporada\/","name":"El Circuito de Jerez-\u00c1ngel Nieto acoge los primeros entrenamientos post temporada - Circuito de Jerez \u00c1ngel Nieto","isPartOf":{"@id":"https:\/\/circuitodejerez.com\/#website"},"primaryImageOfPage":{"@id":"https:\/\/circuitodejerez.com\/2025\/10\/21\/el-circuito-de-jerez-angel-nieto-acoge-los-primeros-entrenamientos-post-temporada\/#primaryimage"},"image":{"@id":"https:\/\/circuitodejerez.com\/2025\/10\/21\/el-circuito-de-jerez-angel-nieto-acoge-los-primeros-entrenamientos-post-temporada\/#primaryimage"},"thumbnailUrl":"https:\/\/circuitodejerez.com\/wp-content\/uploads\/2025\/10\/noticia_278-scaled.jpg","datePublished":"2025-10-21T13:03:48+00:00","dateModified":"2025-10-22T18:16:11+00:00","breadcrumb":{"@id":"https:\/\/circuitodejerez.com\/2025\/10\/21\/el-circuito-de-jerez-angel-nieto-acoge-los-primeros-entrenamientos-post-temporada\/#breadcrumb"},"inLanguage":"en-GB","potentialAction":[{"@type":"ReadAction","target":["https:\/\/circuitodejerez.com\/2025\/10\/21\/el-circuito-de-jerez-angel-nieto-acoge-los-primeros-entrenamientos-post-temporada\/"]}]},{"@type":"ImageObject","inLanguage":"en-GB","@id":"https:\/\/circuitodejerez.com\/2025\/10\/21\/el-circuito-de-jerez-angel-nieto-acoge-los-primeros-entrenamientos-post-temporada\/#primaryimage","url":"https:\/\/circuitodejerez.com\/wp-content\/uploads\/2025\/10\/noticia_278-scaled.jpg","contentUrl":"https:\/\/circuitodejerez.com\/wp-content\/uploads\/2025\/10\/noticia_278-scaled.jpg","width":2476,"height":2560},{"@type":"BreadcrumbList","@id":"https:\/\/circuitodejerez.com\/2025\/10\/21\/el-circuito-de-jerez-angel-nieto-acoge-los-primeros-entrenamientos-post-temporada\/#breadcrumb","itemListElement":[{"@type":"ListItem","position":1,"name":"Portada","item":"https:\/\/circuitodejerez.com\/"},{"@type":"ListItem","position":2,"name":"El Circuito de Jerez-\u00c1ngel Nieto acoge los primeros entrenamientos post temporada"}]},{"@type":"WebSite","@id":"https:\/\/circuitodejerez.com\/#website","url":"https:\/\/circuitodejerez.com\/","name":"Circuito de Jerez \u00c1ngel Nieto","description":"Circuito de Jerez \u00c1ngel Nieto","publisher":{"@id":"https:\/\/circuitodejerez.com\/#organization"},"potentialAction":[{"@type":"SearchAction","target":{"@type":"EntryPoint","urlTemplate":"https:\/\/circuitodejerez.com\/?s={search_term_string}"},"query-input":"required name=search_term_string"}],"inLanguage":"en-GB"},{"@type":"Organization","@id":"https:\/\/circuitodejerez.com\/#organization","name":"Circuito de Jerez \u00c1ngel Nieto","url":"https:\/\/circuitodejerez.com\/","logo":{"@type":"ImageObject","inLanguage":"en-GB","@id":"https:\/\/circuitodejerez.com\/#\/schema\/logo\/image\/","url":"https:\/\/circuitodejerez.com\/wp-content\/uploads\/2023\/06\/logo-circuito-jerez.png","contentUrl":"https:\/\/circuitodejerez.com\/wp-content\/uploads\/2023\/06\/logo-circuito-jerez.png","width":556,"height":142,"caption":"Circuito de Jerez \u00c1ngel Nieto"},"image":{"@id":"https:\/\/circuitodejerez.com\/#\/schema\/logo\/image\/"},"sameAs":["https:\/\/www.facebook.com\/circuitodejerezangelnieto\/","https:\/\/x.com\/circuitodejerez","https:\/\/www.instagram.com\/circuito_de_jerez\/?hl=es","https:\/\/www.youtube.com\/user\/cirjesa"]},{"@type":"Person","@id":"https:\/\/circuitodejerez.com\/#\/schema\/person\/7426c66afad35f522814eb06fb2e213a","name":"publyland","sameAs":["https:\/\/circuitoangelnieto.com"],"url":"https:\/\/circuitodejerez.com\/en\/author\/publyland\/"}]}},"_links":{"self":[{"href":"https:\/\/circuitodejerez.com\/en\/wp-json\/wp\/v2\/posts\/38947","targetHints":{"allow":["GET"]}}],"collection":[{"href":"https:\/\/circuitodejerez.com\/en\/wp-json\/wp\/v2\/posts"}],"about":[{"href":"https:\/\/circuitodejerez.com\/en\/wp-json\/wp\/v2\/types\/post"}],"author":[{"embeddable":true,"href":"https:\/\/circuitodejerez.com\/en\/wp-json\/wp\/v2\/users\/1"}],"replies":[{"embeddable":true,"href":"https:\/\/circuitodejerez.com\/en\/wp-json\/wp\/v2\/comments?post=38947"}],"version-history":[{"count":4,"href":"https:\/\/circuitodejerez.com\/en\/wp-json\/wp\/v2\/posts\/38947\/revisions"}],"predecessor-version":[{"id":38952,"href":"https:\/\/circuitodejerez.com\/en\/wp-json\/wp\/v2\/posts\/38947\/revisions\/38952"}],"wp:featuredmedia":[{"embeddable":true,"href":"https:\/\/circuitodejerez.com\/en\/wp-json\/wp\/v2\/media\/38948"}],"wp:attachment":[{"href":"https:\/\/circuitodejerez.com\/en\/wp-json\/wp\/v2\/media?parent=38947"}],"wp:term":[{"taxonomy":"category","embeddable":true,"href":"https:\/\/circuitodejerez.com\/en\/wp-json\/wp\/v2\/categories?post=38947"},{"taxonomy":"post_tag","embeddable":true,"href":"https:\/\/circuitodejerez.com\/en\/wp-json\/wp\/v2\/tags?post=38947"}],"curies":[{"name":"wp","href":"https:\/\/api.w.org\/{rel}","templated":true}]}}