{"id":39177,"date":"2025-12-18T15:10:45","date_gmt":"2025-12-18T14:10:45","guid":{"rendered":"https:\/\/circuitodejerez.com\/2025\/12\/18\/la-alcaldesa-de-jerez-y-presidenta-de-cirjesa-agradece-la-contribucion-historica-al-40-aniversario-del-circuito-de-la-obra-40-anos-cabalgando-que-rememora-la-epica-de-las-c\/"},"modified":"2025-12-19T11:29:24","modified_gmt":"2025-12-19T10:29:24","slug":"la-alcaldesa-de-jerez-y-presidenta-de-cirjesa-agradece-la-contribucion-historica-al-40-aniversario-del-circuito-de-la-obra-40-anos-cabalgando-que-rememora-la-epica-de-las-c","status":"publish","type":"post","link":"https:\/\/circuitodejerez.com\/en\/2025\/12\/18\/la-alcaldesa-de-jerez-y-presidenta-de-cirjesa-agradece-la-contribucion-historica-al-40-aniversario-del-circuito-de-la-obra-40-anos-cabalgando-que-rememora-la-epica-de-las-c\/","title":{"rendered":"La alcaldesa de Jerez y presidenta de Cirjesa agradece \u201cla contribuci\u00f3n hist\u00f3rica al 40 aniversario del Circuito de la obra \u201940 a\u00f1os cabalgando\u2019, que rememora la \u00e9pica de las carreras y la afici\u00f3n que lo han convertido en Catedral Mundial del Motor\u201d"},"content":{"rendered":"<p><img loading=\"lazy\" decoding=\"async\" style=\"display:none;\" class=\"alignnone size-medium\" src=\"https:\/\/gestorapp.circuitoangelnieto.com\/\/uploads\/noticias\/noticia_294.jpg\" width=\"600\" height=\"409\" \/>Garc\u00eda-Pelayo ha recordado que gracias a las negociaciones del propio presidente de la Junta, Juanma Moreno, con Carmelo Ezpeleta, de Dorna, Jerez tiene garantizados de manera ininterrumpida el Gran Premio de Espa\u00f1a hasta 2031 inclusive<\/p>\n<div>\n<p><b>18 de diciembre 2025.<\/b>&nbsp;La alcaldesa de Jerez, Mar\u00eda Jos\u00e9 Garc\u00eda-Pelayo, junto al consejero de Turismo de la Junta de Andaluc\u00eda, Arturo Bernal, ha subrayado \u201cla contribuci\u00f3n hist\u00f3rica al 40 aniversario del Circuito Jerez del libro \u201940 a\u00f1os cabalgando\u2019, que rememora la \u00e9pica de las carreras y competiciones de motociclismo y automovilismo &#8220;que hacen de nuestro Circuito la Catedral Mundial del Motor, gracias a la afici\u00f3n de Jerez, que es \u00fanica, y a los aficionados que llegan de otros pa\u00edses&#8221;.<\/p>\n<\/div>\n<div>\n<div>\n<p>La obra ha sido escrita por Jes\u00fas Ben\u00edtez, \u00c1lvaro Rivero y Ra\u00fal Zarzuela, y en sus 400 p\u00e1ginas, conmemora la efem\u00e9ride con 540 im\u00e1genes y firmas de leyendas como Marc M\u00e1rquez, Valentino Rossi, Michael Doohan, Jorge Lorenzo o Dani Pedrosa, entre otros.<\/p>\n<p>La alcaldesa ha agradecido al consejero Arturo Bernal su presencia \u201cporque evidencia una vez m\u00e1s el compromiso que tienes con Jerez, s\u00e9 que adem\u00e1s has hecho un esfuerzo especial por estar aqu\u00ed, es muy importante para Jerez y para el Circuito tu constante presencia\u201d. Igualmente, ha agradecido la presencia de la delegada territorial de Turismo, Tania Barcelona, y al diputado provincial Antonio Arag\u00f3n; a Agust\u00edn Mu\u00f1oz, \u201cmuy especialmente como primer teniente de alcaldesa y responsable directo del Circuito de Jerez desde Cirjesa, as\u00ed como a Jos\u00e9 Ignacio Mart\u00ednez.<\/p>\n<p>En referencia a Jes\u00fas Ben\u00edtez, la alcaldesa ha manifestado que \u201cha sido un gran lujo tenerte como comisario del 40 aniversario, y como autor del libro junto a Ra\u00fal y a \u00c1lvaro, una enorme oportunidad de aprender de tu experiencia y trayectoria, y de tu amor al Circuito\u201d y ha tenido palabras de agradecimiento \u201ca todo el personal del Circuito y del Consejo Local del Motor por cuidar tanto y hacer tanto por el Circuito\u201d.<\/p>\n<p>Asimismo, la alcaldesa ha tenido tambi\u00e9n palabras de agradecimiento \u201cpara personas que no est\u00e1n aqu\u00ed, que me han precedido en el cargo, especialmente a Pedro Pacheco, alcalde promotor del Circuito de Jerez, que hizo realidad un proyecto que nace de la iniciativa ciudadana, que \u00e9l recoge y logra sacar adelante, tambi\u00e9n a las alcaldesas Pilar y Mamen S\u00e1nchez, porque aportaron su grano de arena para llegar a este 40 aniversario. Y tambi\u00e9n para los directores del Circuito como Jos\u00e9 Ram\u00f3n Alonso, Juan Baquero y Cornelio Vela, as\u00ed como por supuesto al actual Cayetano G\u00f3mez, su compromiso. Desde el trabajo constante, las ideas claras y las estrategias de futuro se hace posible haber convertido un sue\u00f1o en una Catedral Mundial\u201d.<\/p>\n<p>\u201cUn sue\u00f1o convertido en Catedral, que es historia y riqueza de Jerez, que es el m\u00e1s seguro seg\u00fan dijeron los hermanos M\u00e1rquez en el \u00faltimo Gran Premio, y que tiene un importante impacto en el PIB tur\u00edstico andaluz, que adem\u00e1s es sede de eventos solidarios como el de Reyes Magos del pasado fin de semana, y que es orgullo de los jerezanos, abierto a los jerezanos tambi\u00e9n\u201d, ha subrayado la alcaldesa.<\/p>\n<p>En los mismos t\u00e9rminos ha agradecido a los presidentes de la Comunidad Aut\u00f3noma su aportaci\u00f3n al Circuito de Jerez en sus 40 a\u00f1os de historia y ha recordado que \u201cen el \u00faltimo Gran Premio de Espa\u00f1a el presidente de la Junta Juanma Moreno Bonilla anunci\u00f3 tras haber negociado con Carmelo Ezpeleta, responsable de Dorna, la continuidad ininterrumpida del Gran Premio de Espa\u00f1a en Jerez hasta 2031 inclusive. Un a\u00f1o clave para nuestra ciudad dentro de la candidatura a la Capitalidad Europea de la Cultura\u201d.<\/p>\n<p>Garc\u00eda-Pelayo ha animado a los responsables del Circuito, del Consejo Local del Motor, de la Junta de Andaluc\u00eda y medios de comunicaci\u00f3n \u201ca seguir haciendo historia, se han disputado 5.000 pruebas, 40 grandes premios de motociclismo y 7 de F\u00f3rmula Uno, y tenemos que seguir pensando en grande y potenciando este gran s\u00edmbolo que proyecta al mundo nuestra ciudad y Andaluc\u00eda, y que tiene ocupaci\u00f3n m\u00e1s de 270 d\u00edas al a\u00f1o\u201d.<\/p>\n<p>Por su parte, el consejero de Turismo, Arturo Bernal, ha elogiado el trabajo de la alcaldesa \u201cpor devolver el orgullo a los jerezanos y por trabajar con personas con nombre propio\u201d y ha agradecido a los pilotos Jos\u00e9 Antonio Rueda y Dani Mu\u00f1oz \u201cel ejemplo que dais, m\u00e1s all\u00e1 de los \u00e9xitos deportivos, por vuestro sacrificio, compromiso y valores al resto de la juventud\u201d. Bernal ha afirmado que es un libro \u201cmagn\u00edfico que recoge lo que el Circuito es para todos: memoria emocional de Andaluc\u00eda. Un Circuito que reconoce la historia colectiva de todos, porque seguro que todos tenemos an\u00e9cdotas del circuito de Jerez, y que hace que desde el asfalto se pase a la identidad andaluza, con un valor de marca mundial. Es, por lo tanto, un s\u00edmbolo en el que se han vivido p\u00e1ginas hist\u00f3ricas, y que forma parte de nuestra vida\u201d.<\/p>\n<p>Antonio Arag\u00f3n, diputado provincial, ha recordado que el Circuito es un icono de la provincia de C\u00e1diz y que siempre est\u00e1 presente en las campa\u00f1as del Patronato de Turismo, \u201cun motor de Jerez y la provincia de C\u00e1diz, siempre presente en la Oficina de Grandes Eventos que hemos creado en Diputaci\u00f3n\u201d.<\/p>\n<p>La presentaci\u00f3n de la obra ha tenido lugar en la zona VIP del \u2018Ovni\u2019 del Circuito de Jerez-\u00c1ngel Nieto, introducida por el director-gerente de Cirjesa, Cayetano G\u00f3mez Villagr\u00e1n. Durante el acto, se ha emitido un v\u00eddeo en el que los pilotos de motociclismo \u00c1lex Crivill\u00e9, Dani Pedrosa, Marc M\u00e1rquez y el CEO Dorna, Carmelo Ezpeleta, han enviado un saludo a los asistentes y apoyado la edici\u00f3n del libro.<\/p>\n<p>Uno de los autores, Jes\u00fas Ben\u00edtez, periodista y escritor de dilatada experiencia, responsable del Comit\u00e9 Organizador del 40 aniversario, ha resumido que la obra es el compendio de un legado inolvidable de \u2018culto\u2019 basado en la \u00e9pica, or\u00edgenes, acontecimientos memorables, r\u00e9cords, protagonistas, datos, estad\u00edsticas, gr\u00e1ficos e im\u00e1genes de impacto que dejan memoria escrita y gr\u00e1fica del Circuito de Jerez-\u00c1ngel Nieto. Ben\u00edtez ha presentado la obra haciendo referencia a los \u2018milagros\u2019 que ha vivido el Circuito como Catedral en sus 40 a\u00f1os de historia, agradeciendo el honor que ha supuesto para \u00e9l dirigir la obra, que ha contado como autores tambi\u00e9n con Ra\u00fal Zarzuela, jefe de prensa del trazado, y con \u00c1lvaro Rivero L\u00f3pez de Carrizosa. \u201cUn circuito en el que se obran milagros, y un libro en cuya portada tenemos a Marc M\u00e1rquez, el mejor piloto de la historia, con dos caballos, como H\u00e9rcules. Y en el que en el pasado Gran Premio de abril se batieron todos los r\u00e9cords de asistencia, y en el que tambi\u00e9n se proclam\u00f3 campe\u00f3n por primera vez un andaluz, Jos\u00e9 Antonio Rueda, en un Gran Premio, que le sirvi\u00f3 para ser campe\u00f3n del mundo de Moto3, otro milagro que comenz\u00f3 en Jerez\u201d.<\/p>\n<p>El acto ha contado tambi\u00e9n con la presencia de los pilotos Jos\u00e9 Antonio Rueda, primer andaluz campe\u00f3n mundial de motociclismo, y Daniel Mu\u00f1oz. Igualmente, han estado presentes representantes de la Federaci\u00f3n Andaluza de Motos y Autom\u00f3viles, consejeros de Cirjesa, representantes de la Mesa de Turismo, del Consejo Local del Motor y del comisariado del 40 aniversario.<\/p>\n<\/div>\n<\/div>\n<p><\/p>\n<p><img loading=\"lazy\" decoding=\"async\" style=\"width: 100%;\" class=\"alignnone size-medium\" src=\"https:\/\/gestorapp.circuitoangelnieto.com\/\/uploads\/noticias\/noticia_destacada_294.jpg\" width=\"600\" height=\"409\" \/><\/p>","protected":false},"excerpt":{"rendered":"<p>Garc\u00eda-Pelayo ha recordado que gracias a las negociaciones del propio presidente de la Junta, Juanma Moreno, con Carmelo Ezpeleta, de<\/p>","protected":false},"author":1,"featured_media":39178,"comment_status":"closed","ping_status":"","sticky":false,"template":"","format":"standard","meta":{"footnotes":""},"categories":[2],"tags":[],"class_list":["post-39177","post","type-post","status-publish","format-standard","has-post-thumbnail","hentry","category-noticias"],"yoast_head":"<!-- This site is optimized with the Yoast SEO plugin v22.5 - https:\/\/yoast.com\/wordpress\/plugins\/seo\/ -->\n<title>La alcaldesa de Jerez y presidenta de Cirjesa agradece \u201cla contribuci\u00f3n hist\u00f3rica al 40 aniversario del Circuito de la obra \u201940 a\u00f1os cabalgando\u2019, que rememora la \u00e9pica de las carreras y la afici\u00f3n que lo han convertido en Catedral Mundial del Motor\u201d - Circuito de Jerez \u00c1ngel Nieto<\/title>\n<meta name=\"robots\" content=\"index, follow, max-snippet:-1, max-image-preview:large, max-video-preview:-1\" \/>\n<link rel=\"canonical\" href=\"https:\/\/circuitodejerez.com\/en\/2025\/12\/18\/la-alcaldesa-de-jerez-y-presidenta-de-cirjesa-agradece-la-contribucion-historica-al-40-aniversario-del-circuito-de-la-obra-40-anos-cabalgando-que-rememora-la-epica-de-las-c\/\" \/>\n<meta property=\"og:locale\" content=\"en_GB\" \/>\n<meta property=\"og:type\" content=\"article\" \/>\n<meta property=\"og:title\" content=\"La alcaldesa de Jerez y presidenta de Cirjesa agradece \u201cla contribuci\u00f3n hist\u00f3rica al 40 aniversario del Circuito de la obra \u201940 a\u00f1os cabalgando\u2019, que rememora la \u00e9pica de las carreras y la afici\u00f3n que lo han convertido en Catedral Mundial del Motor\u201d - Circuito de Jerez \u00c1ngel Nieto\" \/>\n<meta property=\"og:description\" content=\"Garc\u00eda-Pelayo ha recordado que gracias a las negociaciones del propio presidente de la Junta, Juanma Moreno, con Carmelo Ezpeleta, de\" \/>\n<meta property=\"og:url\" content=\"https:\/\/circuitodejerez.com\/en\/2025\/12\/18\/la-alcaldesa-de-jerez-y-presidenta-de-cirjesa-agradece-la-contribucion-historica-al-40-aniversario-del-circuito-de-la-obra-40-anos-cabalgando-que-rememora-la-epica-de-las-c\/\" \/>\n<meta property=\"og:site_name\" content=\"Circuito de Jerez \u00c1ngel Nieto\" \/>\n<meta property=\"article:publisher\" content=\"https:\/\/www.facebook.com\/circuitodejerezangelnieto\/\" \/>\n<meta property=\"article:published_time\" content=\"2025-12-18T14:10:45+00:00\" \/>\n<meta property=\"article:modified_time\" content=\"2025-12-19T10:29:24+00:00\" \/>\n<meta property=\"og:image\" content=\"https:\/\/circuitodejerez.com\/wp-content\/uploads\/2025\/12\/noticia_294-scaled.jpg\" \/>\n\t<meta property=\"og:image:width\" content=\"2560\" \/>\n\t<meta property=\"og:image:height\" content=\"1707\" \/>\n\t<meta property=\"og:image:type\" content=\"image\/jpeg\" \/>\n<meta name=\"author\" content=\"publyland\" \/>\n<meta name=\"twitter:card\" content=\"summary_large_image\" \/>\n<meta name=\"twitter:creator\" content=\"@circuitodejerez\" \/>\n<meta name=\"twitter:site\" content=\"@circuitodejerez\" \/>\n<meta name=\"twitter:label1\" content=\"Written by\" \/>\n\t<meta name=\"twitter:data1\" content=\"publyland\" \/>\n\t<meta name=\"twitter:label2\" content=\"Estimated reading time\" \/>\n\t<meta name=\"twitter:data2\" content=\"6 minutes\" \/>\n<script type=\"application\/ld+json\" class=\"yoast-schema-graph\">{\"@context\":\"https:\/\/schema.org\",\"@graph\":[{\"@type\":\"Article\",\"@id\":\"https:\/\/circuitodejerez.com\/2025\/12\/18\/la-alcaldesa-de-jerez-y-presidenta-de-cirjesa-agradece-la-contribucion-historica-al-40-aniversario-del-circuito-de-la-obra-40-anos-cabalgando-que-rememora-la-epica-de-las-c\/#article\",\"isPartOf\":{\"@id\":\"https:\/\/circuitodejerez.com\/2025\/12\/18\/la-alcaldesa-de-jerez-y-presidenta-de-cirjesa-agradece-la-contribucion-historica-al-40-aniversario-del-circuito-de-la-obra-40-anos-cabalgando-que-rememora-la-epica-de-las-c\/\"},\"author\":{\"name\":\"publyland\",\"@id\":\"https:\/\/circuitodejerez.com\/#\/schema\/person\/7426c66afad35f522814eb06fb2e213a\"},\"headline\":\"La alcaldesa de Jerez y presidenta de Cirjesa agradece \u201cla contribuci\u00f3n hist\u00f3rica al 40 aniversario del Circuito de la obra \u201940 a\u00f1os cabalgando\u2019, que rememora la \u00e9pica de las carreras y la afici\u00f3n que lo han convertido en Catedral Mundial del Motor\u201d\",\"datePublished\":\"2025-12-18T14:10:45+00:00\",\"dateModified\":\"2025-12-19T10:29:24+00:00\",\"mainEntityOfPage\":{\"@id\":\"https:\/\/circuitodejerez.com\/2025\/12\/18\/la-alcaldesa-de-jerez-y-presidenta-de-cirjesa-agradece-la-contribucion-historica-al-40-aniversario-del-circuito-de-la-obra-40-anos-cabalgando-que-rememora-la-epica-de-las-c\/\"},\"wordCount\":1312,\"publisher\":{\"@id\":\"https:\/\/circuitodejerez.com\/#organization\"},\"image\":{\"@id\":\"https:\/\/circuitodejerez.com\/2025\/12\/18\/la-alcaldesa-de-jerez-y-presidenta-de-cirjesa-agradece-la-contribucion-historica-al-40-aniversario-del-circuito-de-la-obra-40-anos-cabalgando-que-rememora-la-epica-de-las-c\/#primaryimage\"},\"thumbnailUrl\":\"https:\/\/circuitodejerez.com\/wp-content\/uploads\/2025\/12\/noticia_294-scaled.jpg\",\"articleSection\":[\"Noticias\"],\"inLanguage\":\"en-GB\"},{\"@type\":\"WebPage\",\"@id\":\"https:\/\/circuitodejerez.com\/2025\/12\/18\/la-alcaldesa-de-jerez-y-presidenta-de-cirjesa-agradece-la-contribucion-historica-al-40-aniversario-del-circuito-de-la-obra-40-anos-cabalgando-que-rememora-la-epica-de-las-c\/\",\"url\":\"https:\/\/circuitodejerez.com\/2025\/12\/18\/la-alcaldesa-de-jerez-y-presidenta-de-cirjesa-agradece-la-contribucion-historica-al-40-aniversario-del-circuito-de-la-obra-40-anos-cabalgando-que-rememora-la-epica-de-las-c\/\",\"name\":\"La alcaldesa de Jerez y presidenta de Cirjesa agradece \u201cla contribuci\u00f3n hist\u00f3rica al 40 aniversario del Circuito de la obra \u201940 a\u00f1os cabalgando\u2019, que rememora la \u00e9pica de las carreras y la afici\u00f3n que lo han convertido en Catedral Mundial del Motor\u201d - Circuito de Jerez \u00c1ngel Nieto\",\"isPartOf\":{\"@id\":\"https:\/\/circuitodejerez.com\/#website\"},\"primaryImageOfPage\":{\"@id\":\"https:\/\/circuitodejerez.com\/2025\/12\/18\/la-alcaldesa-de-jerez-y-presidenta-de-cirjesa-agradece-la-contribucion-historica-al-40-aniversario-del-circuito-de-la-obra-40-anos-cabalgando-que-rememora-la-epica-de-las-c\/#primaryimage\"},\"image\":{\"@id\":\"https:\/\/circuitodejerez.com\/2025\/12\/18\/la-alcaldesa-de-jerez-y-presidenta-de-cirjesa-agradece-la-contribucion-historica-al-40-aniversario-del-circuito-de-la-obra-40-anos-cabalgando-que-rememora-la-epica-de-las-c\/#primaryimage\"},\"thumbnailUrl\":\"https:\/\/circuitodejerez.com\/wp-content\/uploads\/2025\/12\/noticia_294-scaled.jpg\",\"datePublished\":\"2025-12-18T14:10:45+00:00\",\"dateModified\":\"2025-12-19T10:29:24+00:00\",\"breadcrumb\":{\"@id\":\"https:\/\/circuitodejerez.com\/2025\/12\/18\/la-alcaldesa-de-jerez-y-presidenta-de-cirjesa-agradece-la-contribucion-historica-al-40-aniversario-del-circuito-de-la-obra-40-anos-cabalgando-que-rememora-la-epica-de-las-c\/#breadcrumb\"},\"inLanguage\":\"en-GB\",\"potentialAction\":[{\"@type\":\"ReadAction\",\"target\":[\"https:\/\/circuitodejerez.com\/2025\/12\/18\/la-alcaldesa-de-jerez-y-presidenta-de-cirjesa-agradece-la-contribucion-historica-al-40-aniversario-del-circuito-de-la-obra-40-anos-cabalgando-que-rememora-la-epica-de-las-c\/\"]}]},{\"@type\":\"ImageObject\",\"inLanguage\":\"en-GB\",\"@id\":\"https:\/\/circuitodejerez.com\/2025\/12\/18\/la-alcaldesa-de-jerez-y-presidenta-de-cirjesa-agradece-la-contribucion-historica-al-40-aniversario-del-circuito-de-la-obra-40-anos-cabalgando-que-rememora-la-epica-de-las-c\/#primaryimage\",\"url\":\"https:\/\/circuitodejerez.com\/wp-content\/uploads\/2025\/12\/noticia_294-scaled.jpg\",\"contentUrl\":\"https:\/\/circuitodejerez.com\/wp-content\/uploads\/2025\/12\/noticia_294-scaled.jpg\",\"width\":2560,\"height\":1707},{\"@type\":\"BreadcrumbList\",\"@id\":\"https:\/\/circuitodejerez.com\/2025\/12\/18\/la-alcaldesa-de-jerez-y-presidenta-de-cirjesa-agradece-la-contribucion-historica-al-40-aniversario-del-circuito-de-la-obra-40-anos-cabalgando-que-rememora-la-epica-de-las-c\/#breadcrumb\",\"itemListElement\":[{\"@type\":\"ListItem\",\"position\":1,\"name\":\"Portada\",\"item\":\"https:\/\/circuitodejerez.com\/\"},{\"@type\":\"ListItem\",\"position\":2,\"name\":\"La alcaldesa de Jerez y presidenta de Cirjesa agradece \u201cla contribuci\u00f3n hist\u00f3rica al 40 aniversario del Circuito de la obra \u201940 a\u00f1os cabalgando\u2019, que rememora la \u00e9pica de las carreras y la afici\u00f3n que lo han convertido en Catedral Mundial del Motor\u201d\"}]},{\"@type\":\"WebSite\",\"@id\":\"https:\/\/circuitodejerez.com\/#website\",\"url\":\"https:\/\/circuitodejerez.com\/\",\"name\":\"Circuito de Jerez \u00c1ngel Nieto\",\"description\":\"Circuito de Jerez \u00c1ngel Nieto\",\"publisher\":{\"@id\":\"https:\/\/circuitodejerez.com\/#organization\"},\"potentialAction\":[{\"@type\":\"SearchAction\",\"target\":{\"@type\":\"EntryPoint\",\"urlTemplate\":\"https:\/\/circuitodejerez.com\/?s={search_term_string}\"},\"query-input\":\"required name=search_term_string\"}],\"inLanguage\":\"en-GB\"},{\"@type\":\"Organization\",\"@id\":\"https:\/\/circuitodejerez.com\/#organization\",\"name\":\"Circuito de Jerez \u00c1ngel Nieto\",\"url\":\"https:\/\/circuitodejerez.com\/\",\"logo\":{\"@type\":\"ImageObject\",\"inLanguage\":\"en-GB\",\"@id\":\"https:\/\/circuitodejerez.com\/#\/schema\/logo\/image\/\",\"url\":\"https:\/\/circuitodejerez.com\/wp-content\/uploads\/2023\/06\/logo-circuito-jerez.png\",\"contentUrl\":\"https:\/\/circuitodejerez.com\/wp-content\/uploads\/2023\/06\/logo-circuito-jerez.png\",\"width\":556,\"height\":142,\"caption\":\"Circuito de Jerez \u00c1ngel Nieto\"},\"image\":{\"@id\":\"https:\/\/circuitodejerez.com\/#\/schema\/logo\/image\/\"},\"sameAs\":[\"https:\/\/www.facebook.com\/circuitodejerezangelnieto\/\",\"https:\/\/x.com\/circuitodejerez\",\"https:\/\/www.instagram.com\/circuito_de_jerez\/?hl=es\",\"https:\/\/www.youtube.com\/user\/cirjesa\"]},{\"@type\":\"Person\",\"@id\":\"https:\/\/circuitodejerez.com\/#\/schema\/person\/7426c66afad35f522814eb06fb2e213a\",\"name\":\"publyland\",\"sameAs\":[\"https:\/\/circuitoangelnieto.com\"],\"url\":\"https:\/\/circuitodejerez.com\/en\/author\/publyland\/\"}]}<\/script>\n<!-- \/ Yoast SEO plugin. -->","yoast_head_json":{"title":"La alcaldesa de Jerez y presidenta de Cirjesa agradece \u201cla contribuci\u00f3n hist\u00f3rica al 40 aniversario del Circuito de la obra \u201940 a\u00f1os cabalgando\u2019, que rememora la \u00e9pica de las carreras y la afici\u00f3n que lo han convertido en Catedral Mundial del Motor\u201d - Circuito de Jerez \u00c1ngel Nieto","robots":{"index":"index","follow":"follow","max-snippet":"max-snippet:-1","max-image-preview":"max-image-preview:large","max-video-preview":"max-video-preview:-1"},"canonical":"https:\/\/circuitodejerez.com\/en\/2025\/12\/18\/la-alcaldesa-de-jerez-y-presidenta-de-cirjesa-agradece-la-contribucion-historica-al-40-aniversario-del-circuito-de-la-obra-40-anos-cabalgando-que-rememora-la-epica-de-las-c\/","og_locale":"en_GB","og_type":"article","og_title":"La alcaldesa de Jerez y presidenta de Cirjesa agradece \u201cla contribuci\u00f3n hist\u00f3rica al 40 aniversario del Circuito de la obra \u201940 a\u00f1os cabalgando\u2019, que rememora la \u00e9pica de las carreras y la afici\u00f3n que lo han convertido en Catedral Mundial del Motor\u201d - Circuito de Jerez \u00c1ngel Nieto","og_description":"Garc\u00eda-Pelayo ha recordado que gracias a las negociaciones del propio presidente de la Junta, Juanma Moreno, con Carmelo Ezpeleta, de","og_url":"https:\/\/circuitodejerez.com\/en\/2025\/12\/18\/la-alcaldesa-de-jerez-y-presidenta-de-cirjesa-agradece-la-contribucion-historica-al-40-aniversario-del-circuito-de-la-obra-40-anos-cabalgando-que-rememora-la-epica-de-las-c\/","og_site_name":"Circuito de Jerez \u00c1ngel Nieto","article_publisher":"https:\/\/www.facebook.com\/circuitodejerezangelnieto\/","article_published_time":"2025-12-18T14:10:45+00:00","article_modified_time":"2025-12-19T10:29:24+00:00","og_image":[{"width":2560,"height":1707,"url":"https:\/\/circuitodejerez.com\/wp-content\/uploads\/2025\/12\/noticia_294-scaled.jpg","type":"image\/jpeg"}],"author":"publyland","twitter_card":"summary_large_image","twitter_creator":"@circuitodejerez","twitter_site":"@circuitodejerez","twitter_misc":{"Written by":"publyland","Estimated reading time":"6 minutes"},"schema":{"@context":"https:\/\/schema.org","@graph":[{"@type":"Article","@id":"https:\/\/circuitodejerez.com\/2025\/12\/18\/la-alcaldesa-de-jerez-y-presidenta-de-cirjesa-agradece-la-contribucion-historica-al-40-aniversario-del-circuito-de-la-obra-40-anos-cabalgando-que-rememora-la-epica-de-las-c\/#article","isPartOf":{"@id":"https:\/\/circuitodejerez.com\/2025\/12\/18\/la-alcaldesa-de-jerez-y-presidenta-de-cirjesa-agradece-la-contribucion-historica-al-40-aniversario-del-circuito-de-la-obra-40-anos-cabalgando-que-rememora-la-epica-de-las-c\/"},"author":{"name":"publyland","@id":"https:\/\/circuitodejerez.com\/#\/schema\/person\/7426c66afad35f522814eb06fb2e213a"},"headline":"La alcaldesa de Jerez y presidenta de Cirjesa agradece \u201cla contribuci\u00f3n hist\u00f3rica al 40 aniversario del Circuito de la obra \u201940 a\u00f1os cabalgando\u2019, que rememora la \u00e9pica de las carreras y la afici\u00f3n que lo han convertido en Catedral Mundial del Motor\u201d","datePublished":"2025-12-18T14:10:45+00:00","dateModified":"2025-12-19T10:29:24+00:00","mainEntityOfPage":{"@id":"https:\/\/circuitodejerez.com\/2025\/12\/18\/la-alcaldesa-de-jerez-y-presidenta-de-cirjesa-agradece-la-contribucion-historica-al-40-aniversario-del-circuito-de-la-obra-40-anos-cabalgando-que-rememora-la-epica-de-las-c\/"},"wordCount":1312,"publisher":{"@id":"https:\/\/circuitodejerez.com\/#organization"},"image":{"@id":"https:\/\/circuitodejerez.com\/2025\/12\/18\/la-alcaldesa-de-jerez-y-presidenta-de-cirjesa-agradece-la-contribucion-historica-al-40-aniversario-del-circuito-de-la-obra-40-anos-cabalgando-que-rememora-la-epica-de-las-c\/#primaryimage"},"thumbnailUrl":"https:\/\/circuitodejerez.com\/wp-content\/uploads\/2025\/12\/noticia_294-scaled.jpg","articleSection":["Noticias"],"inLanguage":"en-GB"},{"@type":"WebPage","@id":"https:\/\/circuitodejerez.com\/2025\/12\/18\/la-alcaldesa-de-jerez-y-presidenta-de-cirjesa-agradece-la-contribucion-historica-al-40-aniversario-del-circuito-de-la-obra-40-anos-cabalgando-que-rememora-la-epica-de-las-c\/","url":"https:\/\/circuitodejerez.com\/2025\/12\/18\/la-alcaldesa-de-jerez-y-presidenta-de-cirjesa-agradece-la-contribucion-historica-al-40-aniversario-del-circuito-de-la-obra-40-anos-cabalgando-que-rememora-la-epica-de-las-c\/","name":"La alcaldesa de Jerez y presidenta de Cirjesa agradece \u201cla contribuci\u00f3n hist\u00f3rica al 40 aniversario del Circuito de la obra \u201940 a\u00f1os cabalgando\u2019, que rememora la \u00e9pica de las carreras y la afici\u00f3n que lo han convertido en Catedral Mundial del Motor\u201d - Circuito de Jerez \u00c1ngel Nieto","isPartOf":{"@id":"https:\/\/circuitodejerez.com\/#website"},"primaryImageOfPage":{"@id":"https:\/\/circuitodejerez.com\/2025\/12\/18\/la-alcaldesa-de-jerez-y-presidenta-de-cirjesa-agradece-la-contribucion-historica-al-40-aniversario-del-circuito-de-la-obra-40-anos-cabalgando-que-rememora-la-epica-de-las-c\/#primaryimage"},"image":{"@id":"https:\/\/circuitodejerez.com\/2025\/12\/18\/la-alcaldesa-de-jerez-y-presidenta-de-cirjesa-agradece-la-contribucion-historica-al-40-aniversario-del-circuito-de-la-obra-40-anos-cabalgando-que-rememora-la-epica-de-las-c\/#primaryimage"},"thumbnailUrl":"https:\/\/circuitodejerez.com\/wp-content\/uploads\/2025\/12\/noticia_294-scaled.jpg","datePublished":"2025-12-18T14:10:45+00:00","dateModified":"2025-12-19T10:29:24+00:00","breadcrumb":{"@id":"https:\/\/circuitodejerez.com\/2025\/12\/18\/la-alcaldesa-de-jerez-y-presidenta-de-cirjesa-agradece-la-contribucion-historica-al-40-aniversario-del-circuito-de-la-obra-40-anos-cabalgando-que-rememora-la-epica-de-las-c\/#breadcrumb"},"inLanguage":"en-GB","potentialAction":[{"@type":"ReadAction","target":["https:\/\/circuitodejerez.com\/2025\/12\/18\/la-alcaldesa-de-jerez-y-presidenta-de-cirjesa-agradece-la-contribucion-historica-al-40-aniversario-del-circuito-de-la-obra-40-anos-cabalgando-que-rememora-la-epica-de-las-c\/"]}]},{"@type":"ImageObject","inLanguage":"en-GB","@id":"https:\/\/circuitodejerez.com\/2025\/12\/18\/la-alcaldesa-de-jerez-y-presidenta-de-cirjesa-agradece-la-contribucion-historica-al-40-aniversario-del-circuito-de-la-obra-40-anos-cabalgando-que-rememora-la-epica-de-las-c\/#primaryimage","url":"https:\/\/circuitodejerez.com\/wp-content\/uploads\/2025\/12\/noticia_294-scaled.jpg","contentUrl":"https:\/\/circuitodejerez.com\/wp-content\/uploads\/2025\/12\/noticia_294-scaled.jpg","width":2560,"height":1707},{"@type":"BreadcrumbList","@id":"https:\/\/circuitodejerez.com\/2025\/12\/18\/la-alcaldesa-de-jerez-y-presidenta-de-cirjesa-agradece-la-contribucion-historica-al-40-aniversario-del-circuito-de-la-obra-40-anos-cabalgando-que-rememora-la-epica-de-las-c\/#breadcrumb","itemListElement":[{"@type":"ListItem","position":1,"name":"Portada","item":"https:\/\/circuitodejerez.com\/"},{"@type":"ListItem","position":2,"name":"La alcaldesa de Jerez y presidenta de Cirjesa agradece \u201cla contribuci\u00f3n hist\u00f3rica al 40 aniversario del Circuito de la obra \u201940 a\u00f1os cabalgando\u2019, que rememora la \u00e9pica de las carreras y la afici\u00f3n que lo han convertido en Catedral Mundial del Motor\u201d"}]},{"@type":"WebSite","@id":"https:\/\/circuitodejerez.com\/#website","url":"https:\/\/circuitodejerez.com\/","name":"Circuito de Jerez \u00c1ngel Nieto","description":"Circuito de Jerez \u00c1ngel Nieto","publisher":{"@id":"https:\/\/circuitodejerez.com\/#organization"},"potentialAction":[{"@type":"SearchAction","target":{"@type":"EntryPoint","urlTemplate":"https:\/\/circuitodejerez.com\/?s={search_term_string}"},"query-input":"required name=search_term_string"}],"inLanguage":"en-GB"},{"@type":"Organization","@id":"https:\/\/circuitodejerez.com\/#organization","name":"Circuito de Jerez \u00c1ngel Nieto","url":"https:\/\/circuitodejerez.com\/","logo":{"@type":"ImageObject","inLanguage":"en-GB","@id":"https:\/\/circuitodejerez.com\/#\/schema\/logo\/image\/","url":"https:\/\/circuitodejerez.com\/wp-content\/uploads\/2023\/06\/logo-circuito-jerez.png","contentUrl":"https:\/\/circuitodejerez.com\/wp-content\/uploads\/2023\/06\/logo-circuito-jerez.png","width":556,"height":142,"caption":"Circuito de Jerez \u00c1ngel Nieto"},"image":{"@id":"https:\/\/circuitodejerez.com\/#\/schema\/logo\/image\/"},"sameAs":["https:\/\/www.facebook.com\/circuitodejerezangelnieto\/","https:\/\/x.com\/circuitodejerez","https:\/\/www.instagram.com\/circuito_de_jerez\/?hl=es","https:\/\/www.youtube.com\/user\/cirjesa"]},{"@type":"Person","@id":"https:\/\/circuitodejerez.com\/#\/schema\/person\/7426c66afad35f522814eb06fb2e213a","name":"publyland","sameAs":["https:\/\/circuitoangelnieto.com"],"url":"https:\/\/circuitodejerez.com\/en\/author\/publyland\/"}]}},"_links":{"self":[{"href":"https:\/\/circuitodejerez.com\/en\/wp-json\/wp\/v2\/posts\/39177","targetHints":{"allow":["GET"]}}],"collection":[{"href":"https:\/\/circuitodejerez.com\/en\/wp-json\/wp\/v2\/posts"}],"about":[{"href":"https:\/\/circuitodejerez.com\/en\/wp-json\/wp\/v2\/types\/post"}],"author":[{"embeddable":true,"href":"https:\/\/circuitodejerez.com\/en\/wp-json\/wp\/v2\/users\/1"}],"replies":[{"embeddable":true,"href":"https:\/\/circuitodejerez.com\/en\/wp-json\/wp\/v2\/comments?post=39177"}],"version-history":[{"count":3,"href":"https:\/\/circuitodejerez.com\/en\/wp-json\/wp\/v2\/posts\/39177\/revisions"}],"predecessor-version":[{"id":39192,"href":"https:\/\/circuitodejerez.com\/en\/wp-json\/wp\/v2\/posts\/39177\/revisions\/39192"}],"wp:featuredmedia":[{"embeddable":true,"href":"https:\/\/circuitodejerez.com\/en\/wp-json\/wp\/v2\/media\/39178"}],"wp:attachment":[{"href":"https:\/\/circuitodejerez.com\/en\/wp-json\/wp\/v2\/media?parent=39177"}],"wp:term":[{"taxonomy":"category","embeddable":true,"href":"https:\/\/circuitodejerez.com\/en\/wp-json\/wp\/v2\/categories?post=39177"},{"taxonomy":"post_tag","embeddable":true,"href":"https:\/\/circuitodejerez.com\/en\/wp-json\/wp\/v2\/tags?post=39177"}],"curies":[{"name":"wp","href":"https:\/\/api.w.org\/{rel}","templated":true}]}}