{"id":39252,"date":"2026-09-26T00:00:01","date_gmt":"2026-01-07T13:40:00","guid":{"rendered":"https:\/\/circuitodejerez.com\/2026\/01\/07\/racing-weekend-2\/"},"modified":"2026-08-31T09:03:28","modified_gmt":"2026-08-31T07:03:28","slug":"racing-weekend-2","status":"publish","type":"post","link":"https:\/\/circuitodejerez.com\/en\/2026\/09\/26\/racing-weekend-2\/","title":{"rendered":"Racing &#038; Weekend"},"content":{"rendered":"<style>.boton-amarillo,.boton-azul,.boton-gris,.boton-purpura,.boton-rojo,.boton-verde{color:var( --e-global-color-secondary ) !important!;padding:15px 35px 17px!important;border-radius:50px!important;-moz-border-radius:50px!important;-webkit-border-radius:50px!important;font-size:15px!important;font-weight:700!important;line-height:1em!important;text-align:center!important;clear:both!important;display:block!important;margin:0 auto!important;width:200px!important}.boton-amarillo:hover,.boton-azul:hover,.boton-gris:hover,.boton-purpura:hover,.boton-rojo:hover,.boton-verde:hover{text-decoration:none!important}.boton-azul{background-color:#afcde3!important;border:1px solid #afcde3!important}.boton-azul:hover{background-color:#83a2be!important;border:1px solid #83a2be!important}.boton-gris{background-color:#bdbdbd!important;border:1px solid #bdbdbd!important}.boton-gris:hover{background-color:#919191!important;border:1px solid #919191!important}.boton-verde{background-color:#b2ce96!important;border:1px solid #b2ce96!important}.boton-verde:hover{background-color:#86a36e!important;border:1px solid #86a36e!important}.boton-purpura{background-color:#bebde9!important;border:1px solid #bebde9!important}.boton-purpura:hover{background-color:#9291c7!important;border:1px solid #9291c7!important}.boton-rojo{background-color:#e9b3b3!important;border:1px solid #e9b3b3!important}.boton-rojo:hover{background-color:#c78787!important;border:1px solid #c78787!important}.boton-amarillo{background-color:#fadf98!important;border:1px solid #fadf98!important}.boton-amarillo:hover{background-color:#ecb870!important;border:1px solid #ecb870!important}<\/style>\n<p><img loading=\"lazy\" decoding=\"async\" style=\"display:none;\" class=\"alignnone size-medium\" src=\"https:\/\/gestorapp.circuitoangelnieto.com\/\/uploads\/eventos\/evento109.jpg\" width=\"600\" height=\"409\" \/><\/p>\n<p>El Racing Weekend regresa al Circuito de Jerez-\u00c1ngel Nieto en septiembre como la gran cita de referencia para los amantes del automovilismo nacional. Este evento, no es solo una competici\u00f3n, sino un aut\u00e9ntico festival de las cuatro ruedas que concentra en un solo fin de semana lo mejor de diversas disciplinas, tanto de Turismos como de monoplazas.<\/p>\n<p>Jerez se convierte en el escenario perfecto para este despliegue de talento, donde el p\u00fablico puede disfrutar de un espect\u00e1culo ininterrumpido en pista. Es la oportunidad \u00fanica de ver a las futuras estrellas de la F\u00f3rmula 1 en los monoplazas m\u00e1s competitivos, junto a la espectacularidad de los turismos de \u00faltima generaci\u00f3n. Con un formato pensado para toda la familia, el Racing Weekend en Jerez destaca por su apertura al p\u00fablico, permitiendo que los aficionados vivan la adrenalina de las carreras desde el coraz\u00f3n del paddock y sientan de cerca el trabajo de los equipos y la emoci\u00f3n de las parrillas de salida.<\/p>\n<p><b>Fecha: 26-27 de septiembre<\/b><\/p>\n<p><\/p>\n<div class=\"urls\">\n<div class=\"link2\" style=\"width: 50%;float: right;\"><a href=\"https:\/\/feverup.com\/m\/651650?srsltid=AfmBOorqFkHJzUrKUsLggBllJarBSQ4Y8QFnlH7SIyRZZpgsGQlT0dkX\" class=\"boton-verde\">COMPRAR ENTRADAS<\/a><\/div>\n<\/div>","protected":false},"excerpt":{"rendered":"<p>El Racing Weekend regresa al Circuito de Jerez-\u00c1ngel Nieto en septiembre como la gran cita de referencia para los amantes<\/p>","protected":false},"author":1,"featured_media":39255,"comment_status":"closed","ping_status":"","sticky":false,"template":"","format":"standard","meta":{"footnotes":""},"categories":[38],"tags":[],"class_list":["post-39252","post","type-post","status-publish","format-standard","has-post-thumbnail","hentry","category-events"],"yoast_head":"<!-- This site is optimized with the Yoast SEO plugin v22.5 - https:\/\/yoast.com\/wordpress\/plugins\/seo\/ -->\n<title>Racing &amp; Weekend - Circuito de Jerez \u00c1ngel Nieto<\/title>\n<meta name=\"robots\" content=\"index, follow, max-snippet:-1, max-image-preview:large, max-video-preview:-1\" \/>\n<link rel=\"canonical\" href=\"https:\/\/circuitodejerez.com\/en\/2026\/09\/26\/racing-weekend-2\/\" \/>\n<meta property=\"og:locale\" content=\"en_GB\" \/>\n<meta property=\"og:type\" content=\"article\" \/>\n<meta property=\"og:title\" content=\"Racing &amp; Weekend - Circuito de Jerez \u00c1ngel Nieto\" \/>\n<meta property=\"og:description\" content=\"El Racing Weekend regresa al Circuito de Jerez-\u00c1ngel Nieto en septiembre como la gran cita de referencia para los amantes\" \/>\n<meta property=\"og:url\" content=\"https:\/\/circuitodejerez.com\/en\/2026\/09\/26\/racing-weekend-2\/\" \/>\n<meta property=\"og:site_name\" content=\"Circuito de Jerez \u00c1ngel Nieto\" \/>\n<meta property=\"article:publisher\" content=\"https:\/\/www.facebook.com\/circuitodejerezangelnieto\/\" \/>\n<meta property=\"article:published_time\" content=\"2026-01-07T13:40:00+00:00\" \/>\n<meta property=\"article:modified_time\" content=\"2026-08-31T07:03:28+00:00\" \/>\n<meta property=\"og:image\" content=\"https:\/\/circuitodejerez.com\/wp-content\/uploads\/2026\/01\/evento109-scaled.jpg\" \/>\n\t<meta property=\"og:image:width\" content=\"2560\" \/>\n\t<meta property=\"og:image:height\" content=\"2560\" \/>\n\t<meta property=\"og:image:type\" content=\"image\/jpeg\" \/>\n<meta name=\"author\" content=\"publyland\" \/>\n<meta name=\"twitter:card\" content=\"summary_large_image\" \/>\n<meta name=\"twitter:creator\" content=\"@circuitodejerez\" \/>\n<meta name=\"twitter:site\" content=\"@circuitodejerez\" \/>\n<meta name=\"twitter:label1\" content=\"Written by\" \/>\n\t<meta name=\"twitter:data1\" content=\"publyland\" \/>\n\t<meta name=\"twitter:label2\" content=\"Estimated reading time\" \/>\n\t<meta name=\"twitter:data2\" content=\"1 minute\" \/>\n<script type=\"application\/ld+json\" class=\"yoast-schema-graph\">{\"@context\":\"https:\/\/schema.org\",\"@graph\":[{\"@type\":\"Article\",\"@id\":\"https:\/\/circuitodejerez.com\/2026\/09\/26\/racing-weekend-2\/#article\",\"isPartOf\":{\"@id\":\"https:\/\/circuitodejerez.com\/2026\/09\/26\/racing-weekend-2\/\"},\"author\":{\"name\":\"publyland\",\"@id\":\"https:\/\/circuitodejerez.com\/#\/schema\/person\/7426c66afad35f522814eb06fb2e213a\"},\"headline\":\"Racing &#038; Weekend\",\"datePublished\":\"2026-01-07T13:40:00+00:00\",\"dateModified\":\"2026-08-31T07:03:28+00:00\",\"mainEntityOfPage\":{\"@id\":\"https:\/\/circuitodejerez.com\/2026\/09\/26\/racing-weekend-2\/\"},\"wordCount\":178,\"publisher\":{\"@id\":\"https:\/\/circuitodejerez.com\/#organization\"},\"image\":{\"@id\":\"https:\/\/circuitodejerez.com\/2026\/09\/26\/racing-weekend-2\/#primaryimage\"},\"thumbnailUrl\":\"https:\/\/circuitodejerez.com\/wp-content\/uploads\/2026\/01\/evento109-scaled.jpg\",\"articleSection\":[\"Pr\u00f3ximos eventos\"],\"inLanguage\":\"en-GB\"},{\"@type\":\"WebPage\",\"@id\":\"https:\/\/circuitodejerez.com\/2026\/09\/26\/racing-weekend-2\/\",\"url\":\"https:\/\/circuitodejerez.com\/2026\/09\/26\/racing-weekend-2\/\",\"name\":\"Racing & Weekend - Circuito de Jerez \u00c1ngel Nieto\",\"isPartOf\":{\"@id\":\"https:\/\/circuitodejerez.com\/#website\"},\"primaryImageOfPage\":{\"@id\":\"https:\/\/circuitodejerez.com\/2026\/09\/26\/racing-weekend-2\/#primaryimage\"},\"image\":{\"@id\":\"https:\/\/circuitodejerez.com\/2026\/09\/26\/racing-weekend-2\/#primaryimage\"},\"thumbnailUrl\":\"https:\/\/circuitodejerez.com\/wp-content\/uploads\/2026\/01\/evento109-scaled.jpg\",\"datePublished\":\"2026-01-07T13:40:00+00:00\",\"dateModified\":\"2026-08-31T07:03:28+00:00\",\"breadcrumb\":{\"@id\":\"https:\/\/circuitodejerez.com\/2026\/09\/26\/racing-weekend-2\/#breadcrumb\"},\"inLanguage\":\"en-GB\",\"potentialAction\":[{\"@type\":\"ReadAction\",\"target\":[\"https:\/\/circuitodejerez.com\/2026\/09\/26\/racing-weekend-2\/\"]}]},{\"@type\":\"ImageObject\",\"inLanguage\":\"en-GB\",\"@id\":\"https:\/\/circuitodejerez.com\/2026\/09\/26\/racing-weekend-2\/#primaryimage\",\"url\":\"https:\/\/circuitodejerez.com\/wp-content\/uploads\/2026\/01\/evento109-scaled.jpg\",\"contentUrl\":\"https:\/\/circuitodejerez.com\/wp-content\/uploads\/2026\/01\/evento109-scaled.jpg\",\"width\":2560,\"height\":2560},{\"@type\":\"BreadcrumbList\",\"@id\":\"https:\/\/circuitodejerez.com\/2026\/09\/26\/racing-weekend-2\/#breadcrumb\",\"itemListElement\":[{\"@type\":\"ListItem\",\"position\":1,\"name\":\"Portada\",\"item\":\"https:\/\/circuitodejerez.com\/\"},{\"@type\":\"ListItem\",\"position\":2,\"name\":\"Racing &#038; Weekend\"}]},{\"@type\":\"WebSite\",\"@id\":\"https:\/\/circuitodejerez.com\/#website\",\"url\":\"https:\/\/circuitodejerez.com\/\",\"name\":\"Circuito de Jerez \u00c1ngel Nieto\",\"description\":\"Circuito de Jerez \u00c1ngel Nieto\",\"publisher\":{\"@id\":\"https:\/\/circuitodejerez.com\/#organization\"},\"potentialAction\":[{\"@type\":\"SearchAction\",\"target\":{\"@type\":\"EntryPoint\",\"urlTemplate\":\"https:\/\/circuitodejerez.com\/?s={search_term_string}\"},\"query-input\":\"required name=search_term_string\"}],\"inLanguage\":\"en-GB\"},{\"@type\":\"Organization\",\"@id\":\"https:\/\/circuitodejerez.com\/#organization\",\"name\":\"Circuito de Jerez \u00c1ngel Nieto\",\"url\":\"https:\/\/circuitodejerez.com\/\",\"logo\":{\"@type\":\"ImageObject\",\"inLanguage\":\"en-GB\",\"@id\":\"https:\/\/circuitodejerez.com\/#\/schema\/logo\/image\/\",\"url\":\"https:\/\/circuitodejerez.com\/wp-content\/uploads\/2023\/06\/logo-circuito-jerez.png\",\"contentUrl\":\"https:\/\/circuitodejerez.com\/wp-content\/uploads\/2023\/06\/logo-circuito-jerez.png\",\"width\":556,\"height\":142,\"caption\":\"Circuito de Jerez \u00c1ngel Nieto\"},\"image\":{\"@id\":\"https:\/\/circuitodejerez.com\/#\/schema\/logo\/image\/\"},\"sameAs\":[\"https:\/\/www.facebook.com\/circuitodejerezangelnieto\/\",\"https:\/\/x.com\/circuitodejerez\",\"https:\/\/www.instagram.com\/circuito_de_jerez\/?hl=es\",\"https:\/\/www.youtube.com\/user\/cirjesa\"]},{\"@type\":\"Person\",\"@id\":\"https:\/\/circuitodejerez.com\/#\/schema\/person\/7426c66afad35f522814eb06fb2e213a\",\"name\":\"publyland\",\"sameAs\":[\"https:\/\/circuitoangelnieto.com\"],\"url\":\"https:\/\/circuitodejerez.com\/en\/author\/publyland\/\"}]}<\/script>\n<!-- \/ Yoast SEO plugin. -->","yoast_head_json":{"title":"Racing & Weekend - Circuito de Jerez \u00c1ngel Nieto","robots":{"index":"index","follow":"follow","max-snippet":"max-snippet:-1","max-image-preview":"max-image-preview:large","max-video-preview":"max-video-preview:-1"},"canonical":"https:\/\/circuitodejerez.com\/en\/2026\/09\/26\/racing-weekend-2\/","og_locale":"en_GB","og_type":"article","og_title":"Racing & Weekend - Circuito de Jerez \u00c1ngel Nieto","og_description":"El Racing Weekend regresa al Circuito de Jerez-\u00c1ngel Nieto en septiembre como la gran cita de referencia para los amantes","og_url":"https:\/\/circuitodejerez.com\/en\/2026\/09\/26\/racing-weekend-2\/","og_site_name":"Circuito de Jerez \u00c1ngel Nieto","article_publisher":"https:\/\/www.facebook.com\/circuitodejerezangelnieto\/","article_published_time":"2026-01-07T13:40:00+00:00","article_modified_time":"2026-08-31T07:03:28+00:00","og_image":[{"width":2560,"height":2560,"url":"https:\/\/circuitodejerez.com\/wp-content\/uploads\/2026\/01\/evento109-scaled.jpg","type":"image\/jpeg"}],"author":"publyland","twitter_card":"summary_large_image","twitter_creator":"@circuitodejerez","twitter_site":"@circuitodejerez","twitter_misc":{"Written by":"publyland","Estimated reading time":"1 minute"},"schema":{"@context":"https:\/\/schema.org","@graph":[{"@type":"Article","@id":"https:\/\/circuitodejerez.com\/2026\/09\/26\/racing-weekend-2\/#article","isPartOf":{"@id":"https:\/\/circuitodejerez.com\/2026\/09\/26\/racing-weekend-2\/"},"author":{"name":"publyland","@id":"https:\/\/circuitodejerez.com\/#\/schema\/person\/7426c66afad35f522814eb06fb2e213a"},"headline":"Racing &#038; Weekend","datePublished":"2026-01-07T13:40:00+00:00","dateModified":"2026-08-31T07:03:28+00:00","mainEntityOfPage":{"@id":"https:\/\/circuitodejerez.com\/2026\/09\/26\/racing-weekend-2\/"},"wordCount":178,"publisher":{"@id":"https:\/\/circuitodejerez.com\/#organization"},"image":{"@id":"https:\/\/circuitodejerez.com\/2026\/09\/26\/racing-weekend-2\/#primaryimage"},"thumbnailUrl":"https:\/\/circuitodejerez.com\/wp-content\/uploads\/2026\/01\/evento109-scaled.jpg","articleSection":["Pr\u00f3ximos eventos"],"inLanguage":"en-GB"},{"@type":"WebPage","@id":"https:\/\/circuitodejerez.com\/2026\/09\/26\/racing-weekend-2\/","url":"https:\/\/circuitodejerez.com\/2026\/09\/26\/racing-weekend-2\/","name":"Racing & Weekend - Circuito de Jerez \u00c1ngel Nieto","isPartOf":{"@id":"https:\/\/circuitodejerez.com\/#website"},"primaryImageOfPage":{"@id":"https:\/\/circuitodejerez.com\/2026\/09\/26\/racing-weekend-2\/#primaryimage"},"image":{"@id":"https:\/\/circuitodejerez.com\/2026\/09\/26\/racing-weekend-2\/#primaryimage"},"thumbnailUrl":"https:\/\/circuitodejerez.com\/wp-content\/uploads\/2026\/01\/evento109-scaled.jpg","datePublished":"2026-01-07T13:40:00+00:00","dateModified":"2026-08-31T07:03:28+00:00","breadcrumb":{"@id":"https:\/\/circuitodejerez.com\/2026\/09\/26\/racing-weekend-2\/#breadcrumb"},"inLanguage":"en-GB","potentialAction":[{"@type":"ReadAction","target":["https:\/\/circuitodejerez.com\/2026\/09\/26\/racing-weekend-2\/"]}]},{"@type":"ImageObject","inLanguage":"en-GB","@id":"https:\/\/circuitodejerez.com\/2026\/09\/26\/racing-weekend-2\/#primaryimage","url":"https:\/\/circuitodejerez.com\/wp-content\/uploads\/2026\/01\/evento109-scaled.jpg","contentUrl":"https:\/\/circuitodejerez.com\/wp-content\/uploads\/2026\/01\/evento109-scaled.jpg","width":2560,"height":2560},{"@type":"BreadcrumbList","@id":"https:\/\/circuitodejerez.com\/2026\/09\/26\/racing-weekend-2\/#breadcrumb","itemListElement":[{"@type":"ListItem","position":1,"name":"Portada","item":"https:\/\/circuitodejerez.com\/"},{"@type":"ListItem","position":2,"name":"Racing &#038; Weekend"}]},{"@type":"WebSite","@id":"https:\/\/circuitodejerez.com\/#website","url":"https:\/\/circuitodejerez.com\/","name":"Circuito de Jerez \u00c1ngel Nieto","description":"Circuito de Jerez \u00c1ngel Nieto","publisher":{"@id":"https:\/\/circuitodejerez.com\/#organization"},"potentialAction":[{"@type":"SearchAction","target":{"@type":"EntryPoint","urlTemplate":"https:\/\/circuitodejerez.com\/?s={search_term_string}"},"query-input":"required name=search_term_string"}],"inLanguage":"en-GB"},{"@type":"Organization","@id":"https:\/\/circuitodejerez.com\/#organization","name":"Circuito de Jerez \u00c1ngel Nieto","url":"https:\/\/circuitodejerez.com\/","logo":{"@type":"ImageObject","inLanguage":"en-GB","@id":"https:\/\/circuitodejerez.com\/#\/schema\/logo\/image\/","url":"https:\/\/circuitodejerez.com\/wp-content\/uploads\/2023\/06\/logo-circuito-jerez.png","contentUrl":"https:\/\/circuitodejerez.com\/wp-content\/uploads\/2023\/06\/logo-circuito-jerez.png","width":556,"height":142,"caption":"Circuito de Jerez \u00c1ngel Nieto"},"image":{"@id":"https:\/\/circuitodejerez.com\/#\/schema\/logo\/image\/"},"sameAs":["https:\/\/www.facebook.com\/circuitodejerezangelnieto\/","https:\/\/x.com\/circuitodejerez","https:\/\/www.instagram.com\/circuito_de_jerez\/?hl=es","https:\/\/www.youtube.com\/user\/cirjesa"]},{"@type":"Person","@id":"https:\/\/circuitodejerez.com\/#\/schema\/person\/7426c66afad35f522814eb06fb2e213a","name":"publyland","sameAs":["https:\/\/circuitoangelnieto.com"],"url":"https:\/\/circuitodejerez.com\/en\/author\/publyland\/"}]}},"_links":{"self":[{"href":"https:\/\/circuitodejerez.com\/en\/wp-json\/wp\/v2\/posts\/39252","targetHints":{"allow":["GET"]}}],"collection":[{"href":"https:\/\/circuitodejerez.com\/en\/wp-json\/wp\/v2\/posts"}],"about":[{"href":"https:\/\/circuitodejerez.com\/en\/wp-json\/wp\/v2\/types\/post"}],"author":[{"embeddable":true,"href":"https:\/\/circuitodejerez.com\/en\/wp-json\/wp\/v2\/users\/1"}],"replies":[{"embeddable":true,"href":"https:\/\/circuitodejerez.com\/en\/wp-json\/wp\/v2\/comments?post=39252"}],"version-history":[{"count":3,"href":"https:\/\/circuitodejerez.com\/en\/wp-json\/wp\/v2\/posts\/39252\/revisions"}],"predecessor-version":[{"id":39870,"href":"https:\/\/circuitodejerez.com\/en\/wp-json\/wp\/v2\/posts\/39252\/revisions\/39870"}],"wp:featuredmedia":[{"embeddable":true,"href":"https:\/\/circuitodejerez.com\/en\/wp-json\/wp\/v2\/media\/39255"}],"wp:attachment":[{"href":"https:\/\/circuitodejerez.com\/en\/wp-json\/wp\/v2\/media?parent=39252"}],"wp:term":[{"taxonomy":"category","embeddable":true,"href":"https:\/\/circuitodejerez.com\/en\/wp-json\/wp\/v2\/categories?post=39252"},{"taxonomy":"post_tag","embeddable":true,"href":"https:\/\/circuitodejerez.com\/en\/wp-json\/wp\/v2\/tags?post=39252"}],"curies":[{"name":"wp","href":"https:\/\/api.w.org\/{rel}","templated":true}]}}