{"id":39366,"date":"2026-01-26T10:33:46","date_gmt":"2026-01-26T09:33:46","guid":{"rendered":"https:\/\/circuitodejerez.com\/2026\/01\/26\/el-circuito-de-jerez-angel-nieto-recibio-un-reconocimiento-por-parte-de-la-federacion-andaluza-de-automovilismo-en-la-gala-de-campeones-2025\/"},"modified":"2026-01-26T10:35:03","modified_gmt":"2026-01-26T09:35:03","slug":"el-circuito-de-jerez-angel-nieto-recibio-un-reconocimiento-por-parte-de-la-federacion-andaluza-de-automovilismo-en-la-gala-de-campeones-2025","status":"publish","type":"post","link":"https:\/\/circuitodejerez.com\/en\/2026\/01\/26\/el-circuito-de-jerez-angel-nieto-recibio-un-reconocimiento-por-parte-de-la-federacion-andaluza-de-automovilismo-en-la-gala-de-campeones-2025\/","title":{"rendered":"El Circuito de Jerez\u2013\u00c1ngel Nieto, recibi\u00f3 un reconocimiento por parte de la Federaci\u00f3n Andaluza de Automovilismo, en la Gala de Campeones 2025"},"content":{"rendered":"<p><img loading=\"lazy\" decoding=\"async\" style=\"display:none;\" class=\"alignnone size-medium\" src=\"https:\/\/gestorapp.circuitoangelnieto.com\/\/uploads\/noticias\/noticia_299.jpg\" width=\"600\" height=\"409\" \/>Adem\u00e1s, se distingui\u00f3 a Pablo Fern\u00e1ndez Salado por sus 40 a\u00f1os como responsable del mantenimiento del Circuito, as\u00ed como a Miguel \u00c1ngel Rodr\u00edguez G\u00f3mez por su gesti\u00f3n al frente de la direcci\u00f3n deportiva del trazado y a Alfredo Franco por su larga dedicaci\u00f3n al automovilismo <\/p>\n<p><b><br \/><\/b><\/p>\n<p><b>26 de enero de 2026.<\/b>  El pasado s\u00e1bado la Federaci\u00f3n Andaluza de Automovilismo llev\u00f3 a cabo en Jerez en el Museo de la Atalaya, su Gala de Campeones 2025 que pon\u00eda el broche de oro a la temporada deportiva, rindiendo homenaje tambi\u00e9n tanto a campeones del a\u00f1o como a instituciones, entidades y personas que hacen posible el crecimiento del automovilismo en Andaluc\u00eda.&nbsp;<\/p>\n<p>Nos sentimos agradecidos y doblemente orgullosos de haber recibido un importante reconocimiento por parte de la FAA por nuestros 40 a\u00f1os de actividad y colaboraci\u00f3n con la Federaci\u00f3n Andaluza y tambi\u00e9n porque trabajadores nuestros en activo y otros ya jubilados, hayan recibido de mano de la Federaci\u00f3n tambi\u00e9n un merecido reconocimiento a su labor durante todos estos a\u00f1os. Nos referimos a nuestros compa\u00f1eros Pablo Fern\u00e1ndez, por sus 40 a\u00f1os como responsable del Departamento de mantenimiento del circuito de Jerez y recientemente jubilado, Miguel \u00c1ngel Rodriguez G\u00f3mez, por su gesti\u00f3n al frente de la gesti\u00f3n deportiva del circuito y Alfredo Franco, ya jubilado y que fuera miembro del departamento deportivo del circuito durante m\u00e1s de treinta a\u00f1os, que recibi\u00f3 este merecido reconocimiento honor\u00edfico por su larga dedicaci\u00f3n al automovilismo.&nbsp;<\/p>\n<p>Gracias a la FAA por estos reconocimientos y, sobre todo, gracias a todos los que hab\u00e9is formado parte de esta historia durante estos 40 a\u00f1os. \u00a1Seguimos acelerando! <\/p>","protected":false},"excerpt":{"rendered":"<p>Adem\u00e1s, se distingui\u00f3 a Pablo Fern\u00e1ndez Salado por sus 40 a\u00f1os como responsable del mantenimiento del Circuito, as\u00ed como a<\/p>","protected":false},"author":1,"featured_media":39367,"comment_status":"closed","ping_status":"","sticky":false,"template":"","format":"standard","meta":{"footnotes":""},"categories":[2],"tags":[],"class_list":["post-39366","post","type-post","status-publish","format-standard","has-post-thumbnail","hentry","category-noticias"],"yoast_head":"<!-- This site is optimized with the Yoast SEO plugin v22.5 - https:\/\/yoast.com\/wordpress\/plugins\/seo\/ -->\n<title>El Circuito de Jerez\u2013\u00c1ngel Nieto, recibi\u00f3 un reconocimiento por parte de la Federaci\u00f3n Andaluza de Automovilismo, en la Gala de Campeones 2025 - Circuito de Jerez \u00c1ngel Nieto<\/title>\n<meta name=\"robots\" content=\"index, follow, max-snippet:-1, max-image-preview:large, max-video-preview:-1\" \/>\n<link rel=\"canonical\" href=\"https:\/\/circuitodejerez.com\/en\/2026\/01\/26\/el-circuito-de-jerez-angel-nieto-recibio-un-reconocimiento-por-parte-de-la-federacion-andaluza-de-automovilismo-en-la-gala-de-campeones-2025\/\" \/>\n<meta property=\"og:locale\" content=\"en_GB\" \/>\n<meta property=\"og:type\" content=\"article\" \/>\n<meta property=\"og:title\" content=\"El Circuito de Jerez\u2013\u00c1ngel Nieto, recibi\u00f3 un reconocimiento por parte de la Federaci\u00f3n Andaluza de Automovilismo, en la Gala de Campeones 2025 - Circuito de Jerez \u00c1ngel Nieto\" \/>\n<meta property=\"og:description\" content=\"Adem\u00e1s, se distingui\u00f3 a Pablo Fern\u00e1ndez Salado por sus 40 a\u00f1os como responsable del mantenimiento del Circuito, as\u00ed como a\" \/>\n<meta property=\"og:url\" content=\"https:\/\/circuitodejerez.com\/en\/2026\/01\/26\/el-circuito-de-jerez-angel-nieto-recibio-un-reconocimiento-por-parte-de-la-federacion-andaluza-de-automovilismo-en-la-gala-de-campeones-2025\/\" \/>\n<meta property=\"og:site_name\" content=\"Circuito de Jerez \u00c1ngel Nieto\" \/>\n<meta property=\"article:publisher\" content=\"https:\/\/www.facebook.com\/circuitodejerezangelnieto\/\" \/>\n<meta property=\"article:published_time\" content=\"2026-01-26T09:33:46+00:00\" \/>\n<meta property=\"article:modified_time\" content=\"2026-01-26T09:35:03+00:00\" \/>\n<meta property=\"og:image\" content=\"https:\/\/circuitodejerez.com\/wp-content\/uploads\/2026\/01\/noticia_299.jpg\" \/>\n\t<meta property=\"og:image:width\" content=\"1600\" \/>\n\t<meta property=\"og:image:height\" content=\"1066\" \/>\n\t<meta property=\"og:image:type\" content=\"image\/jpeg\" \/>\n<meta name=\"author\" content=\"publyland\" \/>\n<meta name=\"twitter:card\" content=\"summary_large_image\" \/>\n<meta name=\"twitter:creator\" content=\"@circuitodejerez\" \/>\n<meta name=\"twitter:site\" content=\"@circuitodejerez\" \/>\n<meta name=\"twitter:label1\" content=\"Written by\" \/>\n\t<meta name=\"twitter:data1\" content=\"publyland\" \/>\n\t<meta name=\"twitter:label2\" content=\"Estimated reading time\" \/>\n\t<meta name=\"twitter:data2\" content=\"1 minute\" \/>\n<script type=\"application\/ld+json\" class=\"yoast-schema-graph\">{\"@context\":\"https:\/\/schema.org\",\"@graph\":[{\"@type\":\"Article\",\"@id\":\"https:\/\/circuitodejerez.com\/2026\/01\/26\/el-circuito-de-jerez-angel-nieto-recibio-un-reconocimiento-por-parte-de-la-federacion-andaluza-de-automovilismo-en-la-gala-de-campeones-2025\/#article\",\"isPartOf\":{\"@id\":\"https:\/\/circuitodejerez.com\/2026\/01\/26\/el-circuito-de-jerez-angel-nieto-recibio-un-reconocimiento-por-parte-de-la-federacion-andaluza-de-automovilismo-en-la-gala-de-campeones-2025\/\"},\"author\":{\"name\":\"publyland\",\"@id\":\"https:\/\/circuitodejerez.com\/#\/schema\/person\/7426c66afad35f522814eb06fb2e213a\"},\"headline\":\"El Circuito de Jerez\u2013\u00c1ngel Nieto, recibi\u00f3 un reconocimiento por parte de la Federaci\u00f3n Andaluza de Automovilismo, en la Gala de Campeones 2025\",\"datePublished\":\"2026-01-26T09:33:46+00:00\",\"dateModified\":\"2026-01-26T09:35:03+00:00\",\"mainEntityOfPage\":{\"@id\":\"https:\/\/circuitodejerez.com\/2026\/01\/26\/el-circuito-de-jerez-angel-nieto-recibio-un-reconocimiento-por-parte-de-la-federacion-andaluza-de-automovilismo-en-la-gala-de-campeones-2025\/\"},\"wordCount\":313,\"publisher\":{\"@id\":\"https:\/\/circuitodejerez.com\/#organization\"},\"image\":{\"@id\":\"https:\/\/circuitodejerez.com\/2026\/01\/26\/el-circuito-de-jerez-angel-nieto-recibio-un-reconocimiento-por-parte-de-la-federacion-andaluza-de-automovilismo-en-la-gala-de-campeones-2025\/#primaryimage\"},\"thumbnailUrl\":\"https:\/\/circuitodejerez.com\/wp-content\/uploads\/2026\/01\/noticia_299.jpg\",\"articleSection\":[\"Noticias\"],\"inLanguage\":\"en-GB\"},{\"@type\":\"WebPage\",\"@id\":\"https:\/\/circuitodejerez.com\/2026\/01\/26\/el-circuito-de-jerez-angel-nieto-recibio-un-reconocimiento-por-parte-de-la-federacion-andaluza-de-automovilismo-en-la-gala-de-campeones-2025\/\",\"url\":\"https:\/\/circuitodejerez.com\/2026\/01\/26\/el-circuito-de-jerez-angel-nieto-recibio-un-reconocimiento-por-parte-de-la-federacion-andaluza-de-automovilismo-en-la-gala-de-campeones-2025\/\",\"name\":\"El Circuito de Jerez\u2013\u00c1ngel Nieto, recibi\u00f3 un reconocimiento por parte de la Federaci\u00f3n Andaluza de Automovilismo, en la Gala de Campeones 2025 - Circuito de Jerez \u00c1ngel Nieto\",\"isPartOf\":{\"@id\":\"https:\/\/circuitodejerez.com\/#website\"},\"primaryImageOfPage\":{\"@id\":\"https:\/\/circuitodejerez.com\/2026\/01\/26\/el-circuito-de-jerez-angel-nieto-recibio-un-reconocimiento-por-parte-de-la-federacion-andaluza-de-automovilismo-en-la-gala-de-campeones-2025\/#primaryimage\"},\"image\":{\"@id\":\"https:\/\/circuitodejerez.com\/2026\/01\/26\/el-circuito-de-jerez-angel-nieto-recibio-un-reconocimiento-por-parte-de-la-federacion-andaluza-de-automovilismo-en-la-gala-de-campeones-2025\/#primaryimage\"},\"thumbnailUrl\":\"https:\/\/circuitodejerez.com\/wp-content\/uploads\/2026\/01\/noticia_299.jpg\",\"datePublished\":\"2026-01-26T09:33:46+00:00\",\"dateModified\":\"2026-01-26T09:35:03+00:00\",\"breadcrumb\":{\"@id\":\"https:\/\/circuitodejerez.com\/2026\/01\/26\/el-circuito-de-jerez-angel-nieto-recibio-un-reconocimiento-por-parte-de-la-federacion-andaluza-de-automovilismo-en-la-gala-de-campeones-2025\/#breadcrumb\"},\"inLanguage\":\"en-GB\",\"potentialAction\":[{\"@type\":\"ReadAction\",\"target\":[\"https:\/\/circuitodejerez.com\/2026\/01\/26\/el-circuito-de-jerez-angel-nieto-recibio-un-reconocimiento-por-parte-de-la-federacion-andaluza-de-automovilismo-en-la-gala-de-campeones-2025\/\"]}]},{\"@type\":\"ImageObject\",\"inLanguage\":\"en-GB\",\"@id\":\"https:\/\/circuitodejerez.com\/2026\/01\/26\/el-circuito-de-jerez-angel-nieto-recibio-un-reconocimiento-por-parte-de-la-federacion-andaluza-de-automovilismo-en-la-gala-de-campeones-2025\/#primaryimage\",\"url\":\"https:\/\/circuitodejerez.com\/wp-content\/uploads\/2026\/01\/noticia_299.jpg\",\"contentUrl\":\"https:\/\/circuitodejerez.com\/wp-content\/uploads\/2026\/01\/noticia_299.jpg\",\"width\":1600,\"height\":1066},{\"@type\":\"BreadcrumbList\",\"@id\":\"https:\/\/circuitodejerez.com\/2026\/01\/26\/el-circuito-de-jerez-angel-nieto-recibio-un-reconocimiento-por-parte-de-la-federacion-andaluza-de-automovilismo-en-la-gala-de-campeones-2025\/#breadcrumb\",\"itemListElement\":[{\"@type\":\"ListItem\",\"position\":1,\"name\":\"Portada\",\"item\":\"https:\/\/circuitodejerez.com\/\"},{\"@type\":\"ListItem\",\"position\":2,\"name\":\"El Circuito de Jerez\u2013\u00c1ngel Nieto, recibi\u00f3 un reconocimiento por parte de la Federaci\u00f3n Andaluza de Automovilismo, en la Gala de Campeones 2025\"}]},{\"@type\":\"WebSite\",\"@id\":\"https:\/\/circuitodejerez.com\/#website\",\"url\":\"https:\/\/circuitodejerez.com\/\",\"name\":\"Circuito de Jerez \u00c1ngel Nieto\",\"description\":\"Circuito de Jerez \u00c1ngel Nieto\",\"publisher\":{\"@id\":\"https:\/\/circuitodejerez.com\/#organization\"},\"potentialAction\":[{\"@type\":\"SearchAction\",\"target\":{\"@type\":\"EntryPoint\",\"urlTemplate\":\"https:\/\/circuitodejerez.com\/?s={search_term_string}\"},\"query-input\":\"required name=search_term_string\"}],\"inLanguage\":\"en-GB\"},{\"@type\":\"Organization\",\"@id\":\"https:\/\/circuitodejerez.com\/#organization\",\"name\":\"Circuito de Jerez \u00c1ngel Nieto\",\"url\":\"https:\/\/circuitodejerez.com\/\",\"logo\":{\"@type\":\"ImageObject\",\"inLanguage\":\"en-GB\",\"@id\":\"https:\/\/circuitodejerez.com\/#\/schema\/logo\/image\/\",\"url\":\"https:\/\/circuitodejerez.com\/wp-content\/uploads\/2023\/06\/logo-circuito-jerez.png\",\"contentUrl\":\"https:\/\/circuitodejerez.com\/wp-content\/uploads\/2023\/06\/logo-circuito-jerez.png\",\"width\":556,\"height\":142,\"caption\":\"Circuito de Jerez \u00c1ngel Nieto\"},\"image\":{\"@id\":\"https:\/\/circuitodejerez.com\/#\/schema\/logo\/image\/\"},\"sameAs\":[\"https:\/\/www.facebook.com\/circuitodejerezangelnieto\/\",\"https:\/\/x.com\/circuitodejerez\",\"https:\/\/www.instagram.com\/circuito_de_jerez\/?hl=es\",\"https:\/\/www.youtube.com\/user\/cirjesa\"]},{\"@type\":\"Person\",\"@id\":\"https:\/\/circuitodejerez.com\/#\/schema\/person\/7426c66afad35f522814eb06fb2e213a\",\"name\":\"publyland\",\"sameAs\":[\"https:\/\/circuitoangelnieto.com\"],\"url\":\"https:\/\/circuitodejerez.com\/en\/author\/publyland\/\"}]}<\/script>\n<!-- \/ Yoast SEO plugin. -->","yoast_head_json":{"title":"El Circuito de Jerez\u2013\u00c1ngel Nieto, recibi\u00f3 un reconocimiento por parte de la Federaci\u00f3n Andaluza de Automovilismo, en la Gala de Campeones 2025 - Circuito de Jerez \u00c1ngel Nieto","robots":{"index":"index","follow":"follow","max-snippet":"max-snippet:-1","max-image-preview":"max-image-preview:large","max-video-preview":"max-video-preview:-1"},"canonical":"https:\/\/circuitodejerez.com\/en\/2026\/01\/26\/el-circuito-de-jerez-angel-nieto-recibio-un-reconocimiento-por-parte-de-la-federacion-andaluza-de-automovilismo-en-la-gala-de-campeones-2025\/","og_locale":"en_GB","og_type":"article","og_title":"El Circuito de Jerez\u2013\u00c1ngel Nieto, recibi\u00f3 un reconocimiento por parte de la Federaci\u00f3n Andaluza de Automovilismo, en la Gala de Campeones 2025 - Circuito de Jerez \u00c1ngel Nieto","og_description":"Adem\u00e1s, se distingui\u00f3 a Pablo Fern\u00e1ndez Salado por sus 40 a\u00f1os como responsable del mantenimiento del Circuito, as\u00ed como a","og_url":"https:\/\/circuitodejerez.com\/en\/2026\/01\/26\/el-circuito-de-jerez-angel-nieto-recibio-un-reconocimiento-por-parte-de-la-federacion-andaluza-de-automovilismo-en-la-gala-de-campeones-2025\/","og_site_name":"Circuito de Jerez \u00c1ngel Nieto","article_publisher":"https:\/\/www.facebook.com\/circuitodejerezangelnieto\/","article_published_time":"2026-01-26T09:33:46+00:00","article_modified_time":"2026-01-26T09:35:03+00:00","og_image":[{"width":1600,"height":1066,"url":"https:\/\/circuitodejerez.com\/wp-content\/uploads\/2026\/01\/noticia_299.jpg","type":"image\/jpeg"}],"author":"publyland","twitter_card":"summary_large_image","twitter_creator":"@circuitodejerez","twitter_site":"@circuitodejerez","twitter_misc":{"Written by":"publyland","Estimated reading time":"1 minute"},"schema":{"@context":"https:\/\/schema.org","@graph":[{"@type":"Article","@id":"https:\/\/circuitodejerez.com\/2026\/01\/26\/el-circuito-de-jerez-angel-nieto-recibio-un-reconocimiento-por-parte-de-la-federacion-andaluza-de-automovilismo-en-la-gala-de-campeones-2025\/#article","isPartOf":{"@id":"https:\/\/circuitodejerez.com\/2026\/01\/26\/el-circuito-de-jerez-angel-nieto-recibio-un-reconocimiento-por-parte-de-la-federacion-andaluza-de-automovilismo-en-la-gala-de-campeones-2025\/"},"author":{"name":"publyland","@id":"https:\/\/circuitodejerez.com\/#\/schema\/person\/7426c66afad35f522814eb06fb2e213a"},"headline":"El Circuito de Jerez\u2013\u00c1ngel Nieto, recibi\u00f3 un reconocimiento por parte de la Federaci\u00f3n Andaluza de Automovilismo, en la Gala de Campeones 2025","datePublished":"2026-01-26T09:33:46+00:00","dateModified":"2026-01-26T09:35:03+00:00","mainEntityOfPage":{"@id":"https:\/\/circuitodejerez.com\/2026\/01\/26\/el-circuito-de-jerez-angel-nieto-recibio-un-reconocimiento-por-parte-de-la-federacion-andaluza-de-automovilismo-en-la-gala-de-campeones-2025\/"},"wordCount":313,"publisher":{"@id":"https:\/\/circuitodejerez.com\/#organization"},"image":{"@id":"https:\/\/circuitodejerez.com\/2026\/01\/26\/el-circuito-de-jerez-angel-nieto-recibio-un-reconocimiento-por-parte-de-la-federacion-andaluza-de-automovilismo-en-la-gala-de-campeones-2025\/#primaryimage"},"thumbnailUrl":"https:\/\/circuitodejerez.com\/wp-content\/uploads\/2026\/01\/noticia_299.jpg","articleSection":["Noticias"],"inLanguage":"en-GB"},{"@type":"WebPage","@id":"https:\/\/circuitodejerez.com\/2026\/01\/26\/el-circuito-de-jerez-angel-nieto-recibio-un-reconocimiento-por-parte-de-la-federacion-andaluza-de-automovilismo-en-la-gala-de-campeones-2025\/","url":"https:\/\/circuitodejerez.com\/2026\/01\/26\/el-circuito-de-jerez-angel-nieto-recibio-un-reconocimiento-por-parte-de-la-federacion-andaluza-de-automovilismo-en-la-gala-de-campeones-2025\/","name":"El Circuito de Jerez\u2013\u00c1ngel Nieto, recibi\u00f3 un reconocimiento por parte de la Federaci\u00f3n Andaluza de Automovilismo, en la Gala de Campeones 2025 - Circuito de Jerez \u00c1ngel Nieto","isPartOf":{"@id":"https:\/\/circuitodejerez.com\/#website"},"primaryImageOfPage":{"@id":"https:\/\/circuitodejerez.com\/2026\/01\/26\/el-circuito-de-jerez-angel-nieto-recibio-un-reconocimiento-por-parte-de-la-federacion-andaluza-de-automovilismo-en-la-gala-de-campeones-2025\/#primaryimage"},"image":{"@id":"https:\/\/circuitodejerez.com\/2026\/01\/26\/el-circuito-de-jerez-angel-nieto-recibio-un-reconocimiento-por-parte-de-la-federacion-andaluza-de-automovilismo-en-la-gala-de-campeones-2025\/#primaryimage"},"thumbnailUrl":"https:\/\/circuitodejerez.com\/wp-content\/uploads\/2026\/01\/noticia_299.jpg","datePublished":"2026-01-26T09:33:46+00:00","dateModified":"2026-01-26T09:35:03+00:00","breadcrumb":{"@id":"https:\/\/circuitodejerez.com\/2026\/01\/26\/el-circuito-de-jerez-angel-nieto-recibio-un-reconocimiento-por-parte-de-la-federacion-andaluza-de-automovilismo-en-la-gala-de-campeones-2025\/#breadcrumb"},"inLanguage":"en-GB","potentialAction":[{"@type":"ReadAction","target":["https:\/\/circuitodejerez.com\/2026\/01\/26\/el-circuito-de-jerez-angel-nieto-recibio-un-reconocimiento-por-parte-de-la-federacion-andaluza-de-automovilismo-en-la-gala-de-campeones-2025\/"]}]},{"@type":"ImageObject","inLanguage":"en-GB","@id":"https:\/\/circuitodejerez.com\/2026\/01\/26\/el-circuito-de-jerez-angel-nieto-recibio-un-reconocimiento-por-parte-de-la-federacion-andaluza-de-automovilismo-en-la-gala-de-campeones-2025\/#primaryimage","url":"https:\/\/circuitodejerez.com\/wp-content\/uploads\/2026\/01\/noticia_299.jpg","contentUrl":"https:\/\/circuitodejerez.com\/wp-content\/uploads\/2026\/01\/noticia_299.jpg","width":1600,"height":1066},{"@type":"BreadcrumbList","@id":"https:\/\/circuitodejerez.com\/2026\/01\/26\/el-circuito-de-jerez-angel-nieto-recibio-un-reconocimiento-por-parte-de-la-federacion-andaluza-de-automovilismo-en-la-gala-de-campeones-2025\/#breadcrumb","itemListElement":[{"@type":"ListItem","position":1,"name":"Portada","item":"https:\/\/circuitodejerez.com\/"},{"@type":"ListItem","position":2,"name":"El Circuito de Jerez\u2013\u00c1ngel Nieto, recibi\u00f3 un reconocimiento por parte de la Federaci\u00f3n Andaluza de Automovilismo, en la Gala de Campeones 2025"}]},{"@type":"WebSite","@id":"https:\/\/circuitodejerez.com\/#website","url":"https:\/\/circuitodejerez.com\/","name":"Circuito de Jerez \u00c1ngel Nieto","description":"Circuito de Jerez \u00c1ngel Nieto","publisher":{"@id":"https:\/\/circuitodejerez.com\/#organization"},"potentialAction":[{"@type":"SearchAction","target":{"@type":"EntryPoint","urlTemplate":"https:\/\/circuitodejerez.com\/?s={search_term_string}"},"query-input":"required name=search_term_string"}],"inLanguage":"en-GB"},{"@type":"Organization","@id":"https:\/\/circuitodejerez.com\/#organization","name":"Circuito de Jerez \u00c1ngel Nieto","url":"https:\/\/circuitodejerez.com\/","logo":{"@type":"ImageObject","inLanguage":"en-GB","@id":"https:\/\/circuitodejerez.com\/#\/schema\/logo\/image\/","url":"https:\/\/circuitodejerez.com\/wp-content\/uploads\/2023\/06\/logo-circuito-jerez.png","contentUrl":"https:\/\/circuitodejerez.com\/wp-content\/uploads\/2023\/06\/logo-circuito-jerez.png","width":556,"height":142,"caption":"Circuito de Jerez \u00c1ngel Nieto"},"image":{"@id":"https:\/\/circuitodejerez.com\/#\/schema\/logo\/image\/"},"sameAs":["https:\/\/www.facebook.com\/circuitodejerezangelnieto\/","https:\/\/x.com\/circuitodejerez","https:\/\/www.instagram.com\/circuito_de_jerez\/?hl=es","https:\/\/www.youtube.com\/user\/cirjesa"]},{"@type":"Person","@id":"https:\/\/circuitodejerez.com\/#\/schema\/person\/7426c66afad35f522814eb06fb2e213a","name":"publyland","sameAs":["https:\/\/circuitoangelnieto.com"],"url":"https:\/\/circuitodejerez.com\/en\/author\/publyland\/"}]}},"_links":{"self":[{"href":"https:\/\/circuitodejerez.com\/en\/wp-json\/wp\/v2\/posts\/39366","targetHints":{"allow":["GET"]}}],"collection":[{"href":"https:\/\/circuitodejerez.com\/en\/wp-json\/wp\/v2\/posts"}],"about":[{"href":"https:\/\/circuitodejerez.com\/en\/wp-json\/wp\/v2\/types\/post"}],"author":[{"embeddable":true,"href":"https:\/\/circuitodejerez.com\/en\/wp-json\/wp\/v2\/users\/1"}],"replies":[{"embeddable":true,"href":"https:\/\/circuitodejerez.com\/en\/wp-json\/wp\/v2\/comments?post=39366"}],"version-history":[{"count":2,"href":"https:\/\/circuitodejerez.com\/en\/wp-json\/wp\/v2\/posts\/39366\/revisions"}],"predecessor-version":[{"id":39369,"href":"https:\/\/circuitodejerez.com\/en\/wp-json\/wp\/v2\/posts\/39366\/revisions\/39369"}],"wp:featuredmedia":[{"embeddable":true,"href":"https:\/\/circuitodejerez.com\/en\/wp-json\/wp\/v2\/media\/39367"}],"wp:attachment":[{"href":"https:\/\/circuitodejerez.com\/en\/wp-json\/wp\/v2\/media?parent=39366"}],"wp:term":[{"taxonomy":"category","embeddable":true,"href":"https:\/\/circuitodejerez.com\/en\/wp-json\/wp\/v2\/categories?post=39366"},{"taxonomy":"post_tag","embeddable":true,"href":"https:\/\/circuitodejerez.com\/en\/wp-json\/wp\/v2\/tags?post=39366"}],"curies":[{"name":"wp","href":"https:\/\/api.w.org\/{rel}","templated":true}]}}