{"id":39425,"date":"2026-02-14T17:58:32","date_gmt":"2026-02-14T16:58:32","guid":{"rendered":"https:\/\/circuitodejerez.com\/2026\/02\/14\/moto3-vuelve-en-jerez-a-la-actividad-en-pista-acompanado-por-un-esplendido-sol-y-numerosa-aficion-que-ha-seguido-el-desarrollo-de-estas-pruebas-desde-la-tribuna-x1\/"},"modified":"2026-02-14T17:59:38","modified_gmt":"2026-02-14T16:59:38","slug":"moto3-vuelve-en-jerez-a-la-actividad-en-pista-acompanado-por-un-esplendido-sol-y-numerosa-aficion-que-ha-seguido-el-desarrollo-de-estas-pruebas-desde-la-tribuna-x1","status":"publish","type":"post","link":"https:\/\/circuitodejerez.com\/en\/2026\/02\/14\/moto3-vuelve-en-jerez-a-la-actividad-en-pista-acompanado-por-un-esplendido-sol-y-numerosa-aficion-que-ha-seguido-el-desarrollo-de-estas-pruebas-desde-la-tribuna-x1\/","title":{"rendered":"Moto3\u2122 vuelve en Jerez a la actividad en pista acompa\u00f1ado por un espl\u00e9ndido sol y numerosa afici\u00f3n que ha seguido el desarrollo de estas pruebas desde la tribuna X1"},"content":{"rendered":"<p><img loading=\"lazy\" decoding=\"async\" style=\"display:none;\" class=\"alignnone size-medium\" src=\"https:\/\/gestorapp.circuitoangelnieto.com\/\/uploads\/noticias\/noticia_302.jpg\" width=\"600\" height=\"409\" \/>El espa\u00f1ol Alvaro Carpe (Red Bull KTM Ajo) fue el m\u00e1s r\u00e1pido de la jornada<\/p>\n<p><b>14 de febrero de 2026.<\/b> No pod\u00eda haber un escenario m\u00e1s id\u00edlico para el inicio de la pretemporada oficial de Moto3. En pleno ecuador de febrero, el Circuito de Jerez-\u00c1ngel Nieto ha abierto hoy sus puertas para recibir a la categor\u00eda peque\u00f1a del mundial MotoGP en una jornada marcada por el reencuentro con el sol que tan escasamente ha sido visto por estos lares en el \u00faltimo mes y medio.<\/p>\n<p>Y es que, tras semanas de cielos cubiertos, lluvias persistentes que parec\u00edan no tener fin, el sol decid\u00eda sumarse a la fiesta del motociclismo y acompa\u00f1ar la primera jornada de test oficial Moto3 convirti\u00e9ndose en el reclamo perfecto para un p\u00fablico que, en buen n\u00famero presente en la grada X-1, segu\u00eda el desarrollo de esta primera sesi\u00f3n soleada, aunque con ambiente fr\u00edo. Un cap\u00edtulo especial de San Valentin que viv\u00edamos hoy entre la afici\u00f3n y el motociclismo que demuestra que el idilio de los aficionados con las dos ruedas sigue intacto.<\/p>\n<p>Una primera jornada que serv\u00eda a los pilotos para retomar el contacto con la moto y recuperar sensaciones. Tambi\u00e9n para comprobar donde est\u00e1 el resto de la parrilla a tenor de los tiempos marcados y vislumbrar quienes ser\u00e1n los pilotos que en 2026 pueden marcar la pauta. Probar neum\u00e1ticos, ajustar posiciones de estriberas, semimanillares, asiento, etc.. Forman parte igualmente de las actividades desarrolladas en este primer d\u00eda tras meses sin rodar en la moto oficial.&nbsp;<\/p>\n<p>26 pilotos sal\u00edan hoy a rodar en el asfalto jerezano, de entre ellos, nueve pilotos espa\u00f1oles, y dos concretamente andaluces, el sevillano David Mu\u00f1oz que encara su quinta temporada en la categor\u00eda, segunda con el Liqui Moly Intact, equipo con el que lograba el a\u00f1o pasado su primera victoria mundialista, y el marbell\u00ed Jes\u00fas Rios que afronta su primera temporada completa en esta clase tras debutar el a\u00f1o pasado como sustituto por lesi\u00f3n del piloto oficial. Mu\u00f1oz finalizaba la jornada en la d\u00e9cimo segunda posici\u00f3n con un tiempo de 1.45.658, mientras Rios lo hac\u00eda d\u00e9cimo quinto con 1.45.951.<\/p>\n<p>Una primera jornada que ha sido productiva para los pilotos por las numerosas vueltas que han completado, y tambi\u00e9n r\u00e1pida para las fechas en las que nos encontramos donde la temperatura ambiente y del asfalto no son las mismas que a buen seguro encontrar\u00e1n en el Gran Premio a finales de abril. Aun as\u00ed, rodar en pleno febrero a poco m\u00e1s de cinco d\u00e9cimas de la mejor referencia de la categor\u00eda (1.44.352) en poder del actual campe\u00f3n del mundo de Moto3, el sevillano Jos\u00e9 Antonio Rueda, es un buen preludio de lo que puede deparar la categor\u00eda en este mismo escenario en poco m\u00e1s de dos meses.&nbsp;<\/p>\n<p>En la \u00faltima media hora de la jornada, era el piloto espa\u00f1ol del KTJ Ajo Motorsport, Alvaro Carpe quien marcaba el mejor tiempo del d\u00eda con 1.44.980, siendo el \u00fanico piloto capaz de bajar a este segundo. El italiano Guido Pini (Leopard Racing) se situaba a continuaci\u00f3n con 1.45.044, seguido por el brit\u00e1nico Scott Ogden que paraba el crono en 1.45.157. Marco Morelli era cuarto con 1.45.162 seguido por David Almansa en la quinta plaza tras el cual se situaba uno de los favoritos de la categor\u00eda, el tambi\u00e9n espa\u00f1ol M\u00e1ximo Quiles que fue sexto, con Adri\u00e1n Fern\u00e1ndez en la octava plaza.<\/p>\n<p>Ma\u00f1ana domingo, segunda y \u00faltima sesi\u00f3n para esta categor\u00eda que dar\u00e1 paso lunes y martes a la clase de Moto2.<\/p>\n<p>&nbsp;   <\/p>\n<p><img loading=\"lazy\" decoding=\"async\" style=\"width: 100%;\" class=\"alignnone size-medium\" src=\"https:\/\/gestorapp.circuitoangelnieto.com\/\/uploads\/noticias\/noticia_destacada_302.jpg\" width=\"600\" height=\"409\" \/><\/p>","protected":false},"excerpt":{"rendered":"<p>El espa\u00f1ol Alvaro Carpe (Red Bull KTM Ajo) fue el m\u00e1s r\u00e1pido de la jornada 14 de febrero de 2026.<\/p>","protected":false},"author":1,"featured_media":39426,"comment_status":"closed","ping_status":"","sticky":false,"template":"","format":"standard","meta":{"footnotes":""},"categories":[2],"tags":[],"class_list":["post-39425","post","type-post","status-publish","format-standard","has-post-thumbnail","hentry","category-noticias"],"yoast_head":"<!-- This site is optimized with the Yoast SEO plugin v22.5 - https:\/\/yoast.com\/wordpress\/plugins\/seo\/ -->\n<title>Moto3\u2122 vuelve en Jerez a la actividad en pista acompa\u00f1ado por un espl\u00e9ndido sol y numerosa afici\u00f3n que ha seguido el desarrollo de estas pruebas desde la tribuna X1 - Circuito de Jerez \u00c1ngel Nieto<\/title>\n<meta name=\"robots\" content=\"index, follow, max-snippet:-1, max-image-preview:large, max-video-preview:-1\" \/>\n<link rel=\"canonical\" href=\"https:\/\/circuitodejerez.com\/en\/2026\/02\/14\/moto3-vuelve-en-jerez-a-la-actividad-en-pista-acompanado-por-un-esplendido-sol-y-numerosa-aficion-que-ha-seguido-el-desarrollo-de-estas-pruebas-desde-la-tribuna-x1\/\" \/>\n<meta property=\"og:locale\" content=\"en_GB\" \/>\n<meta property=\"og:type\" content=\"article\" \/>\n<meta property=\"og:title\" content=\"Moto3\u2122 vuelve en Jerez a la actividad en pista acompa\u00f1ado por un espl\u00e9ndido sol y numerosa afici\u00f3n que ha seguido el desarrollo de estas pruebas desde la tribuna X1 - Circuito de Jerez \u00c1ngel Nieto\" \/>\n<meta property=\"og:description\" content=\"El espa\u00f1ol Alvaro Carpe (Red Bull KTM Ajo) fue el m\u00e1s r\u00e1pido de la jornada 14 de febrero de 2026.\" \/>\n<meta property=\"og:url\" content=\"https:\/\/circuitodejerez.com\/en\/2026\/02\/14\/moto3-vuelve-en-jerez-a-la-actividad-en-pista-acompanado-por-un-esplendido-sol-y-numerosa-aficion-que-ha-seguido-el-desarrollo-de-estas-pruebas-desde-la-tribuna-x1\/\" \/>\n<meta property=\"og:site_name\" content=\"Circuito de Jerez \u00c1ngel Nieto\" \/>\n<meta property=\"article:publisher\" content=\"https:\/\/www.facebook.com\/circuitodejerezangelnieto\/\" \/>\n<meta property=\"article:published_time\" content=\"2026-02-14T16:58:32+00:00\" \/>\n<meta property=\"article:modified_time\" content=\"2026-02-14T16:59:38+00:00\" \/>\n<meta property=\"og:image\" content=\"https:\/\/circuitodejerez.com\/wp-content\/uploads\/2026\/02\/noticia_302-scaled.jpg\" \/>\n\t<meta property=\"og:image:width\" content=\"2560\" \/>\n\t<meta property=\"og:image:height\" content=\"2560\" \/>\n\t<meta property=\"og:image:type\" content=\"image\/jpeg\" \/>\n<meta name=\"author\" content=\"publyland\" \/>\n<meta name=\"twitter:card\" content=\"summary_large_image\" \/>\n<meta name=\"twitter:creator\" content=\"@circuitodejerez\" \/>\n<meta name=\"twitter:site\" content=\"@circuitodejerez\" \/>\n<meta name=\"twitter:label1\" content=\"Written by\" \/>\n\t<meta name=\"twitter:data1\" content=\"publyland\" \/>\n\t<meta name=\"twitter:label2\" content=\"Estimated reading time\" \/>\n\t<meta name=\"twitter:data2\" content=\"3 minutes\" \/>\n<script type=\"application\/ld+json\" class=\"yoast-schema-graph\">{\"@context\":\"https:\/\/schema.org\",\"@graph\":[{\"@type\":\"Article\",\"@id\":\"https:\/\/circuitodejerez.com\/2026\/02\/14\/moto3-vuelve-en-jerez-a-la-actividad-en-pista-acompanado-por-un-esplendido-sol-y-numerosa-aficion-que-ha-seguido-el-desarrollo-de-estas-pruebas-desde-la-tribuna-x1\/#article\",\"isPartOf\":{\"@id\":\"https:\/\/circuitodejerez.com\/2026\/02\/14\/moto3-vuelve-en-jerez-a-la-actividad-en-pista-acompanado-por-un-esplendido-sol-y-numerosa-aficion-que-ha-seguido-el-desarrollo-de-estas-pruebas-desde-la-tribuna-x1\/\"},\"author\":{\"name\":\"publyland\",\"@id\":\"https:\/\/circuitodejerez.com\/#\/schema\/person\/7426c66afad35f522814eb06fb2e213a\"},\"headline\":\"Moto3\u2122 vuelve en Jerez a la actividad en pista acompa\u00f1ado por un espl\u00e9ndido sol y numerosa afici\u00f3n que ha seguido el desarrollo de estas pruebas desde la tribuna X1\",\"datePublished\":\"2026-02-14T16:58:32+00:00\",\"dateModified\":\"2026-02-14T16:59:38+00:00\",\"mainEntityOfPage\":{\"@id\":\"https:\/\/circuitodejerez.com\/2026\/02\/14\/moto3-vuelve-en-jerez-a-la-actividad-en-pista-acompanado-por-un-esplendido-sol-y-numerosa-aficion-que-ha-seguido-el-desarrollo-de-estas-pruebas-desde-la-tribuna-x1\/\"},\"wordCount\":663,\"publisher\":{\"@id\":\"https:\/\/circuitodejerez.com\/#organization\"},\"image\":{\"@id\":\"https:\/\/circuitodejerez.com\/2026\/02\/14\/moto3-vuelve-en-jerez-a-la-actividad-en-pista-acompanado-por-un-esplendido-sol-y-numerosa-aficion-que-ha-seguido-el-desarrollo-de-estas-pruebas-desde-la-tribuna-x1\/#primaryimage\"},\"thumbnailUrl\":\"https:\/\/circuitodejerez.com\/wp-content\/uploads\/2026\/02\/noticia_302-scaled.jpg\",\"articleSection\":[\"Noticias\"],\"inLanguage\":\"en-GB\"},{\"@type\":\"WebPage\",\"@id\":\"https:\/\/circuitodejerez.com\/2026\/02\/14\/moto3-vuelve-en-jerez-a-la-actividad-en-pista-acompanado-por-un-esplendido-sol-y-numerosa-aficion-que-ha-seguido-el-desarrollo-de-estas-pruebas-desde-la-tribuna-x1\/\",\"url\":\"https:\/\/circuitodejerez.com\/2026\/02\/14\/moto3-vuelve-en-jerez-a-la-actividad-en-pista-acompanado-por-un-esplendido-sol-y-numerosa-aficion-que-ha-seguido-el-desarrollo-de-estas-pruebas-desde-la-tribuna-x1\/\",\"name\":\"Moto3\u2122 vuelve en Jerez a la actividad en pista acompa\u00f1ado por un espl\u00e9ndido sol y numerosa afici\u00f3n que ha seguido el desarrollo de estas pruebas desde la tribuna X1 - Circuito de Jerez \u00c1ngel Nieto\",\"isPartOf\":{\"@id\":\"https:\/\/circuitodejerez.com\/#website\"},\"primaryImageOfPage\":{\"@id\":\"https:\/\/circuitodejerez.com\/2026\/02\/14\/moto3-vuelve-en-jerez-a-la-actividad-en-pista-acompanado-por-un-esplendido-sol-y-numerosa-aficion-que-ha-seguido-el-desarrollo-de-estas-pruebas-desde-la-tribuna-x1\/#primaryimage\"},\"image\":{\"@id\":\"https:\/\/circuitodejerez.com\/2026\/02\/14\/moto3-vuelve-en-jerez-a-la-actividad-en-pista-acompanado-por-un-esplendido-sol-y-numerosa-aficion-que-ha-seguido-el-desarrollo-de-estas-pruebas-desde-la-tribuna-x1\/#primaryimage\"},\"thumbnailUrl\":\"https:\/\/circuitodejerez.com\/wp-content\/uploads\/2026\/02\/noticia_302-scaled.jpg\",\"datePublished\":\"2026-02-14T16:58:32+00:00\",\"dateModified\":\"2026-02-14T16:59:38+00:00\",\"breadcrumb\":{\"@id\":\"https:\/\/circuitodejerez.com\/2026\/02\/14\/moto3-vuelve-en-jerez-a-la-actividad-en-pista-acompanado-por-un-esplendido-sol-y-numerosa-aficion-que-ha-seguido-el-desarrollo-de-estas-pruebas-desde-la-tribuna-x1\/#breadcrumb\"},\"inLanguage\":\"en-GB\",\"potentialAction\":[{\"@type\":\"ReadAction\",\"target\":[\"https:\/\/circuitodejerez.com\/2026\/02\/14\/moto3-vuelve-en-jerez-a-la-actividad-en-pista-acompanado-por-un-esplendido-sol-y-numerosa-aficion-que-ha-seguido-el-desarrollo-de-estas-pruebas-desde-la-tribuna-x1\/\"]}]},{\"@type\":\"ImageObject\",\"inLanguage\":\"en-GB\",\"@id\":\"https:\/\/circuitodejerez.com\/2026\/02\/14\/moto3-vuelve-en-jerez-a-la-actividad-en-pista-acompanado-por-un-esplendido-sol-y-numerosa-aficion-que-ha-seguido-el-desarrollo-de-estas-pruebas-desde-la-tribuna-x1\/#primaryimage\",\"url\":\"https:\/\/circuitodejerez.com\/wp-content\/uploads\/2026\/02\/noticia_302-scaled.jpg\",\"contentUrl\":\"https:\/\/circuitodejerez.com\/wp-content\/uploads\/2026\/02\/noticia_302-scaled.jpg\",\"width\":2560,\"height\":2560,\"caption\":\"DAVID MU\u00d1OZ\"},{\"@type\":\"BreadcrumbList\",\"@id\":\"https:\/\/circuitodejerez.com\/2026\/02\/14\/moto3-vuelve-en-jerez-a-la-actividad-en-pista-acompanado-por-un-esplendido-sol-y-numerosa-aficion-que-ha-seguido-el-desarrollo-de-estas-pruebas-desde-la-tribuna-x1\/#breadcrumb\",\"itemListElement\":[{\"@type\":\"ListItem\",\"position\":1,\"name\":\"Portada\",\"item\":\"https:\/\/circuitodejerez.com\/\"},{\"@type\":\"ListItem\",\"position\":2,\"name\":\"Moto3\u2122 vuelve en Jerez a la actividad en pista acompa\u00f1ado por un espl\u00e9ndido sol y numerosa afici\u00f3n que ha seguido el desarrollo de estas pruebas desde la tribuna X1\"}]},{\"@type\":\"WebSite\",\"@id\":\"https:\/\/circuitodejerez.com\/#website\",\"url\":\"https:\/\/circuitodejerez.com\/\",\"name\":\"Circuito de Jerez \u00c1ngel Nieto\",\"description\":\"Circuito de Jerez \u00c1ngel Nieto\",\"publisher\":{\"@id\":\"https:\/\/circuitodejerez.com\/#organization\"},\"potentialAction\":[{\"@type\":\"SearchAction\",\"target\":{\"@type\":\"EntryPoint\",\"urlTemplate\":\"https:\/\/circuitodejerez.com\/?s={search_term_string}\"},\"query-input\":\"required name=search_term_string\"}],\"inLanguage\":\"en-GB\"},{\"@type\":\"Organization\",\"@id\":\"https:\/\/circuitodejerez.com\/#organization\",\"name\":\"Circuito de Jerez \u00c1ngel Nieto\",\"url\":\"https:\/\/circuitodejerez.com\/\",\"logo\":{\"@type\":\"ImageObject\",\"inLanguage\":\"en-GB\",\"@id\":\"https:\/\/circuitodejerez.com\/#\/schema\/logo\/image\/\",\"url\":\"https:\/\/circuitodejerez.com\/wp-content\/uploads\/2023\/06\/logo-circuito-jerez.png\",\"contentUrl\":\"https:\/\/circuitodejerez.com\/wp-content\/uploads\/2023\/06\/logo-circuito-jerez.png\",\"width\":556,\"height\":142,\"caption\":\"Circuito de Jerez \u00c1ngel Nieto\"},\"image\":{\"@id\":\"https:\/\/circuitodejerez.com\/#\/schema\/logo\/image\/\"},\"sameAs\":[\"https:\/\/www.facebook.com\/circuitodejerezangelnieto\/\",\"https:\/\/x.com\/circuitodejerez\",\"https:\/\/www.instagram.com\/circuito_de_jerez\/?hl=es\",\"https:\/\/www.youtube.com\/user\/cirjesa\"]},{\"@type\":\"Person\",\"@id\":\"https:\/\/circuitodejerez.com\/#\/schema\/person\/7426c66afad35f522814eb06fb2e213a\",\"name\":\"publyland\",\"sameAs\":[\"https:\/\/circuitoangelnieto.com\"],\"url\":\"https:\/\/circuitodejerez.com\/en\/author\/publyland\/\"}]}<\/script>\n<!-- \/ Yoast SEO plugin. -->","yoast_head_json":{"title":"Moto3\u2122 vuelve en Jerez a la actividad en pista acompa\u00f1ado por un espl\u00e9ndido sol y numerosa afici\u00f3n que ha seguido el desarrollo de estas pruebas desde la tribuna X1 - Circuito de Jerez \u00c1ngel Nieto","robots":{"index":"index","follow":"follow","max-snippet":"max-snippet:-1","max-image-preview":"max-image-preview:large","max-video-preview":"max-video-preview:-1"},"canonical":"https:\/\/circuitodejerez.com\/en\/2026\/02\/14\/moto3-vuelve-en-jerez-a-la-actividad-en-pista-acompanado-por-un-esplendido-sol-y-numerosa-aficion-que-ha-seguido-el-desarrollo-de-estas-pruebas-desde-la-tribuna-x1\/","og_locale":"en_GB","og_type":"article","og_title":"Moto3\u2122 vuelve en Jerez a la actividad en pista acompa\u00f1ado por un espl\u00e9ndido sol y numerosa afici\u00f3n que ha seguido el desarrollo de estas pruebas desde la tribuna X1 - Circuito de Jerez \u00c1ngel Nieto","og_description":"El espa\u00f1ol Alvaro Carpe (Red Bull KTM Ajo) fue el m\u00e1s r\u00e1pido de la jornada 14 de febrero de 2026.","og_url":"https:\/\/circuitodejerez.com\/en\/2026\/02\/14\/moto3-vuelve-en-jerez-a-la-actividad-en-pista-acompanado-por-un-esplendido-sol-y-numerosa-aficion-que-ha-seguido-el-desarrollo-de-estas-pruebas-desde-la-tribuna-x1\/","og_site_name":"Circuito de Jerez \u00c1ngel Nieto","article_publisher":"https:\/\/www.facebook.com\/circuitodejerezangelnieto\/","article_published_time":"2026-02-14T16:58:32+00:00","article_modified_time":"2026-02-14T16:59:38+00:00","og_image":[{"width":2560,"height":2560,"url":"https:\/\/circuitodejerez.com\/wp-content\/uploads\/2026\/02\/noticia_302-scaled.jpg","type":"image\/jpeg"}],"author":"publyland","twitter_card":"summary_large_image","twitter_creator":"@circuitodejerez","twitter_site":"@circuitodejerez","twitter_misc":{"Written by":"publyland","Estimated reading time":"3 minutes"},"schema":{"@context":"https:\/\/schema.org","@graph":[{"@type":"Article","@id":"https:\/\/circuitodejerez.com\/2026\/02\/14\/moto3-vuelve-en-jerez-a-la-actividad-en-pista-acompanado-por-un-esplendido-sol-y-numerosa-aficion-que-ha-seguido-el-desarrollo-de-estas-pruebas-desde-la-tribuna-x1\/#article","isPartOf":{"@id":"https:\/\/circuitodejerez.com\/2026\/02\/14\/moto3-vuelve-en-jerez-a-la-actividad-en-pista-acompanado-por-un-esplendido-sol-y-numerosa-aficion-que-ha-seguido-el-desarrollo-de-estas-pruebas-desde-la-tribuna-x1\/"},"author":{"name":"publyland","@id":"https:\/\/circuitodejerez.com\/#\/schema\/person\/7426c66afad35f522814eb06fb2e213a"},"headline":"Moto3\u2122 vuelve en Jerez a la actividad en pista acompa\u00f1ado por un espl\u00e9ndido sol y numerosa afici\u00f3n que ha seguido el desarrollo de estas pruebas desde la tribuna X1","datePublished":"2026-02-14T16:58:32+00:00","dateModified":"2026-02-14T16:59:38+00:00","mainEntityOfPage":{"@id":"https:\/\/circuitodejerez.com\/2026\/02\/14\/moto3-vuelve-en-jerez-a-la-actividad-en-pista-acompanado-por-un-esplendido-sol-y-numerosa-aficion-que-ha-seguido-el-desarrollo-de-estas-pruebas-desde-la-tribuna-x1\/"},"wordCount":663,"publisher":{"@id":"https:\/\/circuitodejerez.com\/#organization"},"image":{"@id":"https:\/\/circuitodejerez.com\/2026\/02\/14\/moto3-vuelve-en-jerez-a-la-actividad-en-pista-acompanado-por-un-esplendido-sol-y-numerosa-aficion-que-ha-seguido-el-desarrollo-de-estas-pruebas-desde-la-tribuna-x1\/#primaryimage"},"thumbnailUrl":"https:\/\/circuitodejerez.com\/wp-content\/uploads\/2026\/02\/noticia_302-scaled.jpg","articleSection":["Noticias"],"inLanguage":"en-GB"},{"@type":"WebPage","@id":"https:\/\/circuitodejerez.com\/2026\/02\/14\/moto3-vuelve-en-jerez-a-la-actividad-en-pista-acompanado-por-un-esplendido-sol-y-numerosa-aficion-que-ha-seguido-el-desarrollo-de-estas-pruebas-desde-la-tribuna-x1\/","url":"https:\/\/circuitodejerez.com\/2026\/02\/14\/moto3-vuelve-en-jerez-a-la-actividad-en-pista-acompanado-por-un-esplendido-sol-y-numerosa-aficion-que-ha-seguido-el-desarrollo-de-estas-pruebas-desde-la-tribuna-x1\/","name":"Moto3\u2122 vuelve en Jerez a la actividad en pista acompa\u00f1ado por un espl\u00e9ndido sol y numerosa afici\u00f3n que ha seguido el desarrollo de estas pruebas desde la tribuna X1 - Circuito de Jerez \u00c1ngel Nieto","isPartOf":{"@id":"https:\/\/circuitodejerez.com\/#website"},"primaryImageOfPage":{"@id":"https:\/\/circuitodejerez.com\/2026\/02\/14\/moto3-vuelve-en-jerez-a-la-actividad-en-pista-acompanado-por-un-esplendido-sol-y-numerosa-aficion-que-ha-seguido-el-desarrollo-de-estas-pruebas-desde-la-tribuna-x1\/#primaryimage"},"image":{"@id":"https:\/\/circuitodejerez.com\/2026\/02\/14\/moto3-vuelve-en-jerez-a-la-actividad-en-pista-acompanado-por-un-esplendido-sol-y-numerosa-aficion-que-ha-seguido-el-desarrollo-de-estas-pruebas-desde-la-tribuna-x1\/#primaryimage"},"thumbnailUrl":"https:\/\/circuitodejerez.com\/wp-content\/uploads\/2026\/02\/noticia_302-scaled.jpg","datePublished":"2026-02-14T16:58:32+00:00","dateModified":"2026-02-14T16:59:38+00:00","breadcrumb":{"@id":"https:\/\/circuitodejerez.com\/2026\/02\/14\/moto3-vuelve-en-jerez-a-la-actividad-en-pista-acompanado-por-un-esplendido-sol-y-numerosa-aficion-que-ha-seguido-el-desarrollo-de-estas-pruebas-desde-la-tribuna-x1\/#breadcrumb"},"inLanguage":"en-GB","potentialAction":[{"@type":"ReadAction","target":["https:\/\/circuitodejerez.com\/2026\/02\/14\/moto3-vuelve-en-jerez-a-la-actividad-en-pista-acompanado-por-un-esplendido-sol-y-numerosa-aficion-que-ha-seguido-el-desarrollo-de-estas-pruebas-desde-la-tribuna-x1\/"]}]},{"@type":"ImageObject","inLanguage":"en-GB","@id":"https:\/\/circuitodejerez.com\/2026\/02\/14\/moto3-vuelve-en-jerez-a-la-actividad-en-pista-acompanado-por-un-esplendido-sol-y-numerosa-aficion-que-ha-seguido-el-desarrollo-de-estas-pruebas-desde-la-tribuna-x1\/#primaryimage","url":"https:\/\/circuitodejerez.com\/wp-content\/uploads\/2026\/02\/noticia_302-scaled.jpg","contentUrl":"https:\/\/circuitodejerez.com\/wp-content\/uploads\/2026\/02\/noticia_302-scaled.jpg","width":2560,"height":2560,"caption":"DAVID MU\u00d1OZ"},{"@type":"BreadcrumbList","@id":"https:\/\/circuitodejerez.com\/2026\/02\/14\/moto3-vuelve-en-jerez-a-la-actividad-en-pista-acompanado-por-un-esplendido-sol-y-numerosa-aficion-que-ha-seguido-el-desarrollo-de-estas-pruebas-desde-la-tribuna-x1\/#breadcrumb","itemListElement":[{"@type":"ListItem","position":1,"name":"Portada","item":"https:\/\/circuitodejerez.com\/"},{"@type":"ListItem","position":2,"name":"Moto3\u2122 vuelve en Jerez a la actividad en pista acompa\u00f1ado por un espl\u00e9ndido sol y numerosa afici\u00f3n que ha seguido el desarrollo de estas pruebas desde la tribuna X1"}]},{"@type":"WebSite","@id":"https:\/\/circuitodejerez.com\/#website","url":"https:\/\/circuitodejerez.com\/","name":"Circuito de Jerez \u00c1ngel Nieto","description":"Circuito de Jerez \u00c1ngel Nieto","publisher":{"@id":"https:\/\/circuitodejerez.com\/#organization"},"potentialAction":[{"@type":"SearchAction","target":{"@type":"EntryPoint","urlTemplate":"https:\/\/circuitodejerez.com\/?s={search_term_string}"},"query-input":"required name=search_term_string"}],"inLanguage":"en-GB"},{"@type":"Organization","@id":"https:\/\/circuitodejerez.com\/#organization","name":"Circuito de Jerez \u00c1ngel Nieto","url":"https:\/\/circuitodejerez.com\/","logo":{"@type":"ImageObject","inLanguage":"en-GB","@id":"https:\/\/circuitodejerez.com\/#\/schema\/logo\/image\/","url":"https:\/\/circuitodejerez.com\/wp-content\/uploads\/2023\/06\/logo-circuito-jerez.png","contentUrl":"https:\/\/circuitodejerez.com\/wp-content\/uploads\/2023\/06\/logo-circuito-jerez.png","width":556,"height":142,"caption":"Circuito de Jerez \u00c1ngel Nieto"},"image":{"@id":"https:\/\/circuitodejerez.com\/#\/schema\/logo\/image\/"},"sameAs":["https:\/\/www.facebook.com\/circuitodejerezangelnieto\/","https:\/\/x.com\/circuitodejerez","https:\/\/www.instagram.com\/circuito_de_jerez\/?hl=es","https:\/\/www.youtube.com\/user\/cirjesa"]},{"@type":"Person","@id":"https:\/\/circuitodejerez.com\/#\/schema\/person\/7426c66afad35f522814eb06fb2e213a","name":"publyland","sameAs":["https:\/\/circuitoangelnieto.com"],"url":"https:\/\/circuitodejerez.com\/en\/author\/publyland\/"}]}},"_links":{"self":[{"href":"https:\/\/circuitodejerez.com\/en\/wp-json\/wp\/v2\/posts\/39425","targetHints":{"allow":["GET"]}}],"collection":[{"href":"https:\/\/circuitodejerez.com\/en\/wp-json\/wp\/v2\/posts"}],"about":[{"href":"https:\/\/circuitodejerez.com\/en\/wp-json\/wp\/v2\/types\/post"}],"author":[{"embeddable":true,"href":"https:\/\/circuitodejerez.com\/en\/wp-json\/wp\/v2\/users\/1"}],"replies":[{"embeddable":true,"href":"https:\/\/circuitodejerez.com\/en\/wp-json\/wp\/v2\/comments?post=39425"}],"version-history":[{"count":2,"href":"https:\/\/circuitodejerez.com\/en\/wp-json\/wp\/v2\/posts\/39425\/revisions"}],"predecessor-version":[{"id":39428,"href":"https:\/\/circuitodejerez.com\/en\/wp-json\/wp\/v2\/posts\/39425\/revisions\/39428"}],"wp:featuredmedia":[{"embeddable":true,"href":"https:\/\/circuitodejerez.com\/en\/wp-json\/wp\/v2\/media\/39426"}],"wp:attachment":[{"href":"https:\/\/circuitodejerez.com\/en\/wp-json\/wp\/v2\/media?parent=39425"}],"wp:term":[{"taxonomy":"category","embeddable":true,"href":"https:\/\/circuitodejerez.com\/en\/wp-json\/wp\/v2\/categories?post=39425"},{"taxonomy":"post_tag","embeddable":true,"href":"https:\/\/circuitodejerez.com\/en\/wp-json\/wp\/v2\/tags?post=39425"}],"curies":[{"name":"wp","href":"https:\/\/api.w.org\/{rel}","templated":true}]}}