{"id":39520,"date":"2026-03-22T15:09:41","date_gmt":"2026-03-22T14:09:41","guid":{"rendered":"https:\/\/circuitodejerez.com\/2026\/03\/22\/tras-un-intenso-fin-de-semana-de-competicion-el-circuito-de-jerez-angel-nieto-corona-a-los-grandes-protagonistas-de-la-cita-inaugural-del-nacional-de-superbike\/"},"modified":"2026-03-22T15:10:42","modified_gmt":"2026-03-22T14:10:42","slug":"tras-un-intenso-fin-de-semana-de-competicion-el-circuito-de-jerez-angel-nieto-corona-a-los-grandes-protagonistas-de-la-cita-inaugural-del-nacional-de-superbike","status":"publish","type":"post","link":"https:\/\/circuitodejerez.com\/en\/2026\/03\/22\/tras-un-intenso-fin-de-semana-de-competicion-el-circuito-de-jerez-angel-nieto-corona-a-los-grandes-protagonistas-de-la-cita-inaugural-del-nacional-de-superbike\/","title":{"rendered":"Tras un intenso fin de semana de competici\u00f3n, el Circuito de Jerez-\u00c1ngel Nieto corona a los grandes protagonistas de la cita inaugural del nacional de Superbike"},"content":{"rendered":"<p><img loading=\"lazy\" decoding=\"async\" style=\"display:none;\" class=\"alignnone size-medium\" src=\"https:\/\/gestorapp.circuitoangelnieto.com\/\/uploads\/noticias\/noticia_309.jpg\" width=\"600\" height=\"409\" \/> Ivo Lopes ganaba hoy en Superbike, mientras Unai Orradre hac\u00eda lo propio en Supersport<\/p>\n<div>\n<p><b>El sevillano Jos\u00e9 Manuel Osuna se impon\u00eda en la nueva categor\u00eda de Sportbike, mientras el piloto de Bornos, Jos\u00e9 Luis Armario venc\u00eda en la subcategor\u00eda de Stock del Supersport<\/b><\/p>\n<\/div>\n<div>\n<p><b><br \/><\/b><\/p>\n<p><b>22 de marzo de 2026<\/b>. El Circuito de Jerez-\u00c1ngel Nieto puso hoy el broche de oro a la primera prueba de la temporada del ESBK-Campeonato de Espa\u00f1a de Superbike 2026 y primera competici\u00f3n de esta nueva temporada del calendario deportivo del trazado jerezano. Tras un fin de semana de intensa actividad en pista, la jornada dominical clausur\u00f3 un evento que ha vuelto a demostrar el excelente nivel que atesora el motociclismo nacional.<\/p>\n<p><b>Buen ambiente en las gradas y en el paddock<\/b><\/p>\n<p>Un buen n\u00famero de aficionados han estado presentes durante todo el fin de semana en el circuito para disfrutar del rugir de los motores, destacando ayer s\u00e1bado la vuelta a pista en moto para los aficionados tras las carreras, donde los participantes pudieron rodar por el asfalto mundialista, creando una estampa espectacular entre el p\u00fablico y la competici\u00f3n, mientras que hoy disfrutaban de la experiencia del Pit Lane Walk donde cientos de aficionados han podido vivir de cerca la competici\u00f3n con este paseo por la l\u00ednea de boxes, ver a m\u00e1quinas y pilotos de cerca y en definitiva disfrutar intensamente el ambiente de la competici\u00f3n.<\/p>\n<p><b>Superbike: Ivo Lopes no da tregua y domina de principio a fin<\/b><\/p>\n<p>En lo deportivo, las carreras de hoy domingo no han defraudado, ofreciendo finales de infarto y batallas decididas en la \u00faltima vuelta que han hecho vibrar a los asistentes bajo el sol de Jerez. La categor\u00eda reina de Superbike cerr\u00f3 el programa de carreras con un recital de Ivo Lopes. El piloto portugu\u00e9s no dio opci\u00f3n a sus rivales desde la salida, imponiendo un ritmo fren\u00e9tico que le permiti\u00f3 rodar en solitario durante toda la prueba. A falta de tres vueltas para el final, Lopes ya aventajaba en m\u00e1s de cuatro segundos a su inmediato perseguidor, Steven Odendaal, y en casi siete a Francisco Javier Palomera, el ganador de la jornada del s\u00e1bado, quien hoy tuvo que luchar por asegurar un valioso podio. En la categor\u00eda de Stock era Mauro Gonz\u00e1lez el vencedor.<\/p>\n<p><b>Supersport NG: Unai Orradre intratable y gloria local para Jos\u00e9 Luis Armario<\/b><\/p>\n<p>La categor\u00eda de Supersport ha tenido un dominador absoluto en el trazado jerezano: Unai Orradre. El piloto riojano ha firmado una actuaci\u00f3n soberbia, rodando sin oposici\u00f3n y con un ritmo constante que le ha permitido cruzar la meta en solitario, confirmando que es el hombre a batir en este inicio de campeonato. Por su parte, el piloto turco Kadir Erbay, cruz\u00f3 la l\u00ednea de meta en segunda posici\u00f3n tras una intensa batalla, pero fue finalmente penalizado con la p\u00e9rdida de un puesto por sobrepasar los l\u00edmites de pista en la \u00faltima curva heredando Marcos Lude\u00f1a la segunda plaza, dejando a Erbay en el tercer escal\u00f3n del podio. La alegr\u00eda para la afici\u00f3n local la pon\u00eda Jos\u00e9 Luis Armario. El piloto de la vecina localidad de Bornos logr\u00f3 una victoria magistral en la subcategor\u00eda de Stock 600, celebrando ante sus paisanos el subir a lo m\u00e1s alto del podio &#8220;en casa&#8221;.<\/p>\n<p>En la categor\u00eda de Supersport 300, vivi\u00f3 una \u00faltima vuelta de infarto. El cuarteto de cabeza formado por Tobias Pedersen, Joel Aznar, Iv\u00e1n Mu\u00f1oz y Marc Vich rod\u00f3 al l\u00edmite absoluto, regalando adelantamientos en cada sector del trazado jerezano. Los cuatro pilotos llegaron pegados a la m\u00edtica curva Jorge Lorenzo, donde la apurada de frenada Tobias Pedersen logr\u00f3 imponer su ritmo para cruzar la meta en primera posici\u00f3n. Tras \u00e9l, Joel Aznar se hizo con una trabajad\u00edsima segunda plaza, mientras que Iv\u00e1n Mu\u00f1oz cerr\u00f3 el podio en tercer lugar con Marc Vich cuarto separados todos por escasas mil\u00e9simas.<\/p>\n<p>La segunda carrera en la historia de la reci\u00e9n estrenada categor\u00eda de Sportbike no ha podido tener un guion m\u00e1s emocionante. Un cuarteto formado por Pepe Osuna, Roberto Fern\u00e1ndez, \u00c1lvaro Fuertes y Marc Garc\u00eda, logr\u00f3 escaparse del resto del pelot\u00f3n, rodando en un pa\u00f1uelo durante toda la prueba y regalando un recital de adelantamientos al l\u00edmite. La resoluci\u00f3n lleg\u00f3 en una \u00faltima vuelta de aut\u00e9ntica locura. Los cuatro pilotos llegaron pegados a la m\u00edtica curva Jorge Lorenzo, jug\u00e1ndoselo todo en una apurada de frenada donde el piloto andaluz Jose Manuel Osuna lograba imponer su ley para cruzar la meta en primera posici\u00f3n, sumando una victoria de prestigio en este inicio de era para la categor\u00eda. El podio lo completaron Roberto Fern\u00e1ndez y \u00c1lvaro Fuertes por este orden.<br \/>A continuaci\u00f3n, se disputaban las carreras para las categor\u00edas de promoci\u00f3n. <\/p>\n<p>En Moto4, la igualdad mec\u00e1nica oblig\u00f3 a los pilotos a sacar su mejor versi\u00f3n en cada curva, resultando en una carrera en grupo donde la estrategia en las \u00faltimas vueltas fue clave para alcanzar el podio. Lo que parec\u00eda un duelo a tres bandas se convirti\u00f3 en una batalla campal de cinco pilotos en las dos \u00faltimas vueltas. Shengbo Sun, que hab\u00eda liderado con autoridad gran parte de la prueba, encar\u00f3 la \u00faltima curva del trazado jerezano antes de meta, algo abierto, un error que el piloto suizo Alessio Arnold no desaprovech\u00f3 para colarse por el interior para hacerse con una victoria magistral en el \u00faltimo suspiro. El podio lo completaron un combativo Shengbo Sun, que tuvo que conformarse con la segunda plaza tras su impecable carrera, y el polaco Andrzej Kupczynski, que logr\u00f3 certificar una valiosa tercera posici\u00f3n. Por su parte, en PreMoto4, carrera tambi\u00e9n en un grupo compacto decidido en la \u00faltima curva donde el dominador Marcos Vinagre, se tocaba y se sal\u00eda de la trazada siendo aprovechado por Alex P\u00e9rez que por foto finish lograba la victoria seguido de Jos\u00e9 Luis Cagigas y Jase Dill, confirmando que la base del motociclismo nacional goza de una salud envidiable. Sin embargo, tras la revisi\u00f3n por parte de Direcci\u00f3n de Carrera de la \u00faltima curva, el ganador sufr\u00eda penalizaci\u00f3n de una posici\u00f3n por conducci\u00f3n irresponsable siendo la victoria para Cagigas, seguido de Perez y Dill.<\/p>\n<p>Tras este fin de semana de motociclismo en estado puro, el trazado jerezano pone ya la vista en su cita estrella de la temporada: el Gran Premio de Espa\u00f1a de MotoGP, los d\u00edas 24, 25 y 26 de abril.<\/p>\n<\/div>\n<p><\/p>\n<p><img loading=\"lazy\" decoding=\"async\" style=\"width: 100%;\" class=\"alignnone size-medium\" src=\"https:\/\/gestorapp.circuitoangelnieto.com\/\/uploads\/noticias\/noticia_destacada_309.jpg\" width=\"600\" height=\"409\" \/><\/p>","protected":false},"excerpt":{"rendered":"<p>Ivo Lopes ganaba hoy en Superbike, mientras Unai Orradre hac\u00eda lo propio en Supersport El sevillano Jos\u00e9 Manuel Osuna se<\/p>","protected":false},"author":1,"featured_media":39521,"comment_status":"closed","ping_status":"","sticky":false,"template":"","format":"standard","meta":{"footnotes":""},"categories":[2],"tags":[],"class_list":["post-39520","post","type-post","status-publish","format-standard","has-post-thumbnail","hentry","category-noticias"],"yoast_head":"<!-- This site is optimized with the Yoast SEO plugin v22.5 - https:\/\/yoast.com\/wordpress\/plugins\/seo\/ -->\n<title>Tras un intenso fin de semana de competici\u00f3n, el Circuito de Jerez-\u00c1ngel Nieto corona a los grandes protagonistas de la cita inaugural del nacional de Superbike - Circuito de Jerez \u00c1ngel Nieto<\/title>\n<meta name=\"robots\" content=\"index, follow, max-snippet:-1, max-image-preview:large, max-video-preview:-1\" \/>\n<link rel=\"canonical\" href=\"https:\/\/circuitodejerez.com\/en\/2026\/03\/22\/tras-un-intenso-fin-de-semana-de-competicion-el-circuito-de-jerez-angel-nieto-corona-a-los-grandes-protagonistas-de-la-cita-inaugural-del-nacional-de-superbike\/\" \/>\n<meta property=\"og:locale\" content=\"en_GB\" \/>\n<meta property=\"og:type\" content=\"article\" \/>\n<meta property=\"og:title\" content=\"Tras un intenso fin de semana de competici\u00f3n, el Circuito de Jerez-\u00c1ngel Nieto corona a los grandes protagonistas de la cita inaugural del nacional de Superbike - Circuito de Jerez \u00c1ngel Nieto\" \/>\n<meta property=\"og:description\" content=\"Ivo Lopes ganaba hoy en Superbike, mientras Unai Orradre hac\u00eda lo propio en Supersport El sevillano Jos\u00e9 Manuel Osuna se\" \/>\n<meta property=\"og:url\" content=\"https:\/\/circuitodejerez.com\/en\/2026\/03\/22\/tras-un-intenso-fin-de-semana-de-competicion-el-circuito-de-jerez-angel-nieto-corona-a-los-grandes-protagonistas-de-la-cita-inaugural-del-nacional-de-superbike\/\" \/>\n<meta property=\"og:site_name\" content=\"Circuito de Jerez \u00c1ngel Nieto\" \/>\n<meta property=\"article:publisher\" content=\"https:\/\/www.facebook.com\/circuitodejerezangelnieto\/\" \/>\n<meta property=\"article:published_time\" content=\"2026-03-22T14:09:41+00:00\" \/>\n<meta property=\"article:modified_time\" content=\"2026-03-22T14:10:42+00:00\" \/>\n<meta property=\"og:image\" content=\"https:\/\/circuitodejerez.com\/wp-content\/uploads\/2026\/03\/noticia_309-scaled.jpg\" \/>\n\t<meta property=\"og:image:width\" content=\"2560\" \/>\n\t<meta property=\"og:image:height\" content=\"2048\" \/>\n\t<meta property=\"og:image:type\" content=\"image\/jpeg\" \/>\n<meta name=\"author\" content=\"publyland\" \/>\n<meta name=\"twitter:card\" content=\"summary_large_image\" \/>\n<meta name=\"twitter:creator\" content=\"@circuitodejerez\" \/>\n<meta name=\"twitter:site\" content=\"@circuitodejerez\" \/>\n<meta name=\"twitter:label1\" content=\"Written by\" \/>\n\t<meta name=\"twitter:data1\" content=\"publyland\" \/>\n\t<meta name=\"twitter:label2\" content=\"Estimated reading time\" \/>\n\t<meta name=\"twitter:data2\" content=\"6 minutes\" \/>\n<script type=\"application\/ld+json\" class=\"yoast-schema-graph\">{\"@context\":\"https:\/\/schema.org\",\"@graph\":[{\"@type\":\"Article\",\"@id\":\"https:\/\/circuitodejerez.com\/2026\/03\/22\/tras-un-intenso-fin-de-semana-de-competicion-el-circuito-de-jerez-angel-nieto-corona-a-los-grandes-protagonistas-de-la-cita-inaugural-del-nacional-de-superbike\/#article\",\"isPartOf\":{\"@id\":\"https:\/\/circuitodejerez.com\/2026\/03\/22\/tras-un-intenso-fin-de-semana-de-competicion-el-circuito-de-jerez-angel-nieto-corona-a-los-grandes-protagonistas-de-la-cita-inaugural-del-nacional-de-superbike\/\"},\"author\":{\"name\":\"publyland\",\"@id\":\"https:\/\/circuitodejerez.com\/#\/schema\/person\/7426c66afad35f522814eb06fb2e213a\"},\"headline\":\"Tras un intenso fin de semana de competici\u00f3n, el Circuito de Jerez-\u00c1ngel Nieto corona a los grandes protagonistas de la cita inaugural del nacional de Superbike\",\"datePublished\":\"2026-03-22T14:09:41+00:00\",\"dateModified\":\"2026-03-22T14:10:42+00:00\",\"mainEntityOfPage\":{\"@id\":\"https:\/\/circuitodejerez.com\/2026\/03\/22\/tras-un-intenso-fin-de-semana-de-competicion-el-circuito-de-jerez-angel-nieto-corona-a-los-grandes-protagonistas-de-la-cita-inaugural-del-nacional-de-superbike\/\"},\"wordCount\":1148,\"publisher\":{\"@id\":\"https:\/\/circuitodejerez.com\/#organization\"},\"image\":{\"@id\":\"https:\/\/circuitodejerez.com\/2026\/03\/22\/tras-un-intenso-fin-de-semana-de-competicion-el-circuito-de-jerez-angel-nieto-corona-a-los-grandes-protagonistas-de-la-cita-inaugural-del-nacional-de-superbike\/#primaryimage\"},\"thumbnailUrl\":\"https:\/\/circuitodejerez.com\/wp-content\/uploads\/2026\/03\/noticia_309-scaled.jpg\",\"articleSection\":[\"Noticias\"],\"inLanguage\":\"en-GB\"},{\"@type\":\"WebPage\",\"@id\":\"https:\/\/circuitodejerez.com\/2026\/03\/22\/tras-un-intenso-fin-de-semana-de-competicion-el-circuito-de-jerez-angel-nieto-corona-a-los-grandes-protagonistas-de-la-cita-inaugural-del-nacional-de-superbike\/\",\"url\":\"https:\/\/circuitodejerez.com\/2026\/03\/22\/tras-un-intenso-fin-de-semana-de-competicion-el-circuito-de-jerez-angel-nieto-corona-a-los-grandes-protagonistas-de-la-cita-inaugural-del-nacional-de-superbike\/\",\"name\":\"Tras un intenso fin de semana de competici\u00f3n, el Circuito de Jerez-\u00c1ngel Nieto corona a los grandes protagonistas de la cita inaugural del nacional de Superbike - Circuito de Jerez \u00c1ngel Nieto\",\"isPartOf\":{\"@id\":\"https:\/\/circuitodejerez.com\/#website\"},\"primaryImageOfPage\":{\"@id\":\"https:\/\/circuitodejerez.com\/2026\/03\/22\/tras-un-intenso-fin-de-semana-de-competicion-el-circuito-de-jerez-angel-nieto-corona-a-los-grandes-protagonistas-de-la-cita-inaugural-del-nacional-de-superbike\/#primaryimage\"},\"image\":{\"@id\":\"https:\/\/circuitodejerez.com\/2026\/03\/22\/tras-un-intenso-fin-de-semana-de-competicion-el-circuito-de-jerez-angel-nieto-corona-a-los-grandes-protagonistas-de-la-cita-inaugural-del-nacional-de-superbike\/#primaryimage\"},\"thumbnailUrl\":\"https:\/\/circuitodejerez.com\/wp-content\/uploads\/2026\/03\/noticia_309-scaled.jpg\",\"datePublished\":\"2026-03-22T14:09:41+00:00\",\"dateModified\":\"2026-03-22T14:10:42+00:00\",\"breadcrumb\":{\"@id\":\"https:\/\/circuitodejerez.com\/2026\/03\/22\/tras-un-intenso-fin-de-semana-de-competicion-el-circuito-de-jerez-angel-nieto-corona-a-los-grandes-protagonistas-de-la-cita-inaugural-del-nacional-de-superbike\/#breadcrumb\"},\"inLanguage\":\"en-GB\",\"potentialAction\":[{\"@type\":\"ReadAction\",\"target\":[\"https:\/\/circuitodejerez.com\/2026\/03\/22\/tras-un-intenso-fin-de-semana-de-competicion-el-circuito-de-jerez-angel-nieto-corona-a-los-grandes-protagonistas-de-la-cita-inaugural-del-nacional-de-superbike\/\"]}]},{\"@type\":\"ImageObject\",\"inLanguage\":\"en-GB\",\"@id\":\"https:\/\/circuitodejerez.com\/2026\/03\/22\/tras-un-intenso-fin-de-semana-de-competicion-el-circuito-de-jerez-angel-nieto-corona-a-los-grandes-protagonistas-de-la-cita-inaugural-del-nacional-de-superbike\/#primaryimage\",\"url\":\"https:\/\/circuitodejerez.com\/wp-content\/uploads\/2026\/03\/noticia_309-scaled.jpg\",\"contentUrl\":\"https:\/\/circuitodejerez.com\/wp-content\/uploads\/2026\/03\/noticia_309-scaled.jpg\",\"width\":2560,\"height\":2048},{\"@type\":\"BreadcrumbList\",\"@id\":\"https:\/\/circuitodejerez.com\/2026\/03\/22\/tras-un-intenso-fin-de-semana-de-competicion-el-circuito-de-jerez-angel-nieto-corona-a-los-grandes-protagonistas-de-la-cita-inaugural-del-nacional-de-superbike\/#breadcrumb\",\"itemListElement\":[{\"@type\":\"ListItem\",\"position\":1,\"name\":\"Portada\",\"item\":\"https:\/\/circuitodejerez.com\/\"},{\"@type\":\"ListItem\",\"position\":2,\"name\":\"Tras un intenso fin de semana de competici\u00f3n, el Circuito de Jerez-\u00c1ngel Nieto corona a los grandes protagonistas de la cita inaugural del nacional de Superbike\"}]},{\"@type\":\"WebSite\",\"@id\":\"https:\/\/circuitodejerez.com\/#website\",\"url\":\"https:\/\/circuitodejerez.com\/\",\"name\":\"Circuito de Jerez \u00c1ngel Nieto\",\"description\":\"Circuito de Jerez \u00c1ngel Nieto\",\"publisher\":{\"@id\":\"https:\/\/circuitodejerez.com\/#organization\"},\"potentialAction\":[{\"@type\":\"SearchAction\",\"target\":{\"@type\":\"EntryPoint\",\"urlTemplate\":\"https:\/\/circuitodejerez.com\/?s={search_term_string}\"},\"query-input\":\"required name=search_term_string\"}],\"inLanguage\":\"en-GB\"},{\"@type\":\"Organization\",\"@id\":\"https:\/\/circuitodejerez.com\/#organization\",\"name\":\"Circuito de Jerez \u00c1ngel Nieto\",\"url\":\"https:\/\/circuitodejerez.com\/\",\"logo\":{\"@type\":\"ImageObject\",\"inLanguage\":\"en-GB\",\"@id\":\"https:\/\/circuitodejerez.com\/#\/schema\/logo\/image\/\",\"url\":\"https:\/\/circuitodejerez.com\/wp-content\/uploads\/2023\/06\/logo-circuito-jerez.png\",\"contentUrl\":\"https:\/\/circuitodejerez.com\/wp-content\/uploads\/2023\/06\/logo-circuito-jerez.png\",\"width\":556,\"height\":142,\"caption\":\"Circuito de Jerez \u00c1ngel Nieto\"},\"image\":{\"@id\":\"https:\/\/circuitodejerez.com\/#\/schema\/logo\/image\/\"},\"sameAs\":[\"https:\/\/www.facebook.com\/circuitodejerezangelnieto\/\",\"https:\/\/x.com\/circuitodejerez\",\"https:\/\/www.instagram.com\/circuito_de_jerez\/?hl=es\",\"https:\/\/www.youtube.com\/user\/cirjesa\"]},{\"@type\":\"Person\",\"@id\":\"https:\/\/circuitodejerez.com\/#\/schema\/person\/7426c66afad35f522814eb06fb2e213a\",\"name\":\"publyland\",\"sameAs\":[\"https:\/\/circuitoangelnieto.com\"],\"url\":\"https:\/\/circuitodejerez.com\/en\/author\/publyland\/\"}]}<\/script>\n<!-- \/ Yoast SEO plugin. -->","yoast_head_json":{"title":"Tras un intenso fin de semana de competici\u00f3n, el Circuito de Jerez-\u00c1ngel Nieto corona a los grandes protagonistas de la cita inaugural del nacional de Superbike - Circuito de Jerez \u00c1ngel Nieto","robots":{"index":"index","follow":"follow","max-snippet":"max-snippet:-1","max-image-preview":"max-image-preview:large","max-video-preview":"max-video-preview:-1"},"canonical":"https:\/\/circuitodejerez.com\/en\/2026\/03\/22\/tras-un-intenso-fin-de-semana-de-competicion-el-circuito-de-jerez-angel-nieto-corona-a-los-grandes-protagonistas-de-la-cita-inaugural-del-nacional-de-superbike\/","og_locale":"en_GB","og_type":"article","og_title":"Tras un intenso fin de semana de competici\u00f3n, el Circuito de Jerez-\u00c1ngel Nieto corona a los grandes protagonistas de la cita inaugural del nacional de Superbike - Circuito de Jerez \u00c1ngel Nieto","og_description":"Ivo Lopes ganaba hoy en Superbike, mientras Unai Orradre hac\u00eda lo propio en Supersport El sevillano Jos\u00e9 Manuel Osuna se","og_url":"https:\/\/circuitodejerez.com\/en\/2026\/03\/22\/tras-un-intenso-fin-de-semana-de-competicion-el-circuito-de-jerez-angel-nieto-corona-a-los-grandes-protagonistas-de-la-cita-inaugural-del-nacional-de-superbike\/","og_site_name":"Circuito de Jerez \u00c1ngel Nieto","article_publisher":"https:\/\/www.facebook.com\/circuitodejerezangelnieto\/","article_published_time":"2026-03-22T14:09:41+00:00","article_modified_time":"2026-03-22T14:10:42+00:00","og_image":[{"width":2560,"height":2048,"url":"https:\/\/circuitodejerez.com\/wp-content\/uploads\/2026\/03\/noticia_309-scaled.jpg","type":"image\/jpeg"}],"author":"publyland","twitter_card":"summary_large_image","twitter_creator":"@circuitodejerez","twitter_site":"@circuitodejerez","twitter_misc":{"Written by":"publyland","Estimated reading time":"6 minutes"},"schema":{"@context":"https:\/\/schema.org","@graph":[{"@type":"Article","@id":"https:\/\/circuitodejerez.com\/2026\/03\/22\/tras-un-intenso-fin-de-semana-de-competicion-el-circuito-de-jerez-angel-nieto-corona-a-los-grandes-protagonistas-de-la-cita-inaugural-del-nacional-de-superbike\/#article","isPartOf":{"@id":"https:\/\/circuitodejerez.com\/2026\/03\/22\/tras-un-intenso-fin-de-semana-de-competicion-el-circuito-de-jerez-angel-nieto-corona-a-los-grandes-protagonistas-de-la-cita-inaugural-del-nacional-de-superbike\/"},"author":{"name":"publyland","@id":"https:\/\/circuitodejerez.com\/#\/schema\/person\/7426c66afad35f522814eb06fb2e213a"},"headline":"Tras un intenso fin de semana de competici\u00f3n, el Circuito de Jerez-\u00c1ngel Nieto corona a los grandes protagonistas de la cita inaugural del nacional de Superbike","datePublished":"2026-03-22T14:09:41+00:00","dateModified":"2026-03-22T14:10:42+00:00","mainEntityOfPage":{"@id":"https:\/\/circuitodejerez.com\/2026\/03\/22\/tras-un-intenso-fin-de-semana-de-competicion-el-circuito-de-jerez-angel-nieto-corona-a-los-grandes-protagonistas-de-la-cita-inaugural-del-nacional-de-superbike\/"},"wordCount":1148,"publisher":{"@id":"https:\/\/circuitodejerez.com\/#organization"},"image":{"@id":"https:\/\/circuitodejerez.com\/2026\/03\/22\/tras-un-intenso-fin-de-semana-de-competicion-el-circuito-de-jerez-angel-nieto-corona-a-los-grandes-protagonistas-de-la-cita-inaugural-del-nacional-de-superbike\/#primaryimage"},"thumbnailUrl":"https:\/\/circuitodejerez.com\/wp-content\/uploads\/2026\/03\/noticia_309-scaled.jpg","articleSection":["Noticias"],"inLanguage":"en-GB"},{"@type":"WebPage","@id":"https:\/\/circuitodejerez.com\/2026\/03\/22\/tras-un-intenso-fin-de-semana-de-competicion-el-circuito-de-jerez-angel-nieto-corona-a-los-grandes-protagonistas-de-la-cita-inaugural-del-nacional-de-superbike\/","url":"https:\/\/circuitodejerez.com\/2026\/03\/22\/tras-un-intenso-fin-de-semana-de-competicion-el-circuito-de-jerez-angel-nieto-corona-a-los-grandes-protagonistas-de-la-cita-inaugural-del-nacional-de-superbike\/","name":"Tras un intenso fin de semana de competici\u00f3n, el Circuito de Jerez-\u00c1ngel Nieto corona a los grandes protagonistas de la cita inaugural del nacional de Superbike - Circuito de Jerez \u00c1ngel Nieto","isPartOf":{"@id":"https:\/\/circuitodejerez.com\/#website"},"primaryImageOfPage":{"@id":"https:\/\/circuitodejerez.com\/2026\/03\/22\/tras-un-intenso-fin-de-semana-de-competicion-el-circuito-de-jerez-angel-nieto-corona-a-los-grandes-protagonistas-de-la-cita-inaugural-del-nacional-de-superbike\/#primaryimage"},"image":{"@id":"https:\/\/circuitodejerez.com\/2026\/03\/22\/tras-un-intenso-fin-de-semana-de-competicion-el-circuito-de-jerez-angel-nieto-corona-a-los-grandes-protagonistas-de-la-cita-inaugural-del-nacional-de-superbike\/#primaryimage"},"thumbnailUrl":"https:\/\/circuitodejerez.com\/wp-content\/uploads\/2026\/03\/noticia_309-scaled.jpg","datePublished":"2026-03-22T14:09:41+00:00","dateModified":"2026-03-22T14:10:42+00:00","breadcrumb":{"@id":"https:\/\/circuitodejerez.com\/2026\/03\/22\/tras-un-intenso-fin-de-semana-de-competicion-el-circuito-de-jerez-angel-nieto-corona-a-los-grandes-protagonistas-de-la-cita-inaugural-del-nacional-de-superbike\/#breadcrumb"},"inLanguage":"en-GB","potentialAction":[{"@type":"ReadAction","target":["https:\/\/circuitodejerez.com\/2026\/03\/22\/tras-un-intenso-fin-de-semana-de-competicion-el-circuito-de-jerez-angel-nieto-corona-a-los-grandes-protagonistas-de-la-cita-inaugural-del-nacional-de-superbike\/"]}]},{"@type":"ImageObject","inLanguage":"en-GB","@id":"https:\/\/circuitodejerez.com\/2026\/03\/22\/tras-un-intenso-fin-de-semana-de-competicion-el-circuito-de-jerez-angel-nieto-corona-a-los-grandes-protagonistas-de-la-cita-inaugural-del-nacional-de-superbike\/#primaryimage","url":"https:\/\/circuitodejerez.com\/wp-content\/uploads\/2026\/03\/noticia_309-scaled.jpg","contentUrl":"https:\/\/circuitodejerez.com\/wp-content\/uploads\/2026\/03\/noticia_309-scaled.jpg","width":2560,"height":2048},{"@type":"BreadcrumbList","@id":"https:\/\/circuitodejerez.com\/2026\/03\/22\/tras-un-intenso-fin-de-semana-de-competicion-el-circuito-de-jerez-angel-nieto-corona-a-los-grandes-protagonistas-de-la-cita-inaugural-del-nacional-de-superbike\/#breadcrumb","itemListElement":[{"@type":"ListItem","position":1,"name":"Portada","item":"https:\/\/circuitodejerez.com\/"},{"@type":"ListItem","position":2,"name":"Tras un intenso fin de semana de competici\u00f3n, el Circuito de Jerez-\u00c1ngel Nieto corona a los grandes protagonistas de la cita inaugural del nacional de Superbike"}]},{"@type":"WebSite","@id":"https:\/\/circuitodejerez.com\/#website","url":"https:\/\/circuitodejerez.com\/","name":"Circuito de Jerez \u00c1ngel Nieto","description":"Circuito de Jerez \u00c1ngel Nieto","publisher":{"@id":"https:\/\/circuitodejerez.com\/#organization"},"potentialAction":[{"@type":"SearchAction","target":{"@type":"EntryPoint","urlTemplate":"https:\/\/circuitodejerez.com\/?s={search_term_string}"},"query-input":"required name=search_term_string"}],"inLanguage":"en-GB"},{"@type":"Organization","@id":"https:\/\/circuitodejerez.com\/#organization","name":"Circuito de Jerez \u00c1ngel Nieto","url":"https:\/\/circuitodejerez.com\/","logo":{"@type":"ImageObject","inLanguage":"en-GB","@id":"https:\/\/circuitodejerez.com\/#\/schema\/logo\/image\/","url":"https:\/\/circuitodejerez.com\/wp-content\/uploads\/2023\/06\/logo-circuito-jerez.png","contentUrl":"https:\/\/circuitodejerez.com\/wp-content\/uploads\/2023\/06\/logo-circuito-jerez.png","width":556,"height":142,"caption":"Circuito de Jerez \u00c1ngel Nieto"},"image":{"@id":"https:\/\/circuitodejerez.com\/#\/schema\/logo\/image\/"},"sameAs":["https:\/\/www.facebook.com\/circuitodejerezangelnieto\/","https:\/\/x.com\/circuitodejerez","https:\/\/www.instagram.com\/circuito_de_jerez\/?hl=es","https:\/\/www.youtube.com\/user\/cirjesa"]},{"@type":"Person","@id":"https:\/\/circuitodejerez.com\/#\/schema\/person\/7426c66afad35f522814eb06fb2e213a","name":"publyland","sameAs":["https:\/\/circuitoangelnieto.com"],"url":"https:\/\/circuitodejerez.com\/en\/author\/publyland\/"}]}},"_links":{"self":[{"href":"https:\/\/circuitodejerez.com\/en\/wp-json\/wp\/v2\/posts\/39520","targetHints":{"allow":["GET"]}}],"collection":[{"href":"https:\/\/circuitodejerez.com\/en\/wp-json\/wp\/v2\/posts"}],"about":[{"href":"https:\/\/circuitodejerez.com\/en\/wp-json\/wp\/v2\/types\/post"}],"author":[{"embeddable":true,"href":"https:\/\/circuitodejerez.com\/en\/wp-json\/wp\/v2\/users\/1"}],"replies":[{"embeddable":true,"href":"https:\/\/circuitodejerez.com\/en\/wp-json\/wp\/v2\/comments?post=39520"}],"version-history":[{"count":2,"href":"https:\/\/circuitodejerez.com\/en\/wp-json\/wp\/v2\/posts\/39520\/revisions"}],"predecessor-version":[{"id":39523,"href":"https:\/\/circuitodejerez.com\/en\/wp-json\/wp\/v2\/posts\/39520\/revisions\/39523"}],"wp:featuredmedia":[{"embeddable":true,"href":"https:\/\/circuitodejerez.com\/en\/wp-json\/wp\/v2\/media\/39521"}],"wp:attachment":[{"href":"https:\/\/circuitodejerez.com\/en\/wp-json\/wp\/v2\/media?parent=39520"}],"wp:term":[{"taxonomy":"category","embeddable":true,"href":"https:\/\/circuitodejerez.com\/en\/wp-json\/wp\/v2\/categories?post=39520"},{"taxonomy":"post_tag","embeddable":true,"href":"https:\/\/circuitodejerez.com\/en\/wp-json\/wp\/v2\/tags?post=39520"}],"curies":[{"name":"wp","href":"https:\/\/api.w.org\/{rel}","templated":true}]}}