{"id":39653,"date":"2026-04-17T14:16:09","date_gmt":"2026-04-17T12:16:09","guid":{"rendered":"https:\/\/circuitodejerez.com\/2026\/04\/17\/la-alcaldesa-de-jerez-y-presidenta-de-cirjesa-anuncia-el-refuerzo-de-las-lineas-lanzaderas-de-autobuses-urbanos-hacia-el-circuito-durante-el-gran-premio-de-espana\/"},"modified":"2026-04-17T14:16:12","modified_gmt":"2026-04-17T12:16:12","slug":"la-alcaldesa-de-jerez-y-presidenta-de-cirjesa-anuncia-el-refuerzo-de-las-lineas-lanzaderas-de-autobuses-urbanos-hacia-el-circuito-durante-el-gran-premio-de-espana","status":"publish","type":"post","link":"https:\/\/circuitodejerez.com\/en\/2026\/04\/17\/la-alcaldesa-de-jerez-y-presidenta-de-cirjesa-anuncia-el-refuerzo-de-las-lineas-lanzaderas-de-autobuses-urbanos-hacia-el-circuito-durante-el-gran-premio-de-espana\/","title":{"rendered":"La alcaldesa de Jerez y presidenta de Cirjesa anuncia el refuerzo de las l\u00edneas lanzaderas de autobuses urbanos hacia el Circuito durante el Gran Premio de Espa\u00f1a"},"content":{"rendered":"<p><img loading=\"lazy\" decoding=\"async\" style=\"display:none;\" class=\"alignnone size-medium\" src=\"https:\/\/gestorapp.circuitoangelnieto.com\/\/uploads\/noticias\/noticia_314.JPG\" width=\"600\" height=\"409\" \/>Garc\u00eda-Pelayo destaca que \u201ces un orgullo para Jerez ser el escaparate de Andaluc\u00eda ante el mundo\u201d y ha incidido en la mejora de los servicios de autobuses urbanos hacia el Circuito, con m\u00e1s veh\u00edculos, anticipo de horario de salida y frecuencia<\/p>\n<p><b>17 de abril de 2026.<\/b> La alcaldesa de Jerez, Mar\u00eda Jos\u00e9 Garc\u00eda-Pelayo, junto al consejero de Presidencia, Sanidad y Emergencias, Antonio Sanz, la subdelegada del Gobierno en la provincia, Blanca Flores, y la delegada del Gobierno de Andaluc\u00eda en C\u00e1diz, Mercedes Colombo, ha asistido en el \u2018Circuito de Jerez-\u00c1ngel Nieto\u2019 a la reuni\u00f3n del Comit\u00e9 Asesor del Gran Premio de Espa\u00f1a de Motociclismo, que se celebrar\u00e1 del 24 al 26 de abril.<\/p>\n<p>La regidora ha agradecido la presencia de la subdelegada del Gobierno, Blanca Flores, as\u00ed como a la delegada del Gobierno de Andaluc\u00eda en la provincia, Mercedes Colombo, \u201cy muy especialmente a Antonio Sanz, consejero de Presidencia\u201d y los representantes de los distintos dispositivos de las mesas t\u00e9cnicas, de la Junta Local de Seguridad &#8220;que hoy culminan con la reuni\u00f3n del Comit\u00e9 Asesor\u201d.<\/p>\n<p>Garc\u00eda-Pelayo ha subrayado que \u201cJerez est\u00e1 preparada para acoger la celebraci\u00f3n del Gran Premio de Espa\u00f1a, Jerez anticipa la celebraci\u00f3n del Gran Premio a partir del d\u00eda 22 de abril, con la celebraci\u00f3n de distintos eventos\u201d de manera que ha anunciado la activaci\u00f3n del Plan Territorial de Emergencias Local en fase de pre-emergencia y \u2018Situaci\u00f3n Operativa 0\u2019 el mi\u00e9rcoles 22 a las 9 horas y se desactivar\u00e1 a las 23:59 horas del domingo 26. El Plan se incorporar\u00e1 al Plan Territorial de Emergencias de Andaluc\u00eda.<\/p>\n<p>La alcaldesa ha recordado que hay 116 c\u00e1maras de video-vigilancia en la ciudad, la activaci\u00f3n del 100% de los efectivos de la Polic\u00eda Local, as\u00ed como el refuerzo de los planes de limpieza y recogida de residuos. Garc\u00eda-Pelayo ha hecho hincapi\u00e9 en el refuerzo de la movilidad con un mayor n\u00famero de veh\u00edculos de autobuses urbanos, que tendr\u00e1n como lanzadera el Minotauro y la explanada de atracciones de la Feria, con una mayor frecuencia, ya que saldr\u00e1n de estos puntos a partir de las 06 horas el s\u00e1bado y de las 05 horas el domingo. El precio por viaje ser\u00e1 de dos euros. \u201cSe incrementa el n\u00famero de autobuses respecto al a\u00f1o anterior, disfrutaremos de autobuses nuevos, habr\u00e1 mayor frecuencia y hemos anticipado las horas de salida\u201d, ha indicado Garc\u00eda-Pelayo.<\/p>\n<p>Adem\u00e1s, Movilidad habilitar\u00e1 una zona de autocaravanas pr\u00f3xima a la salida desde la zona de atracciones de Feria, frente al Estadio Chap\u00edn, y un aparcamiento para que quienes tomen el autob\u00fas puedan dejar sus veh\u00edculos privados.<\/p>\n<p>Asimismo, el Ayuntamiento dispondr\u00e1 de 10 bolsas de aparcamiento en la zona centro para motocicletas ubicadas en calle Armas y Manuel Mar\u00eda Gonz\u00e1lez, avenida de Europa, avenida \u00c1lvaro Domecq, avenida Caballero Bonald, Circo, Porvera, avenida Voltaire y Alameda Cristina. Habr\u00e1 descuentos en los p\u00e1rkings subterr\u00e1neos de Mamel\u00f3n, Alameda Vieja, Mercado Centro y Centro, as\u00ed como en los de Madre de Dios, plaza del Caballo y plaza Arenal y se prohibir\u00e1 la circulaci\u00f3n de \u2018Quads\u2019.<\/p>\n<p>La alcaldesa ha indicado que se ha configurado una amplia programaci\u00f3n de actividades y conciertos en la ciudad \u201cen la avenida \u00c1lvaro Domecq, con seguridad, y en otras plazas, con seguridad, y con reductores de velocidad en las avenidas Blas Infante y avenida de Arcos\u201d. Menci\u00f3n especial ha hecho a la caravana motera del jueves 23 de abril, que culminar\u00e1 en la Alameda Cristina con la entrega de los VIII Premios del Motor de Jerez.<br \/>Igualmente, cabe destacar que la lanzadera entre el P\u00e1rking C y la Puerta 3 del Circuito seguir\u00e1 vigente con car\u00e1cter gratuito este a\u00f1o y que el Ayuntamiento ha acometido mejoras en la parada del Circuito, ubicada junto al puente, y en la que tambi\u00e9n se sit\u00faa la de tele-taxi.<\/p>","protected":false},"excerpt":{"rendered":"<p>Garc\u00eda-Pelayo destaca que \u201ces un orgullo para Jerez ser el escaparate de Andaluc\u00eda ante el mundo\u201d y ha incidido en<\/p>","protected":false},"author":1,"featured_media":39654,"comment_status":"closed","ping_status":"","sticky":false,"template":"","format":"standard","meta":{"footnotes":""},"categories":[2],"tags":[],"class_list":["post-39653","post","type-post","status-publish","format-standard","has-post-thumbnail","hentry","category-noticias"],"yoast_head":"<!-- This site is optimized with the Yoast SEO plugin v22.5 - https:\/\/yoast.com\/wordpress\/plugins\/seo\/ -->\n<title>La alcaldesa de Jerez y presidenta de Cirjesa anuncia el refuerzo de las l\u00edneas lanzaderas de autobuses urbanos hacia el Circuito durante el Gran Premio de Espa\u00f1a - Circuito de Jerez \u00c1ngel Nieto<\/title>\n<meta name=\"robots\" content=\"index, follow, max-snippet:-1, max-image-preview:large, max-video-preview:-1\" \/>\n<link rel=\"canonical\" href=\"https:\/\/circuitodejerez.com\/en\/2026\/04\/17\/la-alcaldesa-de-jerez-y-presidenta-de-cirjesa-anuncia-el-refuerzo-de-las-lineas-lanzaderas-de-autobuses-urbanos-hacia-el-circuito-durante-el-gran-premio-de-espana\/\" \/>\n<meta property=\"og:locale\" content=\"en_GB\" \/>\n<meta property=\"og:type\" content=\"article\" \/>\n<meta property=\"og:title\" content=\"La alcaldesa de Jerez y presidenta de Cirjesa anuncia el refuerzo de las l\u00edneas lanzaderas de autobuses urbanos hacia el Circuito durante el Gran Premio de Espa\u00f1a - Circuito de Jerez \u00c1ngel Nieto\" \/>\n<meta property=\"og:description\" content=\"Garc\u00eda-Pelayo destaca que \u201ces un orgullo para Jerez ser el escaparate de Andaluc\u00eda ante el mundo\u201d y ha incidido en\" \/>\n<meta property=\"og:url\" content=\"https:\/\/circuitodejerez.com\/en\/2026\/04\/17\/la-alcaldesa-de-jerez-y-presidenta-de-cirjesa-anuncia-el-refuerzo-de-las-lineas-lanzaderas-de-autobuses-urbanos-hacia-el-circuito-durante-el-gran-premio-de-espana\/\" \/>\n<meta property=\"og:site_name\" content=\"Circuito de Jerez \u00c1ngel Nieto\" \/>\n<meta property=\"article:publisher\" content=\"https:\/\/www.facebook.com\/circuitodejerezangelnieto\/\" \/>\n<meta property=\"article:published_time\" content=\"2026-04-17T12:16:09+00:00\" \/>\n<meta property=\"article:modified_time\" content=\"2026-04-17T12:16:12+00:00\" \/>\n<meta property=\"og:image\" content=\"https:\/\/gestorapp.circuitoangelnieto.com\/\/uploads\/noticias\/noticia_314.JPG\" \/>\n<meta name=\"author\" content=\"publyland\" \/>\n<meta name=\"twitter:card\" content=\"summary_large_image\" \/>\n<meta name=\"twitter:creator\" content=\"@circuitodejerez\" \/>\n<meta name=\"twitter:site\" content=\"@circuitodejerez\" \/>\n<meta name=\"twitter:label1\" content=\"Written by\" \/>\n\t<meta name=\"twitter:data1\" content=\"publyland\" \/>\n\t<meta name=\"twitter:label2\" content=\"Estimated reading time\" \/>\n\t<meta name=\"twitter:data2\" content=\"3 minutes\" \/>\n<script type=\"application\/ld+json\" class=\"yoast-schema-graph\">{\"@context\":\"https:\/\/schema.org\",\"@graph\":[{\"@type\":\"Article\",\"@id\":\"https:\/\/circuitodejerez.com\/2026\/04\/17\/la-alcaldesa-de-jerez-y-presidenta-de-cirjesa-anuncia-el-refuerzo-de-las-lineas-lanzaderas-de-autobuses-urbanos-hacia-el-circuito-durante-el-gran-premio-de-espana\/#article\",\"isPartOf\":{\"@id\":\"https:\/\/circuitodejerez.com\/2026\/04\/17\/la-alcaldesa-de-jerez-y-presidenta-de-cirjesa-anuncia-el-refuerzo-de-las-lineas-lanzaderas-de-autobuses-urbanos-hacia-el-circuito-durante-el-gran-premio-de-espana\/\"},\"author\":{\"name\":\"publyland\",\"@id\":\"https:\/\/circuitodejerez.com\/#\/schema\/person\/7426c66afad35f522814eb06fb2e213a\"},\"headline\":\"La alcaldesa de Jerez y presidenta de Cirjesa anuncia el refuerzo de las l\u00edneas lanzaderas de autobuses urbanos hacia el Circuito durante el Gran Premio de Espa\u00f1a\",\"datePublished\":\"2026-04-17T12:16:09+00:00\",\"dateModified\":\"2026-04-17T12:16:12+00:00\",\"mainEntityOfPage\":{\"@id\":\"https:\/\/circuitodejerez.com\/2026\/04\/17\/la-alcaldesa-de-jerez-y-presidenta-de-cirjesa-anuncia-el-refuerzo-de-las-lineas-lanzaderas-de-autobuses-urbanos-hacia-el-circuito-durante-el-gran-premio-de-espana\/\"},\"wordCount\":690,\"publisher\":{\"@id\":\"https:\/\/circuitodejerez.com\/#organization\"},\"image\":{\"@id\":\"https:\/\/circuitodejerez.com\/2026\/04\/17\/la-alcaldesa-de-jerez-y-presidenta-de-cirjesa-anuncia-el-refuerzo-de-las-lineas-lanzaderas-de-autobuses-urbanos-hacia-el-circuito-durante-el-gran-premio-de-espana\/#primaryimage\"},\"thumbnailUrl\":\"https:\/\/circuitodejerez.com\/wp-content\/uploads\/2026\/04\/noticia_314.jpg\",\"articleSection\":[\"Noticias\"],\"inLanguage\":\"en-GB\"},{\"@type\":\"WebPage\",\"@id\":\"https:\/\/circuitodejerez.com\/2026\/04\/17\/la-alcaldesa-de-jerez-y-presidenta-de-cirjesa-anuncia-el-refuerzo-de-las-lineas-lanzaderas-de-autobuses-urbanos-hacia-el-circuito-durante-el-gran-premio-de-espana\/\",\"url\":\"https:\/\/circuitodejerez.com\/2026\/04\/17\/la-alcaldesa-de-jerez-y-presidenta-de-cirjesa-anuncia-el-refuerzo-de-las-lineas-lanzaderas-de-autobuses-urbanos-hacia-el-circuito-durante-el-gran-premio-de-espana\/\",\"name\":\"La alcaldesa de Jerez y presidenta de Cirjesa anuncia el refuerzo de las l\u00edneas lanzaderas de autobuses urbanos hacia el Circuito durante el Gran Premio de Espa\u00f1a - Circuito de Jerez \u00c1ngel Nieto\",\"isPartOf\":{\"@id\":\"https:\/\/circuitodejerez.com\/#website\"},\"primaryImageOfPage\":{\"@id\":\"https:\/\/circuitodejerez.com\/2026\/04\/17\/la-alcaldesa-de-jerez-y-presidenta-de-cirjesa-anuncia-el-refuerzo-de-las-lineas-lanzaderas-de-autobuses-urbanos-hacia-el-circuito-durante-el-gran-premio-de-espana\/#primaryimage\"},\"image\":{\"@id\":\"https:\/\/circuitodejerez.com\/2026\/04\/17\/la-alcaldesa-de-jerez-y-presidenta-de-cirjesa-anuncia-el-refuerzo-de-las-lineas-lanzaderas-de-autobuses-urbanos-hacia-el-circuito-durante-el-gran-premio-de-espana\/#primaryimage\"},\"thumbnailUrl\":\"https:\/\/circuitodejerez.com\/wp-content\/uploads\/2026\/04\/noticia_314.jpg\",\"datePublished\":\"2026-04-17T12:16:09+00:00\",\"dateModified\":\"2026-04-17T12:16:12+00:00\",\"breadcrumb\":{\"@id\":\"https:\/\/circuitodejerez.com\/2026\/04\/17\/la-alcaldesa-de-jerez-y-presidenta-de-cirjesa-anuncia-el-refuerzo-de-las-lineas-lanzaderas-de-autobuses-urbanos-hacia-el-circuito-durante-el-gran-premio-de-espana\/#breadcrumb\"},\"inLanguage\":\"en-GB\",\"potentialAction\":[{\"@type\":\"ReadAction\",\"target\":[\"https:\/\/circuitodejerez.com\/2026\/04\/17\/la-alcaldesa-de-jerez-y-presidenta-de-cirjesa-anuncia-el-refuerzo-de-las-lineas-lanzaderas-de-autobuses-urbanos-hacia-el-circuito-durante-el-gran-premio-de-espana\/\"]}]},{\"@type\":\"ImageObject\",\"inLanguage\":\"en-GB\",\"@id\":\"https:\/\/circuitodejerez.com\/2026\/04\/17\/la-alcaldesa-de-jerez-y-presidenta-de-cirjesa-anuncia-el-refuerzo-de-las-lineas-lanzaderas-de-autobuses-urbanos-hacia-el-circuito-durante-el-gran-premio-de-espana\/#primaryimage\",\"url\":\"https:\/\/circuitodejerez.com\/wp-content\/uploads\/2026\/04\/noticia_314.jpg\",\"contentUrl\":\"https:\/\/circuitodejerez.com\/wp-content\/uploads\/2026\/04\/noticia_314.jpg\",\"width\":1155,\"height\":1155},{\"@type\":\"BreadcrumbList\",\"@id\":\"https:\/\/circuitodejerez.com\/2026\/04\/17\/la-alcaldesa-de-jerez-y-presidenta-de-cirjesa-anuncia-el-refuerzo-de-las-lineas-lanzaderas-de-autobuses-urbanos-hacia-el-circuito-durante-el-gran-premio-de-espana\/#breadcrumb\",\"itemListElement\":[{\"@type\":\"ListItem\",\"position\":1,\"name\":\"Portada\",\"item\":\"https:\/\/circuitodejerez.com\/\"},{\"@type\":\"ListItem\",\"position\":2,\"name\":\"La alcaldesa de Jerez y presidenta de Cirjesa anuncia el refuerzo de las l\u00edneas lanzaderas de autobuses urbanos hacia el Circuito durante el Gran Premio de Espa\u00f1a\"}]},{\"@type\":\"WebSite\",\"@id\":\"https:\/\/circuitodejerez.com\/#website\",\"url\":\"https:\/\/circuitodejerez.com\/\",\"name\":\"Circuito de Jerez \u00c1ngel Nieto\",\"description\":\"Circuito de Jerez \u00c1ngel Nieto\",\"publisher\":{\"@id\":\"https:\/\/circuitodejerez.com\/#organization\"},\"potentialAction\":[{\"@type\":\"SearchAction\",\"target\":{\"@type\":\"EntryPoint\",\"urlTemplate\":\"https:\/\/circuitodejerez.com\/?s={search_term_string}\"},\"query-input\":\"required name=search_term_string\"}],\"inLanguage\":\"en-GB\"},{\"@type\":\"Organization\",\"@id\":\"https:\/\/circuitodejerez.com\/#organization\",\"name\":\"Circuito de Jerez \u00c1ngel Nieto\",\"url\":\"https:\/\/circuitodejerez.com\/\",\"logo\":{\"@type\":\"ImageObject\",\"inLanguage\":\"en-GB\",\"@id\":\"https:\/\/circuitodejerez.com\/#\/schema\/logo\/image\/\",\"url\":\"https:\/\/circuitodejerez.com\/wp-content\/uploads\/2023\/06\/logo-circuito-jerez.png\",\"contentUrl\":\"https:\/\/circuitodejerez.com\/wp-content\/uploads\/2023\/06\/logo-circuito-jerez.png\",\"width\":556,\"height\":142,\"caption\":\"Circuito de Jerez \u00c1ngel Nieto\"},\"image\":{\"@id\":\"https:\/\/circuitodejerez.com\/#\/schema\/logo\/image\/\"},\"sameAs\":[\"https:\/\/www.facebook.com\/circuitodejerezangelnieto\/\",\"https:\/\/x.com\/circuitodejerez\",\"https:\/\/www.instagram.com\/circuito_de_jerez\/?hl=es\",\"https:\/\/www.youtube.com\/user\/cirjesa\"]},{\"@type\":\"Person\",\"@id\":\"https:\/\/circuitodejerez.com\/#\/schema\/person\/7426c66afad35f522814eb06fb2e213a\",\"name\":\"publyland\",\"sameAs\":[\"https:\/\/circuitoangelnieto.com\"],\"url\":\"https:\/\/circuitodejerez.com\/en\/author\/publyland\/\"}]}<\/script>\n<!-- \/ Yoast SEO plugin. -->","yoast_head_json":{"title":"La alcaldesa de Jerez y presidenta de Cirjesa anuncia el refuerzo de las l\u00edneas lanzaderas de autobuses urbanos hacia el Circuito durante el Gran Premio de Espa\u00f1a - Circuito de Jerez \u00c1ngel Nieto","robots":{"index":"index","follow":"follow","max-snippet":"max-snippet:-1","max-image-preview":"max-image-preview:large","max-video-preview":"max-video-preview:-1"},"canonical":"https:\/\/circuitodejerez.com\/en\/2026\/04\/17\/la-alcaldesa-de-jerez-y-presidenta-de-cirjesa-anuncia-el-refuerzo-de-las-lineas-lanzaderas-de-autobuses-urbanos-hacia-el-circuito-durante-el-gran-premio-de-espana\/","og_locale":"en_GB","og_type":"article","og_title":"La alcaldesa de Jerez y presidenta de Cirjesa anuncia el refuerzo de las l\u00edneas lanzaderas de autobuses urbanos hacia el Circuito durante el Gran Premio de Espa\u00f1a - Circuito de Jerez \u00c1ngel Nieto","og_description":"Garc\u00eda-Pelayo destaca que \u201ces un orgullo para Jerez ser el escaparate de Andaluc\u00eda ante el mundo\u201d y ha incidido en","og_url":"https:\/\/circuitodejerez.com\/en\/2026\/04\/17\/la-alcaldesa-de-jerez-y-presidenta-de-cirjesa-anuncia-el-refuerzo-de-las-lineas-lanzaderas-de-autobuses-urbanos-hacia-el-circuito-durante-el-gran-premio-de-espana\/","og_site_name":"Circuito de Jerez \u00c1ngel Nieto","article_publisher":"https:\/\/www.facebook.com\/circuitodejerezangelnieto\/","article_published_time":"2026-04-17T12:16:09+00:00","article_modified_time":"2026-04-17T12:16:12+00:00","og_image":[{"url":"https:\/\/gestorapp.circuitoangelnieto.com\/\/uploads\/noticias\/noticia_314.JPG"}],"author":"publyland","twitter_card":"summary_large_image","twitter_creator":"@circuitodejerez","twitter_site":"@circuitodejerez","twitter_misc":{"Written by":"publyland","Estimated reading time":"3 minutes"},"schema":{"@context":"https:\/\/schema.org","@graph":[{"@type":"Article","@id":"https:\/\/circuitodejerez.com\/2026\/04\/17\/la-alcaldesa-de-jerez-y-presidenta-de-cirjesa-anuncia-el-refuerzo-de-las-lineas-lanzaderas-de-autobuses-urbanos-hacia-el-circuito-durante-el-gran-premio-de-espana\/#article","isPartOf":{"@id":"https:\/\/circuitodejerez.com\/2026\/04\/17\/la-alcaldesa-de-jerez-y-presidenta-de-cirjesa-anuncia-el-refuerzo-de-las-lineas-lanzaderas-de-autobuses-urbanos-hacia-el-circuito-durante-el-gran-premio-de-espana\/"},"author":{"name":"publyland","@id":"https:\/\/circuitodejerez.com\/#\/schema\/person\/7426c66afad35f522814eb06fb2e213a"},"headline":"La alcaldesa de Jerez y presidenta de Cirjesa anuncia el refuerzo de las l\u00edneas lanzaderas de autobuses urbanos hacia el Circuito durante el Gran Premio de Espa\u00f1a","datePublished":"2026-04-17T12:16:09+00:00","dateModified":"2026-04-17T12:16:12+00:00","mainEntityOfPage":{"@id":"https:\/\/circuitodejerez.com\/2026\/04\/17\/la-alcaldesa-de-jerez-y-presidenta-de-cirjesa-anuncia-el-refuerzo-de-las-lineas-lanzaderas-de-autobuses-urbanos-hacia-el-circuito-durante-el-gran-premio-de-espana\/"},"wordCount":690,"publisher":{"@id":"https:\/\/circuitodejerez.com\/#organization"},"image":{"@id":"https:\/\/circuitodejerez.com\/2026\/04\/17\/la-alcaldesa-de-jerez-y-presidenta-de-cirjesa-anuncia-el-refuerzo-de-las-lineas-lanzaderas-de-autobuses-urbanos-hacia-el-circuito-durante-el-gran-premio-de-espana\/#primaryimage"},"thumbnailUrl":"https:\/\/circuitodejerez.com\/wp-content\/uploads\/2026\/04\/noticia_314.jpg","articleSection":["Noticias"],"inLanguage":"en-GB"},{"@type":"WebPage","@id":"https:\/\/circuitodejerez.com\/2026\/04\/17\/la-alcaldesa-de-jerez-y-presidenta-de-cirjesa-anuncia-el-refuerzo-de-las-lineas-lanzaderas-de-autobuses-urbanos-hacia-el-circuito-durante-el-gran-premio-de-espana\/","url":"https:\/\/circuitodejerez.com\/2026\/04\/17\/la-alcaldesa-de-jerez-y-presidenta-de-cirjesa-anuncia-el-refuerzo-de-las-lineas-lanzaderas-de-autobuses-urbanos-hacia-el-circuito-durante-el-gran-premio-de-espana\/","name":"La alcaldesa de Jerez y presidenta de Cirjesa anuncia el refuerzo de las l\u00edneas lanzaderas de autobuses urbanos hacia el Circuito durante el Gran Premio de Espa\u00f1a - Circuito de Jerez \u00c1ngel Nieto","isPartOf":{"@id":"https:\/\/circuitodejerez.com\/#website"},"primaryImageOfPage":{"@id":"https:\/\/circuitodejerez.com\/2026\/04\/17\/la-alcaldesa-de-jerez-y-presidenta-de-cirjesa-anuncia-el-refuerzo-de-las-lineas-lanzaderas-de-autobuses-urbanos-hacia-el-circuito-durante-el-gran-premio-de-espana\/#primaryimage"},"image":{"@id":"https:\/\/circuitodejerez.com\/2026\/04\/17\/la-alcaldesa-de-jerez-y-presidenta-de-cirjesa-anuncia-el-refuerzo-de-las-lineas-lanzaderas-de-autobuses-urbanos-hacia-el-circuito-durante-el-gran-premio-de-espana\/#primaryimage"},"thumbnailUrl":"https:\/\/circuitodejerez.com\/wp-content\/uploads\/2026\/04\/noticia_314.jpg","datePublished":"2026-04-17T12:16:09+00:00","dateModified":"2026-04-17T12:16:12+00:00","breadcrumb":{"@id":"https:\/\/circuitodejerez.com\/2026\/04\/17\/la-alcaldesa-de-jerez-y-presidenta-de-cirjesa-anuncia-el-refuerzo-de-las-lineas-lanzaderas-de-autobuses-urbanos-hacia-el-circuito-durante-el-gran-premio-de-espana\/#breadcrumb"},"inLanguage":"en-GB","potentialAction":[{"@type":"ReadAction","target":["https:\/\/circuitodejerez.com\/2026\/04\/17\/la-alcaldesa-de-jerez-y-presidenta-de-cirjesa-anuncia-el-refuerzo-de-las-lineas-lanzaderas-de-autobuses-urbanos-hacia-el-circuito-durante-el-gran-premio-de-espana\/"]}]},{"@type":"ImageObject","inLanguage":"en-GB","@id":"https:\/\/circuitodejerez.com\/2026\/04\/17\/la-alcaldesa-de-jerez-y-presidenta-de-cirjesa-anuncia-el-refuerzo-de-las-lineas-lanzaderas-de-autobuses-urbanos-hacia-el-circuito-durante-el-gran-premio-de-espana\/#primaryimage","url":"https:\/\/circuitodejerez.com\/wp-content\/uploads\/2026\/04\/noticia_314.jpg","contentUrl":"https:\/\/circuitodejerez.com\/wp-content\/uploads\/2026\/04\/noticia_314.jpg","width":1155,"height":1155},{"@type":"BreadcrumbList","@id":"https:\/\/circuitodejerez.com\/2026\/04\/17\/la-alcaldesa-de-jerez-y-presidenta-de-cirjesa-anuncia-el-refuerzo-de-las-lineas-lanzaderas-de-autobuses-urbanos-hacia-el-circuito-durante-el-gran-premio-de-espana\/#breadcrumb","itemListElement":[{"@type":"ListItem","position":1,"name":"Portada","item":"https:\/\/circuitodejerez.com\/"},{"@type":"ListItem","position":2,"name":"La alcaldesa de Jerez y presidenta de Cirjesa anuncia el refuerzo de las l\u00edneas lanzaderas de autobuses urbanos hacia el Circuito durante el Gran Premio de Espa\u00f1a"}]},{"@type":"WebSite","@id":"https:\/\/circuitodejerez.com\/#website","url":"https:\/\/circuitodejerez.com\/","name":"Circuito de Jerez \u00c1ngel Nieto","description":"Circuito de Jerez \u00c1ngel Nieto","publisher":{"@id":"https:\/\/circuitodejerez.com\/#organization"},"potentialAction":[{"@type":"SearchAction","target":{"@type":"EntryPoint","urlTemplate":"https:\/\/circuitodejerez.com\/?s={search_term_string}"},"query-input":"required name=search_term_string"}],"inLanguage":"en-GB"},{"@type":"Organization","@id":"https:\/\/circuitodejerez.com\/#organization","name":"Circuito de Jerez \u00c1ngel Nieto","url":"https:\/\/circuitodejerez.com\/","logo":{"@type":"ImageObject","inLanguage":"en-GB","@id":"https:\/\/circuitodejerez.com\/#\/schema\/logo\/image\/","url":"https:\/\/circuitodejerez.com\/wp-content\/uploads\/2023\/06\/logo-circuito-jerez.png","contentUrl":"https:\/\/circuitodejerez.com\/wp-content\/uploads\/2023\/06\/logo-circuito-jerez.png","width":556,"height":142,"caption":"Circuito de Jerez \u00c1ngel Nieto"},"image":{"@id":"https:\/\/circuitodejerez.com\/#\/schema\/logo\/image\/"},"sameAs":["https:\/\/www.facebook.com\/circuitodejerezangelnieto\/","https:\/\/x.com\/circuitodejerez","https:\/\/www.instagram.com\/circuito_de_jerez\/?hl=es","https:\/\/www.youtube.com\/user\/cirjesa"]},{"@type":"Person","@id":"https:\/\/circuitodejerez.com\/#\/schema\/person\/7426c66afad35f522814eb06fb2e213a","name":"publyland","sameAs":["https:\/\/circuitoangelnieto.com"],"url":"https:\/\/circuitodejerez.com\/en\/author\/publyland\/"}]}},"_links":{"self":[{"href":"https:\/\/circuitodejerez.com\/en\/wp-json\/wp\/v2\/posts\/39653","targetHints":{"allow":["GET"]}}],"collection":[{"href":"https:\/\/circuitodejerez.com\/en\/wp-json\/wp\/v2\/posts"}],"about":[{"href":"https:\/\/circuitodejerez.com\/en\/wp-json\/wp\/v2\/types\/post"}],"author":[{"embeddable":true,"href":"https:\/\/circuitodejerez.com\/en\/wp-json\/wp\/v2\/users\/1"}],"replies":[{"embeddable":true,"href":"https:\/\/circuitodejerez.com\/en\/wp-json\/wp\/v2\/comments?post=39653"}],"version-history":[{"count":1,"href":"https:\/\/circuitodejerez.com\/en\/wp-json\/wp\/v2\/posts\/39653\/revisions"}],"predecessor-version":[{"id":39655,"href":"https:\/\/circuitodejerez.com\/en\/wp-json\/wp\/v2\/posts\/39653\/revisions\/39655"}],"wp:featuredmedia":[{"embeddable":true,"href":"https:\/\/circuitodejerez.com\/en\/wp-json\/wp\/v2\/media\/39654"}],"wp:attachment":[{"href":"https:\/\/circuitodejerez.com\/en\/wp-json\/wp\/v2\/media?parent=39653"}],"wp:term":[{"taxonomy":"category","embeddable":true,"href":"https:\/\/circuitodejerez.com\/en\/wp-json\/wp\/v2\/categories?post=39653"},{"taxonomy":"post_tag","embeddable":true,"href":"https:\/\/circuitodejerez.com\/en\/wp-json\/wp\/v2\/tags?post=39653"}],"curies":[{"name":"wp","href":"https:\/\/api.w.org\/{rel}","templated":true}]}}