{"id":39739,"date":"2026-04-27T18:20:58","date_gmt":"2026-04-27T16:20:58","guid":{"rendered":"https:\/\/circuitodejerez.com\/2026\/04\/27\/se-cierra-un-gran-premio-de-espana-historico-con-una-intensa-jornada-de-test-oficial-para-la-categoria-de-motogp-en-la-que-el-japones-de-aprilia-ai-ogura-fue-el-mas-rapido\/"},"modified":"2026-04-27T18:21:31","modified_gmt":"2026-04-27T16:21:31","slug":"se-cierra-un-gran-premio-de-espana-historico-con-una-intensa-jornada-de-test-oficial-para-la-categoria-de-motogp-en-la-que-el-japones-de-aprilia-ai-ogura-fue-el-mas-rapido","status":"publish","type":"post","link":"https:\/\/circuitodejerez.com\/en\/2026\/04\/27\/se-cierra-un-gran-premio-de-espana-historico-con-una-intensa-jornada-de-test-oficial-para-la-categoria-de-motogp-en-la-que-el-japones-de-aprilia-ai-ogura-fue-el-mas-rapido\/","title":{"rendered":"Se cierra un Gran Premio de Espa\u00f1a hist\u00f3rico con una intensa jornada de test oficial para la categor\u00eda de MotoGP\u2122 en la que el japon\u00e9s de Aprilia Ai Ogura fue el m\u00e1s r\u00e1pido"},"content":{"rendered":"<p><img loading=\"lazy\" decoding=\"async\" style=\"display:none;\" class=\"alignnone size-medium\" src=\"https:\/\/gestorapp.circuitoangelnieto.com\/\/uploads\/noticias\/noticia_322.jpg\" width=\"600\" height=\"409\" \/> Ma\u00f1ana martes, la categor\u00eda peque\u00f1a de Moto3 entrar\u00e1n en escena en una jornada en la que la climatolog\u00eda puede ser protagonista<\/p>\n<div>\n<p><b>27 de abril de 2026.<\/b>&nbsp;Apagados los ecos del exitoso Gran Premio de Espa\u00f1a en el que se congregaron durante el fin de semana m\u00e1s de 224.000 espectadores que se desga\u00f1itaron animando a sus \u00eddolos en cada curva creando una atm\u00f3sfera \u00fanica que los propios pilotos califican como \u2018inigualable\u2019, apenas 18 horas m\u00e1s tarde, el trazado jerezano encend\u00eda de nuevo el sem\u00e1foro verde a la salida del Pit Lane para abrir el primer test oficial post carrera de la temporada europea exclusivo para la categor\u00eda reina de MotoGP.<\/p>\n<\/div>\n<div>\n<p>A las diez en punto todos los equipos levantaban la puerta de boxes para comenzar una intensa jornada de entrenamientos muy importante para las f\u00e1bricas, que se alargar\u00eda hasta las seis de la tarde con, entre este intervalo realizar dos sesiones de diez minutos dedicadas a ensayos de salida. Un test importante para cada equipo con cosas nuevas que probar para tratar de evolucionar las motos de cara a la pr\u00f3xima cita de Le Mans en Francia y recortar distancias en el campeonato.<\/p>\n<p>Electr\u00f3nica, chasis y aerodin\u00e1mica han centrado mayormente el enfoque de trabajo de los equipos hoy en Jerez. El ganador del Gran Premio de Espa\u00f1a en el d\u00eda de ayer, Alex M\u00e1rquez (Ducati) mantuvo el liderato gran parte de la sesi\u00f3n matinal para ser desbancado pasado el mediod\u00eda por el tambi\u00e9n piloto espa\u00f1ol Ra\u00fal Fern\u00e1ndez con la Aprilia que paraba el crono en 1.35.949 a 3 d\u00e9cimas de la mejor vuelta de una MotoGP en Jerez para, finalmente, ser el japon\u00e9s Ai Ogura quien se alzaba al final de la jornada con el mejor tiempo del d\u00eda con un registro de 1.35.944 . Al final de la sesi\u00f3n, la clasificaci\u00f3n quedaba de la siguiente forma: 1.-Ai Ogura 1.35.944 (Aprilia) 2.-Ra\u00fal Fern\u00e1ndez (Aprilia) 1.35.949 3.-Marco Bezzecchi (Aprilia) 1.36..272 4.-Mar M\u00e1rquez (Ducati) 1.36.277 5.-Pedro Acosta (KTM) 1.36.299 6.-Alex M\u00e1rquez (Ducati) 1.36.409 7.-Fabio Quartararo (Yamaha) 1.36.439\u2026. <\/p>\n<p>Ma\u00f1ana martes le tocar\u00e1 el turno a la categor\u00eda peque\u00f1a de Moto3 en una jornada oficial de 10 a 18 horas donde la climatolog\u00eda podr\u00eda ser protagonista ya que las predicciones apuntan en alg\u00fan momento agua.<\/p>\n<\/div>\n<div>\n<div><\/div>\n<\/div>\n<p><\/p>\n<p><img loading=\"lazy\" decoding=\"async\" style=\"width: 100%;\" class=\"alignnone size-medium\" src=\"https:\/\/gestorapp.circuitoangelnieto.com\/\/uploads\/noticias\/noticia_destacada_322.jpg\" width=\"600\" height=\"409\" \/><\/p>","protected":false},"excerpt":{"rendered":"<p>Ma\u00f1ana martes, la categor\u00eda peque\u00f1a de Moto3 entrar\u00e1n en escena en una jornada en la que la climatolog\u00eda puede ser<\/p>","protected":false},"author":1,"featured_media":39740,"comment_status":"closed","ping_status":"","sticky":false,"template":"","format":"standard","meta":{"footnotes":""},"categories":[2],"tags":[],"class_list":["post-39739","post","type-post","status-publish","format-standard","has-post-thumbnail","hentry","category-noticias"],"yoast_head":"<!-- This site is optimized with the Yoast SEO plugin v22.5 - https:\/\/yoast.com\/wordpress\/plugins\/seo\/ -->\n<title>Se cierra un Gran Premio de Espa\u00f1a hist\u00f3rico con una intensa jornada de test oficial para la categor\u00eda de MotoGP\u2122 en la que el japon\u00e9s de Aprilia Ai Ogura fue el m\u00e1s r\u00e1pido - Circuito de Jerez \u00c1ngel Nieto<\/title>\n<meta name=\"robots\" content=\"index, follow, max-snippet:-1, max-image-preview:large, max-video-preview:-1\" \/>\n<link rel=\"canonical\" href=\"https:\/\/circuitodejerez.com\/en\/2026\/04\/27\/se-cierra-un-gran-premio-de-espana-historico-con-una-intensa-jornada-de-test-oficial-para-la-categoria-de-motogp-en-la-que-el-japones-de-aprilia-ai-ogura-fue-el-mas-rapido\/\" \/>\n<meta property=\"og:locale\" content=\"en_GB\" \/>\n<meta property=\"og:type\" content=\"article\" \/>\n<meta property=\"og:title\" content=\"Se cierra un Gran Premio de Espa\u00f1a hist\u00f3rico con una intensa jornada de test oficial para la categor\u00eda de MotoGP\u2122 en la que el japon\u00e9s de Aprilia Ai Ogura fue el m\u00e1s r\u00e1pido - Circuito de Jerez \u00c1ngel Nieto\" \/>\n<meta property=\"og:description\" content=\"Ma\u00f1ana martes, la categor\u00eda peque\u00f1a de Moto3 entrar\u00e1n en escena en una jornada en la que la climatolog\u00eda puede ser\" \/>\n<meta property=\"og:url\" content=\"https:\/\/circuitodejerez.com\/en\/2026\/04\/27\/se-cierra-un-gran-premio-de-espana-historico-con-una-intensa-jornada-de-test-oficial-para-la-categoria-de-motogp-en-la-que-el-japones-de-aprilia-ai-ogura-fue-el-mas-rapido\/\" \/>\n<meta property=\"og:site_name\" content=\"Circuito de Jerez \u00c1ngel Nieto\" \/>\n<meta property=\"article:publisher\" content=\"https:\/\/www.facebook.com\/circuitodejerezangelnieto\/\" \/>\n<meta property=\"article:published_time\" content=\"2026-04-27T16:20:58+00:00\" \/>\n<meta property=\"article:modified_time\" content=\"2026-04-27T16:21:31+00:00\" \/>\n<meta property=\"og:image\" content=\"https:\/\/circuitodejerez.com\/wp-content\/uploads\/2026\/04\/noticia_322-scaled.jpg\" \/>\n\t<meta property=\"og:image:width\" content=\"2560\" \/>\n\t<meta property=\"og:image:height\" content=\"2560\" \/>\n\t<meta property=\"og:image:type\" content=\"image\/jpeg\" \/>\n<meta name=\"author\" content=\"publyland\" \/>\n<meta name=\"twitter:card\" content=\"summary_large_image\" \/>\n<meta name=\"twitter:creator\" content=\"@circuitodejerez\" \/>\n<meta name=\"twitter:site\" content=\"@circuitodejerez\" \/>\n<meta name=\"twitter:label1\" content=\"Written by\" \/>\n\t<meta name=\"twitter:data1\" content=\"publyland\" \/>\n\t<meta name=\"twitter:label2\" content=\"Estimated reading time\" \/>\n\t<meta name=\"twitter:data2\" content=\"2 minutes\" \/>\n<script type=\"application\/ld+json\" class=\"yoast-schema-graph\">{\"@context\":\"https:\/\/schema.org\",\"@graph\":[{\"@type\":\"Article\",\"@id\":\"https:\/\/circuitodejerez.com\/2026\/04\/27\/se-cierra-un-gran-premio-de-espana-historico-con-una-intensa-jornada-de-test-oficial-para-la-categoria-de-motogp-en-la-que-el-japones-de-aprilia-ai-ogura-fue-el-mas-rapido\/#article\",\"isPartOf\":{\"@id\":\"https:\/\/circuitodejerez.com\/2026\/04\/27\/se-cierra-un-gran-premio-de-espana-historico-con-una-intensa-jornada-de-test-oficial-para-la-categoria-de-motogp-en-la-que-el-japones-de-aprilia-ai-ogura-fue-el-mas-rapido\/\"},\"author\":{\"name\":\"publyland\",\"@id\":\"https:\/\/circuitodejerez.com\/#\/schema\/person\/7426c66afad35f522814eb06fb2e213a\"},\"headline\":\"Se cierra un Gran Premio de Espa\u00f1a hist\u00f3rico con una intensa jornada de test oficial para la categor\u00eda de MotoGP\u2122 en la que el japon\u00e9s de Aprilia Ai Ogura fue el m\u00e1s r\u00e1pido\",\"datePublished\":\"2026-04-27T16:20:58+00:00\",\"dateModified\":\"2026-04-27T16:21:31+00:00\",\"mainEntityOfPage\":{\"@id\":\"https:\/\/circuitodejerez.com\/2026\/04\/27\/se-cierra-un-gran-premio-de-espana-historico-con-una-intensa-jornada-de-test-oficial-para-la-categoria-de-motogp-en-la-que-el-japones-de-aprilia-ai-ogura-fue-el-mas-rapido\/\"},\"wordCount\":435,\"publisher\":{\"@id\":\"https:\/\/circuitodejerez.com\/#organization\"},\"image\":{\"@id\":\"https:\/\/circuitodejerez.com\/2026\/04\/27\/se-cierra-un-gran-premio-de-espana-historico-con-una-intensa-jornada-de-test-oficial-para-la-categoria-de-motogp-en-la-que-el-japones-de-aprilia-ai-ogura-fue-el-mas-rapido\/#primaryimage\"},\"thumbnailUrl\":\"https:\/\/circuitodejerez.com\/wp-content\/uploads\/2026\/04\/noticia_322-scaled.jpg\",\"articleSection\":[\"Noticias\"],\"inLanguage\":\"en-GB\"},{\"@type\":\"WebPage\",\"@id\":\"https:\/\/circuitodejerez.com\/2026\/04\/27\/se-cierra-un-gran-premio-de-espana-historico-con-una-intensa-jornada-de-test-oficial-para-la-categoria-de-motogp-en-la-que-el-japones-de-aprilia-ai-ogura-fue-el-mas-rapido\/\",\"url\":\"https:\/\/circuitodejerez.com\/2026\/04\/27\/se-cierra-un-gran-premio-de-espana-historico-con-una-intensa-jornada-de-test-oficial-para-la-categoria-de-motogp-en-la-que-el-japones-de-aprilia-ai-ogura-fue-el-mas-rapido\/\",\"name\":\"Se cierra un Gran Premio de Espa\u00f1a hist\u00f3rico con una intensa jornada de test oficial para la categor\u00eda de MotoGP\u2122 en la que el japon\u00e9s de Aprilia Ai Ogura fue el m\u00e1s r\u00e1pido - Circuito de Jerez \u00c1ngel Nieto\",\"isPartOf\":{\"@id\":\"https:\/\/circuitodejerez.com\/#website\"},\"primaryImageOfPage\":{\"@id\":\"https:\/\/circuitodejerez.com\/2026\/04\/27\/se-cierra-un-gran-premio-de-espana-historico-con-una-intensa-jornada-de-test-oficial-para-la-categoria-de-motogp-en-la-que-el-japones-de-aprilia-ai-ogura-fue-el-mas-rapido\/#primaryimage\"},\"image\":{\"@id\":\"https:\/\/circuitodejerez.com\/2026\/04\/27\/se-cierra-un-gran-premio-de-espana-historico-con-una-intensa-jornada-de-test-oficial-para-la-categoria-de-motogp-en-la-que-el-japones-de-aprilia-ai-ogura-fue-el-mas-rapido\/#primaryimage\"},\"thumbnailUrl\":\"https:\/\/circuitodejerez.com\/wp-content\/uploads\/2026\/04\/noticia_322-scaled.jpg\",\"datePublished\":\"2026-04-27T16:20:58+00:00\",\"dateModified\":\"2026-04-27T16:21:31+00:00\",\"breadcrumb\":{\"@id\":\"https:\/\/circuitodejerez.com\/2026\/04\/27\/se-cierra-un-gran-premio-de-espana-historico-con-una-intensa-jornada-de-test-oficial-para-la-categoria-de-motogp-en-la-que-el-japones-de-aprilia-ai-ogura-fue-el-mas-rapido\/#breadcrumb\"},\"inLanguage\":\"en-GB\",\"potentialAction\":[{\"@type\":\"ReadAction\",\"target\":[\"https:\/\/circuitodejerez.com\/2026\/04\/27\/se-cierra-un-gran-premio-de-espana-historico-con-una-intensa-jornada-de-test-oficial-para-la-categoria-de-motogp-en-la-que-el-japones-de-aprilia-ai-ogura-fue-el-mas-rapido\/\"]}]},{\"@type\":\"ImageObject\",\"inLanguage\":\"en-GB\",\"@id\":\"https:\/\/circuitodejerez.com\/2026\/04\/27\/se-cierra-un-gran-premio-de-espana-historico-con-una-intensa-jornada-de-test-oficial-para-la-categoria-de-motogp-en-la-que-el-japones-de-aprilia-ai-ogura-fue-el-mas-rapido\/#primaryimage\",\"url\":\"https:\/\/circuitodejerez.com\/wp-content\/uploads\/2026\/04\/noticia_322-scaled.jpg\",\"contentUrl\":\"https:\/\/circuitodejerez.com\/wp-content\/uploads\/2026\/04\/noticia_322-scaled.jpg\",\"width\":2560,\"height\":2560},{\"@type\":\"BreadcrumbList\",\"@id\":\"https:\/\/circuitodejerez.com\/2026\/04\/27\/se-cierra-un-gran-premio-de-espana-historico-con-una-intensa-jornada-de-test-oficial-para-la-categoria-de-motogp-en-la-que-el-japones-de-aprilia-ai-ogura-fue-el-mas-rapido\/#breadcrumb\",\"itemListElement\":[{\"@type\":\"ListItem\",\"position\":1,\"name\":\"Portada\",\"item\":\"https:\/\/circuitodejerez.com\/\"},{\"@type\":\"ListItem\",\"position\":2,\"name\":\"Se cierra un Gran Premio de Espa\u00f1a hist\u00f3rico con una intensa jornada de test oficial para la categor\u00eda de MotoGP\u2122 en la que el japon\u00e9s de Aprilia Ai Ogura fue el m\u00e1s r\u00e1pido\"}]},{\"@type\":\"WebSite\",\"@id\":\"https:\/\/circuitodejerez.com\/#website\",\"url\":\"https:\/\/circuitodejerez.com\/\",\"name\":\"Circuito de Jerez \u00c1ngel Nieto\",\"description\":\"Circuito de Jerez \u00c1ngel Nieto\",\"publisher\":{\"@id\":\"https:\/\/circuitodejerez.com\/#organization\"},\"potentialAction\":[{\"@type\":\"SearchAction\",\"target\":{\"@type\":\"EntryPoint\",\"urlTemplate\":\"https:\/\/circuitodejerez.com\/?s={search_term_string}\"},\"query-input\":\"required name=search_term_string\"}],\"inLanguage\":\"en-GB\"},{\"@type\":\"Organization\",\"@id\":\"https:\/\/circuitodejerez.com\/#organization\",\"name\":\"Circuito de Jerez \u00c1ngel Nieto\",\"url\":\"https:\/\/circuitodejerez.com\/\",\"logo\":{\"@type\":\"ImageObject\",\"inLanguage\":\"en-GB\",\"@id\":\"https:\/\/circuitodejerez.com\/#\/schema\/logo\/image\/\",\"url\":\"https:\/\/circuitodejerez.com\/wp-content\/uploads\/2023\/06\/logo-circuito-jerez.png\",\"contentUrl\":\"https:\/\/circuitodejerez.com\/wp-content\/uploads\/2023\/06\/logo-circuito-jerez.png\",\"width\":556,\"height\":142,\"caption\":\"Circuito de Jerez \u00c1ngel Nieto\"},\"image\":{\"@id\":\"https:\/\/circuitodejerez.com\/#\/schema\/logo\/image\/\"},\"sameAs\":[\"https:\/\/www.facebook.com\/circuitodejerezangelnieto\/\",\"https:\/\/x.com\/circuitodejerez\",\"https:\/\/www.instagram.com\/circuito_de_jerez\/?hl=es\",\"https:\/\/www.youtube.com\/user\/cirjesa\"]},{\"@type\":\"Person\",\"@id\":\"https:\/\/circuitodejerez.com\/#\/schema\/person\/7426c66afad35f522814eb06fb2e213a\",\"name\":\"publyland\",\"sameAs\":[\"https:\/\/circuitoangelnieto.com\"],\"url\":\"https:\/\/circuitodejerez.com\/en\/author\/publyland\/\"}]}<\/script>\n<!-- \/ Yoast SEO plugin. -->","yoast_head_json":{"title":"Se cierra un Gran Premio de Espa\u00f1a hist\u00f3rico con una intensa jornada de test oficial para la categor\u00eda de MotoGP\u2122 en la que el japon\u00e9s de Aprilia Ai Ogura fue el m\u00e1s r\u00e1pido - Circuito de Jerez \u00c1ngel Nieto","robots":{"index":"index","follow":"follow","max-snippet":"max-snippet:-1","max-image-preview":"max-image-preview:large","max-video-preview":"max-video-preview:-1"},"canonical":"https:\/\/circuitodejerez.com\/en\/2026\/04\/27\/se-cierra-un-gran-premio-de-espana-historico-con-una-intensa-jornada-de-test-oficial-para-la-categoria-de-motogp-en-la-que-el-japones-de-aprilia-ai-ogura-fue-el-mas-rapido\/","og_locale":"en_GB","og_type":"article","og_title":"Se cierra un Gran Premio de Espa\u00f1a hist\u00f3rico con una intensa jornada de test oficial para la categor\u00eda de MotoGP\u2122 en la que el japon\u00e9s de Aprilia Ai Ogura fue el m\u00e1s r\u00e1pido - Circuito de Jerez \u00c1ngel Nieto","og_description":"Ma\u00f1ana martes, la categor\u00eda peque\u00f1a de Moto3 entrar\u00e1n en escena en una jornada en la que la climatolog\u00eda puede ser","og_url":"https:\/\/circuitodejerez.com\/en\/2026\/04\/27\/se-cierra-un-gran-premio-de-espana-historico-con-una-intensa-jornada-de-test-oficial-para-la-categoria-de-motogp-en-la-que-el-japones-de-aprilia-ai-ogura-fue-el-mas-rapido\/","og_site_name":"Circuito de Jerez \u00c1ngel Nieto","article_publisher":"https:\/\/www.facebook.com\/circuitodejerezangelnieto\/","article_published_time":"2026-04-27T16:20:58+00:00","article_modified_time":"2026-04-27T16:21:31+00:00","og_image":[{"width":2560,"height":2560,"url":"https:\/\/circuitodejerez.com\/wp-content\/uploads\/2026\/04\/noticia_322-scaled.jpg","type":"image\/jpeg"}],"author":"publyland","twitter_card":"summary_large_image","twitter_creator":"@circuitodejerez","twitter_site":"@circuitodejerez","twitter_misc":{"Written by":"publyland","Estimated reading time":"2 minutes"},"schema":{"@context":"https:\/\/schema.org","@graph":[{"@type":"Article","@id":"https:\/\/circuitodejerez.com\/2026\/04\/27\/se-cierra-un-gran-premio-de-espana-historico-con-una-intensa-jornada-de-test-oficial-para-la-categoria-de-motogp-en-la-que-el-japones-de-aprilia-ai-ogura-fue-el-mas-rapido\/#article","isPartOf":{"@id":"https:\/\/circuitodejerez.com\/2026\/04\/27\/se-cierra-un-gran-premio-de-espana-historico-con-una-intensa-jornada-de-test-oficial-para-la-categoria-de-motogp-en-la-que-el-japones-de-aprilia-ai-ogura-fue-el-mas-rapido\/"},"author":{"name":"publyland","@id":"https:\/\/circuitodejerez.com\/#\/schema\/person\/7426c66afad35f522814eb06fb2e213a"},"headline":"Se cierra un Gran Premio de Espa\u00f1a hist\u00f3rico con una intensa jornada de test oficial para la categor\u00eda de MotoGP\u2122 en la que el japon\u00e9s de Aprilia Ai Ogura fue el m\u00e1s r\u00e1pido","datePublished":"2026-04-27T16:20:58+00:00","dateModified":"2026-04-27T16:21:31+00:00","mainEntityOfPage":{"@id":"https:\/\/circuitodejerez.com\/2026\/04\/27\/se-cierra-un-gran-premio-de-espana-historico-con-una-intensa-jornada-de-test-oficial-para-la-categoria-de-motogp-en-la-que-el-japones-de-aprilia-ai-ogura-fue-el-mas-rapido\/"},"wordCount":435,"publisher":{"@id":"https:\/\/circuitodejerez.com\/#organization"},"image":{"@id":"https:\/\/circuitodejerez.com\/2026\/04\/27\/se-cierra-un-gran-premio-de-espana-historico-con-una-intensa-jornada-de-test-oficial-para-la-categoria-de-motogp-en-la-que-el-japones-de-aprilia-ai-ogura-fue-el-mas-rapido\/#primaryimage"},"thumbnailUrl":"https:\/\/circuitodejerez.com\/wp-content\/uploads\/2026\/04\/noticia_322-scaled.jpg","articleSection":["Noticias"],"inLanguage":"en-GB"},{"@type":"WebPage","@id":"https:\/\/circuitodejerez.com\/2026\/04\/27\/se-cierra-un-gran-premio-de-espana-historico-con-una-intensa-jornada-de-test-oficial-para-la-categoria-de-motogp-en-la-que-el-japones-de-aprilia-ai-ogura-fue-el-mas-rapido\/","url":"https:\/\/circuitodejerez.com\/2026\/04\/27\/se-cierra-un-gran-premio-de-espana-historico-con-una-intensa-jornada-de-test-oficial-para-la-categoria-de-motogp-en-la-que-el-japones-de-aprilia-ai-ogura-fue-el-mas-rapido\/","name":"Se cierra un Gran Premio de Espa\u00f1a hist\u00f3rico con una intensa jornada de test oficial para la categor\u00eda de MotoGP\u2122 en la que el japon\u00e9s de Aprilia Ai Ogura fue el m\u00e1s r\u00e1pido - Circuito de Jerez \u00c1ngel Nieto","isPartOf":{"@id":"https:\/\/circuitodejerez.com\/#website"},"primaryImageOfPage":{"@id":"https:\/\/circuitodejerez.com\/2026\/04\/27\/se-cierra-un-gran-premio-de-espana-historico-con-una-intensa-jornada-de-test-oficial-para-la-categoria-de-motogp-en-la-que-el-japones-de-aprilia-ai-ogura-fue-el-mas-rapido\/#primaryimage"},"image":{"@id":"https:\/\/circuitodejerez.com\/2026\/04\/27\/se-cierra-un-gran-premio-de-espana-historico-con-una-intensa-jornada-de-test-oficial-para-la-categoria-de-motogp-en-la-que-el-japones-de-aprilia-ai-ogura-fue-el-mas-rapido\/#primaryimage"},"thumbnailUrl":"https:\/\/circuitodejerez.com\/wp-content\/uploads\/2026\/04\/noticia_322-scaled.jpg","datePublished":"2026-04-27T16:20:58+00:00","dateModified":"2026-04-27T16:21:31+00:00","breadcrumb":{"@id":"https:\/\/circuitodejerez.com\/2026\/04\/27\/se-cierra-un-gran-premio-de-espana-historico-con-una-intensa-jornada-de-test-oficial-para-la-categoria-de-motogp-en-la-que-el-japones-de-aprilia-ai-ogura-fue-el-mas-rapido\/#breadcrumb"},"inLanguage":"en-GB","potentialAction":[{"@type":"ReadAction","target":["https:\/\/circuitodejerez.com\/2026\/04\/27\/se-cierra-un-gran-premio-de-espana-historico-con-una-intensa-jornada-de-test-oficial-para-la-categoria-de-motogp-en-la-que-el-japones-de-aprilia-ai-ogura-fue-el-mas-rapido\/"]}]},{"@type":"ImageObject","inLanguage":"en-GB","@id":"https:\/\/circuitodejerez.com\/2026\/04\/27\/se-cierra-un-gran-premio-de-espana-historico-con-una-intensa-jornada-de-test-oficial-para-la-categoria-de-motogp-en-la-que-el-japones-de-aprilia-ai-ogura-fue-el-mas-rapido\/#primaryimage","url":"https:\/\/circuitodejerez.com\/wp-content\/uploads\/2026\/04\/noticia_322-scaled.jpg","contentUrl":"https:\/\/circuitodejerez.com\/wp-content\/uploads\/2026\/04\/noticia_322-scaled.jpg","width":2560,"height":2560},{"@type":"BreadcrumbList","@id":"https:\/\/circuitodejerez.com\/2026\/04\/27\/se-cierra-un-gran-premio-de-espana-historico-con-una-intensa-jornada-de-test-oficial-para-la-categoria-de-motogp-en-la-que-el-japones-de-aprilia-ai-ogura-fue-el-mas-rapido\/#breadcrumb","itemListElement":[{"@type":"ListItem","position":1,"name":"Portada","item":"https:\/\/circuitodejerez.com\/"},{"@type":"ListItem","position":2,"name":"Se cierra un Gran Premio de Espa\u00f1a hist\u00f3rico con una intensa jornada de test oficial para la categor\u00eda de MotoGP\u2122 en la que el japon\u00e9s de Aprilia Ai Ogura fue el m\u00e1s r\u00e1pido"}]},{"@type":"WebSite","@id":"https:\/\/circuitodejerez.com\/#website","url":"https:\/\/circuitodejerez.com\/","name":"Circuito de Jerez \u00c1ngel Nieto","description":"Circuito de Jerez \u00c1ngel Nieto","publisher":{"@id":"https:\/\/circuitodejerez.com\/#organization"},"potentialAction":[{"@type":"SearchAction","target":{"@type":"EntryPoint","urlTemplate":"https:\/\/circuitodejerez.com\/?s={search_term_string}"},"query-input":"required name=search_term_string"}],"inLanguage":"en-GB"},{"@type":"Organization","@id":"https:\/\/circuitodejerez.com\/#organization","name":"Circuito de Jerez \u00c1ngel Nieto","url":"https:\/\/circuitodejerez.com\/","logo":{"@type":"ImageObject","inLanguage":"en-GB","@id":"https:\/\/circuitodejerez.com\/#\/schema\/logo\/image\/","url":"https:\/\/circuitodejerez.com\/wp-content\/uploads\/2023\/06\/logo-circuito-jerez.png","contentUrl":"https:\/\/circuitodejerez.com\/wp-content\/uploads\/2023\/06\/logo-circuito-jerez.png","width":556,"height":142,"caption":"Circuito de Jerez \u00c1ngel Nieto"},"image":{"@id":"https:\/\/circuitodejerez.com\/#\/schema\/logo\/image\/"},"sameAs":["https:\/\/www.facebook.com\/circuitodejerezangelnieto\/","https:\/\/x.com\/circuitodejerez","https:\/\/www.instagram.com\/circuito_de_jerez\/?hl=es","https:\/\/www.youtube.com\/user\/cirjesa"]},{"@type":"Person","@id":"https:\/\/circuitodejerez.com\/#\/schema\/person\/7426c66afad35f522814eb06fb2e213a","name":"publyland","sameAs":["https:\/\/circuitoangelnieto.com"],"url":"https:\/\/circuitodejerez.com\/en\/author\/publyland\/"}]}},"_links":{"self":[{"href":"https:\/\/circuitodejerez.com\/en\/wp-json\/wp\/v2\/posts\/39739","targetHints":{"allow":["GET"]}}],"collection":[{"href":"https:\/\/circuitodejerez.com\/en\/wp-json\/wp\/v2\/posts"}],"about":[{"href":"https:\/\/circuitodejerez.com\/en\/wp-json\/wp\/v2\/types\/post"}],"author":[{"embeddable":true,"href":"https:\/\/circuitodejerez.com\/en\/wp-json\/wp\/v2\/users\/1"}],"replies":[{"embeddable":true,"href":"https:\/\/circuitodejerez.com\/en\/wp-json\/wp\/v2\/comments?post=39739"}],"version-history":[{"count":2,"href":"https:\/\/circuitodejerez.com\/en\/wp-json\/wp\/v2\/posts\/39739\/revisions"}],"predecessor-version":[{"id":39742,"href":"https:\/\/circuitodejerez.com\/en\/wp-json\/wp\/v2\/posts\/39739\/revisions\/39742"}],"wp:featuredmedia":[{"embeddable":true,"href":"https:\/\/circuitodejerez.com\/en\/wp-json\/wp\/v2\/media\/39740"}],"wp:attachment":[{"href":"https:\/\/circuitodejerez.com\/en\/wp-json\/wp\/v2\/media?parent=39739"}],"wp:term":[{"taxonomy":"category","embeddable":true,"href":"https:\/\/circuitodejerez.com\/en\/wp-json\/wp\/v2\/categories?post=39739"},{"taxonomy":"post_tag","embeddable":true,"href":"https:\/\/circuitodejerez.com\/en\/wp-json\/wp\/v2\/tags?post=39739"}],"curies":[{"name":"wp","href":"https:\/\/api.w.org\/{rel}","templated":true}]}}