{"id":39822,"date":"2026-06-17T10:22:32","date_gmt":"2026-06-17T08:22:32","guid":{"rendered":"https:\/\/circuitodejerez.com\/2026\/06\/17\/david-sanchez-confirma-en-estoril-su-potencial-para-pelear-con-los-mejores-del-motojunior-moto4\/"},"modified":"2026-06-17T12:01:35","modified_gmt":"2026-06-17T10:01:35","slug":"david-sanchez-confirma-en-estoril-su-potencial-para-pelear-con-los-mejores-del-motojunior-moto4","status":"publish","type":"post","link":"https:\/\/circuitodejerez.com\/en\/2026\/06\/17\/david-sanchez-confirma-en-estoril-su-potencial-para-pelear-con-los-mejores-del-motojunior-moto4\/","title":{"rendered":"David S\u00e1nchez confirma en Estoril su potencial para pelear con los mejores del MotoJunior Moto4"},"content":{"rendered":"<p><img loading=\"lazy\" decoding=\"async\" style=\"display:none;\" class=\"alignnone size-medium\" src=\"https:\/\/gestorapp.circuitoangelnieto.com\/\/uploads\/noticias\/noticia_328.jpg\" width=\"600\" height=\"409\" \/>El piloto jerezano protagoniz\u00f3 dos grandes remontadas en Portugal y volvi\u00f3 a demostrar ritmo de cabeza en su temporada de debut internacional<\/p>\n<p><\/p>\n<p>17 de junio de 2026. El piloto jerezano David S\u00e1nchez Ruiz complet\u00f3 este fin de semana en el Circuito de Estoril la segunda cita del campeonato MotoJunior Moto4, integrado en la estructura del FIM JuniorGP, con una actuaci\u00f3n que refuerza las buenas sensaciones de su debut internacional y confirma su capacidad para competir entre los pilotos m\u00e1s r\u00e1pidos de la categor\u00eda.<\/p>\n<p>Tras el prometedor estreno de Barcelona, David afrontaba la prueba portuguesa con el objetivo de seguir acumulando experiencia en una de las categor\u00edas m\u00e1s exigentes del programa Road to MotoGP. El fin de semana, sin embargo, comenz\u00f3 condicionado por una jornada de clasificaci\u00f3n complicada y por una sanci\u00f3n deportiva que oblig\u00f3 al piloto del VHC Frando Racing Team a salir desde posiciones muy retrasadas de parrilla.<\/p>\n<p>A esa dificultad se sum\u00f3 una bandera roja durante la Q2, que dej\u00f3 sin validez una vuelta r\u00e1pida que habr\u00eda permitido al jerezano partir desde una posici\u00f3n mucho m\u00e1s favorable en las carreras del domingo. Pese a este contratiempo, David y su equipo mantuvieron la concentraci\u00f3n y transformaron un escenario adverso en una nueva muestra de velocidad, car\u00e1cter y capacidad de reacci\u00f3n.<\/p>\n<p>La primera carrera fue una de las grandes demostraciones del fin de semana. David part\u00eda desde la posici\u00f3n 25 de parrilla, la salida no fue buena cayendo al 28 en la primera curva pero, a partir de ah\u00ed, escal\u00f3 hasta la decimoquinta plaza en dos vueltas con un ritmo espectacular. Imprimi\u00f3 un ritmo muy competitivo, incluso superior en algunos momentos al de los pilotos de cabeza, lo que le permiti\u00f3 recuperar posiciones hasta entrar en la pelea por el Top 6. Cuando la remontada apuntaba a un gran resultado, una ca\u00edda en la \u00faltima vuelta, mientras luchaba por la sexta posici\u00f3n, le priv\u00f3 de culminar una actuaci\u00f3n que hab\u00eda confirmado su velocidad real en pista. M\u00e1s all\u00e1 del resultado final, la carrera dej\u00f3 una conclusi\u00f3n clara: David S\u00e1nchez tiene ritmo para estar con los mejores del campeonato.<\/p>\n<p>La segunda manga volvi\u00f3 a exigir al m\u00e1ximo al joven piloto andaluz. Desde la posici\u00f3n 22, David repiti\u00f3 una gran salida y construy\u00f3 una nueva remontada hasta alcanzar la d\u00e9cima plaza. A falta de tres vueltas, sufri\u00f3 un susto en la curva 2 que estuvo a punto de provocar una ca\u00edda y le hizo perder varias posiciones hasta caer a la decimos\u00e9ptima plaza.<\/p>\n<p>Lejos de rendirse, David reaccion\u00f3 de nuevo con determinaci\u00f3n, recuper\u00f3 terreno en las vueltas finales y cruz\u00f3 la meta en una meritoria duod\u00e9cima posici\u00f3n. El resultado confirm\u00f3 no solo su capacidad de remontada, sino tambi\u00e9n su fortaleza competitiva en un campeonato de m\u00e1ximo nivel, donde cualquier error penaliza y cada posici\u00f3n exige ritmo, estrategia y madurez. El balance de Estoril resulta especialmente positivo para David S\u00e1nchez y el VHC Frando Racing Team. Las dos remontadas, el ritmo mostrado en carrera y la capacidad para integrarse entre los pilotos m\u00e1s r\u00e1pidos de la categor\u00eda refuerzan la idea de que las sensaciones de Barcelona no fueron casualidad.<\/p>\n<p>Con solo dos pruebas disputadas en su primera temporada internacional, el piloto jerezano contin\u00faa su progresi\u00f3n dentro del MotoJunior Moto4 y se consolida como uno de los nombres a seguir en la categor\u00eda. Su adaptaci\u00f3n al campeonato, a la moto y al equipo mantiene una l\u00ednea ascendente y abre un escenario de optimismo para las pr\u00f3ximas citas del calendario.<\/p>\n<p>La siguiente parada tendr\u00e1 un significado muy especial. El campeonato llegar\u00e1 los pr\u00f3ximos 4 y 5 de julio al Circuito de Jerez-\u00c1ngel Nieto, donde David correr\u00e1 ante su afici\u00f3n y en el trazado en el que ha crecido como piloto. La cita jerezana se presenta como una oportunidad clave para confirmar ante su p\u00fablico el potencial mostrado en Barcelona y Estoril.<\/p>\n<p>David S\u00e1nchez y el VHC Frando Racing Team llegan a Jerez con la convicci\u00f3n de contar con la velocidad, el trabajo y la proyecci\u00f3n necesarios para luchar por posiciones de privilegio durante el resto de la temporada.<\/p>\n<p><\/p>\n<p><img loading=\"lazy\" decoding=\"async\" style=\"width: 100%;\" class=\"alignnone size-medium\" src=\"https:\/\/gestorapp.circuitoangelnieto.com\/\/uploads\/noticias\/noticia_destacada_328.jpg\" width=\"600\" height=\"409\" \/><\/p>","protected":false},"excerpt":{"rendered":"<p>El piloto jerezano protagoniz\u00f3 dos grandes remontadas en Portugal y volvi\u00f3 a demostrar ritmo de cabeza en su temporada de<\/p>","protected":false},"author":1,"featured_media":39824,"comment_status":"closed","ping_status":"","sticky":false,"template":"","format":"standard","meta":{"footnotes":""},"categories":[2],"tags":[],"class_list":["post-39822","post","type-post","status-publish","format-standard","has-post-thumbnail","hentry","category-noticias"],"yoast_head":"<!-- This site is optimized with the Yoast SEO plugin v22.5 - https:\/\/yoast.com\/wordpress\/plugins\/seo\/ -->\n<title>David S\u00e1nchez confirma en Estoril su potencial para pelear con los mejores del MotoJunior Moto4 - Circuito de Jerez \u00c1ngel Nieto<\/title>\n<meta name=\"robots\" content=\"index, follow, max-snippet:-1, max-image-preview:large, max-video-preview:-1\" \/>\n<link rel=\"canonical\" href=\"https:\/\/circuitodejerez.com\/en\/2026\/06\/17\/david-sanchez-confirma-en-estoril-su-potencial-para-pelear-con-los-mejores-del-motojunior-moto4\/\" \/>\n<meta property=\"og:locale\" content=\"en_GB\" \/>\n<meta property=\"og:type\" content=\"article\" \/>\n<meta property=\"og:title\" content=\"David S\u00e1nchez confirma en Estoril su potencial para pelear con los mejores del MotoJunior Moto4 - Circuito de Jerez \u00c1ngel Nieto\" \/>\n<meta property=\"og:description\" content=\"El piloto jerezano protagoniz\u00f3 dos grandes remontadas en Portugal y volvi\u00f3 a demostrar ritmo de cabeza en su temporada de\" \/>\n<meta property=\"og:url\" content=\"https:\/\/circuitodejerez.com\/en\/2026\/06\/17\/david-sanchez-confirma-en-estoril-su-potencial-para-pelear-con-los-mejores-del-motojunior-moto4\/\" \/>\n<meta property=\"og:site_name\" content=\"Circuito de Jerez \u00c1ngel Nieto\" \/>\n<meta property=\"article:publisher\" content=\"https:\/\/www.facebook.com\/circuitodejerezangelnieto\/\" \/>\n<meta property=\"article:published_time\" content=\"2026-06-17T08:22:32+00:00\" \/>\n<meta property=\"article:modified_time\" content=\"2026-06-17T10:01:35+00:00\" \/>\n<meta property=\"og:image\" content=\"https:\/\/circuitodejerez.com\/wp-content\/uploads\/2026\/06\/noticia_328.jpg\" \/>\n\t<meta property=\"og:image:width\" content=\"1920\" \/>\n\t<meta property=\"og:image:height\" content=\"1920\" \/>\n\t<meta property=\"og:image:type\" content=\"image\/jpeg\" \/>\n<meta name=\"author\" content=\"publyland\" \/>\n<meta name=\"twitter:card\" content=\"summary_large_image\" \/>\n<meta name=\"twitter:creator\" content=\"@circuitodejerez\" \/>\n<meta name=\"twitter:site\" content=\"@circuitodejerez\" \/>\n<meta name=\"twitter:label1\" content=\"Written by\" \/>\n\t<meta name=\"twitter:data1\" content=\"publyland\" \/>\n\t<meta name=\"twitter:label2\" content=\"Estimated reading time\" \/>\n\t<meta name=\"twitter:data2\" content=\"4 minutes\" \/>\n<script type=\"application\/ld+json\" class=\"yoast-schema-graph\">{\"@context\":\"https:\/\/schema.org\",\"@graph\":[{\"@type\":\"Article\",\"@id\":\"https:\/\/circuitodejerez.com\/2026\/06\/17\/david-sanchez-confirma-en-estoril-su-potencial-para-pelear-con-los-mejores-del-motojunior-moto4\/#article\",\"isPartOf\":{\"@id\":\"https:\/\/circuitodejerez.com\/2026\/06\/17\/david-sanchez-confirma-en-estoril-su-potencial-para-pelear-con-los-mejores-del-motojunior-moto4\/\"},\"author\":{\"name\":\"publyland\",\"@id\":\"https:\/\/circuitodejerez.com\/#\/schema\/person\/7426c66afad35f522814eb06fb2e213a\"},\"headline\":\"David S\u00e1nchez confirma en Estoril su potencial para pelear con los mejores del MotoJunior Moto4\",\"datePublished\":\"2026-06-17T08:22:32+00:00\",\"dateModified\":\"2026-06-17T10:01:35+00:00\",\"mainEntityOfPage\":{\"@id\":\"https:\/\/circuitodejerez.com\/2026\/06\/17\/david-sanchez-confirma-en-estoril-su-potencial-para-pelear-con-los-mejores-del-motojunior-moto4\/\"},\"wordCount\":733,\"publisher\":{\"@id\":\"https:\/\/circuitodejerez.com\/#organization\"},\"image\":{\"@id\":\"https:\/\/circuitodejerez.com\/2026\/06\/17\/david-sanchez-confirma-en-estoril-su-potencial-para-pelear-con-los-mejores-del-motojunior-moto4\/#primaryimage\"},\"thumbnailUrl\":\"https:\/\/circuitodejerez.com\/wp-content\/uploads\/2026\/06\/noticia_328.jpg\",\"articleSection\":[\"Noticias\"],\"inLanguage\":\"en-GB\"},{\"@type\":\"WebPage\",\"@id\":\"https:\/\/circuitodejerez.com\/2026\/06\/17\/david-sanchez-confirma-en-estoril-su-potencial-para-pelear-con-los-mejores-del-motojunior-moto4\/\",\"url\":\"https:\/\/circuitodejerez.com\/2026\/06\/17\/david-sanchez-confirma-en-estoril-su-potencial-para-pelear-con-los-mejores-del-motojunior-moto4\/\",\"name\":\"David S\u00e1nchez confirma en Estoril su potencial para pelear con los mejores del MotoJunior Moto4 - Circuito de Jerez \u00c1ngel Nieto\",\"isPartOf\":{\"@id\":\"https:\/\/circuitodejerez.com\/#website\"},\"primaryImageOfPage\":{\"@id\":\"https:\/\/circuitodejerez.com\/2026\/06\/17\/david-sanchez-confirma-en-estoril-su-potencial-para-pelear-con-los-mejores-del-motojunior-moto4\/#primaryimage\"},\"image\":{\"@id\":\"https:\/\/circuitodejerez.com\/2026\/06\/17\/david-sanchez-confirma-en-estoril-su-potencial-para-pelear-con-los-mejores-del-motojunior-moto4\/#primaryimage\"},\"thumbnailUrl\":\"https:\/\/circuitodejerez.com\/wp-content\/uploads\/2026\/06\/noticia_328.jpg\",\"datePublished\":\"2026-06-17T08:22:32+00:00\",\"dateModified\":\"2026-06-17T10:01:35+00:00\",\"breadcrumb\":{\"@id\":\"https:\/\/circuitodejerez.com\/2026\/06\/17\/david-sanchez-confirma-en-estoril-su-potencial-para-pelear-con-los-mejores-del-motojunior-moto4\/#breadcrumb\"},\"inLanguage\":\"en-GB\",\"potentialAction\":[{\"@type\":\"ReadAction\",\"target\":[\"https:\/\/circuitodejerez.com\/2026\/06\/17\/david-sanchez-confirma-en-estoril-su-potencial-para-pelear-con-los-mejores-del-motojunior-moto4\/\"]}]},{\"@type\":\"ImageObject\",\"inLanguage\":\"en-GB\",\"@id\":\"https:\/\/circuitodejerez.com\/2026\/06\/17\/david-sanchez-confirma-en-estoril-su-potencial-para-pelear-con-los-mejores-del-motojunior-moto4\/#primaryimage\",\"url\":\"https:\/\/circuitodejerez.com\/wp-content\/uploads\/2026\/06\/noticia_328.jpg\",\"contentUrl\":\"https:\/\/circuitodejerez.com\/wp-content\/uploads\/2026\/06\/noticia_328.jpg\",\"width\":1920,\"height\":1920},{\"@type\":\"BreadcrumbList\",\"@id\":\"https:\/\/circuitodejerez.com\/2026\/06\/17\/david-sanchez-confirma-en-estoril-su-potencial-para-pelear-con-los-mejores-del-motojunior-moto4\/#breadcrumb\",\"itemListElement\":[{\"@type\":\"ListItem\",\"position\":1,\"name\":\"Portada\",\"item\":\"https:\/\/circuitodejerez.com\/\"},{\"@type\":\"ListItem\",\"position\":2,\"name\":\"David S\u00e1nchez confirma en Estoril su potencial para pelear con los mejores del MotoJunior Moto4\"}]},{\"@type\":\"WebSite\",\"@id\":\"https:\/\/circuitodejerez.com\/#website\",\"url\":\"https:\/\/circuitodejerez.com\/\",\"name\":\"Circuito de Jerez \u00c1ngel Nieto\",\"description\":\"Circuito de Jerez \u00c1ngel Nieto\",\"publisher\":{\"@id\":\"https:\/\/circuitodejerez.com\/#organization\"},\"potentialAction\":[{\"@type\":\"SearchAction\",\"target\":{\"@type\":\"EntryPoint\",\"urlTemplate\":\"https:\/\/circuitodejerez.com\/?s={search_term_string}\"},\"query-input\":\"required name=search_term_string\"}],\"inLanguage\":\"en-GB\"},{\"@type\":\"Organization\",\"@id\":\"https:\/\/circuitodejerez.com\/#organization\",\"name\":\"Circuito de Jerez \u00c1ngel Nieto\",\"url\":\"https:\/\/circuitodejerez.com\/\",\"logo\":{\"@type\":\"ImageObject\",\"inLanguage\":\"en-GB\",\"@id\":\"https:\/\/circuitodejerez.com\/#\/schema\/logo\/image\/\",\"url\":\"https:\/\/circuitodejerez.com\/wp-content\/uploads\/2023\/06\/logo-circuito-jerez.png\",\"contentUrl\":\"https:\/\/circuitodejerez.com\/wp-content\/uploads\/2023\/06\/logo-circuito-jerez.png\",\"width\":556,\"height\":142,\"caption\":\"Circuito de Jerez \u00c1ngel Nieto\"},\"image\":{\"@id\":\"https:\/\/circuitodejerez.com\/#\/schema\/logo\/image\/\"},\"sameAs\":[\"https:\/\/www.facebook.com\/circuitodejerezangelnieto\/\",\"https:\/\/x.com\/circuitodejerez\",\"https:\/\/www.instagram.com\/circuito_de_jerez\/?hl=es\",\"https:\/\/www.youtube.com\/user\/cirjesa\"]},{\"@type\":\"Person\",\"@id\":\"https:\/\/circuitodejerez.com\/#\/schema\/person\/7426c66afad35f522814eb06fb2e213a\",\"name\":\"publyland\",\"sameAs\":[\"https:\/\/circuitoangelnieto.com\"],\"url\":\"https:\/\/circuitodejerez.com\/en\/author\/publyland\/\"}]}<\/script>\n<!-- \/ Yoast SEO plugin. -->","yoast_head_json":{"title":"David S\u00e1nchez confirma en Estoril su potencial para pelear con los mejores del MotoJunior Moto4 - Circuito de Jerez \u00c1ngel Nieto","robots":{"index":"index","follow":"follow","max-snippet":"max-snippet:-1","max-image-preview":"max-image-preview:large","max-video-preview":"max-video-preview:-1"},"canonical":"https:\/\/circuitodejerez.com\/en\/2026\/06\/17\/david-sanchez-confirma-en-estoril-su-potencial-para-pelear-con-los-mejores-del-motojunior-moto4\/","og_locale":"en_GB","og_type":"article","og_title":"David S\u00e1nchez confirma en Estoril su potencial para pelear con los mejores del MotoJunior Moto4 - Circuito de Jerez \u00c1ngel Nieto","og_description":"El piloto jerezano protagoniz\u00f3 dos grandes remontadas en Portugal y volvi\u00f3 a demostrar ritmo de cabeza en su temporada de","og_url":"https:\/\/circuitodejerez.com\/en\/2026\/06\/17\/david-sanchez-confirma-en-estoril-su-potencial-para-pelear-con-los-mejores-del-motojunior-moto4\/","og_site_name":"Circuito de Jerez \u00c1ngel Nieto","article_publisher":"https:\/\/www.facebook.com\/circuitodejerezangelnieto\/","article_published_time":"2026-06-17T08:22:32+00:00","article_modified_time":"2026-06-17T10:01:35+00:00","og_image":[{"width":1920,"height":1920,"url":"https:\/\/circuitodejerez.com\/wp-content\/uploads\/2026\/06\/noticia_328.jpg","type":"image\/jpeg"}],"author":"publyland","twitter_card":"summary_large_image","twitter_creator":"@circuitodejerez","twitter_site":"@circuitodejerez","twitter_misc":{"Written by":"publyland","Estimated reading time":"4 minutes"},"schema":{"@context":"https:\/\/schema.org","@graph":[{"@type":"Article","@id":"https:\/\/circuitodejerez.com\/2026\/06\/17\/david-sanchez-confirma-en-estoril-su-potencial-para-pelear-con-los-mejores-del-motojunior-moto4\/#article","isPartOf":{"@id":"https:\/\/circuitodejerez.com\/2026\/06\/17\/david-sanchez-confirma-en-estoril-su-potencial-para-pelear-con-los-mejores-del-motojunior-moto4\/"},"author":{"name":"publyland","@id":"https:\/\/circuitodejerez.com\/#\/schema\/person\/7426c66afad35f522814eb06fb2e213a"},"headline":"David S\u00e1nchez confirma en Estoril su potencial para pelear con los mejores del MotoJunior Moto4","datePublished":"2026-06-17T08:22:32+00:00","dateModified":"2026-06-17T10:01:35+00:00","mainEntityOfPage":{"@id":"https:\/\/circuitodejerez.com\/2026\/06\/17\/david-sanchez-confirma-en-estoril-su-potencial-para-pelear-con-los-mejores-del-motojunior-moto4\/"},"wordCount":733,"publisher":{"@id":"https:\/\/circuitodejerez.com\/#organization"},"image":{"@id":"https:\/\/circuitodejerez.com\/2026\/06\/17\/david-sanchez-confirma-en-estoril-su-potencial-para-pelear-con-los-mejores-del-motojunior-moto4\/#primaryimage"},"thumbnailUrl":"https:\/\/circuitodejerez.com\/wp-content\/uploads\/2026\/06\/noticia_328.jpg","articleSection":["Noticias"],"inLanguage":"en-GB"},{"@type":"WebPage","@id":"https:\/\/circuitodejerez.com\/2026\/06\/17\/david-sanchez-confirma-en-estoril-su-potencial-para-pelear-con-los-mejores-del-motojunior-moto4\/","url":"https:\/\/circuitodejerez.com\/2026\/06\/17\/david-sanchez-confirma-en-estoril-su-potencial-para-pelear-con-los-mejores-del-motojunior-moto4\/","name":"David S\u00e1nchez confirma en Estoril su potencial para pelear con los mejores del MotoJunior Moto4 - Circuito de Jerez \u00c1ngel Nieto","isPartOf":{"@id":"https:\/\/circuitodejerez.com\/#website"},"primaryImageOfPage":{"@id":"https:\/\/circuitodejerez.com\/2026\/06\/17\/david-sanchez-confirma-en-estoril-su-potencial-para-pelear-con-los-mejores-del-motojunior-moto4\/#primaryimage"},"image":{"@id":"https:\/\/circuitodejerez.com\/2026\/06\/17\/david-sanchez-confirma-en-estoril-su-potencial-para-pelear-con-los-mejores-del-motojunior-moto4\/#primaryimage"},"thumbnailUrl":"https:\/\/circuitodejerez.com\/wp-content\/uploads\/2026\/06\/noticia_328.jpg","datePublished":"2026-06-17T08:22:32+00:00","dateModified":"2026-06-17T10:01:35+00:00","breadcrumb":{"@id":"https:\/\/circuitodejerez.com\/2026\/06\/17\/david-sanchez-confirma-en-estoril-su-potencial-para-pelear-con-los-mejores-del-motojunior-moto4\/#breadcrumb"},"inLanguage":"en-GB","potentialAction":[{"@type":"ReadAction","target":["https:\/\/circuitodejerez.com\/2026\/06\/17\/david-sanchez-confirma-en-estoril-su-potencial-para-pelear-con-los-mejores-del-motojunior-moto4\/"]}]},{"@type":"ImageObject","inLanguage":"en-GB","@id":"https:\/\/circuitodejerez.com\/2026\/06\/17\/david-sanchez-confirma-en-estoril-su-potencial-para-pelear-con-los-mejores-del-motojunior-moto4\/#primaryimage","url":"https:\/\/circuitodejerez.com\/wp-content\/uploads\/2026\/06\/noticia_328.jpg","contentUrl":"https:\/\/circuitodejerez.com\/wp-content\/uploads\/2026\/06\/noticia_328.jpg","width":1920,"height":1920},{"@type":"BreadcrumbList","@id":"https:\/\/circuitodejerez.com\/2026\/06\/17\/david-sanchez-confirma-en-estoril-su-potencial-para-pelear-con-los-mejores-del-motojunior-moto4\/#breadcrumb","itemListElement":[{"@type":"ListItem","position":1,"name":"Portada","item":"https:\/\/circuitodejerez.com\/"},{"@type":"ListItem","position":2,"name":"David S\u00e1nchez confirma en Estoril su potencial para pelear con los mejores del MotoJunior Moto4"}]},{"@type":"WebSite","@id":"https:\/\/circuitodejerez.com\/#website","url":"https:\/\/circuitodejerez.com\/","name":"Circuito de Jerez \u00c1ngel Nieto","description":"Circuito de Jerez \u00c1ngel Nieto","publisher":{"@id":"https:\/\/circuitodejerez.com\/#organization"},"potentialAction":[{"@type":"SearchAction","target":{"@type":"EntryPoint","urlTemplate":"https:\/\/circuitodejerez.com\/?s={search_term_string}"},"query-input":"required name=search_term_string"}],"inLanguage":"en-GB"},{"@type":"Organization","@id":"https:\/\/circuitodejerez.com\/#organization","name":"Circuito de Jerez \u00c1ngel Nieto","url":"https:\/\/circuitodejerez.com\/","logo":{"@type":"ImageObject","inLanguage":"en-GB","@id":"https:\/\/circuitodejerez.com\/#\/schema\/logo\/image\/","url":"https:\/\/circuitodejerez.com\/wp-content\/uploads\/2023\/06\/logo-circuito-jerez.png","contentUrl":"https:\/\/circuitodejerez.com\/wp-content\/uploads\/2023\/06\/logo-circuito-jerez.png","width":556,"height":142,"caption":"Circuito de Jerez \u00c1ngel Nieto"},"image":{"@id":"https:\/\/circuitodejerez.com\/#\/schema\/logo\/image\/"},"sameAs":["https:\/\/www.facebook.com\/circuitodejerezangelnieto\/","https:\/\/x.com\/circuitodejerez","https:\/\/www.instagram.com\/circuito_de_jerez\/?hl=es","https:\/\/www.youtube.com\/user\/cirjesa"]},{"@type":"Person","@id":"https:\/\/circuitodejerez.com\/#\/schema\/person\/7426c66afad35f522814eb06fb2e213a","name":"publyland","sameAs":["https:\/\/circuitoangelnieto.com"],"url":"https:\/\/circuitodejerez.com\/en\/author\/publyland\/"}]}},"_links":{"self":[{"href":"https:\/\/circuitodejerez.com\/en\/wp-json\/wp\/v2\/posts\/39822","targetHints":{"allow":["GET"]}}],"collection":[{"href":"https:\/\/circuitodejerez.com\/en\/wp-json\/wp\/v2\/posts"}],"about":[{"href":"https:\/\/circuitodejerez.com\/en\/wp-json\/wp\/v2\/types\/post"}],"author":[{"embeddable":true,"href":"https:\/\/circuitodejerez.com\/en\/wp-json\/wp\/v2\/users\/1"}],"replies":[{"embeddable":true,"href":"https:\/\/circuitodejerez.com\/en\/wp-json\/wp\/v2\/comments?post=39822"}],"version-history":[{"count":2,"href":"https:\/\/circuitodejerez.com\/en\/wp-json\/wp\/v2\/posts\/39822\/revisions"}],"predecessor-version":[{"id":39825,"href":"https:\/\/circuitodejerez.com\/en\/wp-json\/wp\/v2\/posts\/39822\/revisions\/39825"}],"wp:featuredmedia":[{"embeddable":true,"href":"https:\/\/circuitodejerez.com\/en\/wp-json\/wp\/v2\/media\/39824"}],"wp:attachment":[{"href":"https:\/\/circuitodejerez.com\/en\/wp-json\/wp\/v2\/media?parent=39822"}],"wp:term":[{"taxonomy":"category","embeddable":true,"href":"https:\/\/circuitodejerez.com\/en\/wp-json\/wp\/v2\/categories?post=39822"},{"taxonomy":"post_tag","embeddable":true,"href":"https:\/\/circuitodejerez.com\/en\/wp-json\/wp\/v2\/tags?post=39822"}],"curies":[{"name":"wp","href":"https:\/\/api.w.org\/{rel}","templated":true}]}}