{"id":39836,"date":"2026-07-04T18:37:54","date_gmt":"2026-07-04T16:37:54","guid":{"rendered":"https:\/\/circuitodejerez.com\/2026\/07\/04\/leonardo-zanni-moto3-junior-world-championship-christian-borrelli-momoven-moto4-european-cup-eric-fernandez-moto2-european-championship-y-blai-trias-stock-european-championship-pol\/"},"modified":"2026-07-04T18:45:14","modified_gmt":"2026-07-04T16:45:14","slug":"leonardo-zanni-moto3-junior-world-championship-christian-borrelli-momoven-moto4-european-cup-eric-fernandez-moto2-european-championship-y-blai-trias-stock-european-championship-pol","status":"publish","type":"post","link":"https:\/\/circuitodejerez.com\/en\/2026\/07\/04\/leonardo-zanni-moto3-junior-world-championship-christian-borrelli-momoven-moto4-european-cup-eric-fernandez-moto2-european-championship-y-blai-trias-stock-european-championship-pol\/","title":{"rendered":"Leonardo Zanni (Moto3 Junior World Championship), Christian Borrelli (Momoven Moto4 European Cup), Eric Fern\u00e1ndez (Moto2 European Championship) y Blai Trias (Stock European Championship), \u2018pole positions\u2019 de esta 3\u00aa cita del FIM MotoJunior World Championship en Jerez."},"content":{"rendered":"<p><img loading=\"lazy\" decoding=\"async\" style=\"display:none;\" class=\"alignnone size-medium\" src=\"https:\/\/gestorapp.circuitoangelnieto.com\/\/uploads\/noticias\/noticia_330.jpg\" width=\"600\" height=\"409\" \/>El piloto jerezano David S\u00e1nchez logra acceder directamente a la parrilla de Moto4 sin tener que pasar por la carrera repesca<\/p>\n<p><p>4 de julio de 2026. El FIM MotoJunior World Championship, competici\u00f3n internacional que es plataforma de lanzamiento directo al MotoGP para aquellos pilotos que destacan y buscan labrarse un futuro profesional en el motociclismo, celebraba hoy en las instalaciones del circuito de Jerez \u00c1ngel Nieto en una jornada marcada por las altas temperaturas, los entrenamientos oficiales de esta tercera prueba de la temporada que deparar\u00edan las formaciones de parrilla para las seis emocionantes carreras que se vivir\u00e1n en la jornada de ma\u00f1ana domingo. Con respecto al calor y las altas temperaturas, Direcci\u00f3n de Carreras decid\u00eda al final de la jornada recortar para ma\u00f1ana el n\u00famero de vueltas de las tres \u00faltimas carreras de la jornada. <\/p>\n<p>En el mundial Junior de Moto3 que llega a Jerez liderado por el italiano Giulio Pugliese, era el tambi\u00e9n transalpino Leonardo Zanni quien se alzaba con la pole position con un registro de 1.46.072. A escasas mil\u00e9simas, se situaba el piloto malt\u00e9s Travis Borg con 1.46.092, mientras el espa\u00f1ol Carlos Cano, del equipo CF Moto Aspar Junior Team, completaba la primera fila de parrilla con un registro de 1.46.106. La categor\u00eda de Moto3 contar\u00e1 ma\u00f1ana domingo con dos mangas de carreras. La primera de ellas dar\u00e1 comienzo a las 11 de la ma\u00f1ana (15 vueltas), mientras la segunda se iniciar\u00e1 a las 14 horas y tendr\u00e1 una duraci\u00f3n de diez vueltas.<\/p>\n<p>El italiano Christian Borrelli se alzaba con la pole en la competida categor\u00eda Momoven Moto4 European Cup con un tiempo de 1.49.119, seguido del malayo Qabil Irfan y el piloto espa\u00f1ol \u00c1lvaro Lucas, l\u00edder del certamen y dominador absoluto hasta el momento de la categor\u00eda, no en vano, cuenta sus participaciones con victorias sumando tres triunfos de tres carreras disputadas. Al igual que Moto3, la categor\u00eda de Moto4 European Cup, disputar\u00e1 ma\u00f1ana domingo dos carreras, estando la primera programada a las 12 horas, mientras la segunda programada a nueve vueltas, se disputar\u00e1 a las 15.00 horas. Por su parte, buen trabajo el realizado en el d\u00eda de hoy por el piloto jerezano David S\u00e1nchez que lograba evitar la carrera repesca para entrar directamente al grupo de privilegio que disputar\u00e1 las dos mangas de carreras. <\/p>\n<p>En el Moto2 European Championship, el espa\u00f1ol Eric Fern\u00e1ndez ha impuesto su ley para llevarse la pole position con un tiempo de 1.40.117 estando acompa\u00f1ado en la primera fila por el polaco Milan Pawelec (1.40.219) y Unai Orradre, l\u00edder de la categor\u00eda que cierra la primera fila de parrilla consolidando sus opciones para la carrera de ma\u00f1ana.<\/p>\n<p>Por \u00faltimo, en la categor\u00eda de Stock European Championship, el protagonismo en principio fue para el piloto andaluz del Rinc\u00f3n de la Victoria (M\u00e1laga), Yeray Ruiz, quien firmaba el mejor tiempo, sin embargo, minutos despu\u00e9s una penalizaci\u00f3n lo relegaba a la novena fila siendo Blai Trias el nuevo poleman con Jacobo Hinojosa segundo y el zaragozano Miguel Bernal que consegu\u00eda la tercera posici\u00f3n en la parrilla de salida.<\/p>\n<p>Horarios carreras de ma\u00f1ana domingo: 09.15h (Moto4EC-carrera repesca) 11.00 h (Moto3 Junior Wch) 12.00 h (Moto4 EC) 13.00 h (Moto2 Ech) 14.00h (Moto3 Junior Wch) 15.00h (Moto4 EC) 16.00 h (Stock Ech)<\/p>\n<p><\/p>\n<p><img loading=\"lazy\" decoding=\"async\" style=\"width: 100%;\" class=\"alignnone size-medium\" src=\"https:\/\/gestorapp.circuitoangelnieto.com\/\/uploads\/noticias\/noticia_destacada_330.jpg\" width=\"600\" height=\"409\" \/><\/p>","protected":false},"excerpt":{"rendered":"<p>El piloto jerezano David S\u00e1nchez logra acceder directamente a la parrilla de Moto4 sin tener que pasar por la carrera<\/p>","protected":false},"author":1,"featured_media":39838,"comment_status":"closed","ping_status":"","sticky":false,"template":"","format":"standard","meta":{"footnotes":""},"categories":[2],"tags":[],"class_list":["post-39836","post","type-post","status-publish","format-standard","has-post-thumbnail","hentry","category-noticias"],"yoast_head":"<!-- This site is optimized with the Yoast SEO plugin v22.5 - https:\/\/yoast.com\/wordpress\/plugins\/seo\/ -->\n<title>Leonardo Zanni (Moto3 Junior World Championship), Christian Borrelli (Momoven Moto4 European Cup), Eric Fern\u00e1ndez (Moto2 European Championship) y Blai Trias (Stock European Championship), \u2018pole positions\u2019 de esta 3\u00aa cita del FIM MotoJunior World Championship en Jerez. - Circuito de Jerez \u00c1ngel Nieto<\/title>\n<meta name=\"robots\" content=\"index, follow, max-snippet:-1, max-image-preview:large, max-video-preview:-1\" \/>\n<link rel=\"canonical\" href=\"https:\/\/circuitodejerez.com\/en\/2026\/07\/04\/leonardo-zanni-moto3-junior-world-championship-christian-borrelli-momoven-moto4-european-cup-eric-fernandez-moto2-european-championship-y-blai-trias-stock-european-championship-pol\/\" \/>\n<meta property=\"og:locale\" content=\"en_GB\" \/>\n<meta property=\"og:type\" content=\"article\" \/>\n<meta property=\"og:title\" content=\"Leonardo Zanni (Moto3 Junior World Championship), Christian Borrelli (Momoven Moto4 European Cup), Eric Fern\u00e1ndez (Moto2 European Championship) y Blai Trias (Stock European Championship), \u2018pole positions\u2019 de esta 3\u00aa cita del FIM MotoJunior World Championship en Jerez. - Circuito de Jerez \u00c1ngel Nieto\" \/>\n<meta property=\"og:description\" content=\"El piloto jerezano David S\u00e1nchez logra acceder directamente a la parrilla de Moto4 sin tener que pasar por la carrera\" \/>\n<meta property=\"og:url\" content=\"https:\/\/circuitodejerez.com\/en\/2026\/07\/04\/leonardo-zanni-moto3-junior-world-championship-christian-borrelli-momoven-moto4-european-cup-eric-fernandez-moto2-european-championship-y-blai-trias-stock-european-championship-pol\/\" \/>\n<meta property=\"og:site_name\" content=\"Circuito de Jerez \u00c1ngel Nieto\" \/>\n<meta property=\"article:publisher\" content=\"https:\/\/www.facebook.com\/circuitodejerezangelnieto\/\" \/>\n<meta property=\"article:published_time\" content=\"2026-07-04T16:37:54+00:00\" \/>\n<meta property=\"article:modified_time\" content=\"2026-07-04T16:45:14+00:00\" \/>\n<meta property=\"og:image\" content=\"https:\/\/circuitodejerez.com\/wp-content\/uploads\/2026\/07\/noticia_330-scaled.jpg\" \/>\n\t<meta property=\"og:image:width\" content=\"2560\" \/>\n\t<meta property=\"og:image:height\" content=\"2560\" \/>\n\t<meta property=\"og:image:type\" content=\"image\/jpeg\" \/>\n<meta name=\"author\" content=\"publyland\" \/>\n<meta name=\"twitter:card\" content=\"summary_large_image\" \/>\n<meta name=\"twitter:creator\" content=\"@circuitodejerez\" \/>\n<meta name=\"twitter:site\" content=\"@circuitodejerez\" \/>\n<meta name=\"twitter:label1\" content=\"Written by\" \/>\n\t<meta name=\"twitter:data1\" content=\"publyland\" \/>\n\t<meta name=\"twitter:label2\" content=\"Estimated reading time\" \/>\n\t<meta name=\"twitter:data2\" content=\"3 minutes\" \/>\n<script type=\"application\/ld+json\" class=\"yoast-schema-graph\">{\"@context\":\"https:\/\/schema.org\",\"@graph\":[{\"@type\":\"Article\",\"@id\":\"https:\/\/circuitodejerez.com\/2026\/07\/04\/leonardo-zanni-moto3-junior-world-championship-christian-borrelli-momoven-moto4-european-cup-eric-fernandez-moto2-european-championship-y-blai-trias-stock-european-championship-pol\/#article\",\"isPartOf\":{\"@id\":\"https:\/\/circuitodejerez.com\/2026\/07\/04\/leonardo-zanni-moto3-junior-world-championship-christian-borrelli-momoven-moto4-european-cup-eric-fernandez-moto2-european-championship-y-blai-trias-stock-european-championship-pol\/\"},\"author\":{\"name\":\"publyland\",\"@id\":\"https:\/\/circuitodejerez.com\/#\/schema\/person\/7426c66afad35f522814eb06fb2e213a\"},\"headline\":\"Leonardo Zanni (Moto3 Junior World Championship), Christian Borrelli (Momoven Moto4 European Cup), Eric Fern\u00e1ndez (Moto2 European Championship) y Blai Trias (Stock European Championship), \u2018pole positions\u2019 de esta 3\u00aa cita del FIM MotoJunior World Championship en Jerez.\",\"datePublished\":\"2026-07-04T16:37:54+00:00\",\"dateModified\":\"2026-07-04T16:45:14+00:00\",\"mainEntityOfPage\":{\"@id\":\"https:\/\/circuitodejerez.com\/2026\/07\/04\/leonardo-zanni-moto3-junior-world-championship-christian-borrelli-momoven-moto4-european-cup-eric-fernandez-moto2-european-championship-y-blai-trias-stock-european-championship-pol\/\"},\"wordCount\":597,\"publisher\":{\"@id\":\"https:\/\/circuitodejerez.com\/#organization\"},\"image\":{\"@id\":\"https:\/\/circuitodejerez.com\/2026\/07\/04\/leonardo-zanni-moto3-junior-world-championship-christian-borrelli-momoven-moto4-european-cup-eric-fernandez-moto2-european-championship-y-blai-trias-stock-european-championship-pol\/#primaryimage\"},\"thumbnailUrl\":\"https:\/\/circuitodejerez.com\/wp-content\/uploads\/2026\/07\/noticia_330-scaled.jpg\",\"articleSection\":[\"Noticias\"],\"inLanguage\":\"en-GB\"},{\"@type\":\"WebPage\",\"@id\":\"https:\/\/circuitodejerez.com\/2026\/07\/04\/leonardo-zanni-moto3-junior-world-championship-christian-borrelli-momoven-moto4-european-cup-eric-fernandez-moto2-european-championship-y-blai-trias-stock-european-championship-pol\/\",\"url\":\"https:\/\/circuitodejerez.com\/2026\/07\/04\/leonardo-zanni-moto3-junior-world-championship-christian-borrelli-momoven-moto4-european-cup-eric-fernandez-moto2-european-championship-y-blai-trias-stock-european-championship-pol\/\",\"name\":\"Leonardo Zanni (Moto3 Junior World Championship), Christian Borrelli (Momoven Moto4 European Cup), Eric Fern\u00e1ndez (Moto2 European Championship) y Blai Trias (Stock European Championship), \u2018pole positions\u2019 de esta 3\u00aa cita del FIM MotoJunior World Championship en Jerez. - Circuito de Jerez \u00c1ngel Nieto\",\"isPartOf\":{\"@id\":\"https:\/\/circuitodejerez.com\/#website\"},\"primaryImageOfPage\":{\"@id\":\"https:\/\/circuitodejerez.com\/2026\/07\/04\/leonardo-zanni-moto3-junior-world-championship-christian-borrelli-momoven-moto4-european-cup-eric-fernandez-moto2-european-championship-y-blai-trias-stock-european-championship-pol\/#primaryimage\"},\"image\":{\"@id\":\"https:\/\/circuitodejerez.com\/2026\/07\/04\/leonardo-zanni-moto3-junior-world-championship-christian-borrelli-momoven-moto4-european-cup-eric-fernandez-moto2-european-championship-y-blai-trias-stock-european-championship-pol\/#primaryimage\"},\"thumbnailUrl\":\"https:\/\/circuitodejerez.com\/wp-content\/uploads\/2026\/07\/noticia_330-scaled.jpg\",\"datePublished\":\"2026-07-04T16:37:54+00:00\",\"dateModified\":\"2026-07-04T16:45:14+00:00\",\"breadcrumb\":{\"@id\":\"https:\/\/circuitodejerez.com\/2026\/07\/04\/leonardo-zanni-moto3-junior-world-championship-christian-borrelli-momoven-moto4-european-cup-eric-fernandez-moto2-european-championship-y-blai-trias-stock-european-championship-pol\/#breadcrumb\"},\"inLanguage\":\"en-GB\",\"potentialAction\":[{\"@type\":\"ReadAction\",\"target\":[\"https:\/\/circuitodejerez.com\/2026\/07\/04\/leonardo-zanni-moto3-junior-world-championship-christian-borrelli-momoven-moto4-european-cup-eric-fernandez-moto2-european-championship-y-blai-trias-stock-european-championship-pol\/\"]}]},{\"@type\":\"ImageObject\",\"inLanguage\":\"en-GB\",\"@id\":\"https:\/\/circuitodejerez.com\/2026\/07\/04\/leonardo-zanni-moto3-junior-world-championship-christian-borrelli-momoven-moto4-european-cup-eric-fernandez-moto2-european-championship-y-blai-trias-stock-european-championship-pol\/#primaryimage\",\"url\":\"https:\/\/circuitodejerez.com\/wp-content\/uploads\/2026\/07\/noticia_330-scaled.jpg\",\"contentUrl\":\"https:\/\/circuitodejerez.com\/wp-content\/uploads\/2026\/07\/noticia_330-scaled.jpg\",\"width\":2560,\"height\":2560},{\"@type\":\"BreadcrumbList\",\"@id\":\"https:\/\/circuitodejerez.com\/2026\/07\/04\/leonardo-zanni-moto3-junior-world-championship-christian-borrelli-momoven-moto4-european-cup-eric-fernandez-moto2-european-championship-y-blai-trias-stock-european-championship-pol\/#breadcrumb\",\"itemListElement\":[{\"@type\":\"ListItem\",\"position\":1,\"name\":\"Portada\",\"item\":\"https:\/\/circuitodejerez.com\/\"},{\"@type\":\"ListItem\",\"position\":2,\"name\":\"Leonardo Zanni (Moto3 Junior World Championship), Christian Borrelli (Momoven Moto4 European Cup), Eric Fern\u00e1ndez (Moto2 European Championship) y Blai Trias (Stock European Championship), \u2018pole positions\u2019 de esta 3\u00aa cita del FIM MotoJunior World Championship en Jerez.\"}]},{\"@type\":\"WebSite\",\"@id\":\"https:\/\/circuitodejerez.com\/#website\",\"url\":\"https:\/\/circuitodejerez.com\/\",\"name\":\"Circuito de Jerez \u00c1ngel Nieto\",\"description\":\"Circuito de Jerez \u00c1ngel Nieto\",\"publisher\":{\"@id\":\"https:\/\/circuitodejerez.com\/#organization\"},\"potentialAction\":[{\"@type\":\"SearchAction\",\"target\":{\"@type\":\"EntryPoint\",\"urlTemplate\":\"https:\/\/circuitodejerez.com\/?s={search_term_string}\"},\"query-input\":\"required name=search_term_string\"}],\"inLanguage\":\"en-GB\"},{\"@type\":\"Organization\",\"@id\":\"https:\/\/circuitodejerez.com\/#organization\",\"name\":\"Circuito de Jerez \u00c1ngel Nieto\",\"url\":\"https:\/\/circuitodejerez.com\/\",\"logo\":{\"@type\":\"ImageObject\",\"inLanguage\":\"en-GB\",\"@id\":\"https:\/\/circuitodejerez.com\/#\/schema\/logo\/image\/\",\"url\":\"https:\/\/circuitodejerez.com\/wp-content\/uploads\/2023\/06\/logo-circuito-jerez.png\",\"contentUrl\":\"https:\/\/circuitodejerez.com\/wp-content\/uploads\/2023\/06\/logo-circuito-jerez.png\",\"width\":556,\"height\":142,\"caption\":\"Circuito de Jerez \u00c1ngel Nieto\"},\"image\":{\"@id\":\"https:\/\/circuitodejerez.com\/#\/schema\/logo\/image\/\"},\"sameAs\":[\"https:\/\/www.facebook.com\/circuitodejerezangelnieto\/\",\"https:\/\/x.com\/circuitodejerez\",\"https:\/\/www.instagram.com\/circuito_de_jerez\/?hl=es\",\"https:\/\/www.youtube.com\/user\/cirjesa\"]},{\"@type\":\"Person\",\"@id\":\"https:\/\/circuitodejerez.com\/#\/schema\/person\/7426c66afad35f522814eb06fb2e213a\",\"name\":\"publyland\",\"sameAs\":[\"https:\/\/circuitoangelnieto.com\"],\"url\":\"https:\/\/circuitodejerez.com\/en\/author\/publyland\/\"}]}<\/script>\n<!-- \/ Yoast SEO plugin. -->","yoast_head_json":{"title":"Leonardo Zanni (Moto3 Junior World Championship), Christian Borrelli (Momoven Moto4 European Cup), Eric Fern\u00e1ndez (Moto2 European Championship) y Blai Trias (Stock European Championship), \u2018pole positions\u2019 de esta 3\u00aa cita del FIM MotoJunior World Championship en Jerez. - Circuito de Jerez \u00c1ngel Nieto","robots":{"index":"index","follow":"follow","max-snippet":"max-snippet:-1","max-image-preview":"max-image-preview:large","max-video-preview":"max-video-preview:-1"},"canonical":"https:\/\/circuitodejerez.com\/en\/2026\/07\/04\/leonardo-zanni-moto3-junior-world-championship-christian-borrelli-momoven-moto4-european-cup-eric-fernandez-moto2-european-championship-y-blai-trias-stock-european-championship-pol\/","og_locale":"en_GB","og_type":"article","og_title":"Leonardo Zanni (Moto3 Junior World Championship), Christian Borrelli (Momoven Moto4 European Cup), Eric Fern\u00e1ndez (Moto2 European Championship) y Blai Trias (Stock European Championship), \u2018pole positions\u2019 de esta 3\u00aa cita del FIM MotoJunior World Championship en Jerez. - Circuito de Jerez \u00c1ngel Nieto","og_description":"El piloto jerezano David S\u00e1nchez logra acceder directamente a la parrilla de Moto4 sin tener que pasar por la carrera","og_url":"https:\/\/circuitodejerez.com\/en\/2026\/07\/04\/leonardo-zanni-moto3-junior-world-championship-christian-borrelli-momoven-moto4-european-cup-eric-fernandez-moto2-european-championship-y-blai-trias-stock-european-championship-pol\/","og_site_name":"Circuito de Jerez \u00c1ngel Nieto","article_publisher":"https:\/\/www.facebook.com\/circuitodejerezangelnieto\/","article_published_time":"2026-07-04T16:37:54+00:00","article_modified_time":"2026-07-04T16:45:14+00:00","og_image":[{"width":2560,"height":2560,"url":"https:\/\/circuitodejerez.com\/wp-content\/uploads\/2026\/07\/noticia_330-scaled.jpg","type":"image\/jpeg"}],"author":"publyland","twitter_card":"summary_large_image","twitter_creator":"@circuitodejerez","twitter_site":"@circuitodejerez","twitter_misc":{"Written by":"publyland","Estimated reading time":"3 minutes"},"schema":{"@context":"https:\/\/schema.org","@graph":[{"@type":"Article","@id":"https:\/\/circuitodejerez.com\/2026\/07\/04\/leonardo-zanni-moto3-junior-world-championship-christian-borrelli-momoven-moto4-european-cup-eric-fernandez-moto2-european-championship-y-blai-trias-stock-european-championship-pol\/#article","isPartOf":{"@id":"https:\/\/circuitodejerez.com\/2026\/07\/04\/leonardo-zanni-moto3-junior-world-championship-christian-borrelli-momoven-moto4-european-cup-eric-fernandez-moto2-european-championship-y-blai-trias-stock-european-championship-pol\/"},"author":{"name":"publyland","@id":"https:\/\/circuitodejerez.com\/#\/schema\/person\/7426c66afad35f522814eb06fb2e213a"},"headline":"Leonardo Zanni (Moto3 Junior World Championship), Christian Borrelli (Momoven Moto4 European Cup), Eric Fern\u00e1ndez (Moto2 European Championship) y Blai Trias (Stock European Championship), \u2018pole positions\u2019 de esta 3\u00aa cita del FIM MotoJunior World Championship en Jerez.","datePublished":"2026-07-04T16:37:54+00:00","dateModified":"2026-07-04T16:45:14+00:00","mainEntityOfPage":{"@id":"https:\/\/circuitodejerez.com\/2026\/07\/04\/leonardo-zanni-moto3-junior-world-championship-christian-borrelli-momoven-moto4-european-cup-eric-fernandez-moto2-european-championship-y-blai-trias-stock-european-championship-pol\/"},"wordCount":597,"publisher":{"@id":"https:\/\/circuitodejerez.com\/#organization"},"image":{"@id":"https:\/\/circuitodejerez.com\/2026\/07\/04\/leonardo-zanni-moto3-junior-world-championship-christian-borrelli-momoven-moto4-european-cup-eric-fernandez-moto2-european-championship-y-blai-trias-stock-european-championship-pol\/#primaryimage"},"thumbnailUrl":"https:\/\/circuitodejerez.com\/wp-content\/uploads\/2026\/07\/noticia_330-scaled.jpg","articleSection":["Noticias"],"inLanguage":"en-GB"},{"@type":"WebPage","@id":"https:\/\/circuitodejerez.com\/2026\/07\/04\/leonardo-zanni-moto3-junior-world-championship-christian-borrelli-momoven-moto4-european-cup-eric-fernandez-moto2-european-championship-y-blai-trias-stock-european-championship-pol\/","url":"https:\/\/circuitodejerez.com\/2026\/07\/04\/leonardo-zanni-moto3-junior-world-championship-christian-borrelli-momoven-moto4-european-cup-eric-fernandez-moto2-european-championship-y-blai-trias-stock-european-championship-pol\/","name":"Leonardo Zanni (Moto3 Junior World Championship), Christian Borrelli (Momoven Moto4 European Cup), Eric Fern\u00e1ndez (Moto2 European Championship) y Blai Trias (Stock European Championship), \u2018pole positions\u2019 de esta 3\u00aa cita del FIM MotoJunior World Championship en Jerez. - Circuito de Jerez \u00c1ngel Nieto","isPartOf":{"@id":"https:\/\/circuitodejerez.com\/#website"},"primaryImageOfPage":{"@id":"https:\/\/circuitodejerez.com\/2026\/07\/04\/leonardo-zanni-moto3-junior-world-championship-christian-borrelli-momoven-moto4-european-cup-eric-fernandez-moto2-european-championship-y-blai-trias-stock-european-championship-pol\/#primaryimage"},"image":{"@id":"https:\/\/circuitodejerez.com\/2026\/07\/04\/leonardo-zanni-moto3-junior-world-championship-christian-borrelli-momoven-moto4-european-cup-eric-fernandez-moto2-european-championship-y-blai-trias-stock-european-championship-pol\/#primaryimage"},"thumbnailUrl":"https:\/\/circuitodejerez.com\/wp-content\/uploads\/2026\/07\/noticia_330-scaled.jpg","datePublished":"2026-07-04T16:37:54+00:00","dateModified":"2026-07-04T16:45:14+00:00","breadcrumb":{"@id":"https:\/\/circuitodejerez.com\/2026\/07\/04\/leonardo-zanni-moto3-junior-world-championship-christian-borrelli-momoven-moto4-european-cup-eric-fernandez-moto2-european-championship-y-blai-trias-stock-european-championship-pol\/#breadcrumb"},"inLanguage":"en-GB","potentialAction":[{"@type":"ReadAction","target":["https:\/\/circuitodejerez.com\/2026\/07\/04\/leonardo-zanni-moto3-junior-world-championship-christian-borrelli-momoven-moto4-european-cup-eric-fernandez-moto2-european-championship-y-blai-trias-stock-european-championship-pol\/"]}]},{"@type":"ImageObject","inLanguage":"en-GB","@id":"https:\/\/circuitodejerez.com\/2026\/07\/04\/leonardo-zanni-moto3-junior-world-championship-christian-borrelli-momoven-moto4-european-cup-eric-fernandez-moto2-european-championship-y-blai-trias-stock-european-championship-pol\/#primaryimage","url":"https:\/\/circuitodejerez.com\/wp-content\/uploads\/2026\/07\/noticia_330-scaled.jpg","contentUrl":"https:\/\/circuitodejerez.com\/wp-content\/uploads\/2026\/07\/noticia_330-scaled.jpg","width":2560,"height":2560},{"@type":"BreadcrumbList","@id":"https:\/\/circuitodejerez.com\/2026\/07\/04\/leonardo-zanni-moto3-junior-world-championship-christian-borrelli-momoven-moto4-european-cup-eric-fernandez-moto2-european-championship-y-blai-trias-stock-european-championship-pol\/#breadcrumb","itemListElement":[{"@type":"ListItem","position":1,"name":"Portada","item":"https:\/\/circuitodejerez.com\/"},{"@type":"ListItem","position":2,"name":"Leonardo Zanni (Moto3 Junior World Championship), Christian Borrelli (Momoven Moto4 European Cup), Eric Fern\u00e1ndez (Moto2 European Championship) y Blai Trias (Stock European Championship), \u2018pole positions\u2019 de esta 3\u00aa cita del FIM MotoJunior World Championship en Jerez."}]},{"@type":"WebSite","@id":"https:\/\/circuitodejerez.com\/#website","url":"https:\/\/circuitodejerez.com\/","name":"Circuito de Jerez \u00c1ngel Nieto","description":"Circuito de Jerez \u00c1ngel Nieto","publisher":{"@id":"https:\/\/circuitodejerez.com\/#organization"},"potentialAction":[{"@type":"SearchAction","target":{"@type":"EntryPoint","urlTemplate":"https:\/\/circuitodejerez.com\/?s={search_term_string}"},"query-input":"required name=search_term_string"}],"inLanguage":"en-GB"},{"@type":"Organization","@id":"https:\/\/circuitodejerez.com\/#organization","name":"Circuito de Jerez \u00c1ngel Nieto","url":"https:\/\/circuitodejerez.com\/","logo":{"@type":"ImageObject","inLanguage":"en-GB","@id":"https:\/\/circuitodejerez.com\/#\/schema\/logo\/image\/","url":"https:\/\/circuitodejerez.com\/wp-content\/uploads\/2023\/06\/logo-circuito-jerez.png","contentUrl":"https:\/\/circuitodejerez.com\/wp-content\/uploads\/2023\/06\/logo-circuito-jerez.png","width":556,"height":142,"caption":"Circuito de Jerez \u00c1ngel Nieto"},"image":{"@id":"https:\/\/circuitodejerez.com\/#\/schema\/logo\/image\/"},"sameAs":["https:\/\/www.facebook.com\/circuitodejerezangelnieto\/","https:\/\/x.com\/circuitodejerez","https:\/\/www.instagram.com\/circuito_de_jerez\/?hl=es","https:\/\/www.youtube.com\/user\/cirjesa"]},{"@type":"Person","@id":"https:\/\/circuitodejerez.com\/#\/schema\/person\/7426c66afad35f522814eb06fb2e213a","name":"publyland","sameAs":["https:\/\/circuitoangelnieto.com"],"url":"https:\/\/circuitodejerez.com\/en\/author\/publyland\/"}]}},"_links":{"self":[{"href":"https:\/\/circuitodejerez.com\/en\/wp-json\/wp\/v2\/posts\/39836","targetHints":{"allow":["GET"]}}],"collection":[{"href":"https:\/\/circuitodejerez.com\/en\/wp-json\/wp\/v2\/posts"}],"about":[{"href":"https:\/\/circuitodejerez.com\/en\/wp-json\/wp\/v2\/types\/post"}],"author":[{"embeddable":true,"href":"https:\/\/circuitodejerez.com\/en\/wp-json\/wp\/v2\/users\/1"}],"replies":[{"embeddable":true,"href":"https:\/\/circuitodejerez.com\/en\/wp-json\/wp\/v2\/comments?post=39836"}],"version-history":[{"count":3,"href":"https:\/\/circuitodejerez.com\/en\/wp-json\/wp\/v2\/posts\/39836\/revisions"}],"predecessor-version":[{"id":39840,"href":"https:\/\/circuitodejerez.com\/en\/wp-json\/wp\/v2\/posts\/39836\/revisions\/39840"}],"wp:featuredmedia":[{"embeddable":true,"href":"https:\/\/circuitodejerez.com\/en\/wp-json\/wp\/v2\/media\/39838"}],"wp:attachment":[{"href":"https:\/\/circuitodejerez.com\/en\/wp-json\/wp\/v2\/media?parent=39836"}],"wp:term":[{"taxonomy":"category","embeddable":true,"href":"https:\/\/circuitodejerez.com\/en\/wp-json\/wp\/v2\/categories?post=39836"},{"taxonomy":"post_tag","embeddable":true,"href":"https:\/\/circuitodejerez.com\/en\/wp-json\/wp\/v2\/tags?post=39836"}],"curies":[{"name":"wp","href":"https:\/\/api.w.org\/{rel}","templated":true}]}}