{"id":39871,"date":"2026-08-31T09:25:40","date_gmt":"2026-08-31T07:25:40","guid":{"rendered":"https:\/\/circuitodejerez.com\/2026\/08\/31\/marc-marquez-domina-en-motorland-en-el-gran-premio-michelin-de-aragon\/"},"modified":"2026-08-31T09:26:18","modified_gmt":"2026-08-31T07:26:18","slug":"marc-marquez-domina-en-motorland-en-el-gran-premio-michelin-de-aragon","status":"publish","type":"post","link":"https:\/\/circuitodejerez.com\/en\/2026\/08\/31\/marc-marquez-domina-en-motorland-en-el-gran-premio-michelin-de-aragon\/","title":{"rendered":"Marc M\u00e1rquez domina en MotorLand en el Gran Premio Michelin de Arag\u00f3n"},"content":{"rendered":"<p><img loading=\"lazy\" decoding=\"async\" style=\"display:none;\" class=\"alignnone size-medium\" src=\"https:\/\/gestorapp.circuitoangelnieto.com\/\/uploads\/noticias\/noticia_334.jpg\" width=\"600\" height=\"409\" \/>La victoria de Marc fue el colof\u00f3n a un excelente fin de semana donde la afici\u00f3n llen\u00f3 las gradas<\/p>\n<p>31 de agosto de 2026. Motorland era centro de atenci\u00f3n este fin de semana con la llegada del MotoGP. M\u00e1s de 115.000 personas no quisieron perderse el espect\u00e1culo llenando las gradas del circuito y dando aliento a una afici\u00f3n que vio vencer a tres espa\u00f1oles en las tres categor\u00edas.<\/p>\n<p><b>Marc M\u00e1rquez reina en MotorLand Arag\u00f3n frente a Acosta y Bezzecchi<\/b><\/p>\n<p>El momento m\u00e1s esperado del fin de semana llegaba a las 14:00 horas de la tarde con la salida de la prueba de MotoGP. El sem\u00e1foro se apag\u00f3, buscando la batalla entre Marc M\u00e1rquez y Marco Bezzecchi que tuvo un invitado m\u00e1s, Pedro Acosta. Los tres se fugaron despu\u00e9s de una intensa salida que dej\u00f3 al italiano liderando hasta que Marc con Pedro enganchado pasaron al ataque. El de KTM aguantaba y a punto estuvo de intentarlo con su futuro compa\u00f1ero de equipo, pero el ilerdense subi\u00f3 la apuesta y se march\u00f3 para certificar la victoria final frente a miles de aficionados abarrotando las gradas.<\/p>\n<p><b>Dominio de Alonso L\u00f3pez en Moto2 con una gran batalla final<\/b><\/p>\n<p>Alonso L\u00f3pez fue el gran protagonista de la categor\u00eda intermedia en MotorLand Arag\u00f3n. El piloto de Gresini convirti\u00f3 su pole del s\u00e1bado en victoria con un ritmo demoledor que pudo mantener y hasta el final. Izan Guevara y David Alonso, que dejaron una gran batalla por el segundo puesto, completaron el podio en segunda y tercera posici\u00f3n respectivamente.<\/p>\n<p><b>M\u00e1ximo Quiles vuelve a lo grande, victoria en MotorLand y m\u00e1s l\u00edder<\/b><\/p>\n<p>La categor\u00eda peque\u00f1a tuvo emoci\u00f3n hasta el \u00faltimo giro en la batalla por la victoria. El murciano M\u00e1ximo Quiles se llev\u00f3 la batalla con David Almansa y frente al argentino Marco Morelli tras una carrera en la que los tres impusieron su ritmo y se escaparon. Finalmente, Quiles pudo aumentar su ventaja en la clasificaci\u00f3n general con un triunfo en un fin de semana en el que volv\u00eda de su lesi\u00f3n en Silverstone.<\/p>\n<p><b>Andrea Iannone se destaca en el estreno de la Harley Davidson Bagger World Cup en Espa\u00f1a<\/b><\/p>\n<p>La carrera que arrancaba el d\u00eda estuvo a cargo de la Harley Davidson Bagger World Cup en lo que ha sido su primera prueba de la historia en Espa\u00f1a. El italiano Andrea Iannone logr\u00f3 imponerse en el duelo frente al brasile\u00f1o Eric Granado lo que le permite marcharse como dominador de MotorLand al vencer tanto el s\u00e1bado como el domingo. El p\u00fablico pudo disfrutar de un espect\u00e1culo \u00fanico que dej\u00f3 gran sabor entre los aficionados en su estreno.<\/p>\n<p><img loading=\"lazy\" decoding=\"async\" style=\"width: 100%;\" class=\"alignnone size-medium\" src=\"https:\/\/gestorapp.circuitoangelnieto.com\/\/uploads\/noticias\/noticia_destacada_334.jpg\" width=\"600\" height=\"409\" \/><\/p>","protected":false},"excerpt":{"rendered":"<p>La victoria de Marc fue el colof\u00f3n a un excelente fin de semana donde la afici\u00f3n llen\u00f3 las gradas 31<\/p>","protected":false},"author":1,"featured_media":39872,"comment_status":"closed","ping_status":"","sticky":false,"template":"","format":"standard","meta":{"footnotes":""},"categories":[2],"tags":[],"class_list":["post-39871","post","type-post","status-publish","format-standard","has-post-thumbnail","hentry","category-noticias"],"yoast_head":"<!-- This site is optimized with the Yoast SEO plugin v22.5 - https:\/\/yoast.com\/wordpress\/plugins\/seo\/ -->\n<title>Marc M\u00e1rquez domina en MotorLand en el Gran Premio Michelin de Arag\u00f3n - Circuito de Jerez \u00c1ngel Nieto<\/title>\n<meta name=\"robots\" content=\"index, follow, max-snippet:-1, max-image-preview:large, max-video-preview:-1\" \/>\n<link rel=\"canonical\" href=\"https:\/\/circuitodejerez.com\/en\/2026\/08\/31\/marc-marquez-domina-en-motorland-en-el-gran-premio-michelin-de-aragon\/\" \/>\n<meta property=\"og:locale\" content=\"en_GB\" \/>\n<meta property=\"og:type\" content=\"article\" \/>\n<meta property=\"og:title\" content=\"Marc M\u00e1rquez domina en MotorLand en el Gran Premio Michelin de Arag\u00f3n - Circuito de Jerez \u00c1ngel Nieto\" \/>\n<meta property=\"og:description\" content=\"La victoria de Marc fue el colof\u00f3n a un excelente fin de semana donde la afici\u00f3n llen\u00f3 las gradas 31\" \/>\n<meta property=\"og:url\" content=\"https:\/\/circuitodejerez.com\/en\/2026\/08\/31\/marc-marquez-domina-en-motorland-en-el-gran-premio-michelin-de-aragon\/\" \/>\n<meta property=\"og:site_name\" content=\"Circuito de Jerez \u00c1ngel Nieto\" \/>\n<meta property=\"article:publisher\" content=\"https:\/\/www.facebook.com\/circuitodejerezangelnieto\/\" \/>\n<meta property=\"article:published_time\" content=\"2026-08-31T07:25:40+00:00\" \/>\n<meta property=\"article:modified_time\" content=\"2026-08-31T07:26:18+00:00\" \/>\n<meta property=\"og:image\" content=\"https:\/\/circuitodejerez.com\/wp-content\/uploads\/2026\/08\/noticia_334.jpg\" \/>\n\t<meta property=\"og:image:width\" content=\"866\" \/>\n\t<meta property=\"og:image:height\" content=\"866\" \/>\n\t<meta property=\"og:image:type\" content=\"image\/jpeg\" \/>\n<meta name=\"author\" content=\"publyland\" \/>\n<meta name=\"twitter:card\" content=\"summary_large_image\" \/>\n<meta name=\"twitter:creator\" content=\"@circuitodejerez\" \/>\n<meta name=\"twitter:site\" content=\"@circuitodejerez\" \/>\n<meta name=\"twitter:label1\" content=\"Written by\" \/>\n\t<meta name=\"twitter:data1\" content=\"publyland\" \/>\n\t<meta name=\"twitter:label2\" content=\"Estimated reading time\" \/>\n\t<meta name=\"twitter:data2\" content=\"2 minutes\" \/>\n<script type=\"application\/ld+json\" class=\"yoast-schema-graph\">{\"@context\":\"https:\/\/schema.org\",\"@graph\":[{\"@type\":\"Article\",\"@id\":\"https:\/\/circuitodejerez.com\/2026\/08\/31\/marc-marquez-domina-en-motorland-en-el-gran-premio-michelin-de-aragon\/#article\",\"isPartOf\":{\"@id\":\"https:\/\/circuitodejerez.com\/2026\/08\/31\/marc-marquez-domina-en-motorland-en-el-gran-premio-michelin-de-aragon\/\"},\"author\":{\"name\":\"publyland\",\"@id\":\"https:\/\/circuitodejerez.com\/#\/schema\/person\/7426c66afad35f522814eb06fb2e213a\"},\"headline\":\"Marc M\u00e1rquez domina en MotorLand en el Gran Premio Michelin de Arag\u00f3n\",\"datePublished\":\"2026-08-31T07:25:40+00:00\",\"dateModified\":\"2026-08-31T07:26:18+00:00\",\"mainEntityOfPage\":{\"@id\":\"https:\/\/circuitodejerez.com\/2026\/08\/31\/marc-marquez-domina-en-motorland-en-el-gran-premio-michelin-de-aragon\/\"},\"wordCount\":481,\"publisher\":{\"@id\":\"https:\/\/circuitodejerez.com\/#organization\"},\"image\":{\"@id\":\"https:\/\/circuitodejerez.com\/2026\/08\/31\/marc-marquez-domina-en-motorland-en-el-gran-premio-michelin-de-aragon\/#primaryimage\"},\"thumbnailUrl\":\"https:\/\/circuitodejerez.com\/wp-content\/uploads\/2026\/08\/noticia_334.jpg\",\"articleSection\":[\"Noticias\"],\"inLanguage\":\"en-GB\"},{\"@type\":\"WebPage\",\"@id\":\"https:\/\/circuitodejerez.com\/2026\/08\/31\/marc-marquez-domina-en-motorland-en-el-gran-premio-michelin-de-aragon\/\",\"url\":\"https:\/\/circuitodejerez.com\/2026\/08\/31\/marc-marquez-domina-en-motorland-en-el-gran-premio-michelin-de-aragon\/\",\"name\":\"Marc M\u00e1rquez domina en MotorLand en el Gran Premio Michelin de Arag\u00f3n - Circuito de Jerez \u00c1ngel Nieto\",\"isPartOf\":{\"@id\":\"https:\/\/circuitodejerez.com\/#website\"},\"primaryImageOfPage\":{\"@id\":\"https:\/\/circuitodejerez.com\/2026\/08\/31\/marc-marquez-domina-en-motorland-en-el-gran-premio-michelin-de-aragon\/#primaryimage\"},\"image\":{\"@id\":\"https:\/\/circuitodejerez.com\/2026\/08\/31\/marc-marquez-domina-en-motorland-en-el-gran-premio-michelin-de-aragon\/#primaryimage\"},\"thumbnailUrl\":\"https:\/\/circuitodejerez.com\/wp-content\/uploads\/2026\/08\/noticia_334.jpg\",\"datePublished\":\"2026-08-31T07:25:40+00:00\",\"dateModified\":\"2026-08-31T07:26:18+00:00\",\"breadcrumb\":{\"@id\":\"https:\/\/circuitodejerez.com\/2026\/08\/31\/marc-marquez-domina-en-motorland-en-el-gran-premio-michelin-de-aragon\/#breadcrumb\"},\"inLanguage\":\"en-GB\",\"potentialAction\":[{\"@type\":\"ReadAction\",\"target\":[\"https:\/\/circuitodejerez.com\/2026\/08\/31\/marc-marquez-domina-en-motorland-en-el-gran-premio-michelin-de-aragon\/\"]}]},{\"@type\":\"ImageObject\",\"inLanguage\":\"en-GB\",\"@id\":\"https:\/\/circuitodejerez.com\/2026\/08\/31\/marc-marquez-domina-en-motorland-en-el-gran-premio-michelin-de-aragon\/#primaryimage\",\"url\":\"https:\/\/circuitodejerez.com\/wp-content\/uploads\/2026\/08\/noticia_334.jpg\",\"contentUrl\":\"https:\/\/circuitodejerez.com\/wp-content\/uploads\/2026\/08\/noticia_334.jpg\",\"width\":866,\"height\":866},{\"@type\":\"BreadcrumbList\",\"@id\":\"https:\/\/circuitodejerez.com\/2026\/08\/31\/marc-marquez-domina-en-motorland-en-el-gran-premio-michelin-de-aragon\/#breadcrumb\",\"itemListElement\":[{\"@type\":\"ListItem\",\"position\":1,\"name\":\"Portada\",\"item\":\"https:\/\/circuitodejerez.com\/\"},{\"@type\":\"ListItem\",\"position\":2,\"name\":\"Marc M\u00e1rquez domina en MotorLand en el Gran Premio Michelin de Arag\u00f3n\"}]},{\"@type\":\"WebSite\",\"@id\":\"https:\/\/circuitodejerez.com\/#website\",\"url\":\"https:\/\/circuitodejerez.com\/\",\"name\":\"Circuito de Jerez \u00c1ngel Nieto\",\"description\":\"Circuito de Jerez \u00c1ngel Nieto\",\"publisher\":{\"@id\":\"https:\/\/circuitodejerez.com\/#organization\"},\"potentialAction\":[{\"@type\":\"SearchAction\",\"target\":{\"@type\":\"EntryPoint\",\"urlTemplate\":\"https:\/\/circuitodejerez.com\/?s={search_term_string}\"},\"query-input\":\"required name=search_term_string\"}],\"inLanguage\":\"en-GB\"},{\"@type\":\"Organization\",\"@id\":\"https:\/\/circuitodejerez.com\/#organization\",\"name\":\"Circuito de Jerez \u00c1ngel Nieto\",\"url\":\"https:\/\/circuitodejerez.com\/\",\"logo\":{\"@type\":\"ImageObject\",\"inLanguage\":\"en-GB\",\"@id\":\"https:\/\/circuitodejerez.com\/#\/schema\/logo\/image\/\",\"url\":\"https:\/\/circuitodejerez.com\/wp-content\/uploads\/2023\/06\/logo-circuito-jerez.png\",\"contentUrl\":\"https:\/\/circuitodejerez.com\/wp-content\/uploads\/2023\/06\/logo-circuito-jerez.png\",\"width\":556,\"height\":142,\"caption\":\"Circuito de Jerez \u00c1ngel Nieto\"},\"image\":{\"@id\":\"https:\/\/circuitodejerez.com\/#\/schema\/logo\/image\/\"},\"sameAs\":[\"https:\/\/www.facebook.com\/circuitodejerezangelnieto\/\",\"https:\/\/x.com\/circuitodejerez\",\"https:\/\/www.instagram.com\/circuito_de_jerez\/?hl=es\",\"https:\/\/www.youtube.com\/user\/cirjesa\"]},{\"@type\":\"Person\",\"@id\":\"https:\/\/circuitodejerez.com\/#\/schema\/person\/7426c66afad35f522814eb06fb2e213a\",\"name\":\"publyland\",\"sameAs\":[\"https:\/\/circuitoangelnieto.com\"],\"url\":\"https:\/\/circuitodejerez.com\/en\/author\/publyland\/\"}]}<\/script>\n<!-- \/ Yoast SEO plugin. -->","yoast_head_json":{"title":"Marc M\u00e1rquez domina en MotorLand en el Gran Premio Michelin de Arag\u00f3n - Circuito de Jerez \u00c1ngel Nieto","robots":{"index":"index","follow":"follow","max-snippet":"max-snippet:-1","max-image-preview":"max-image-preview:large","max-video-preview":"max-video-preview:-1"},"canonical":"https:\/\/circuitodejerez.com\/en\/2026\/08\/31\/marc-marquez-domina-en-motorland-en-el-gran-premio-michelin-de-aragon\/","og_locale":"en_GB","og_type":"article","og_title":"Marc M\u00e1rquez domina en MotorLand en el Gran Premio Michelin de Arag\u00f3n - Circuito de Jerez \u00c1ngel Nieto","og_description":"La victoria de Marc fue el colof\u00f3n a un excelente fin de semana donde la afici\u00f3n llen\u00f3 las gradas 31","og_url":"https:\/\/circuitodejerez.com\/en\/2026\/08\/31\/marc-marquez-domina-en-motorland-en-el-gran-premio-michelin-de-aragon\/","og_site_name":"Circuito de Jerez \u00c1ngel Nieto","article_publisher":"https:\/\/www.facebook.com\/circuitodejerezangelnieto\/","article_published_time":"2026-08-31T07:25:40+00:00","article_modified_time":"2026-08-31T07:26:18+00:00","og_image":[{"width":866,"height":866,"url":"https:\/\/circuitodejerez.com\/wp-content\/uploads\/2026\/08\/noticia_334.jpg","type":"image\/jpeg"}],"author":"publyland","twitter_card":"summary_large_image","twitter_creator":"@circuitodejerez","twitter_site":"@circuitodejerez","twitter_misc":{"Written by":"publyland","Estimated reading time":"2 minutes"},"schema":{"@context":"https:\/\/schema.org","@graph":[{"@type":"Article","@id":"https:\/\/circuitodejerez.com\/2026\/08\/31\/marc-marquez-domina-en-motorland-en-el-gran-premio-michelin-de-aragon\/#article","isPartOf":{"@id":"https:\/\/circuitodejerez.com\/2026\/08\/31\/marc-marquez-domina-en-motorland-en-el-gran-premio-michelin-de-aragon\/"},"author":{"name":"publyland","@id":"https:\/\/circuitodejerez.com\/#\/schema\/person\/7426c66afad35f522814eb06fb2e213a"},"headline":"Marc M\u00e1rquez domina en MotorLand en el Gran Premio Michelin de Arag\u00f3n","datePublished":"2026-08-31T07:25:40+00:00","dateModified":"2026-08-31T07:26:18+00:00","mainEntityOfPage":{"@id":"https:\/\/circuitodejerez.com\/2026\/08\/31\/marc-marquez-domina-en-motorland-en-el-gran-premio-michelin-de-aragon\/"},"wordCount":481,"publisher":{"@id":"https:\/\/circuitodejerez.com\/#organization"},"image":{"@id":"https:\/\/circuitodejerez.com\/2026\/08\/31\/marc-marquez-domina-en-motorland-en-el-gran-premio-michelin-de-aragon\/#primaryimage"},"thumbnailUrl":"https:\/\/circuitodejerez.com\/wp-content\/uploads\/2026\/08\/noticia_334.jpg","articleSection":["Noticias"],"inLanguage":"en-GB"},{"@type":"WebPage","@id":"https:\/\/circuitodejerez.com\/2026\/08\/31\/marc-marquez-domina-en-motorland-en-el-gran-premio-michelin-de-aragon\/","url":"https:\/\/circuitodejerez.com\/2026\/08\/31\/marc-marquez-domina-en-motorland-en-el-gran-premio-michelin-de-aragon\/","name":"Marc M\u00e1rquez domina en MotorLand en el Gran Premio Michelin de Arag\u00f3n - Circuito de Jerez \u00c1ngel Nieto","isPartOf":{"@id":"https:\/\/circuitodejerez.com\/#website"},"primaryImageOfPage":{"@id":"https:\/\/circuitodejerez.com\/2026\/08\/31\/marc-marquez-domina-en-motorland-en-el-gran-premio-michelin-de-aragon\/#primaryimage"},"image":{"@id":"https:\/\/circuitodejerez.com\/2026\/08\/31\/marc-marquez-domina-en-motorland-en-el-gran-premio-michelin-de-aragon\/#primaryimage"},"thumbnailUrl":"https:\/\/circuitodejerez.com\/wp-content\/uploads\/2026\/08\/noticia_334.jpg","datePublished":"2026-08-31T07:25:40+00:00","dateModified":"2026-08-31T07:26:18+00:00","breadcrumb":{"@id":"https:\/\/circuitodejerez.com\/2026\/08\/31\/marc-marquez-domina-en-motorland-en-el-gran-premio-michelin-de-aragon\/#breadcrumb"},"inLanguage":"en-GB","potentialAction":[{"@type":"ReadAction","target":["https:\/\/circuitodejerez.com\/2026\/08\/31\/marc-marquez-domina-en-motorland-en-el-gran-premio-michelin-de-aragon\/"]}]},{"@type":"ImageObject","inLanguage":"en-GB","@id":"https:\/\/circuitodejerez.com\/2026\/08\/31\/marc-marquez-domina-en-motorland-en-el-gran-premio-michelin-de-aragon\/#primaryimage","url":"https:\/\/circuitodejerez.com\/wp-content\/uploads\/2026\/08\/noticia_334.jpg","contentUrl":"https:\/\/circuitodejerez.com\/wp-content\/uploads\/2026\/08\/noticia_334.jpg","width":866,"height":866},{"@type":"BreadcrumbList","@id":"https:\/\/circuitodejerez.com\/2026\/08\/31\/marc-marquez-domina-en-motorland-en-el-gran-premio-michelin-de-aragon\/#breadcrumb","itemListElement":[{"@type":"ListItem","position":1,"name":"Portada","item":"https:\/\/circuitodejerez.com\/"},{"@type":"ListItem","position":2,"name":"Marc M\u00e1rquez domina en MotorLand en el Gran Premio Michelin de Arag\u00f3n"}]},{"@type":"WebSite","@id":"https:\/\/circuitodejerez.com\/#website","url":"https:\/\/circuitodejerez.com\/","name":"Circuito de Jerez \u00c1ngel Nieto","description":"Circuito de Jerez \u00c1ngel Nieto","publisher":{"@id":"https:\/\/circuitodejerez.com\/#organization"},"potentialAction":[{"@type":"SearchAction","target":{"@type":"EntryPoint","urlTemplate":"https:\/\/circuitodejerez.com\/?s={search_term_string}"},"query-input":"required name=search_term_string"}],"inLanguage":"en-GB"},{"@type":"Organization","@id":"https:\/\/circuitodejerez.com\/#organization","name":"Circuito de Jerez \u00c1ngel Nieto","url":"https:\/\/circuitodejerez.com\/","logo":{"@type":"ImageObject","inLanguage":"en-GB","@id":"https:\/\/circuitodejerez.com\/#\/schema\/logo\/image\/","url":"https:\/\/circuitodejerez.com\/wp-content\/uploads\/2023\/06\/logo-circuito-jerez.png","contentUrl":"https:\/\/circuitodejerez.com\/wp-content\/uploads\/2023\/06\/logo-circuito-jerez.png","width":556,"height":142,"caption":"Circuito de Jerez \u00c1ngel Nieto"},"image":{"@id":"https:\/\/circuitodejerez.com\/#\/schema\/logo\/image\/"},"sameAs":["https:\/\/www.facebook.com\/circuitodejerezangelnieto\/","https:\/\/x.com\/circuitodejerez","https:\/\/www.instagram.com\/circuito_de_jerez\/?hl=es","https:\/\/www.youtube.com\/user\/cirjesa"]},{"@type":"Person","@id":"https:\/\/circuitodejerez.com\/#\/schema\/person\/7426c66afad35f522814eb06fb2e213a","name":"publyland","sameAs":["https:\/\/circuitoangelnieto.com"],"url":"https:\/\/circuitodejerez.com\/en\/author\/publyland\/"}]}},"_links":{"self":[{"href":"https:\/\/circuitodejerez.com\/en\/wp-json\/wp\/v2\/posts\/39871","targetHints":{"allow":["GET"]}}],"collection":[{"href":"https:\/\/circuitodejerez.com\/en\/wp-json\/wp\/v2\/posts"}],"about":[{"href":"https:\/\/circuitodejerez.com\/en\/wp-json\/wp\/v2\/types\/post"}],"author":[{"embeddable":true,"href":"https:\/\/circuitodejerez.com\/en\/wp-json\/wp\/v2\/users\/1"}],"replies":[{"embeddable":true,"href":"https:\/\/circuitodejerez.com\/en\/wp-json\/wp\/v2\/comments?post=39871"}],"version-history":[{"count":2,"href":"https:\/\/circuitodejerez.com\/en\/wp-json\/wp\/v2\/posts\/39871\/revisions"}],"predecessor-version":[{"id":39874,"href":"https:\/\/circuitodejerez.com\/en\/wp-json\/wp\/v2\/posts\/39871\/revisions\/39874"}],"wp:featuredmedia":[{"embeddable":true,"href":"https:\/\/circuitodejerez.com\/en\/wp-json\/wp\/v2\/media\/39872"}],"wp:attachment":[{"href":"https:\/\/circuitodejerez.com\/en\/wp-json\/wp\/v2\/media?parent=39871"}],"wp:term":[{"taxonomy":"category","embeddable":true,"href":"https:\/\/circuitodejerez.com\/en\/wp-json\/wp\/v2\/categories?post=39871"},{"taxonomy":"post_tag","embeddable":true,"href":"https:\/\/circuitodejerez.com\/en\/wp-json\/wp\/v2\/tags?post=39871"}],"curies":[{"name":"wp","href":"https:\/\/api.w.org\/{rel}","templated":true}]}}