{"id":39889,"date":"2026-09-03T10:03:01","date_gmt":"2026-09-03T08:03:01","guid":{"rendered":"https:\/\/circuitodejerez.com\/2026\/09\/03\/el-circuito-de-jerez-angel-nieto-retoma-el-pulso-a-la-competicion-en-septiembre-con-el-mejor-automovilismo-como-protagonista\/"},"modified":"2026-09-03T10:04:02","modified_gmt":"2026-09-03T08:04:02","slug":"el-circuito-de-jerez-angel-nieto-retoma-el-pulso-a-la-competicion-en-septiembre-con-el-mejor-automovilismo-como-protagonista","status":"publish","type":"post","link":"https:\/\/circuitodejerez.com\/en\/2026\/09\/03\/el-circuito-de-jerez-angel-nieto-retoma-el-pulso-a-la-competicion-en-septiembre-con-el-mejor-automovilismo-como-protagonista\/","title":{"rendered":"El Circuito de Jerez-\u00c1ngel Nieto retoma el pulso a la competici\u00f3n en septiembre con el mejor automovilismo como protagonista"},"content":{"rendered":"<p><img loading=\"lazy\" decoding=\"async\" style=\"display:none;\" class=\"alignnone size-medium\" src=\"https:\/\/gestorapp.circuitoangelnieto.com\/\/uploads\/noticias\/noticia_336.jpg\" width=\"600\" height=\"409\" \/>Tras el par\u00f3n estival de agosto, el trazado jerezano retoma la competici\u00f3n con dos grandes eventos sobre cuatro ruedas.<\/p>\n<p><b>La Copa Porsche Sprint Challenge Ib\u00e9rica (12-13 de septiembre) ofrecer\u00e1 entrada gratuita al p\u00fablico, mientras que las entradas para el Epic Napa Racing Weekend (26-27 de septiembre) ya est\u00e1n a la venta a trav\u00e9s de la plataforma Fever.<\/b><\/p>\n<p>3 de septiembre de 2026. \u2014 El Circuito de Jerez-\u00c1ngel Nieto vuelve a encender sus motores. Tras el habitual descanso estival durante el mes de agosto, el trazado jerezano reanuda su actividad de competici\u00f3n este mes de septiembre, y lo hace situando al automovilismo de alto nivel en el centro de todas las miradas con la celebraci\u00f3n de dos citas clave en el calendario de las cuatro ruedas.<\/p>\n<p>La acci\u00f3n arrancar\u00e1 el fin de semana del 12 y 13 de septiembre con la llegada de la Copa Porsche Sprint Challenge Ib\u00e9rica. Esta prestigiosa competici\u00f3n monomarca de organizaci\u00f3n hispano portuguesa, reunir\u00e1 en pista a una espectacular parrilla de veh\u00edculos Porsche GT, garantizando carreras llenas de potencia y emoci\u00f3n. La Porsche Sprint Challenge Ib\u00e9rica es el plato principal de un programa deportivo en el que tambi\u00e9n se incluyen las categor\u00edas: Campeonato de Portugal de Legends 1.300, Campeonato de Portugal Superlegends, Campeonato de Portugal de Legends y Cl\u00e1sicos. Como gran atractivo para los aficionados, el acceso a las tribunas habilitadas ser\u00e1 gratuito.<\/p>\n<p>Posteriormente, los d\u00edas 26 y 27 de septiembre, el circuito albergar\u00e1 el Epic Napa Racing Weekend, un evento de referencia que concentrar\u00e1 en un solo programa tres de las categor\u00edas m\u00e1s disputadas del panorama de monoplazas y turismos:<\/p>\n<p>\u2022  Campeonato de Espa\u00f1a de F4: El certamen clave para la formaci\u00f3n y proyecci\u00f3n de los j\u00f3venes talentos del automovilismo.<br \/>\u2022  Eurocup3: Categor\u00eda puente hacia el automovilismo internacional de \u00e9lite, caracterizada por la alta tecnolog\u00eda de sus monoplazas.<br \/>\u2022  Toyota GR Cup: La copa de turismos de la firma japonesa que asegura luchas cuerpo a cuerpo y m\u00e1xima emoci\u00f3n en cada curva.<\/p>\n<p>Para asistir al Epic Napa Racing Weekend, las entradas de p\u00fablico ya se encuentran disponibles de manera anticipada a trav\u00e9s de la plataforma <a target=\"_blank\" rel=\"nofollow\" href=\"http:\/\/www.feverup.com\">www.feverup.com<\/a>. La entrada general acceso a las tribunas habilitadas para los dos d\u00edas tendr\u00e1 un coste de 12 euros, mientras que habr\u00e1 un tipo de entrada a 35\u20ac denominada Grid Access que incluye el acceso al paddock y a las (*) parrillas de salida. (*) mayores de 16 a\u00f1os.<\/p>\n<p>Con esta oferta doble de competici\u00f3n, el Circuito de Jerez-\u00c1ngel Nieto arranca una intensa segunda parte de la temporada con un total de ocho eventos programados, entre ellos, adem\u00e1s de los referenciados en esta nota, podremos encontrar por este orden: la Copa de Espa\u00f1a de Velocidad, Campeonato del Mundo de Superbike, Campeonato de Espa\u00f1a de Superbike, Jerez Iberian Racing Festival (automovilismo), Campeonato de Andaluc\u00eda de Automovilismo y Trofeo Aniversario-Jornada de Puertas Abiertas.<\/p>\n<p><img loading=\"lazy\" decoding=\"async\" style=\"width: 100%;\" class=\"alignnone size-medium\" src=\"https:\/\/gestorapp.circuitoangelnieto.com\/\/uploads\/noticias\/noticia_destacada_336.jpg\" width=\"600\" height=\"409\" \/><\/p>","protected":false},"excerpt":{"rendered":"<p>Tras el par\u00f3n estival de agosto, el trazado jerezano retoma la competici\u00f3n con dos grandes eventos sobre cuatro ruedas. La<\/p>","protected":false},"author":1,"featured_media":39890,"comment_status":"closed","ping_status":"","sticky":false,"template":"","format":"standard","meta":{"footnotes":""},"categories":[2],"tags":[],"class_list":["post-39889","post","type-post","status-publish","format-standard","has-post-thumbnail","hentry","category-noticias"],"yoast_head":"<!-- This site is optimized with the Yoast SEO plugin v22.5 - https:\/\/yoast.com\/wordpress\/plugins\/seo\/ -->\n<title>El Circuito de Jerez-\u00c1ngel Nieto retoma el pulso a la competici\u00f3n en septiembre con el mejor automovilismo como protagonista - Circuito de Jerez \u00c1ngel Nieto<\/title>\n<meta name=\"robots\" content=\"index, follow, max-snippet:-1, max-image-preview:large, max-video-preview:-1\" \/>\n<link rel=\"canonical\" href=\"https:\/\/circuitodejerez.com\/en\/2026\/09\/03\/el-circuito-de-jerez-angel-nieto-retoma-el-pulso-a-la-competicion-en-septiembre-con-el-mejor-automovilismo-como-protagonista\/\" \/>\n<meta property=\"og:locale\" content=\"en_GB\" \/>\n<meta property=\"og:type\" content=\"article\" \/>\n<meta property=\"og:title\" content=\"El Circuito de Jerez-\u00c1ngel Nieto retoma el pulso a la competici\u00f3n en septiembre con el mejor automovilismo como protagonista - Circuito de Jerez \u00c1ngel Nieto\" \/>\n<meta property=\"og:description\" content=\"Tras el par\u00f3n estival de agosto, el trazado jerezano retoma la competici\u00f3n con dos grandes eventos sobre cuatro ruedas. La\" \/>\n<meta property=\"og:url\" content=\"https:\/\/circuitodejerez.com\/en\/2026\/09\/03\/el-circuito-de-jerez-angel-nieto-retoma-el-pulso-a-la-competicion-en-septiembre-con-el-mejor-automovilismo-como-protagonista\/\" \/>\n<meta property=\"og:site_name\" content=\"Circuito de Jerez \u00c1ngel Nieto\" \/>\n<meta property=\"article:publisher\" content=\"https:\/\/www.facebook.com\/circuitodejerezangelnieto\/\" \/>\n<meta property=\"article:published_time\" content=\"2026-09-03T08:03:01+00:00\" \/>\n<meta property=\"article:modified_time\" content=\"2026-09-03T08:04:02+00:00\" \/>\n<meta property=\"og:image\" content=\"https:\/\/circuitodejerez.com\/wp-content\/uploads\/2026\/09\/noticia_336-scaled.jpg\" \/>\n\t<meta property=\"og:image:width\" content=\"2560\" \/>\n\t<meta property=\"og:image:height\" content=\"2560\" \/>\n\t<meta property=\"og:image:type\" content=\"image\/jpeg\" \/>\n<meta name=\"author\" content=\"publyland\" \/>\n<meta name=\"twitter:card\" content=\"summary_large_image\" \/>\n<meta name=\"twitter:creator\" content=\"@circuitodejerez\" \/>\n<meta name=\"twitter:site\" content=\"@circuitodejerez\" \/>\n<meta name=\"twitter:label1\" content=\"Written by\" \/>\n\t<meta name=\"twitter:data1\" content=\"publyland\" \/>\n\t<meta name=\"twitter:label2\" content=\"Estimated reading time\" \/>\n\t<meta name=\"twitter:data2\" content=\"2 minutes\" \/>\n<script type=\"application\/ld+json\" class=\"yoast-schema-graph\">{\"@context\":\"https:\/\/schema.org\",\"@graph\":[{\"@type\":\"Article\",\"@id\":\"https:\/\/circuitodejerez.com\/2026\/09\/03\/el-circuito-de-jerez-angel-nieto-retoma-el-pulso-a-la-competicion-en-septiembre-con-el-mejor-automovilismo-como-protagonista\/#article\",\"isPartOf\":{\"@id\":\"https:\/\/circuitodejerez.com\/2026\/09\/03\/el-circuito-de-jerez-angel-nieto-retoma-el-pulso-a-la-competicion-en-septiembre-con-el-mejor-automovilismo-como-protagonista\/\"},\"author\":{\"name\":\"publyland\",\"@id\":\"https:\/\/circuitodejerez.com\/#\/schema\/person\/7426c66afad35f522814eb06fb2e213a\"},\"headline\":\"El Circuito de Jerez-\u00c1ngel Nieto retoma el pulso a la competici\u00f3n en septiembre con el mejor automovilismo como protagonista\",\"datePublished\":\"2026-09-03T08:03:01+00:00\",\"dateModified\":\"2026-09-03T08:04:02+00:00\",\"mainEntityOfPage\":{\"@id\":\"https:\/\/circuitodejerez.com\/2026\/09\/03\/el-circuito-de-jerez-angel-nieto-retoma-el-pulso-a-la-competicion-en-septiembre-con-el-mejor-automovilismo-como-protagonista\/\"},\"wordCount\":517,\"publisher\":{\"@id\":\"https:\/\/circuitodejerez.com\/#organization\"},\"image\":{\"@id\":\"https:\/\/circuitodejerez.com\/2026\/09\/03\/el-circuito-de-jerez-angel-nieto-retoma-el-pulso-a-la-competicion-en-septiembre-con-el-mejor-automovilismo-como-protagonista\/#primaryimage\"},\"thumbnailUrl\":\"https:\/\/circuitodejerez.com\/wp-content\/uploads\/2026\/09\/noticia_336-scaled.jpg\",\"articleSection\":[\"Noticias\"],\"inLanguage\":\"en-GB\"},{\"@type\":\"WebPage\",\"@id\":\"https:\/\/circuitodejerez.com\/2026\/09\/03\/el-circuito-de-jerez-angel-nieto-retoma-el-pulso-a-la-competicion-en-septiembre-con-el-mejor-automovilismo-como-protagonista\/\",\"url\":\"https:\/\/circuitodejerez.com\/2026\/09\/03\/el-circuito-de-jerez-angel-nieto-retoma-el-pulso-a-la-competicion-en-septiembre-con-el-mejor-automovilismo-como-protagonista\/\",\"name\":\"El Circuito de Jerez-\u00c1ngel Nieto retoma el pulso a la competici\u00f3n en septiembre con el mejor automovilismo como protagonista - Circuito de Jerez \u00c1ngel Nieto\",\"isPartOf\":{\"@id\":\"https:\/\/circuitodejerez.com\/#website\"},\"primaryImageOfPage\":{\"@id\":\"https:\/\/circuitodejerez.com\/2026\/09\/03\/el-circuito-de-jerez-angel-nieto-retoma-el-pulso-a-la-competicion-en-septiembre-con-el-mejor-automovilismo-como-protagonista\/#primaryimage\"},\"image\":{\"@id\":\"https:\/\/circuitodejerez.com\/2026\/09\/03\/el-circuito-de-jerez-angel-nieto-retoma-el-pulso-a-la-competicion-en-septiembre-con-el-mejor-automovilismo-como-protagonista\/#primaryimage\"},\"thumbnailUrl\":\"https:\/\/circuitodejerez.com\/wp-content\/uploads\/2026\/09\/noticia_336-scaled.jpg\",\"datePublished\":\"2026-09-03T08:03:01+00:00\",\"dateModified\":\"2026-09-03T08:04:02+00:00\",\"breadcrumb\":{\"@id\":\"https:\/\/circuitodejerez.com\/2026\/09\/03\/el-circuito-de-jerez-angel-nieto-retoma-el-pulso-a-la-competicion-en-septiembre-con-el-mejor-automovilismo-como-protagonista\/#breadcrumb\"},\"inLanguage\":\"en-GB\",\"potentialAction\":[{\"@type\":\"ReadAction\",\"target\":[\"https:\/\/circuitodejerez.com\/2026\/09\/03\/el-circuito-de-jerez-angel-nieto-retoma-el-pulso-a-la-competicion-en-septiembre-con-el-mejor-automovilismo-como-protagonista\/\"]}]},{\"@type\":\"ImageObject\",\"inLanguage\":\"en-GB\",\"@id\":\"https:\/\/circuitodejerez.com\/2026\/09\/03\/el-circuito-de-jerez-angel-nieto-retoma-el-pulso-a-la-competicion-en-septiembre-con-el-mejor-automovilismo-como-protagonista\/#primaryimage\",\"url\":\"https:\/\/circuitodejerez.com\/wp-content\/uploads\/2026\/09\/noticia_336-scaled.jpg\",\"contentUrl\":\"https:\/\/circuitodejerez.com\/wp-content\/uploads\/2026\/09\/noticia_336-scaled.jpg\",\"width\":2560,\"height\":2560},{\"@type\":\"BreadcrumbList\",\"@id\":\"https:\/\/circuitodejerez.com\/2026\/09\/03\/el-circuito-de-jerez-angel-nieto-retoma-el-pulso-a-la-competicion-en-septiembre-con-el-mejor-automovilismo-como-protagonista\/#breadcrumb\",\"itemListElement\":[{\"@type\":\"ListItem\",\"position\":1,\"name\":\"Portada\",\"item\":\"https:\/\/circuitodejerez.com\/\"},{\"@type\":\"ListItem\",\"position\":2,\"name\":\"El Circuito de Jerez-\u00c1ngel Nieto retoma el pulso a la competici\u00f3n en septiembre con el mejor automovilismo como protagonista\"}]},{\"@type\":\"WebSite\",\"@id\":\"https:\/\/circuitodejerez.com\/#website\",\"url\":\"https:\/\/circuitodejerez.com\/\",\"name\":\"Circuito de Jerez \u00c1ngel Nieto\",\"description\":\"Circuito de Jerez \u00c1ngel Nieto\",\"publisher\":{\"@id\":\"https:\/\/circuitodejerez.com\/#organization\"},\"potentialAction\":[{\"@type\":\"SearchAction\",\"target\":{\"@type\":\"EntryPoint\",\"urlTemplate\":\"https:\/\/circuitodejerez.com\/?s={search_term_string}\"},\"query-input\":\"required name=search_term_string\"}],\"inLanguage\":\"en-GB\"},{\"@type\":\"Organization\",\"@id\":\"https:\/\/circuitodejerez.com\/#organization\",\"name\":\"Circuito de Jerez \u00c1ngel Nieto\",\"url\":\"https:\/\/circuitodejerez.com\/\",\"logo\":{\"@type\":\"ImageObject\",\"inLanguage\":\"en-GB\",\"@id\":\"https:\/\/circuitodejerez.com\/#\/schema\/logo\/image\/\",\"url\":\"https:\/\/circuitodejerez.com\/wp-content\/uploads\/2023\/06\/logo-circuito-jerez.png\",\"contentUrl\":\"https:\/\/circuitodejerez.com\/wp-content\/uploads\/2023\/06\/logo-circuito-jerez.png\",\"width\":556,\"height\":142,\"caption\":\"Circuito de Jerez \u00c1ngel Nieto\"},\"image\":{\"@id\":\"https:\/\/circuitodejerez.com\/#\/schema\/logo\/image\/\"},\"sameAs\":[\"https:\/\/www.facebook.com\/circuitodejerezangelnieto\/\",\"https:\/\/x.com\/circuitodejerez\",\"https:\/\/www.instagram.com\/circuito_de_jerez\/?hl=es\",\"https:\/\/www.youtube.com\/user\/cirjesa\"]},{\"@type\":\"Person\",\"@id\":\"https:\/\/circuitodejerez.com\/#\/schema\/person\/7426c66afad35f522814eb06fb2e213a\",\"name\":\"publyland\",\"sameAs\":[\"https:\/\/circuitoangelnieto.com\"],\"url\":\"https:\/\/circuitodejerez.com\/en\/author\/publyland\/\"}]}<\/script>\n<!-- \/ Yoast SEO plugin. -->","yoast_head_json":{"title":"El Circuito de Jerez-\u00c1ngel Nieto retoma el pulso a la competici\u00f3n en septiembre con el mejor automovilismo como protagonista - Circuito de Jerez \u00c1ngel Nieto","robots":{"index":"index","follow":"follow","max-snippet":"max-snippet:-1","max-image-preview":"max-image-preview:large","max-video-preview":"max-video-preview:-1"},"canonical":"https:\/\/circuitodejerez.com\/en\/2026\/09\/03\/el-circuito-de-jerez-angel-nieto-retoma-el-pulso-a-la-competicion-en-septiembre-con-el-mejor-automovilismo-como-protagonista\/","og_locale":"en_GB","og_type":"article","og_title":"El Circuito de Jerez-\u00c1ngel Nieto retoma el pulso a la competici\u00f3n en septiembre con el mejor automovilismo como protagonista - Circuito de Jerez \u00c1ngel Nieto","og_description":"Tras el par\u00f3n estival de agosto, el trazado jerezano retoma la competici\u00f3n con dos grandes eventos sobre cuatro ruedas. La","og_url":"https:\/\/circuitodejerez.com\/en\/2026\/09\/03\/el-circuito-de-jerez-angel-nieto-retoma-el-pulso-a-la-competicion-en-septiembre-con-el-mejor-automovilismo-como-protagonista\/","og_site_name":"Circuito de Jerez \u00c1ngel Nieto","article_publisher":"https:\/\/www.facebook.com\/circuitodejerezangelnieto\/","article_published_time":"2026-09-03T08:03:01+00:00","article_modified_time":"2026-09-03T08:04:02+00:00","og_image":[{"width":2560,"height":2560,"url":"https:\/\/circuitodejerez.com\/wp-content\/uploads\/2026\/09\/noticia_336-scaled.jpg","type":"image\/jpeg"}],"author":"publyland","twitter_card":"summary_large_image","twitter_creator":"@circuitodejerez","twitter_site":"@circuitodejerez","twitter_misc":{"Written by":"publyland","Estimated reading time":"2 minutes"},"schema":{"@context":"https:\/\/schema.org","@graph":[{"@type":"Article","@id":"https:\/\/circuitodejerez.com\/2026\/09\/03\/el-circuito-de-jerez-angel-nieto-retoma-el-pulso-a-la-competicion-en-septiembre-con-el-mejor-automovilismo-como-protagonista\/#article","isPartOf":{"@id":"https:\/\/circuitodejerez.com\/2026\/09\/03\/el-circuito-de-jerez-angel-nieto-retoma-el-pulso-a-la-competicion-en-septiembre-con-el-mejor-automovilismo-como-protagonista\/"},"author":{"name":"publyland","@id":"https:\/\/circuitodejerez.com\/#\/schema\/person\/7426c66afad35f522814eb06fb2e213a"},"headline":"El Circuito de Jerez-\u00c1ngel Nieto retoma el pulso a la competici\u00f3n en septiembre con el mejor automovilismo como protagonista","datePublished":"2026-09-03T08:03:01+00:00","dateModified":"2026-09-03T08:04:02+00:00","mainEntityOfPage":{"@id":"https:\/\/circuitodejerez.com\/2026\/09\/03\/el-circuito-de-jerez-angel-nieto-retoma-el-pulso-a-la-competicion-en-septiembre-con-el-mejor-automovilismo-como-protagonista\/"},"wordCount":517,"publisher":{"@id":"https:\/\/circuitodejerez.com\/#organization"},"image":{"@id":"https:\/\/circuitodejerez.com\/2026\/09\/03\/el-circuito-de-jerez-angel-nieto-retoma-el-pulso-a-la-competicion-en-septiembre-con-el-mejor-automovilismo-como-protagonista\/#primaryimage"},"thumbnailUrl":"https:\/\/circuitodejerez.com\/wp-content\/uploads\/2026\/09\/noticia_336-scaled.jpg","articleSection":["Noticias"],"inLanguage":"en-GB"},{"@type":"WebPage","@id":"https:\/\/circuitodejerez.com\/2026\/09\/03\/el-circuito-de-jerez-angel-nieto-retoma-el-pulso-a-la-competicion-en-septiembre-con-el-mejor-automovilismo-como-protagonista\/","url":"https:\/\/circuitodejerez.com\/2026\/09\/03\/el-circuito-de-jerez-angel-nieto-retoma-el-pulso-a-la-competicion-en-septiembre-con-el-mejor-automovilismo-como-protagonista\/","name":"El Circuito de Jerez-\u00c1ngel Nieto retoma el pulso a la competici\u00f3n en septiembre con el mejor automovilismo como protagonista - Circuito de Jerez \u00c1ngel Nieto","isPartOf":{"@id":"https:\/\/circuitodejerez.com\/#website"},"primaryImageOfPage":{"@id":"https:\/\/circuitodejerez.com\/2026\/09\/03\/el-circuito-de-jerez-angel-nieto-retoma-el-pulso-a-la-competicion-en-septiembre-con-el-mejor-automovilismo-como-protagonista\/#primaryimage"},"image":{"@id":"https:\/\/circuitodejerez.com\/2026\/09\/03\/el-circuito-de-jerez-angel-nieto-retoma-el-pulso-a-la-competicion-en-septiembre-con-el-mejor-automovilismo-como-protagonista\/#primaryimage"},"thumbnailUrl":"https:\/\/circuitodejerez.com\/wp-content\/uploads\/2026\/09\/noticia_336-scaled.jpg","datePublished":"2026-09-03T08:03:01+00:00","dateModified":"2026-09-03T08:04:02+00:00","breadcrumb":{"@id":"https:\/\/circuitodejerez.com\/2026\/09\/03\/el-circuito-de-jerez-angel-nieto-retoma-el-pulso-a-la-competicion-en-septiembre-con-el-mejor-automovilismo-como-protagonista\/#breadcrumb"},"inLanguage":"en-GB","potentialAction":[{"@type":"ReadAction","target":["https:\/\/circuitodejerez.com\/2026\/09\/03\/el-circuito-de-jerez-angel-nieto-retoma-el-pulso-a-la-competicion-en-septiembre-con-el-mejor-automovilismo-como-protagonista\/"]}]},{"@type":"ImageObject","inLanguage":"en-GB","@id":"https:\/\/circuitodejerez.com\/2026\/09\/03\/el-circuito-de-jerez-angel-nieto-retoma-el-pulso-a-la-competicion-en-septiembre-con-el-mejor-automovilismo-como-protagonista\/#primaryimage","url":"https:\/\/circuitodejerez.com\/wp-content\/uploads\/2026\/09\/noticia_336-scaled.jpg","contentUrl":"https:\/\/circuitodejerez.com\/wp-content\/uploads\/2026\/09\/noticia_336-scaled.jpg","width":2560,"height":2560},{"@type":"BreadcrumbList","@id":"https:\/\/circuitodejerez.com\/2026\/09\/03\/el-circuito-de-jerez-angel-nieto-retoma-el-pulso-a-la-competicion-en-septiembre-con-el-mejor-automovilismo-como-protagonista\/#breadcrumb","itemListElement":[{"@type":"ListItem","position":1,"name":"Portada","item":"https:\/\/circuitodejerez.com\/"},{"@type":"ListItem","position":2,"name":"El Circuito de Jerez-\u00c1ngel Nieto retoma el pulso a la competici\u00f3n en septiembre con el mejor automovilismo como protagonista"}]},{"@type":"WebSite","@id":"https:\/\/circuitodejerez.com\/#website","url":"https:\/\/circuitodejerez.com\/","name":"Circuito de Jerez \u00c1ngel Nieto","description":"Circuito de Jerez \u00c1ngel Nieto","publisher":{"@id":"https:\/\/circuitodejerez.com\/#organization"},"potentialAction":[{"@type":"SearchAction","target":{"@type":"EntryPoint","urlTemplate":"https:\/\/circuitodejerez.com\/?s={search_term_string}"},"query-input":"required name=search_term_string"}],"inLanguage":"en-GB"},{"@type":"Organization","@id":"https:\/\/circuitodejerez.com\/#organization","name":"Circuito de Jerez \u00c1ngel Nieto","url":"https:\/\/circuitodejerez.com\/","logo":{"@type":"ImageObject","inLanguage":"en-GB","@id":"https:\/\/circuitodejerez.com\/#\/schema\/logo\/image\/","url":"https:\/\/circuitodejerez.com\/wp-content\/uploads\/2023\/06\/logo-circuito-jerez.png","contentUrl":"https:\/\/circuitodejerez.com\/wp-content\/uploads\/2023\/06\/logo-circuito-jerez.png","width":556,"height":142,"caption":"Circuito de Jerez \u00c1ngel Nieto"},"image":{"@id":"https:\/\/circuitodejerez.com\/#\/schema\/logo\/image\/"},"sameAs":["https:\/\/www.facebook.com\/circuitodejerezangelnieto\/","https:\/\/x.com\/circuitodejerez","https:\/\/www.instagram.com\/circuito_de_jerez\/?hl=es","https:\/\/www.youtube.com\/user\/cirjesa"]},{"@type":"Person","@id":"https:\/\/circuitodejerez.com\/#\/schema\/person\/7426c66afad35f522814eb06fb2e213a","name":"publyland","sameAs":["https:\/\/circuitoangelnieto.com"],"url":"https:\/\/circuitodejerez.com\/en\/author\/publyland\/"}]}},"_links":{"self":[{"href":"https:\/\/circuitodejerez.com\/en\/wp-json\/wp\/v2\/posts\/39889","targetHints":{"allow":["GET"]}}],"collection":[{"href":"https:\/\/circuitodejerez.com\/en\/wp-json\/wp\/v2\/posts"}],"about":[{"href":"https:\/\/circuitodejerez.com\/en\/wp-json\/wp\/v2\/types\/post"}],"author":[{"embeddable":true,"href":"https:\/\/circuitodejerez.com\/en\/wp-json\/wp\/v2\/users\/1"}],"replies":[{"embeddable":true,"href":"https:\/\/circuitodejerez.com\/en\/wp-json\/wp\/v2\/comments?post=39889"}],"version-history":[{"count":2,"href":"https:\/\/circuitodejerez.com\/en\/wp-json\/wp\/v2\/posts\/39889\/revisions"}],"predecessor-version":[{"id":39892,"href":"https:\/\/circuitodejerez.com\/en\/wp-json\/wp\/v2\/posts\/39889\/revisions\/39892"}],"wp:featuredmedia":[{"embeddable":true,"href":"https:\/\/circuitodejerez.com\/en\/wp-json\/wp\/v2\/media\/39890"}],"wp:attachment":[{"href":"https:\/\/circuitodejerez.com\/en\/wp-json\/wp\/v2\/media?parent=39889"}],"wp:term":[{"taxonomy":"category","embeddable":true,"href":"https:\/\/circuitodejerez.com\/en\/wp-json\/wp\/v2\/categories?post=39889"},{"taxonomy":"post_tag","embeddable":true,"href":"https:\/\/circuitodejerez.com\/en\/wp-json\/wp\/v2\/tags?post=39889"}],"curies":[{"name":"wp","href":"https:\/\/api.w.org\/{rel}","templated":true}]}}